{"id":9414,"date":"2019-05-18T17:22:53","date_gmt":"2019-05-18T15:22:53","guid":{"rendered":"https:\/\/www.reachextra.com\/farolillos-de-la-pasada-feria-hispalense-tienen-adn-gibraltareno\/"},"modified":"2019-05-18T19:24:09","modified_gmt":"2019-05-18T17:24:09","slug":"farolillos-de-la-pasada-feria-hispalense-tienen-adn-gibraltareno","status":"publish","type":"post","link":"https:\/\/reachextra.com\/es\/farolillos-de-la-pasada-feria-hispalense-tienen-adn-gibraltareno\/","title":{"rendered":"Los farolillos de la feria tienen ADN gibraltare\u00f1o"},"content":{"rendered":"\n<p><strong>Los farolillos de la pasada feria hispalense tienen ADN gibraltare\u00f1o<\/strong><\/p>\n\n\n\n<p>El pintor local Gustavo Bacarisas ide\u00f3 el precedente de los farolillos de feria para la de Sevilla y las pa\u00f1oletas de las casetas. Este a\u00f1o se le ha rendido tributo en la Portada.<\/p>\n\n\n\n<p>No hay feria andaluza que se precie sin los tradicionales y coloridos farolillos de feria, pero, \u00bfsab\u00edan que detr\u00e1s de los mismos est\u00e1 el ingenio de un artista de Gibraltar?<\/p>\n\n\n\n<figure class=\"wp-block-image\"><img loading=\"lazy\" decoding=\"async\" width=\"800\" height=\"533\" src=\"https:\/\/www.reachextra.com\/wp-content\/uploads\/2019\/03\/Gustavo-Bacarisa-Gibraltar-Reach-Alcance-Fran-Montes-3.jpg\" alt=\"\" class=\"wp-image-8023\" srcset=\"https:\/\/reachextra.com\/wp-content\/uploads\/2019\/03\/Gustavo-Bacarisa-Gibraltar-Reach-Alcance-Fran-Montes-3.jpg 800w, https:\/\/reachextra.com\/wp-content\/uploads\/2019\/03\/Gustavo-Bacarisa-Gibraltar-Reach-Alcance-Fran-Montes-3-300x200.jpg 300w, https:\/\/reachextra.com\/wp-content\/uploads\/2019\/03\/Gustavo-Bacarisa-Gibraltar-Reach-Alcance-Fran-Montes-3-768x512.jpg 768w, https:\/\/reachextra.com\/wp-content\/uploads\/2019\/03\/Gustavo-Bacarisa-Gibraltar-Reach-Alcance-Fran-Montes-3-180x120.jpg 180w, https:\/\/reachextra.com\/wp-content\/uploads\/2019\/03\/Gustavo-Bacarisa-Gibraltar-Reach-Alcance-Fran-Montes-3-561x374.jpg 561w, https:\/\/reachextra.com\/wp-content\/uploads\/2019\/03\/Gustavo-Bacarisa-Gibraltar-Reach-Alcance-Fran-Montes-3-364x243.jpg 364w, https:\/\/reachextra.com\/wp-content\/uploads\/2019\/03\/Gustavo-Bacarisa-Gibraltar-Reach-Alcance-Fran-Montes-3-728x485.jpg 728w, https:\/\/reachextra.com\/wp-content\/uploads\/2019\/03\/Gustavo-Bacarisa-Gibraltar-Reach-Alcance-Fran-Montes-3-608x405.jpg 608w, https:\/\/reachextra.com\/wp-content\/uploads\/2019\/03\/Gustavo-Bacarisa-Gibraltar-Reach-Alcance-Fran-Montes-3-758x505.jpg 758w, https:\/\/reachextra.com\/wp-content\/uploads\/2019\/03\/Gustavo-Bacarisa-Gibraltar-Reach-Alcance-Fran-Montes-3-72x48.jpg 72w, https:\/\/reachextra.com\/wp-content\/uploads\/2019\/03\/Gustavo-Bacarisa-Gibraltar-Reach-Alcance-Fran-Montes-3-144x96.jpg 144w, https:\/\/reachextra.com\/wp-content\/uploads\/2019\/03\/Gustavo-Bacarisa-Gibraltar-Reach-Alcance-Fran-Montes-3-313x209.jpg 313w\" sizes=\"auto, (max-width: 800px) 100vw, 800px\" \/><\/figure>\n\n\n\n<p>Se trata de <a href=\"https:\/\/www.reachextra.com\/es\/gibraltar-siempre-fue-para-bacarisas-una-fortaleza\/\">Gustavo Bacarisas<\/a>, que naci\u00f3 en 1872 en el Pe\u00f1\u00f3n y falleci\u00f3 en Sevilla a los 98 a\u00f1os. Seg\u00fan ha publicado el diario ABC Sevilla, el Ayuntamiento de la capital hispalense encarg\u00f3 un dise\u00f1o de farolillos com\u00fan para todas las calles del real con la intenci\u00f3n de unificar la est\u00e9tica del recinto.<\/p>\n\n\n\n<p>El art\u00edculo de Javier Mac\u00edas para ABC indica que, a principios del siglo XX, el pintor gibraltare\u00f1o Gustavo Bacarisas ide\u00f3 una iluminaci\u00f3n basada en las l\u00e1mparas chinas que dio como resultado los actuales farolillos de papel que lucen en toda feria andaluza.<\/p>\n\n\n\n<figure class=\"wp-block-image\"><img loading=\"lazy\" decoding=\"async\" width=\"1024\" height=\"533\" src=\"https:\/\/www.reachextra.com\/wp-content\/uploads\/2019\/05\/Sevilla-feria-Gustavo-Bacarisas-1024x533.jpg\" alt=\"Seville April Feria - Gustavo Bacarisas\" class=\"wp-image-9404\" srcset=\"https:\/\/reachextra.com\/wp-content\/uploads\/2019\/05\/Sevilla-feria-Gustavo-Bacarisas-1024x533.jpg 1024w, https:\/\/reachextra.com\/wp-content\/uploads\/2019\/05\/Sevilla-feria-Gustavo-Bacarisas-300x156.jpg 300w, https:\/\/reachextra.com\/wp-content\/uploads\/2019\/05\/Sevilla-feria-Gustavo-Bacarisas-768x400.jpg 768w, https:\/\/reachextra.com\/wp-content\/uploads\/2019\/05\/Sevilla-feria-Gustavo-Bacarisas-561x292.jpg 561w, https:\/\/reachextra.com\/wp-content\/uploads\/2019\/05\/Sevilla-feria-Gustavo-Bacarisas-1122x584.jpg 1122w, https:\/\/reachextra.com\/wp-content\/uploads\/2019\/05\/Sevilla-feria-Gustavo-Bacarisas-364x189.jpg 364w, https:\/\/reachextra.com\/wp-content\/uploads\/2019\/05\/Sevilla-feria-Gustavo-Bacarisas-728x379.jpg 728w, https:\/\/reachextra.com\/wp-content\/uploads\/2019\/05\/Sevilla-feria-Gustavo-Bacarisas-608x316.jpg 608w, https:\/\/reachextra.com\/wp-content\/uploads\/2019\/05\/Sevilla-feria-Gustavo-Bacarisas-758x395.jpg 758w, https:\/\/reachextra.com\/wp-content\/uploads\/2019\/05\/Sevilla-feria-Gustavo-Bacarisas-1152x600.jpg 1152w, https:\/\/reachextra.com\/wp-content\/uploads\/2019\/05\/Sevilla-feria-Gustavo-Bacarisas-92x48.jpg 92w, https:\/\/reachextra.com\/wp-content\/uploads\/2019\/05\/Sevilla-feria-Gustavo-Bacarisas-184x96.jpg 184w, https:\/\/reachextra.com\/wp-content\/uploads\/2019\/05\/Sevilla-feria-Gustavo-Bacarisas-313x163.jpg 313w, https:\/\/reachextra.com\/wp-content\/uploads\/2019\/05\/Sevilla-feria-Gustavo-Bacarisas.jpg 1220w\" sizes=\"auto, (max-width: 1024px) 100vw, 1024px\" \/><\/figure>\n\n\n\n<p>Pero no fue la \u00fanica contribuci\u00f3n del artista gibraltare\u00f1o a la Feria de Abril de Sevilla. Este a\u00f1o se cumple precisamente un siglo de otra aportaci\u00f3n de Bacarisas que tambi\u00e9n perdura. En 1919, el pintor gibraltare\u00f1o dise\u00f1\u00f3 las pa\u00f1oletas de las casetas. Se trata del elemento de madera pintada que se coloca en la parte superior de la fachada. <\/p>\n\n\n\n<figure class=\"wp-block-image\"><img loading=\"lazy\" decoding=\"async\" width=\"664\" height=\"371\" src=\"https:\/\/www.reachextra.com\/wp-content\/uploads\/2019\/05\/Sevilla-feria-Gustavo-Bacarisas-Reach-Alcanc-2.jpg\" alt=\"Seville April Feria - Gustavo Bacarisas\" class=\"wp-image-9406\" srcset=\"https:\/\/reachextra.com\/wp-content\/uploads\/2019\/05\/Sevilla-feria-Gustavo-Bacarisas-Reach-Alcanc-2.jpg 664w, https:\/\/reachextra.com\/wp-content\/uploads\/2019\/05\/Sevilla-feria-Gustavo-Bacarisas-Reach-Alcanc-2-300x168.jpg 300w, https:\/\/reachextra.com\/wp-content\/uploads\/2019\/05\/Sevilla-feria-Gustavo-Bacarisas-Reach-Alcanc-2-192x108.jpg 192w, https:\/\/reachextra.com\/wp-content\/uploads\/2019\/05\/Sevilla-feria-Gustavo-Bacarisas-Reach-Alcanc-2-384x216.jpg 384w, https:\/\/reachextra.com\/wp-content\/uploads\/2019\/05\/Sevilla-feria-Gustavo-Bacarisas-Reach-Alcanc-2-561x313.jpg 561w, https:\/\/reachextra.com\/wp-content\/uploads\/2019\/05\/Sevilla-feria-Gustavo-Bacarisas-Reach-Alcanc-2-364x203.jpg 364w, https:\/\/reachextra.com\/wp-content\/uploads\/2019\/05\/Sevilla-feria-Gustavo-Bacarisas-Reach-Alcanc-2-608x340.jpg 608w, https:\/\/reachextra.com\/wp-content\/uploads\/2019\/05\/Sevilla-feria-Gustavo-Bacarisas-Reach-Alcanc-2-86x48.jpg 86w, https:\/\/reachextra.com\/wp-content\/uploads\/2019\/05\/Sevilla-feria-Gustavo-Bacarisas-Reach-Alcanc-2-172x96.jpg 172w, https:\/\/reachextra.com\/wp-content\/uploads\/2019\/05\/Sevilla-feria-Gustavo-Bacarisas-Reach-Alcanc-2-313x175.jpg 313w\" sizes=\"auto, (max-width: 664px) 100vw, 664px\" \/><\/figure>\n\n\n\n<p>Supuso un cambio fundamental en el dise\u00f1o y decoraci\u00f3n de la caseta de Feria. Se trata de algo tan importante y caracter\u00edstico que el Ayuntamiento de Sevilla establece en sus ordenanzas c\u00f3mo deben ser las pa\u00f1oletas en cuanto a ornato y medidas. <\/p>\n\n\n\n<p>Este a\u00f1o se cumple un siglo de aquella idea que cambi\u00f3 para siempre la est\u00e9tica de la Feria de Abril. Y como no todos los d\u00edas se cumplen cien a\u00f1os, el Ayuntamiento de Sevilla ha querido rendir tributo al pintor gibraltare\u00f1o, que fue nombrado adem\u00e1s Hijo Adoptivo de Sevilla precisamente en 1919. Lo ha hecho en la portada de la Feria 2019 -que se ha celebrado entre el 4 y el 11 de mayo- en la que le ha reservado un espacio para rendirle tributo.<\/p>\n\n\n\n<figure class=\"wp-block-image\"><img loading=\"lazy\" decoding=\"async\" width=\"664\" height=\"436\" src=\"https:\/\/www.reachextra.com\/wp-content\/uploads\/2019\/05\/Sevilla-feria-Gustavo-Bacarisas-Reach-Alcance.jpg\" alt=\"Seville April Feria - Gustavo Bacarisas\" class=\"wp-image-9408\" srcset=\"https:\/\/reachextra.com\/wp-content\/uploads\/2019\/05\/Sevilla-feria-Gustavo-Bacarisas-Reach-Alcance.jpg 664w, https:\/\/reachextra.com\/wp-content\/uploads\/2019\/05\/Sevilla-feria-Gustavo-Bacarisas-Reach-Alcance-300x197.jpg 300w, https:\/\/reachextra.com\/wp-content\/uploads\/2019\/05\/Sevilla-feria-Gustavo-Bacarisas-Reach-Alcance-561x368.jpg 561w, https:\/\/reachextra.com\/wp-content\/uploads\/2019\/05\/Sevilla-feria-Gustavo-Bacarisas-Reach-Alcance-364x239.jpg 364w, https:\/\/reachextra.com\/wp-content\/uploads\/2019\/05\/Sevilla-feria-Gustavo-Bacarisas-Reach-Alcance-608x399.jpg 608w, https:\/\/reachextra.com\/wp-content\/uploads\/2019\/05\/Sevilla-feria-Gustavo-Bacarisas-Reach-Alcance-73x48.jpg 73w, https:\/\/reachextra.com\/wp-content\/uploads\/2019\/05\/Sevilla-feria-Gustavo-Bacarisas-Reach-Alcance-146x96.jpg 146w, https:\/\/reachextra.com\/wp-content\/uploads\/2019\/05\/Sevilla-feria-Gustavo-Bacarisas-Reach-Alcance-313x206.jpg 313w\" sizes=\"auto, (max-width: 664px) 100vw, 664px\" \/><\/figure>\n\n\n\n<p>La portada de la Feria de Abril de Sevilla 2019 ha sido titulada \u2018Sevilla, escenario de arte, cultura e historia\u2019. Es obra de \u00c1ngelo Gonz\u00e1les Carvalho y ha estado inspirada en el Pabell\u00f3n de Sevilla de la Exposici\u00f3n Iberoamericana de 1929. Se trata de uno de los emblemas de la capital andaluza y est\u00e1 formado por el Casino de la Exposici\u00f3n y el Teatro Lope de Vega.<\/p>\n\n\n\n<p>Las bases del concurso establec\u00edan que el dise\u00f1o estuviera inspirado en la Expo del 29 y en An\u00edbal Gonz\u00e1lez. El Ayuntamiento de Sevilla se reserv\u00f3 los medallones decorativos para hacer referencias a la conmemoraci\u00f3n de la Primera Circunnavegaci\u00f3n a la Tierra de Magallanes y Elcano, as\u00ed como al pintor Gustavo Bacarisas.<\/p>\n\n\n\n<figure class=\"wp-block-image\"><img loading=\"lazy\" decoding=\"async\" width=\"664\" height=\"741\" src=\"https:\/\/www.reachextra.com\/wp-content\/uploads\/2019\/05\/Sevilla-feria-Gustavo-Bacarisas-Reach-Alcance-3.jpg\" alt=\"Seville April Feria - Gustavo Bacarisas\" class=\"wp-image-9410\" srcset=\"https:\/\/reachextra.com\/wp-content\/uploads\/2019\/05\/Sevilla-feria-Gustavo-Bacarisas-Reach-Alcance-3.jpg 664w, https:\/\/reachextra.com\/wp-content\/uploads\/2019\/05\/Sevilla-feria-Gustavo-Bacarisas-Reach-Alcance-3-269x300.jpg 269w, https:\/\/reachextra.com\/wp-content\/uploads\/2019\/05\/Sevilla-feria-Gustavo-Bacarisas-Reach-Alcance-3-561x626.jpg 561w, https:\/\/reachextra.com\/wp-content\/uploads\/2019\/05\/Sevilla-feria-Gustavo-Bacarisas-Reach-Alcance-3-364x406.jpg 364w, https:\/\/reachextra.com\/wp-content\/uploads\/2019\/05\/Sevilla-feria-Gustavo-Bacarisas-Reach-Alcance-3-608x679.jpg 608w, https:\/\/reachextra.com\/wp-content\/uploads\/2019\/05\/Sevilla-feria-Gustavo-Bacarisas-Reach-Alcance-3-43x48.jpg 43w, https:\/\/reachextra.com\/wp-content\/uploads\/2019\/05\/Sevilla-feria-Gustavo-Bacarisas-Reach-Alcance-3-86x96.jpg 86w, https:\/\/reachextra.com\/wp-content\/uploads\/2019\/05\/Sevilla-feria-Gustavo-Bacarisas-Reach-Alcance-3-313x349.jpg 313w\" sizes=\"auto, (max-width: 664px) 100vw, 664px\" \/><\/figure>\n\n\n\n<p>En esos medallones, pintados en la superficie de las torres, se encuentra el nombre de Bacarisas. <\/p>\n\n\n\n<p>La portada ha medido 50 metros de ancho por 37,27 metros de alto, una impresionante estructura que ha sido iluminada con casi 25.000 bombillas para dar la bienvenida a una feria que este a\u00f1o ha hecho un gui\u00f1o a Gibraltar a trav\u00e9s de uno de sus artistas m\u00e1s reconocidos.<\/p>\n\n\n\n<p><strong>Los farolillos de la pasada feria hispalense tienen ADN gibraltare\u00f1o<\/strong><\/p>\n","protected":false},"excerpt":{"rendered":"<p>No hay feria andaluza que se precie sin los tradicionales y coloridos farolillos de feria, pero, \u00bfsab\u00edan que detr\u00e1s de los mismos est\u00e1 el ingenio&#8230; <a class=\"g1-link g1-link-more\" href=\"https:\/\/reachextra.com\/es\/farolillos-de-la-pasada-feria-hispalense-tienen-adn-gibraltareno\/\">More<\/a><\/p>\n","protected":false},"author":1,"featured_media":9405,"comment_status":"closed","ping_status":"closed","sticky":false,"template":"","format":"standard","meta":{"_jetpack_memberships_contains_paid_content":false,"footnotes":""},"categories":[1309,244,8128],"tags":[451,579,2402,2409,2410,1423,309,821,831],"adace-sponsor":[],"class_list":{"0":"post-9414","1":"post","2":"type-post","3":"status-publish","4":"format-standard","5":"has-post-thumbnail","7":"category-arte","8":"category-explorar-es","9":"category-historia","10":"tag-arte","11":"tag-cultura","12":"tag-feria","13":"tag-feria-es","14":"tag-feria-de-abril","15":"tag-gustavo-bacarisas-es","16":"tag-gustavo-bacarisas","17":"tag-soraya-fernandez","18":"tag-soraya-fernandez-es"},"yoast_head":"<!-- This site is optimized with the Yoast SEO Premium plugin v19.5 (Yoast SEO v26.7) - https:\/\/yoast.com\/wordpress\/plugins\/seo\/ -->\n<title>Los farolillos de la feria tienen ADN gibraltare\u00f1o - ReachExtra<\/title>\n<meta name=\"description\" content=\"No hay feria andaluza que se precie sin los tradicionales y coloridos farolillos de feria, pero, \u00bfsab\u00edan que detr\u00e1s de los mismos est\u00e1 el ingenio...\" \/>\n<meta name=\"robots\" content=\"index, follow, max-snippet:-1, max-image-preview:large, max-video-preview:-1\" \/>\n<link rel=\"canonical\" href=\"https:\/\/reachextra.com\/es\/farolillos-de-la-pasada-feria-hispalense-tienen-adn-gibraltareno\/\" \/>\n<meta property=\"og:locale\" content=\"es_ES\" \/>\n<meta property=\"og:type\" content=\"article\" \/>\n<meta property=\"og:title\" content=\"Los farolillos de la pasada feria hispalense tienen ADN gibraltare\u00f1o\" \/>\n<meta property=\"og:description\" content=\"No hay feria andaluza que se precie sin los tradicionales y coloridos farolillos de feria, pero, \u00bfsab\u00edan que detr\u00e1s de los mismos est\u00e1 el ingenio...\" \/>\n<meta property=\"og:url\" content=\"https:\/\/reachextra.com\/es\/farolillos-de-la-pasada-feria-hispalense-tienen-adn-gibraltareno\/\" \/>\n<meta property=\"og:site_name\" content=\"ReachExtra\" \/>\n<meta property=\"article:publisher\" content=\"http:\/\/www.facebook.com\/reachextra\" \/>\n<meta property=\"article:published_time\" content=\"2019-05-18T15:22:53+00:00\" \/>\n<meta property=\"article:modified_time\" content=\"2019-05-18T17:24:09+00:00\" \/>\n<meta property=\"og:image\" content=\"https:\/\/reachextra.com\/wp-content\/uploads\/2019\/05\/Sevilla-feria-Gustavo-Bacarisas.jpg\" \/>\n\t<meta property=\"og:image:width\" content=\"1220\" \/>\n\t<meta property=\"og:image:height\" content=\"635\" \/>\n\t<meta property=\"og:image:type\" content=\"image\/jpeg\" \/>\n<meta name=\"author\" content=\"ReachExtra\" \/>\n<meta name=\"twitter:card\" content=\"summary_large_image\" \/>\n<meta name=\"twitter:title\" content=\"Los farolillos de la pasada feria hispalense tienen ADN gibraltare\u00f1o\" \/>\n<meta name=\"twitter:description\" content=\"No hay feria andaluza que se precie sin los tradicionales y coloridos farolillos de feria, pero, \u00bfsab\u00edan que detr\u00e1s de los mismos est\u00e1 el ingenio...\" \/>\n<meta name=\"twitter:creator\" content=\"@reachextra\" \/>\n<meta name=\"twitter:site\" content=\"@reachextra\" \/>\n<meta name=\"twitter:label1\" content=\"Escrito por\" \/>\n\t<meta name=\"twitter:data1\" content=\"ReachExtra\" \/>\n\t<meta name=\"twitter:label2\" content=\"Tiempo de lectura\" \/>\n\t<meta name=\"twitter:data2\" content=\"3 minutos\" \/>\n<script type=\"application\/ld+json\" class=\"yoast-schema-graph\">{\"@context\":\"https:\/\/schema.org\",\"@graph\":[{\"@type\":\"Article\",\"@id\":\"https:\/\/reachextra.com\/es\/farolillos-de-la-pasada-feria-hispalense-tienen-adn-gibraltareno\/#article\",\"isPartOf\":{\"@id\":\"https:\/\/reachextra.com\/es\/farolillos-de-la-pasada-feria-hispalense-tienen-adn-gibraltareno\/\"},\"author\":{\"name\":\"ReachExtra\",\"@id\":\"https:\/\/reachextra.com\/es\/#\/schema\/person\/5bf8196030cf130091162668b52085df\"},\"headline\":\"Los farolillos de la feria tienen ADN gibraltare\u00f1o\",\"datePublished\":\"2019-05-18T15:22:53+00:00\",\"dateModified\":\"2019-05-18T17:24:09+00:00\",\"mainEntityOfPage\":{\"@id\":\"https:\/\/reachextra.com\/es\/farolillos-de-la-pasada-feria-hispalense-tienen-adn-gibraltareno\/\"},\"wordCount\":594,\"publisher\":{\"@id\":\"https:\/\/reachextra.com\/es\/#organization\"},\"image\":{\"@id\":\"https:\/\/reachextra.com\/es\/farolillos-de-la-pasada-feria-hispalense-tienen-adn-gibraltareno\/#primaryimage\"},\"thumbnailUrl\":\"https:\/\/reachextra.com\/wp-content\/uploads\/2019\/05\/Sevilla-feria-Gustavo-Bacarisas.jpg\",\"keywords\":[\"arte\",\"cultura\",\"Feria\",\"Feria\",\"Feria de Abril\",\"Gustavo Bacarisas\",\"Gustavo Bacarisas\",\"Soraya Fernandez\",\"Soraya Fernandez\"],\"articleSection\":[\"Arte\",\"Explorar\",\"Historia\"],\"inLanguage\":\"es\"},{\"@type\":\"WebPage\",\"@id\":\"https:\/\/reachextra.com\/es\/farolillos-de-la-pasada-feria-hispalense-tienen-adn-gibraltareno\/\",\"url\":\"https:\/\/reachextra.com\/es\/farolillos-de-la-pasada-feria-hispalense-tienen-adn-gibraltareno\/\",\"name\":\"Los farolillos de la feria tienen ADN gibraltare\u00f1o - ReachExtra\",\"isPartOf\":{\"@id\":\"https:\/\/reachextra.com\/es\/#website\"},\"primaryImageOfPage\":{\"@id\":\"https:\/\/reachextra.com\/es\/farolillos-de-la-pasada-feria-hispalense-tienen-adn-gibraltareno\/#primaryimage\"},\"image\":{\"@id\":\"https:\/\/reachextra.com\/es\/farolillos-de-la-pasada-feria-hispalense-tienen-adn-gibraltareno\/#primaryimage\"},\"thumbnailUrl\":\"https:\/\/reachextra.com\/wp-content\/uploads\/2019\/05\/Sevilla-feria-Gustavo-Bacarisas.jpg\",\"datePublished\":\"2019-05-18T15:22:53+00:00\",\"dateModified\":\"2019-05-18T17:24:09+00:00\",\"description\":\"No hay feria andaluza que se precie sin los tradicionales y coloridos farolillos de feria, pero, \u00bfsab\u00edan que detr\u00e1s de los mismos est\u00e1 el ingenio...\",\"breadcrumb\":{\"@id\":\"https:\/\/reachextra.com\/es\/farolillos-de-la-pasada-feria-hispalense-tienen-adn-gibraltareno\/#breadcrumb\"},\"inLanguage\":\"es\",\"potentialAction\":[{\"@type\":\"ReadAction\",\"target\":[\"https:\/\/reachextra.com\/es\/farolillos-de-la-pasada-feria-hispalense-tienen-adn-gibraltareno\/\"]}]},{\"@type\":\"ImageObject\",\"inLanguage\":\"es\",\"@id\":\"https:\/\/reachextra.com\/es\/farolillos-de-la-pasada-feria-hispalense-tienen-adn-gibraltareno\/#primaryimage\",\"url\":\"https:\/\/reachextra.com\/wp-content\/uploads\/2019\/05\/Sevilla-feria-Gustavo-Bacarisas.jpg\",\"contentUrl\":\"https:\/\/reachextra.com\/wp-content\/uploads\/2019\/05\/Sevilla-feria-Gustavo-Bacarisas.jpg\",\"width\":1220,\"height\":635,\"caption\":\"Seville April Feria - Gustavo Bacarisas\"},{\"@type\":\"BreadcrumbList\",\"@id\":\"https:\/\/reachextra.com\/es\/farolillos-de-la-pasada-feria-hispalense-tienen-adn-gibraltareno\/#breadcrumb\",\"itemListElement\":[{\"@type\":\"ListItem\",\"position\":1,\"name\":\"Home\",\"item\":\"https:\/\/reachextra.com\/es\/\"},{\"@type\":\"ListItem\",\"position\":2,\"name\":\"Explorar\",\"item\":\"https:\/\/reachextra.com\/es\/category\/explorar-es\/\"},{\"@type\":\"ListItem\",\"position\":3,\"name\":\"Los farolillos de la feria tienen ADN gibraltare\u00f1o\"}]},{\"@type\":\"WebSite\",\"@id\":\"https:\/\/reachextra.com\/es\/#website\",\"url\":\"https:\/\/reachextra.com\/es\/\",\"name\":\"ReachExtra\",\"description\":\" Reach-Alcance en Espa\u00f1ol | Gibraltar | Campo de Gibraltar\",\"publisher\":{\"@id\":\"https:\/\/reachextra.com\/es\/#organization\"},\"potentialAction\":[{\"@type\":\"SearchAction\",\"target\":{\"@type\":\"EntryPoint\",\"urlTemplate\":\"https:\/\/reachextra.com\/es\/?s={search_term_string}\"},\"query-input\":{\"@type\":\"PropertyValueSpecification\",\"valueRequired\":true,\"valueName\":\"search_term_string\"}}],\"inLanguage\":\"es\"},{\"@type\":\"Organization\",\"@id\":\"https:\/\/reachextra.com\/es\/#organization\",\"name\":\"Reach-Alcance\",\"url\":\"https:\/\/reachextra.com\/es\/\",\"logo\":{\"@type\":\"ImageObject\",\"inLanguage\":\"es\",\"@id\":\"https:\/\/reachextra.com\/es\/#\/schema\/logo\/image\/\",\"url\":\"https:\/\/www.reachextra.com\/wp-content\/uploads\/2018\/12\/Reach-Alcance-LOGO-HDPI.jpg\",\"contentUrl\":\"https:\/\/www.reachextra.com\/wp-content\/uploads\/2018\/12\/Reach-Alcance-LOGO-HDPI.jpg\",\"width\":750,\"height\":474,\"caption\":\"Reach-Alcance\"},\"image\":{\"@id\":\"https:\/\/reachextra.com\/es\/#\/schema\/logo\/image\/\"},\"sameAs\":[\"http:\/\/www.facebook.com\/reachextra\",\"https:\/\/x.com\/reachextra\",\"http:\/\/reach.extra\",\"https:\/\/www.linkedin.com\/company\/reach-alcance\/\"]},{\"@type\":\"Person\",\"@id\":\"https:\/\/reachextra.com\/es\/#\/schema\/person\/5bf8196030cf130091162668b52085df\",\"name\":\"ReachExtra\",\"image\":{\"@type\":\"ImageObject\",\"inLanguage\":\"es\",\"@id\":\"https:\/\/reachextra.com\/es\/#\/schema\/person\/image\/\",\"url\":\"https:\/\/secure.gravatar.com\/avatar\/11e9f37f3773887633d17fdf580220857b1599038456e2f031ce0efd2f41a394?s=96&d=mm&r=g\",\"contentUrl\":\"https:\/\/secure.gravatar.com\/avatar\/11e9f37f3773887633d17fdf580220857b1599038456e2f031ce0efd2f41a394?s=96&d=mm&r=g\",\"caption\":\"ReachExtra\"},\"sameAs\":[\"http:\/\/www.reachextra.com\"]}]}<\/script>\n<!-- \/ Yoast SEO Premium plugin. -->","yoast_head_json":{"title":"Los farolillos de la feria tienen ADN gibraltare\u00f1o - ReachExtra","description":"No hay feria andaluza que se precie sin los tradicionales y coloridos farolillos de feria, pero, \u00bfsab\u00edan que detr\u00e1s de los mismos est\u00e1 el ingenio...","robots":{"index":"index","follow":"follow","max-snippet":"max-snippet:-1","max-image-preview":"max-image-preview:large","max-video-preview":"max-video-preview:-1"},"canonical":"https:\/\/reachextra.com\/es\/farolillos-de-la-pasada-feria-hispalense-tienen-adn-gibraltareno\/","og_locale":"es_ES","og_type":"article","og_title":"Los farolillos de la pasada feria hispalense tienen ADN gibraltare\u00f1o","og_description":"No hay feria andaluza que se precie sin los tradicionales y coloridos farolillos de feria, pero, \u00bfsab\u00edan que detr\u00e1s de los mismos est\u00e1 el ingenio...","og_url":"https:\/\/reachextra.com\/es\/farolillos-de-la-pasada-feria-hispalense-tienen-adn-gibraltareno\/","og_site_name":"ReachExtra","article_publisher":"http:\/\/www.facebook.com\/reachextra","article_published_time":"2019-05-18T15:22:53+00:00","article_modified_time":"2019-05-18T17:24:09+00:00","og_image":[{"width":1220,"height":635,"url":"https:\/\/reachextra.com\/wp-content\/uploads\/2019\/05\/Sevilla-feria-Gustavo-Bacarisas.jpg","type":"image\/jpeg"}],"author":"ReachExtra","twitter_card":"summary_large_image","twitter_title":"Los farolillos de la pasada feria hispalense tienen ADN gibraltare\u00f1o","twitter_description":"No hay feria andaluza que se precie sin los tradicionales y coloridos farolillos de feria, pero, \u00bfsab\u00edan que detr\u00e1s de los mismos est\u00e1 el ingenio...","twitter_creator":"@reachextra","twitter_site":"@reachextra","twitter_misc":{"Escrito por":"ReachExtra","Tiempo de lectura":"3 minutos"},"schema":{"@context":"https:\/\/schema.org","@graph":[{"@type":"Article","@id":"https:\/\/reachextra.com\/es\/farolillos-de-la-pasada-feria-hispalense-tienen-adn-gibraltareno\/#article","isPartOf":{"@id":"https:\/\/reachextra.com\/es\/farolillos-de-la-pasada-feria-hispalense-tienen-adn-gibraltareno\/"},"author":{"name":"ReachExtra","@id":"https:\/\/reachextra.com\/es\/#\/schema\/person\/5bf8196030cf130091162668b52085df"},"headline":"Los farolillos de la feria tienen ADN gibraltare\u00f1o","datePublished":"2019-05-18T15:22:53+00:00","dateModified":"2019-05-18T17:24:09+00:00","mainEntityOfPage":{"@id":"https:\/\/reachextra.com\/es\/farolillos-de-la-pasada-feria-hispalense-tienen-adn-gibraltareno\/"},"wordCount":594,"publisher":{"@id":"https:\/\/reachextra.com\/es\/#organization"},"image":{"@id":"https:\/\/reachextra.com\/es\/farolillos-de-la-pasada-feria-hispalense-tienen-adn-gibraltareno\/#primaryimage"},"thumbnailUrl":"https:\/\/reachextra.com\/wp-content\/uploads\/2019\/05\/Sevilla-feria-Gustavo-Bacarisas.jpg","keywords":["arte","cultura","Feria","Feria","Feria de Abril","Gustavo Bacarisas","Gustavo Bacarisas","Soraya Fernandez","Soraya Fernandez"],"articleSection":["Arte","Explorar","Historia"],"inLanguage":"es"},{"@type":"WebPage","@id":"https:\/\/reachextra.com\/es\/farolillos-de-la-pasada-feria-hispalense-tienen-adn-gibraltareno\/","url":"https:\/\/reachextra.com\/es\/farolillos-de-la-pasada-feria-hispalense-tienen-adn-gibraltareno\/","name":"Los farolillos de la feria tienen ADN gibraltare\u00f1o - ReachExtra","isPartOf":{"@id":"https:\/\/reachextra.com\/es\/#website"},"primaryImageOfPage":{"@id":"https:\/\/reachextra.com\/es\/farolillos-de-la-pasada-feria-hispalense-tienen-adn-gibraltareno\/#primaryimage"},"image":{"@id":"https:\/\/reachextra.com\/es\/farolillos-de-la-pasada-feria-hispalense-tienen-adn-gibraltareno\/#primaryimage"},"thumbnailUrl":"https:\/\/reachextra.com\/wp-content\/uploads\/2019\/05\/Sevilla-feria-Gustavo-Bacarisas.jpg","datePublished":"2019-05-18T15:22:53+00:00","dateModified":"2019-05-18T17:24:09+00:00","description":"No hay feria andaluza que se precie sin los tradicionales y coloridos farolillos de feria, pero, \u00bfsab\u00edan que detr\u00e1s de los mismos est\u00e1 el ingenio...","breadcrumb":{"@id":"https:\/\/reachextra.com\/es\/farolillos-de-la-pasada-feria-hispalense-tienen-adn-gibraltareno\/#breadcrumb"},"inLanguage":"es","potentialAction":[{"@type":"ReadAction","target":["https:\/\/reachextra.com\/es\/farolillos-de-la-pasada-feria-hispalense-tienen-adn-gibraltareno\/"]}]},{"@type":"ImageObject","inLanguage":"es","@id":"https:\/\/reachextra.com\/es\/farolillos-de-la-pasada-feria-hispalense-tienen-adn-gibraltareno\/#primaryimage","url":"https:\/\/reachextra.com\/wp-content\/uploads\/2019\/05\/Sevilla-feria-Gustavo-Bacarisas.jpg","contentUrl":"https:\/\/reachextra.com\/wp-content\/uploads\/2019\/05\/Sevilla-feria-Gustavo-Bacarisas.jpg","width":1220,"height":635,"caption":"Seville April Feria - Gustavo Bacarisas"},{"@type":"BreadcrumbList","@id":"https:\/\/reachextra.com\/es\/farolillos-de-la-pasada-feria-hispalense-tienen-adn-gibraltareno\/#breadcrumb","itemListElement":[{"@type":"ListItem","position":1,"name":"Home","item":"https:\/\/reachextra.com\/es\/"},{"@type":"ListItem","position":2,"name":"Explorar","item":"https:\/\/reachextra.com\/es\/category\/explorar-es\/"},{"@type":"ListItem","position":3,"name":"Los farolillos de la feria tienen ADN gibraltare\u00f1o"}]},{"@type":"WebSite","@id":"https:\/\/reachextra.com\/es\/#website","url":"https:\/\/reachextra.com\/es\/","name":"ReachExtra","description":" Reach-Alcance en Espa\u00f1ol | Gibraltar | Campo de Gibraltar","publisher":{"@id":"https:\/\/reachextra.com\/es\/#organization"},"potentialAction":[{"@type":"SearchAction","target":{"@type":"EntryPoint","urlTemplate":"https:\/\/reachextra.com\/es\/?s={search_term_string}"},"query-input":{"@type":"PropertyValueSpecification","valueRequired":true,"valueName":"search_term_string"}}],"inLanguage":"es"},{"@type":"Organization","@id":"https:\/\/reachextra.com\/es\/#organization","name":"Reach-Alcance","url":"https:\/\/reachextra.com\/es\/","logo":{"@type":"ImageObject","inLanguage":"es","@id":"https:\/\/reachextra.com\/es\/#\/schema\/logo\/image\/","url":"https:\/\/www.reachextra.com\/wp-content\/uploads\/2018\/12\/Reach-Alcance-LOGO-HDPI.jpg","contentUrl":"https:\/\/www.reachextra.com\/wp-content\/uploads\/2018\/12\/Reach-Alcance-LOGO-HDPI.jpg","width":750,"height":474,"caption":"Reach-Alcance"},"image":{"@id":"https:\/\/reachextra.com\/es\/#\/schema\/logo\/image\/"},"sameAs":["http:\/\/www.facebook.com\/reachextra","https:\/\/x.com\/reachextra","http:\/\/reach.extra","https:\/\/www.linkedin.com\/company\/reach-alcance\/"]},{"@type":"Person","@id":"https:\/\/reachextra.com\/es\/#\/schema\/person\/5bf8196030cf130091162668b52085df","name":"ReachExtra","image":{"@type":"ImageObject","inLanguage":"es","@id":"https:\/\/reachextra.com\/es\/#\/schema\/person\/image\/","url":"https:\/\/secure.gravatar.com\/avatar\/11e9f37f3773887633d17fdf580220857b1599038456e2f031ce0efd2f41a394?s=96&d=mm&r=g","contentUrl":"https:\/\/secure.gravatar.com\/avatar\/11e9f37f3773887633d17fdf580220857b1599038456e2f031ce0efd2f41a394?s=96&d=mm&r=g","caption":"ReachExtra"},"sameAs":["http:\/\/www.reachextra.com"]}]}},"jetpack_featured_media_url":"https:\/\/reachextra.com\/wp-content\/uploads\/2019\/05\/Sevilla-feria-Gustavo-Bacarisas.jpg","wps_subtitle":"Soraya Fern\u00e1ndez  \u00b7 Fotos: Reach y Fran Montes","jetpack_sharing_enabled":true,"_links":{"self":[{"href":"https:\/\/reachextra.com\/es\/wp-json\/wp\/v2\/posts\/9414","targetHints":{"allow":["GET"]}}],"collection":[{"href":"https:\/\/reachextra.com\/es\/wp-json\/wp\/v2\/posts"}],"about":[{"href":"https:\/\/reachextra.com\/es\/wp-json\/wp\/v2\/types\/post"}],"author":[{"embeddable":true,"href":"https:\/\/reachextra.com\/es\/wp-json\/wp\/v2\/users\/1"}],"replies":[{"embeddable":true,"href":"https:\/\/reachextra.com\/es\/wp-json\/wp\/v2\/comments?post=9414"}],"version-history":[{"count":5,"href":"https:\/\/reachextra.com\/es\/wp-json\/wp\/v2\/posts\/9414\/revisions"}],"predecessor-version":[{"id":9419,"href":"https:\/\/reachextra.com\/es\/wp-json\/wp\/v2\/posts\/9414\/revisions\/9419"}],"wp:featuredmedia":[{"embeddable":true,"href":"https:\/\/reachextra.com\/es\/wp-json\/wp\/v2\/media\/9405"}],"wp:attachment":[{"href":"https:\/\/reachextra.com\/es\/wp-json\/wp\/v2\/media?parent=9414"}],"wp:term":[{"taxonomy":"category","embeddable":true,"href":"https:\/\/reachextra.com\/es\/wp-json\/wp\/v2\/categories?post=9414"},{"taxonomy":"post_tag","embeddable":true,"href":"https:\/\/reachextra.com\/es\/wp-json\/wp\/v2\/tags?post=9414"},{"taxonomy":"adace-sponsor","embeddable":true,"href":"https:\/\/reachextra.com\/es\/wp-json\/wp\/v2\/adace-sponsor?post=9414"}],"curies":[{"name":"wp","href":"https:\/\/api.w.org\/{rel}","templated":true}]}}