{"id":9391,"date":"2019-05-17T15:30:21","date_gmt":"2019-05-17T13:30:21","guid":{"rendered":"https:\/\/www.reachextra.com\/vii-ruta-atun-tarifa-se-hace-dueno-de-la-vida-de-los-tarifenos\/"},"modified":"2019-05-17T15:54:48","modified_gmt":"2019-05-17T13:54:48","slug":"vii-ruta-atun-tarifa-se-hace-dueno-de-la-vida-de-los-tarifenos","status":"publish","type":"post","link":"https:\/\/reachextra.com\/es\/vii-ruta-atun-tarifa-se-hace-dueno-de-la-vida-de-los-tarifenos\/","title":{"rendered":"VII Ruta del At\u00fan Tarifa: El At\u00fan se hace due\u00f1o de la vida de los tarife\u00f1os"},"content":{"rendered":"\n<p><strong>VII Ruta del At\u00fan Tarifa: El at\u00fan rojo se hace due\u00f1o de la vida de los tarife\u00f1os<\/strong><\/p>\n\n\n\n<p>\u201cDe la mar el mero y de la tierra el cordero\u201d, dice el dicho popular, aunque en este mes de mayo, el mes de las almadrabas, mejor ser\u00eda decir \u201cde la mar el at\u00fan\u201d, y m\u00e1s concretamente el at\u00fan rojo, que se convierte en el rey gastron\u00f3mico y comercial de la costa gaditana.<\/p>\n\n\n\n<figure class=\"wp-block-image\"><img loading=\"lazy\" decoding=\"async\" width=\"664\" height=\"443\" src=\"https:\/\/www.reachextra.com\/wp-content\/uploads\/2019\/05\/Ruta-atunes-6.jpg\" alt=\"Ruta del Atun Tarifa 2019: Reach Alcance\" class=\"wp-image-9383\" srcset=\"https:\/\/reachextra.com\/wp-content\/uploads\/2019\/05\/Ruta-atunes-6.jpg 664w, https:\/\/reachextra.com\/wp-content\/uploads\/2019\/05\/Ruta-atunes-6-300x200.jpg 300w, https:\/\/reachextra.com\/wp-content\/uploads\/2019\/05\/Ruta-atunes-6-180x120.jpg 180w, https:\/\/reachextra.com\/wp-content\/uploads\/2019\/05\/Ruta-atunes-6-561x374.jpg 561w, https:\/\/reachextra.com\/wp-content\/uploads\/2019\/05\/Ruta-atunes-6-364x243.jpg 364w, https:\/\/reachextra.com\/wp-content\/uploads\/2019\/05\/Ruta-atunes-6-608x406.jpg 608w, https:\/\/reachextra.com\/wp-content\/uploads\/2019\/05\/Ruta-atunes-6-72x48.jpg 72w, https:\/\/reachextra.com\/wp-content\/uploads\/2019\/05\/Ruta-atunes-6-144x96.jpg 144w, https:\/\/reachextra.com\/wp-content\/uploads\/2019\/05\/Ruta-atunes-6-313x209.jpg 313w\" sizes=\"auto, (max-width: 664px) 100vw, 664px\" \/><\/figure>\n\n\n\n<p>Los almadraberos echan sus artes en la costa, como en Zahara, Conil, Barbate o Tarifa, para la captura de este pez que se convierte en un aut\u00e9ntico manjar para los sentidos en todas sus formas y maneras y que da de comer a cientos de familias tanto directa como indirecta. Una pr\u00e1ctica de pesca artesanal que se remonta a la \u00e9poca de los fenicios.<\/p>\n\n\n\n<p>Los atunes cruzan el Estrecho para desovar en el Mediterr\u00e1neo por mayo para luego regresar al Atl\u00e1ntico en sus h\u00e1bitats naturales, ya mucho m\u00e1s delgados. Es el momento para estas espectaculares capturas con redes tradicionales.<\/p>\n\n\n\n<figure class=\"wp-block-image\"><img loading=\"lazy\" decoding=\"async\" width=\"664\" height=\"374\" src=\"https:\/\/www.reachextra.com\/wp-content\/uploads\/2019\/05\/atun-2.jpg\" alt=\"Ruta del Atun Tarifa 2019: Reach Alcance\" class=\"wp-image-9379\" srcset=\"https:\/\/reachextra.com\/wp-content\/uploads\/2019\/05\/atun-2.jpg 664w, https:\/\/reachextra.com\/wp-content\/uploads\/2019\/05\/atun-2-300x169.jpg 300w, https:\/\/reachextra.com\/wp-content\/uploads\/2019\/05\/atun-2-192x108.jpg 192w, https:\/\/reachextra.com\/wp-content\/uploads\/2019\/05\/atun-2-384x216.jpg 384w, https:\/\/reachextra.com\/wp-content\/uploads\/2019\/05\/atun-2-364x205.jpg 364w, https:\/\/reachextra.com\/wp-content\/uploads\/2019\/05\/atun-2-561x316.jpg 561w, https:\/\/reachextra.com\/wp-content\/uploads\/2019\/05\/atun-2-608x342.jpg 608w, https:\/\/reachextra.com\/wp-content\/uploads\/2019\/05\/atun-2-85x48.jpg 85w, https:\/\/reachextra.com\/wp-content\/uploads\/2019\/05\/atun-2-170x96.jpg 170w, https:\/\/reachextra.com\/wp-content\/uploads\/2019\/05\/atun-2-313x176.jpg 313w\" sizes=\"auto, (max-width: 664px) 100vw, 664px\" \/><\/figure>\n\n\n\n<p>Pr\u00e1cticamente todas las poblaciones en las que se captura el at\u00fan celebran en estas fechas sus respectivas \u2018rutas\u2019, en las que los restaurantes y bares compiten para ofrecer la tapa m\u00e1s sabrosa y as\u00ed cosechar prestigio y ganar los respectivos concursos.<\/p>\n\n\n\n<p>En Tarifa la \u2018<a href=\"https:\/\/tarifaturismo.com\/ruta-atun-tarifa\/\">VII Ruta del At\u00fan<\/a>\u2019 se celebra del 24 de este mes al dos de junio y ya hay m\u00e1s de 52 establecimientos apuntados para competir en la elaboraci\u00f3n de la tapa m\u00e1s original y sabrosa.<\/p>\n\n\n\n<p>Sin embargo, la milenaria ciudad, que es la m\u00e1s meridional de Europa y que tiene el puerto m\u00e1s cercano a \u00c1frica, ha querido sumar a su potencial tur\u00edstico basado en su oferta l\u00fadica, monumental, deportiva y gastron\u00f3mica, el relacionado con el at\u00fan de una manera m\u00e1s efectiva, sum\u00e1ndose al proyecto \u2018Tune Route\u2019, que se present\u00f3 a principios de este mes y que promovido por la Diputaci\u00f3n y el IEDT (Instituto de Empleo y Desarrollo Socioecon\u00f3mico y Tecnol\u00f3gico), pretende ofertar una ruta en las regiones costeras que est\u00e1n vinculadas al at\u00fan rojo.<\/p>\n\n\n\n<figure class=\"wp-block-image\"><img loading=\"lazy\" decoding=\"async\" width=\"664\" height=\"443\" src=\"https:\/\/www.reachextra.com\/wp-content\/uploads\/2019\/05\/Ruta-atunes-2.jpg\" alt=\"Ruta del Atun Tarifa 2019: Reach Alcance\" class=\"wp-image-9381\" srcset=\"https:\/\/reachextra.com\/wp-content\/uploads\/2019\/05\/Ruta-atunes-2.jpg 664w, https:\/\/reachextra.com\/wp-content\/uploads\/2019\/05\/Ruta-atunes-2-300x200.jpg 300w, https:\/\/reachextra.com\/wp-content\/uploads\/2019\/05\/Ruta-atunes-2-180x120.jpg 180w, https:\/\/reachextra.com\/wp-content\/uploads\/2019\/05\/Ruta-atunes-2-561x374.jpg 561w, https:\/\/reachextra.com\/wp-content\/uploads\/2019\/05\/Ruta-atunes-2-364x243.jpg 364w, https:\/\/reachextra.com\/wp-content\/uploads\/2019\/05\/Ruta-atunes-2-608x406.jpg 608w, https:\/\/reachextra.com\/wp-content\/uploads\/2019\/05\/Ruta-atunes-2-72x48.jpg 72w, https:\/\/reachextra.com\/wp-content\/uploads\/2019\/05\/Ruta-atunes-2-144x96.jpg 144w, https:\/\/reachextra.com\/wp-content\/uploads\/2019\/05\/Ruta-atunes-2-313x209.jpg 313w\" sizes=\"auto, (max-width: 664px) 100vw, 664px\" \/><\/figure>\n\n\n\n<p>.<\/p>\n\n\n\n<p>Los medios de comunicaci\u00f3n tuvieron la oportunidad, salvo el trayecto en velero anulado por el mal tiempo, de contemplar como se interrelaciona las visitas culturales como medio para hacer ver a los visitantes la importancia del at\u00fan en la vida y en la historia de estos pueblos. En el caso de <a href=\"https:\/\/www.reachextra.com\/es\/las-algas-esa-alternativa-ilimitada-para-la-creacion-de-cosmeticos-en-tarifa\/\">Tarifa<\/a> se realizaron sendas visitas guiadas al castillo de Guzm\u00e1n el Bueno y a las ruinas de Baelo Claudia, en Bolonia, la ciudad romana fundada en el siglo II antes antes de Cristo y que consiguiera un gran desarrollo econ\u00f3mico y urbano<\/p>\n\n\n\n<figure class=\"wp-block-image\"><img loading=\"lazy\" decoding=\"async\" width=\"664\" height=\"443\" src=\"https:\/\/www.reachextra.com\/wp-content\/uploads\/2019\/05\/Ruta-atunes-12.jpg\" alt=\"Ruta del Atun Tarifa 2019: Reach Alcance\" class=\"wp-image-9387\" srcset=\"https:\/\/reachextra.com\/wp-content\/uploads\/2019\/05\/Ruta-atunes-12.jpg 664w, https:\/\/reachextra.com\/wp-content\/uploads\/2019\/05\/Ruta-atunes-12-300x200.jpg 300w, https:\/\/reachextra.com\/wp-content\/uploads\/2019\/05\/Ruta-atunes-12-180x120.jpg 180w, https:\/\/reachextra.com\/wp-content\/uploads\/2019\/05\/Ruta-atunes-12-561x374.jpg 561w, https:\/\/reachextra.com\/wp-content\/uploads\/2019\/05\/Ruta-atunes-12-364x243.jpg 364w, https:\/\/reachextra.com\/wp-content\/uploads\/2019\/05\/Ruta-atunes-12-608x406.jpg 608w, https:\/\/reachextra.com\/wp-content\/uploads\/2019\/05\/Ruta-atunes-12-72x48.jpg 72w, https:\/\/reachextra.com\/wp-content\/uploads\/2019\/05\/Ruta-atunes-12-144x96.jpg 144w, https:\/\/reachextra.com\/wp-content\/uploads\/2019\/05\/Ruta-atunes-12-313x209.jpg 313w\" sizes=\"auto, (max-width: 664px) 100vw, 664px\" \/><\/figure>\n\n\n\n<p>Su industria principal se basaba en la captura del at\u00fan con unos m\u00e9todos muy semejantes a los alcuales y la elaboraci\u00f3n de la salsa conocida como \u2018garum\u2019, que se export\u00f3 a todo el Imperio Romano y cuyo sabor enriquec\u00eda los platos. <\/p>\n\n\n\n<p>La visita incluy\u00f3 una degustaci\u00f3n de algunas de las tapas de la Ruta del At\u00fan del pasado a\u00f1o a los establecimientos de Cabello, Demente, Ancla, Pasillo y Burgato.<\/p>\n\n\n\n<p>La \u2018Tuna Route\u2019 es un proyecto internacional co-financiado por la Uni\u00f3n Europea, que busca desarrollar una ruta trasnacional de turismo ligado al mar y a la n\u00e1utica. Tarifa quiere ser una escala de esta ruta dada la importancia  y presencia que tiene el at\u00fan rojo en numerosos \u00e1mbitos de la vida de los vecinos del lugar.<\/p>\n\n\n\n<p><strong>VII Ruta del At\u00fan Tarifa: El at\u00fan rojo se hace due\u00f1o de la vida de los tarife\u00f1os<\/strong><\/p>\n","protected":false},"excerpt":{"rendered":"<p>VII Ruta del At\u00fan Tarifa: Sin embargo, la milenaria ciudad, que es la m\u00e1s meridional de Europa y que tiene el puerto m\u00e1s cercano a \u00c1frica&#8230; <a class=\"g1-link g1-link-more\" href=\"https:\/\/reachextra.com\/es\/vii-ruta-atun-tarifa-se-hace-dueno-de-la-vida-de-los-tarifenos\/\">More<\/a><\/p>\n","protected":false},"author":1,"featured_media":9378,"comment_status":"closed","ping_status":"closed","sticky":false,"template":"","format":"standard","meta":{"_jetpack_memberships_contains_paid_content":false,"footnotes":""},"categories":[244],"tags":[2358,2361,2360,464,419,207,246,2355,2359,224,228],"adace-sponsor":[],"class_list":{"0":"post-9391","1":"post","2":"type-post","3":"status-publish","4":"format-standard","5":"has-post-thumbnail","7":"category-explorar-es","8":"tag-almadraberos","9":"tag-almadraberos-es","10":"tag-atun","11":"tag-explorar","12":"tag-explorar-el-campo-de-gibraltar","13":"tag-martin-serrano","14":"tag-martin-serrano-es","15":"tag-routa-del-atun","16":"tag-routa-del-atun-es","17":"tag-tarifa","18":"tag-tarifa-es"},"yoast_head":"<!-- This site is optimized with the Yoast SEO Premium plugin v19.5 (Yoast SEO v26.7) - https:\/\/yoast.com\/wordpress\/plugins\/seo\/ -->\n<title>VII Ruta del At\u00fan Tarifa: El At\u00fan se hace due\u00f1o de la vida de los tarife\u00f1os - ReachExtra -<\/title>\n<meta name=\"description\" content=\"VII Ruta del At\u00fan Tarifa: Sin embargo, la milenaria ciudad, que es la m\u00e1s meridional de Europa y que tiene el puerto m\u00e1s cercano a \u00c1frica...\" \/>\n<meta name=\"robots\" content=\"index, follow, max-snippet:-1, max-image-preview:large, max-video-preview:-1\" \/>\n<link rel=\"canonical\" href=\"https:\/\/reachextra.com\/es\/vii-ruta-atun-tarifa-se-hace-dueno-de-la-vida-de-los-tarifenos\/\" \/>\n<meta property=\"og:locale\" content=\"es_ES\" \/>\n<meta property=\"og:type\" content=\"article\" \/>\n<meta property=\"og:title\" content=\"VII Ruta del At\u00fan Tarifa: El At\u00fan se hace due\u00f1o de la vida de los tarife\u00f1os\" \/>\n<meta property=\"og:description\" content=\"VII Ruta del At\u00fan Tarifa: Sin embargo, la milenaria ciudad, que es la m\u00e1s meridional de Europa y que tiene el puerto m\u00e1s cercano a \u00c1frica...\" \/>\n<meta property=\"og:url\" content=\"https:\/\/reachextra.com\/es\/vii-ruta-atun-tarifa-se-hace-dueno-de-la-vida-de-los-tarifenos\/\" \/>\n<meta property=\"og:site_name\" content=\"ReachExtra\" \/>\n<meta property=\"article:publisher\" content=\"http:\/\/www.facebook.com\/reachextra\" \/>\n<meta property=\"article:published_time\" content=\"2019-05-17T13:30:21+00:00\" \/>\n<meta property=\"article:modified_time\" content=\"2019-05-17T13:54:48+00:00\" \/>\n<meta property=\"og:image\" content=\"https:\/\/reachextra.com\/wp-content\/uploads\/2019\/05\/atun.jpg\" \/>\n\t<meta property=\"og:image:width\" content=\"1220\" \/>\n\t<meta property=\"og:image:height\" content=\"628\" \/>\n\t<meta property=\"og:image:type\" content=\"image\/jpeg\" \/>\n<meta name=\"author\" content=\"ReachExtra\" \/>\n<meta name=\"twitter:card\" content=\"summary_large_image\" \/>\n<meta name=\"twitter:title\" content=\"VII Ruta del At\u00fan Tarifa: El At\u00fan se hace due\u00f1o de la vida de los tarife\u00f1os\" \/>\n<meta name=\"twitter:description\" content=\"VII Ruta del At\u00fan Tarifa: Sin embargo, la milenaria ciudad, que es la m\u00e1s meridional de Europa y que tiene el puerto m\u00e1s cercano a \u00c1frica...\" \/>\n<meta name=\"twitter:creator\" content=\"@reachextra\" \/>\n<meta name=\"twitter:site\" content=\"@reachextra\" \/>\n<meta name=\"twitter:label1\" content=\"Escrito por\" \/>\n\t<meta name=\"twitter:data1\" content=\"ReachExtra\" \/>\n\t<meta name=\"twitter:label2\" content=\"Tiempo de lectura\" \/>\n\t<meta name=\"twitter:data2\" content=\"3 minutos\" \/>\n<script type=\"application\/ld+json\" class=\"yoast-schema-graph\">{\"@context\":\"https:\/\/schema.org\",\"@graph\":[{\"@type\":\"Article\",\"@id\":\"https:\/\/reachextra.com\/es\/vii-ruta-atun-tarifa-se-hace-dueno-de-la-vida-de-los-tarifenos\/#article\",\"isPartOf\":{\"@id\":\"https:\/\/reachextra.com\/es\/vii-ruta-atun-tarifa-se-hace-dueno-de-la-vida-de-los-tarifenos\/\"},\"author\":{\"name\":\"ReachExtra\",\"@id\":\"https:\/\/reachextra.com\/es\/#\/schema\/person\/5bf8196030cf130091162668b52085df\"},\"headline\":\"VII Ruta del At\u00fan Tarifa: El At\u00fan se hace due\u00f1o de la vida de los tarife\u00f1os\",\"datePublished\":\"2019-05-17T13:30:21+00:00\",\"dateModified\":\"2019-05-17T13:54:48+00:00\",\"mainEntityOfPage\":{\"@id\":\"https:\/\/reachextra.com\/es\/vii-ruta-atun-tarifa-se-hace-dueno-de-la-vida-de-los-tarifenos\/\"},\"wordCount\":645,\"publisher\":{\"@id\":\"https:\/\/reachextra.com\/es\/#organization\"},\"image\":{\"@id\":\"https:\/\/reachextra.com\/es\/vii-ruta-atun-tarifa-se-hace-dueno-de-la-vida-de-los-tarifenos\/#primaryimage\"},\"thumbnailUrl\":\"https:\/\/reachextra.com\/wp-content\/uploads\/2019\/05\/atun.jpg\",\"keywords\":[\"almadraberos\",\"almadraberos\",\"Atun\",\"explorar\",\"explorar el campo de gibraltar\",\"martin serrano\",\"martin serrano\",\"Routa del Atun\",\"Routa del Atun\",\"Tarifa\",\"Tarifa\"],\"articleSection\":[\"Explorar\"],\"inLanguage\":\"es\"},{\"@type\":\"WebPage\",\"@id\":\"https:\/\/reachextra.com\/es\/vii-ruta-atun-tarifa-se-hace-dueno-de-la-vida-de-los-tarifenos\/\",\"url\":\"https:\/\/reachextra.com\/es\/vii-ruta-atun-tarifa-se-hace-dueno-de-la-vida-de-los-tarifenos\/\",\"name\":\"VII Ruta del At\u00fan Tarifa: El At\u00fan se hace due\u00f1o de la vida de los tarife\u00f1os - ReachExtra -\",\"isPartOf\":{\"@id\":\"https:\/\/reachextra.com\/es\/#website\"},\"primaryImageOfPage\":{\"@id\":\"https:\/\/reachextra.com\/es\/vii-ruta-atun-tarifa-se-hace-dueno-de-la-vida-de-los-tarifenos\/#primaryimage\"},\"image\":{\"@id\":\"https:\/\/reachextra.com\/es\/vii-ruta-atun-tarifa-se-hace-dueno-de-la-vida-de-los-tarifenos\/#primaryimage\"},\"thumbnailUrl\":\"https:\/\/reachextra.com\/wp-content\/uploads\/2019\/05\/atun.jpg\",\"datePublished\":\"2019-05-17T13:30:21+00:00\",\"dateModified\":\"2019-05-17T13:54:48+00:00\",\"description\":\"VII Ruta del At\u00fan Tarifa: Sin embargo, la milenaria ciudad, que es la m\u00e1s meridional de Europa y que tiene el puerto m\u00e1s cercano a \u00c1frica...\",\"breadcrumb\":{\"@id\":\"https:\/\/reachextra.com\/es\/vii-ruta-atun-tarifa-se-hace-dueno-de-la-vida-de-los-tarifenos\/#breadcrumb\"},\"inLanguage\":\"es\",\"potentialAction\":[{\"@type\":\"ReadAction\",\"target\":[\"https:\/\/reachextra.com\/es\/vii-ruta-atun-tarifa-se-hace-dueno-de-la-vida-de-los-tarifenos\/\"]}]},{\"@type\":\"ImageObject\",\"inLanguage\":\"es\",\"@id\":\"https:\/\/reachextra.com\/es\/vii-ruta-atun-tarifa-se-hace-dueno-de-la-vida-de-los-tarifenos\/#primaryimage\",\"url\":\"https:\/\/reachextra.com\/wp-content\/uploads\/2019\/05\/atun.jpg\",\"contentUrl\":\"https:\/\/reachextra.com\/wp-content\/uploads\/2019\/05\/atun.jpg\",\"width\":1220,\"height\":628,\"caption\":\"@FRAN MONTES\"},{\"@type\":\"BreadcrumbList\",\"@id\":\"https:\/\/reachextra.com\/es\/vii-ruta-atun-tarifa-se-hace-dueno-de-la-vida-de-los-tarifenos\/#breadcrumb\",\"itemListElement\":[{\"@type\":\"ListItem\",\"position\":1,\"name\":\"Home\",\"item\":\"https:\/\/reachextra.com\/es\/\"},{\"@type\":\"ListItem\",\"position\":2,\"name\":\"Tendencias\",\"item\":\"https:\/\/reachextra.com\/es\/category\/tendencias\/\"},{\"@type\":\"ListItem\",\"position\":3,\"name\":\"VII Ruta del At\u00fan Tarifa: El At\u00fan se hace due\u00f1o de la vida de los tarife\u00f1os\"}]},{\"@type\":\"WebSite\",\"@id\":\"https:\/\/reachextra.com\/es\/#website\",\"url\":\"https:\/\/reachextra.com\/es\/\",\"name\":\"ReachExtra\",\"description\":\" Reach-Alcance en Espa\u00f1ol | Gibraltar | Campo de Gibraltar\",\"publisher\":{\"@id\":\"https:\/\/reachextra.com\/es\/#organization\"},\"potentialAction\":[{\"@type\":\"SearchAction\",\"target\":{\"@type\":\"EntryPoint\",\"urlTemplate\":\"https:\/\/reachextra.com\/es\/?s={search_term_string}\"},\"query-input\":{\"@type\":\"PropertyValueSpecification\",\"valueRequired\":true,\"valueName\":\"search_term_string\"}}],\"inLanguage\":\"es\"},{\"@type\":\"Organization\",\"@id\":\"https:\/\/reachextra.com\/es\/#organization\",\"name\":\"Reach-Alcance\",\"url\":\"https:\/\/reachextra.com\/es\/\",\"logo\":{\"@type\":\"ImageObject\",\"inLanguage\":\"es\",\"@id\":\"https:\/\/reachextra.com\/es\/#\/schema\/logo\/image\/\",\"url\":\"https:\/\/www.reachextra.com\/wp-content\/uploads\/2018\/12\/Reach-Alcance-LOGO-HDPI.jpg\",\"contentUrl\":\"https:\/\/www.reachextra.com\/wp-content\/uploads\/2018\/12\/Reach-Alcance-LOGO-HDPI.jpg\",\"width\":750,\"height\":474,\"caption\":\"Reach-Alcance\"},\"image\":{\"@id\":\"https:\/\/reachextra.com\/es\/#\/schema\/logo\/image\/\"},\"sameAs\":[\"http:\/\/www.facebook.com\/reachextra\",\"https:\/\/x.com\/reachextra\",\"http:\/\/reach.extra\",\"https:\/\/www.linkedin.com\/company\/reach-alcance\/\"]},{\"@type\":\"Person\",\"@id\":\"https:\/\/reachextra.com\/es\/#\/schema\/person\/5bf8196030cf130091162668b52085df\",\"name\":\"ReachExtra\",\"image\":{\"@type\":\"ImageObject\",\"inLanguage\":\"es\",\"@id\":\"https:\/\/reachextra.com\/es\/#\/schema\/person\/image\/\",\"url\":\"https:\/\/secure.gravatar.com\/avatar\/11e9f37f3773887633d17fdf580220857b1599038456e2f031ce0efd2f41a394?s=96&d=mm&r=g\",\"contentUrl\":\"https:\/\/secure.gravatar.com\/avatar\/11e9f37f3773887633d17fdf580220857b1599038456e2f031ce0efd2f41a394?s=96&d=mm&r=g\",\"caption\":\"ReachExtra\"},\"sameAs\":[\"http:\/\/www.reachextra.com\"]}]}<\/script>\n<!-- \/ Yoast SEO Premium plugin. -->","yoast_head_json":{"title":"VII Ruta del At\u00fan Tarifa: El At\u00fan se hace due\u00f1o de la vida de los tarife\u00f1os - ReachExtra -","description":"VII Ruta del At\u00fan Tarifa: Sin embargo, la milenaria ciudad, que es la m\u00e1s meridional de Europa y que tiene el puerto m\u00e1s cercano a \u00c1frica...","robots":{"index":"index","follow":"follow","max-snippet":"max-snippet:-1","max-image-preview":"max-image-preview:large","max-video-preview":"max-video-preview:-1"},"canonical":"https:\/\/reachextra.com\/es\/vii-ruta-atun-tarifa-se-hace-dueno-de-la-vida-de-los-tarifenos\/","og_locale":"es_ES","og_type":"article","og_title":"VII Ruta del At\u00fan Tarifa: El At\u00fan se hace due\u00f1o de la vida de los tarife\u00f1os","og_description":"VII Ruta del At\u00fan Tarifa: Sin embargo, la milenaria ciudad, que es la m\u00e1s meridional de Europa y que tiene el puerto m\u00e1s cercano a \u00c1frica...","og_url":"https:\/\/reachextra.com\/es\/vii-ruta-atun-tarifa-se-hace-dueno-de-la-vida-de-los-tarifenos\/","og_site_name":"ReachExtra","article_publisher":"http:\/\/www.facebook.com\/reachextra","article_published_time":"2019-05-17T13:30:21+00:00","article_modified_time":"2019-05-17T13:54:48+00:00","og_image":[{"width":1220,"height":628,"url":"https:\/\/reachextra.com\/wp-content\/uploads\/2019\/05\/atun.jpg","type":"image\/jpeg"}],"author":"ReachExtra","twitter_card":"summary_large_image","twitter_title":"VII Ruta del At\u00fan Tarifa: El At\u00fan se hace due\u00f1o de la vida de los tarife\u00f1os","twitter_description":"VII Ruta del At\u00fan Tarifa: Sin embargo, la milenaria ciudad, que es la m\u00e1s meridional de Europa y que tiene el puerto m\u00e1s cercano a \u00c1frica...","twitter_creator":"@reachextra","twitter_site":"@reachextra","twitter_misc":{"Escrito por":"ReachExtra","Tiempo de lectura":"3 minutos"},"schema":{"@context":"https:\/\/schema.org","@graph":[{"@type":"Article","@id":"https:\/\/reachextra.com\/es\/vii-ruta-atun-tarifa-se-hace-dueno-de-la-vida-de-los-tarifenos\/#article","isPartOf":{"@id":"https:\/\/reachextra.com\/es\/vii-ruta-atun-tarifa-se-hace-dueno-de-la-vida-de-los-tarifenos\/"},"author":{"name":"ReachExtra","@id":"https:\/\/reachextra.com\/es\/#\/schema\/person\/5bf8196030cf130091162668b52085df"},"headline":"VII Ruta del At\u00fan Tarifa: El At\u00fan se hace due\u00f1o de la vida de los tarife\u00f1os","datePublished":"2019-05-17T13:30:21+00:00","dateModified":"2019-05-17T13:54:48+00:00","mainEntityOfPage":{"@id":"https:\/\/reachextra.com\/es\/vii-ruta-atun-tarifa-se-hace-dueno-de-la-vida-de-los-tarifenos\/"},"wordCount":645,"publisher":{"@id":"https:\/\/reachextra.com\/es\/#organization"},"image":{"@id":"https:\/\/reachextra.com\/es\/vii-ruta-atun-tarifa-se-hace-dueno-de-la-vida-de-los-tarifenos\/#primaryimage"},"thumbnailUrl":"https:\/\/reachextra.com\/wp-content\/uploads\/2019\/05\/atun.jpg","keywords":["almadraberos","almadraberos","Atun","explorar","explorar el campo de gibraltar","martin serrano","martin serrano","Routa del Atun","Routa del Atun","Tarifa","Tarifa"],"articleSection":["Explorar"],"inLanguage":"es"},{"@type":"WebPage","@id":"https:\/\/reachextra.com\/es\/vii-ruta-atun-tarifa-se-hace-dueno-de-la-vida-de-los-tarifenos\/","url":"https:\/\/reachextra.com\/es\/vii-ruta-atun-tarifa-se-hace-dueno-de-la-vida-de-los-tarifenos\/","name":"VII Ruta del At\u00fan Tarifa: El At\u00fan se hace due\u00f1o de la vida de los tarife\u00f1os - ReachExtra -","isPartOf":{"@id":"https:\/\/reachextra.com\/es\/#website"},"primaryImageOfPage":{"@id":"https:\/\/reachextra.com\/es\/vii-ruta-atun-tarifa-se-hace-dueno-de-la-vida-de-los-tarifenos\/#primaryimage"},"image":{"@id":"https:\/\/reachextra.com\/es\/vii-ruta-atun-tarifa-se-hace-dueno-de-la-vida-de-los-tarifenos\/#primaryimage"},"thumbnailUrl":"https:\/\/reachextra.com\/wp-content\/uploads\/2019\/05\/atun.jpg","datePublished":"2019-05-17T13:30:21+00:00","dateModified":"2019-05-17T13:54:48+00:00","description":"VII Ruta del At\u00fan Tarifa: Sin embargo, la milenaria ciudad, que es la m\u00e1s meridional de Europa y que tiene el puerto m\u00e1s cercano a \u00c1frica...","breadcrumb":{"@id":"https:\/\/reachextra.com\/es\/vii-ruta-atun-tarifa-se-hace-dueno-de-la-vida-de-los-tarifenos\/#breadcrumb"},"inLanguage":"es","potentialAction":[{"@type":"ReadAction","target":["https:\/\/reachextra.com\/es\/vii-ruta-atun-tarifa-se-hace-dueno-de-la-vida-de-los-tarifenos\/"]}]},{"@type":"ImageObject","inLanguage":"es","@id":"https:\/\/reachextra.com\/es\/vii-ruta-atun-tarifa-se-hace-dueno-de-la-vida-de-los-tarifenos\/#primaryimage","url":"https:\/\/reachextra.com\/wp-content\/uploads\/2019\/05\/atun.jpg","contentUrl":"https:\/\/reachextra.com\/wp-content\/uploads\/2019\/05\/atun.jpg","width":1220,"height":628,"caption":"@FRAN MONTES"},{"@type":"BreadcrumbList","@id":"https:\/\/reachextra.com\/es\/vii-ruta-atun-tarifa-se-hace-dueno-de-la-vida-de-los-tarifenos\/#breadcrumb","itemListElement":[{"@type":"ListItem","position":1,"name":"Home","item":"https:\/\/reachextra.com\/es\/"},{"@type":"ListItem","position":2,"name":"Tendencias","item":"https:\/\/reachextra.com\/es\/category\/tendencias\/"},{"@type":"ListItem","position":3,"name":"VII Ruta del At\u00fan Tarifa: El At\u00fan se hace due\u00f1o de la vida de los tarife\u00f1os"}]},{"@type":"WebSite","@id":"https:\/\/reachextra.com\/es\/#website","url":"https:\/\/reachextra.com\/es\/","name":"ReachExtra","description":" Reach-Alcance en Espa\u00f1ol | Gibraltar | Campo de Gibraltar","publisher":{"@id":"https:\/\/reachextra.com\/es\/#organization"},"potentialAction":[{"@type":"SearchAction","target":{"@type":"EntryPoint","urlTemplate":"https:\/\/reachextra.com\/es\/?s={search_term_string}"},"query-input":{"@type":"PropertyValueSpecification","valueRequired":true,"valueName":"search_term_string"}}],"inLanguage":"es"},{"@type":"Organization","@id":"https:\/\/reachextra.com\/es\/#organization","name":"Reach-Alcance","url":"https:\/\/reachextra.com\/es\/","logo":{"@type":"ImageObject","inLanguage":"es","@id":"https:\/\/reachextra.com\/es\/#\/schema\/logo\/image\/","url":"https:\/\/www.reachextra.com\/wp-content\/uploads\/2018\/12\/Reach-Alcance-LOGO-HDPI.jpg","contentUrl":"https:\/\/www.reachextra.com\/wp-content\/uploads\/2018\/12\/Reach-Alcance-LOGO-HDPI.jpg","width":750,"height":474,"caption":"Reach-Alcance"},"image":{"@id":"https:\/\/reachextra.com\/es\/#\/schema\/logo\/image\/"},"sameAs":["http:\/\/www.facebook.com\/reachextra","https:\/\/x.com\/reachextra","http:\/\/reach.extra","https:\/\/www.linkedin.com\/company\/reach-alcance\/"]},{"@type":"Person","@id":"https:\/\/reachextra.com\/es\/#\/schema\/person\/5bf8196030cf130091162668b52085df","name":"ReachExtra","image":{"@type":"ImageObject","inLanguage":"es","@id":"https:\/\/reachextra.com\/es\/#\/schema\/person\/image\/","url":"https:\/\/secure.gravatar.com\/avatar\/11e9f37f3773887633d17fdf580220857b1599038456e2f031ce0efd2f41a394?s=96&d=mm&r=g","contentUrl":"https:\/\/secure.gravatar.com\/avatar\/11e9f37f3773887633d17fdf580220857b1599038456e2f031ce0efd2f41a394?s=96&d=mm&r=g","caption":"ReachExtra"},"sameAs":["http:\/\/www.reachextra.com"]}]}},"jetpack_featured_media_url":"https:\/\/reachextra.com\/wp-content\/uploads\/2019\/05\/atun.jpg","wps_subtitle":"Mart\u00edn Serrano  \u00b7 Fotos: Fran Montes ","jetpack_sharing_enabled":true,"_links":{"self":[{"href":"https:\/\/reachextra.com\/es\/wp-json\/wp\/v2\/posts\/9391","targetHints":{"allow":["GET"]}}],"collection":[{"href":"https:\/\/reachextra.com\/es\/wp-json\/wp\/v2\/posts"}],"about":[{"href":"https:\/\/reachextra.com\/es\/wp-json\/wp\/v2\/types\/post"}],"author":[{"embeddable":true,"href":"https:\/\/reachextra.com\/es\/wp-json\/wp\/v2\/users\/1"}],"replies":[{"embeddable":true,"href":"https:\/\/reachextra.com\/es\/wp-json\/wp\/v2\/comments?post=9391"}],"version-history":[{"count":7,"href":"https:\/\/reachextra.com\/es\/wp-json\/wp\/v2\/posts\/9391\/revisions"}],"predecessor-version":[{"id":9400,"href":"https:\/\/reachextra.com\/es\/wp-json\/wp\/v2\/posts\/9391\/revisions\/9400"}],"wp:featuredmedia":[{"embeddable":true,"href":"https:\/\/reachextra.com\/es\/wp-json\/wp\/v2\/media\/9378"}],"wp:attachment":[{"href":"https:\/\/reachextra.com\/es\/wp-json\/wp\/v2\/media?parent=9391"}],"wp:term":[{"taxonomy":"category","embeddable":true,"href":"https:\/\/reachextra.com\/es\/wp-json\/wp\/v2\/categories?post=9391"},{"taxonomy":"post_tag","embeddable":true,"href":"https:\/\/reachextra.com\/es\/wp-json\/wp\/v2\/tags?post=9391"},{"taxonomy":"adace-sponsor","embeddable":true,"href":"https:\/\/reachextra.com\/es\/wp-json\/wp\/v2\/adace-sponsor?post=9391"}],"curies":[{"name":"wp","href":"https:\/\/api.w.org\/{rel}","templated":true}]}}