{"id":8844,"date":"2019-04-23T17:02:57","date_gmt":"2019-04-23T15:02:57","guid":{"rendered":"https:\/\/www.reachextra.com\/memoria-de-algeciras\/"},"modified":"2019-04-26T16:21:56","modified_gmt":"2019-04-26T14:21:56","slug":"memoria-de-algeciras","status":"publish","type":"post","link":"https:\/\/reachextra.com\/es\/memoria-de-algeciras\/","title":{"rendered":"Memoria de Algeciras: La memoria de una ciudad en im\u00e1genes"},"content":{"rendered":"\n<p> El grupo Memoria de Algeciras recupera fotograf\u00edas antiguas y organiza exposiciones como \u201cMujeres especiales 2.0\u201d, para que el pasado de la ciudad no quede en el olvido.<\/p>\n\n\n\n<p>Empezaron siendo un grupo de amigos, entusiastas de la fotograf\u00eda y apasionados de su ciudad, Algeciras, recopilando viejas fotos familiares para que no se perdieran y creando, en 2011, un grupo de Facebook para compartirlas. <\/p>\n\n\n\n<figure class=\"wp-block-image\"><img loading=\"lazy\" decoding=\"async\" width=\"700\" height=\"467\" src=\"https:\/\/www.reachextra.com\/wp-content\/uploads\/2019\/04\/Memoria-historica-Algeciras-Reach-Alcance-Fran-Montes-2.jpg\" alt=\"The group \u2018Memoria de Algeciras\u2019 recovers old photographs\" class=\"wp-image-8834\" srcset=\"https:\/\/reachextra.com\/wp-content\/uploads\/2019\/04\/Memoria-historica-Algeciras-Reach-Alcance-Fran-Montes-2.jpg 700w, https:\/\/reachextra.com\/wp-content\/uploads\/2019\/04\/Memoria-historica-Algeciras-Reach-Alcance-Fran-Montes-2-300x200.jpg 300w, https:\/\/reachextra.com\/wp-content\/uploads\/2019\/04\/Memoria-historica-Algeciras-Reach-Alcance-Fran-Montes-2-180x120.jpg 180w, https:\/\/reachextra.com\/wp-content\/uploads\/2019\/04\/Memoria-historica-Algeciras-Reach-Alcance-Fran-Montes-2-561x374.jpg 561w, https:\/\/reachextra.com\/wp-content\/uploads\/2019\/04\/Memoria-historica-Algeciras-Reach-Alcance-Fran-Montes-2-364x243.jpg 364w, https:\/\/reachextra.com\/wp-content\/uploads\/2019\/04\/Memoria-historica-Algeciras-Reach-Alcance-Fran-Montes-2-608x406.jpg 608w, https:\/\/reachextra.com\/wp-content\/uploads\/2019\/04\/Memoria-historica-Algeciras-Reach-Alcance-Fran-Montes-2-72x48.jpg 72w, https:\/\/reachextra.com\/wp-content\/uploads\/2019\/04\/Memoria-historica-Algeciras-Reach-Alcance-Fran-Montes-2-144x96.jpg 144w, https:\/\/reachextra.com\/wp-content\/uploads\/2019\/04\/Memoria-historica-Algeciras-Reach-Alcance-Fran-Montes-2-313x209.jpg 313w\" sizes=\"auto, (max-width: 700px) 100vw, 700px\" \/><figcaption>The group \u2018Memoria de Algeciras\u2019 recovers old photographs <\/figcaption><\/figure>\n\n\n\n<p>\u201cNuestro \u00fanico objetivo es atesorar la memoria de <a href=\"https:\/\/www.reachextra.com\/es\/cientifico-algecireno-estudios-sobre-el-genoma-humano\/\">Algeciras<\/a> a trav\u00e9s de im\u00e1genes que no deber\u00edan desaparecer, porque son un testimonio de lo que fue esta ciudad y de c\u00f3mo hemos llegado hasta aqu\u00ed\u201d, explica uno de los responsables del grupo, Javier Guti\u00e9rrez, con el convencimiento de quien sabe que dedica buena parte de su tiempo a una labor necesaria.<\/p>\n\n\n\n<p>La fotograf\u00eda m\u00e1s antigua que se conserva en este peculiar \u201carchivo\u201d es de 1870. Casas y edificios que ya no existen, playas que desaparecieron, calles que se peatonalizaron, plazas y rincones que cambiaron de fisionom\u00eda\u2026 <\/p>\n\n\n\n<p> Todo ello permanece congelado en el tiempo y el espacio, para que no se difumine del todo el recuerdo de quienes s\u00ed lo llegaron a conocer, y tambi\u00e9n para que quienes no tienen edad para recordar aquello puedan aprender c\u00f3mo era su ciudad en los tiempos de sus padres, sus abuelos o sus bisabuelos, antes de ser la que hoy es. <\/p>\n\n\n\n<figure class=\"wp-block-image\"><img loading=\"lazy\" decoding=\"async\" width=\"700\" height=\"467\" src=\"https:\/\/www.reachextra.com\/wp-content\/uploads\/2019\/04\/Memoria-historica-Algeciras-Reach-Alcance-Fran-Montes-3.jpg\" alt=\"Memoria-historica-Algeciras-Reach-Alcance-Fran-Montes-3\" class=\"wp-image-8836\" srcset=\"https:\/\/reachextra.com\/wp-content\/uploads\/2019\/04\/Memoria-historica-Algeciras-Reach-Alcance-Fran-Montes-3.jpg 700w, https:\/\/reachextra.com\/wp-content\/uploads\/2019\/04\/Memoria-historica-Algeciras-Reach-Alcance-Fran-Montes-3-300x200.jpg 300w, https:\/\/reachextra.com\/wp-content\/uploads\/2019\/04\/Memoria-historica-Algeciras-Reach-Alcance-Fran-Montes-3-180x120.jpg 180w, https:\/\/reachextra.com\/wp-content\/uploads\/2019\/04\/Memoria-historica-Algeciras-Reach-Alcance-Fran-Montes-3-561x374.jpg 561w, https:\/\/reachextra.com\/wp-content\/uploads\/2019\/04\/Memoria-historica-Algeciras-Reach-Alcance-Fran-Montes-3-364x243.jpg 364w, https:\/\/reachextra.com\/wp-content\/uploads\/2019\/04\/Memoria-historica-Algeciras-Reach-Alcance-Fran-Montes-3-608x406.jpg 608w, https:\/\/reachextra.com\/wp-content\/uploads\/2019\/04\/Memoria-historica-Algeciras-Reach-Alcance-Fran-Montes-3-72x48.jpg 72w, https:\/\/reachextra.com\/wp-content\/uploads\/2019\/04\/Memoria-historica-Algeciras-Reach-Alcance-Fran-Montes-3-144x96.jpg 144w, https:\/\/reachextra.com\/wp-content\/uploads\/2019\/04\/Memoria-historica-Algeciras-Reach-Alcance-Fran-Montes-3-313x209.jpg 313w\" sizes=\"auto, (max-width: 700px) 100vw, 700px\" \/><\/figure>\n\n\n\n<p>Su \u00faltima exposici\u00f3n colgada en la ciudad, en las instalaciones de AlCultura, \u201cMujeres especiales 2.0\u201d, pretend\u00eda realizar un recorrido por la historia de la mujer en Algeciras, desde finales del siglo XIX hasta finales del siglo XX. <\/p>\n\n\n\n<p>Todo contado a trav\u00e9s de 32 marcos, cada uno de ellos con una peque\u00f1a historia en blanco y negro, relacionada con los quehaceres de las mujeres algecire\u00f1as a lo largo de distintas d\u00e9cadas, cada una de ellas con sus propios condicionantes hist\u00f3ricos, sociales y culturales.<\/p>\n\n\n\n<p>Antes de esta \u00faltima exposici\u00f3n hubo otras tambi\u00e9n de gran inter\u00e9s, como \u201cCuatro rutas por Algeciras\u201d y \u201cUna peque\u00f1a historia de Algeciras en im\u00e1genes\u201d, adem\u00e1s de una muestra monogr\u00e1fica sobre la Feria y una primera colecci\u00f3n de fotos de \u201cMujeres Especiales\u201d, que es la que ahora, en estos primeros meses de 2019, se ha vuelto a ofrecer al p\u00fablico, mejorada y ampliada. <\/p>\n\n\n\n<figure class=\"wp-block-image\"><img loading=\"lazy\" decoding=\"async\" width=\"700\" height=\"467\" src=\"https:\/\/www.reachextra.com\/wp-content\/uploads\/2019\/04\/Memoria-historica-Algeciras-Reach-Alcance-Fran-Montes-4.jpg\" alt=\"Memoria-historica-Algeciras-Reach-Alcance-Fran-Montes-3\" class=\"wp-image-8838\" srcset=\"https:\/\/reachextra.com\/wp-content\/uploads\/2019\/04\/Memoria-historica-Algeciras-Reach-Alcance-Fran-Montes-4.jpg 700w, https:\/\/reachextra.com\/wp-content\/uploads\/2019\/04\/Memoria-historica-Algeciras-Reach-Alcance-Fran-Montes-4-300x200.jpg 300w, https:\/\/reachextra.com\/wp-content\/uploads\/2019\/04\/Memoria-historica-Algeciras-Reach-Alcance-Fran-Montes-4-180x120.jpg 180w, https:\/\/reachextra.com\/wp-content\/uploads\/2019\/04\/Memoria-historica-Algeciras-Reach-Alcance-Fran-Montes-4-561x374.jpg 561w, https:\/\/reachextra.com\/wp-content\/uploads\/2019\/04\/Memoria-historica-Algeciras-Reach-Alcance-Fran-Montes-4-364x243.jpg 364w, https:\/\/reachextra.com\/wp-content\/uploads\/2019\/04\/Memoria-historica-Algeciras-Reach-Alcance-Fran-Montes-4-608x406.jpg 608w, https:\/\/reachextra.com\/wp-content\/uploads\/2019\/04\/Memoria-historica-Algeciras-Reach-Alcance-Fran-Montes-4-72x48.jpg 72w, https:\/\/reachextra.com\/wp-content\/uploads\/2019\/04\/Memoria-historica-Algeciras-Reach-Alcance-Fran-Montes-4-144x96.jpg 144w, https:\/\/reachextra.com\/wp-content\/uploads\/2019\/04\/Memoria-historica-Algeciras-Reach-Alcance-Fran-Montes-4-313x209.jpg 313w\" sizes=\"auto, (max-width: 700px) 100vw, 700px\" \/><\/figure>\n\n\n\n<p>Adem\u00e1s de en los contenedores rojos de la D\u00e1rsena del Saladillo y distintas localizaciones del centro de la ciudad, tambi\u00e9n se han realizado exposiciones en el Hotel Cristina, una sobre la propia historia del emblem\u00e1tico establecimiento, y otra sobre el artista Helmut Siesser. <\/p>\n\n\n\n<p>Muchas de las fotos, que ellos se encargan de reproducir, en las mejores condiciones posibles, y conservar (devolviendo las originales a sus propietarios) les llegan a trav\u00e9s de donaciones de particulares que han o\u00eddo hablar de su labor, en su gran mayor\u00eda a trav\u00e9s de la p\u00e1gina de <a href=\"https:\/\/www.facebook.com\/groups\/1407144439527049\/\"><strong>Facebook<\/strong><\/a>\u2026 Pero otras responden, tambi\u00e9n, a hallazgos personales de algunos de los miembros del grupo, alguno de ellos incluso localizado fuera de Espa\u00f1a.<\/p>\n\n\n\n<figure class=\"wp-block-image\"><img loading=\"lazy\" decoding=\"async\" width=\"700\" height=\"939\" src=\"https:\/\/www.reachextra.com\/wp-content\/uploads\/2019\/04\/Memoria-historica-Algeciras-Reach-Alcance-Fran-Montes-5.jpg\" alt=\"Memoria-historica-Algeciras-Reach-Alcance-Fran-Montes-3\" class=\"wp-image-8840\" srcset=\"https:\/\/reachextra.com\/wp-content\/uploads\/2019\/04\/Memoria-historica-Algeciras-Reach-Alcance-Fran-Montes-5.jpg 700w, https:\/\/reachextra.com\/wp-content\/uploads\/2019\/04\/Memoria-historica-Algeciras-Reach-Alcance-Fran-Montes-5-224x300.jpg 224w, https:\/\/reachextra.com\/wp-content\/uploads\/2019\/04\/Memoria-historica-Algeciras-Reach-Alcance-Fran-Montes-5-561x753.jpg 561w, https:\/\/reachextra.com\/wp-content\/uploads\/2019\/04\/Memoria-historica-Algeciras-Reach-Alcance-Fran-Montes-5-364x488.jpg 364w, https:\/\/reachextra.com\/wp-content\/uploads\/2019\/04\/Memoria-historica-Algeciras-Reach-Alcance-Fran-Montes-5-608x816.jpg 608w, https:\/\/reachextra.com\/wp-content\/uploads\/2019\/04\/Memoria-historica-Algeciras-Reach-Alcance-Fran-Montes-5-36x48.jpg 36w, https:\/\/reachextra.com\/wp-content\/uploads\/2019\/04\/Memoria-historica-Algeciras-Reach-Alcance-Fran-Montes-5-72x96.jpg 72w, https:\/\/reachextra.com\/wp-content\/uploads\/2019\/04\/Memoria-historica-Algeciras-Reach-Alcance-Fran-Montes-5-313x420.jpg 313w\" sizes=\"auto, (max-width: 700px) 100vw, 700px\" \/><\/figure>\n\n\n\n<p>Las caras de sorpresa que se dibujan en algunos rostros al contemplar una foto que no esperaban, o las sonrisas de alegr\u00eda de quien reconoce en alguna de las im\u00e1genes a alg\u00fan familiar remoto, o a alg\u00fan vecino al que hace tiempo que perdieron de vista\u2026<\/p>\n\n\n\n<p>\u00e9sas suelen ser, para los miembros del grupo, las mejores recompensas a una tarea desinteresada, que, seg\u00fan lamentan, a\u00fan no ha recibido el apoyo institucional que merecer\u00eda. <\/p>\n\n\n\n<p>\u201cLas fotos que m\u00e1s gustan son aquellas en las que aparecen personas, rostros que cuentan una peque\u00f1a historia, eso s\u00ed, con alg\u00fan rinc\u00f3n de Algeciras siempre como escenario\u2026 Personas mayores que de pronto se reencuentran con la calle en la que nacieron, tal y como era entonces, o gente joven que se sorprende al ver que antes las mesas de los chiringuitos estaban directamente sobre la arena de la playa\u201d, explican.<\/p>\n","protected":false},"excerpt":{"rendered":"<p>El grupo Memoria de Algeciras recupera fotograf\u00edas antiguas y organiza exposiciones como \u201cMujeres especiales 2.0\u201d, para que el pasado&#8230; <a class=\"g1-link g1-link-more\" href=\"https:\/\/reachextra.com\/es\/memoria-de-algeciras\/\">More<\/a><\/p>\n","protected":false},"author":1,"featured_media":8833,"comment_status":"closed","ping_status":"closed","sticky":false,"template":"","format":"standard","meta":{"_jetpack_memberships_contains_paid_content":false,"footnotes":""},"categories":[1309,8128],"tags":[264,270,715,1729,1731,1727,1730],"adace-sponsor":[],"class_list":{"0":"post-8844","1":"post","2":"type-post","3":"status-publish","4":"format-standard","5":"has-post-thumbnail","7":"category-arte","8":"category-historia","9":"tag-algeciras","10":"tag-algeciras-es","11":"tag-historia","12":"tag-javier-gutierrez","13":"tag-javier-gutierrez-es","14":"tag-memoria-de-algeciras","15":"tag-memoria-de-algeciras-es"},"yoast_head":"<!-- This site is optimized with the Yoast SEO Premium plugin v19.5 (Yoast SEO v26.7) - https:\/\/yoast.com\/wordpress\/plugins\/seo\/ -->\n<title>Memoria de Algeciras: La memoria de una ciudad en im\u00e1genes - ReachExtra<\/title>\n<meta name=\"description\" content=\"El grupo Memoria de Algeciras recupera fotograf\u00edas antiguas y organiza exposiciones como \u201cMujeres especiales 2.0\u201d, para que el pasado...\" \/>\n<meta name=\"robots\" content=\"index, follow, max-snippet:-1, max-image-preview:large, max-video-preview:-1\" \/>\n<link rel=\"canonical\" href=\"https:\/\/reachextra.com\/es\/memoria-de-algeciras\/\" \/>\n<meta property=\"og:locale\" content=\"es_ES\" \/>\n<meta property=\"og:type\" content=\"article\" \/>\n<meta property=\"og:title\" content=\"Memoria de Algeciras: La memoria de una ciudad en im\u00e1genes\" \/>\n<meta property=\"og:description\" content=\"El grupo Memoria de Algeciras recupera fotograf\u00edas antiguas y organiza exposiciones como \u201cMujeres especiales 2.0\u201d, para que el pasado...\" \/>\n<meta property=\"og:url\" content=\"https:\/\/reachextra.com\/es\/memoria-de-algeciras\/\" \/>\n<meta property=\"og:site_name\" content=\"ReachExtra\" \/>\n<meta property=\"article:publisher\" content=\"http:\/\/www.facebook.com\/reachextra\" \/>\n<meta property=\"article:published_time\" content=\"2019-04-23T15:02:57+00:00\" \/>\n<meta property=\"article:modified_time\" content=\"2019-04-26T14:21:56+00:00\" \/>\n<meta property=\"og:image\" content=\"https:\/\/reachextra.com\/wp-content\/uploads\/2019\/04\/Memoria-historica-Algeciras-Reach-Alcance-Fran-Montes.jpg\" \/>\n\t<meta property=\"og:image:width\" content=\"1220\" \/>\n\t<meta property=\"og:image:height\" content=\"600\" \/>\n\t<meta property=\"og:image:type\" content=\"image\/jpeg\" \/>\n<meta name=\"author\" content=\"ReachExtra\" \/>\n<meta name=\"twitter:card\" content=\"summary_large_image\" \/>\n<meta name=\"twitter:title\" content=\"Memoria de Algeciras: La memoria de una ciudad en im\u00e1genes\" \/>\n<meta name=\"twitter:description\" content=\"El grupo Memoria de Algeciras recupera fotograf\u00edas antiguas y organiza exposiciones como \u201cMujeres especiales 2.0\u201d, para que el pasado...\" \/>\n<meta name=\"twitter:image\" content=\"https:\/\/www.reachextra.com\/wp-content\/uploads\/2019\/04\/Memoria-historica-Algeciras-Reach-Alcance-Fran-Montes.jpg\" \/>\n<meta name=\"twitter:creator\" content=\"@reachextra\" \/>\n<meta name=\"twitter:site\" content=\"@reachextra\" \/>\n<meta name=\"twitter:label1\" content=\"Escrito por\" \/>\n\t<meta name=\"twitter:data1\" content=\"ReachExtra\" \/>\n\t<meta name=\"twitter:label2\" content=\"Tiempo de lectura\" \/>\n\t<meta name=\"twitter:data2\" content=\"3 minutos\" \/>\n<script type=\"application\/ld+json\" class=\"yoast-schema-graph\">{\"@context\":\"https:\/\/schema.org\",\"@graph\":[{\"@type\":\"Article\",\"@id\":\"https:\/\/reachextra.com\/es\/memoria-de-algeciras\/#article\",\"isPartOf\":{\"@id\":\"https:\/\/reachextra.com\/es\/memoria-de-algeciras\/\"},\"author\":{\"name\":\"ReachExtra\",\"@id\":\"https:\/\/reachextra.com\/es\/#\/schema\/person\/5bf8196030cf130091162668b52085df\"},\"headline\":\"Memoria de Algeciras: La memoria de una ciudad en im\u00e1genes\",\"datePublished\":\"2019-04-23T15:02:57+00:00\",\"dateModified\":\"2019-04-26T14:21:56+00:00\",\"mainEntityOfPage\":{\"@id\":\"https:\/\/reachextra.com\/es\/memoria-de-algeciras\/\"},\"wordCount\":683,\"publisher\":{\"@id\":\"https:\/\/reachextra.com\/es\/#organization\"},\"image\":{\"@id\":\"https:\/\/reachextra.com\/es\/memoria-de-algeciras\/#primaryimage\"},\"thumbnailUrl\":\"https:\/\/reachextra.com\/wp-content\/uploads\/2019\/04\/Memoria-historica-Algeciras-Reach-Alcance-Fran-Montes.jpg\",\"keywords\":[\"algeciras\",\"algeciras\",\"Historia\",\"Javier Guti\u00e9rrez\",\"Javier Guti\u00e9rrez\",\"Memoria de Algeciras\",\"Memoria de Algeciras\"],\"articleSection\":[\"Arte\",\"Historia\"],\"inLanguage\":\"es\"},{\"@type\":\"WebPage\",\"@id\":\"https:\/\/reachextra.com\/es\/memoria-de-algeciras\/\",\"url\":\"https:\/\/reachextra.com\/es\/memoria-de-algeciras\/\",\"name\":\"Memoria de Algeciras: La memoria de una ciudad en im\u00e1genes - ReachExtra\",\"isPartOf\":{\"@id\":\"https:\/\/reachextra.com\/es\/#website\"},\"primaryImageOfPage\":{\"@id\":\"https:\/\/reachextra.com\/es\/memoria-de-algeciras\/#primaryimage\"},\"image\":{\"@id\":\"https:\/\/reachextra.com\/es\/memoria-de-algeciras\/#primaryimage\"},\"thumbnailUrl\":\"https:\/\/reachextra.com\/wp-content\/uploads\/2019\/04\/Memoria-historica-Algeciras-Reach-Alcance-Fran-Montes.jpg\",\"datePublished\":\"2019-04-23T15:02:57+00:00\",\"dateModified\":\"2019-04-26T14:21:56+00:00\",\"description\":\"El grupo Memoria de Algeciras recupera fotograf\u00edas antiguas y organiza exposiciones como \u201cMujeres especiales 2.0\u201d, para que el pasado...\",\"breadcrumb\":{\"@id\":\"https:\/\/reachextra.com\/es\/memoria-de-algeciras\/#breadcrumb\"},\"inLanguage\":\"es\",\"potentialAction\":[{\"@type\":\"ReadAction\",\"target\":[\"https:\/\/reachextra.com\/es\/memoria-de-algeciras\/\"]}]},{\"@type\":\"ImageObject\",\"inLanguage\":\"es\",\"@id\":\"https:\/\/reachextra.com\/es\/memoria-de-algeciras\/#primaryimage\",\"url\":\"https:\/\/reachextra.com\/wp-content\/uploads\/2019\/04\/Memoria-historica-Algeciras-Reach-Alcance-Fran-Montes.jpg\",\"contentUrl\":\"https:\/\/reachextra.com\/wp-content\/uploads\/2019\/04\/Memoria-historica-Algeciras-Reach-Alcance-Fran-Montes.jpg\",\"width\":1220,\"height\":600,\"caption\":\"Memoria de Algeciras\"},{\"@type\":\"BreadcrumbList\",\"@id\":\"https:\/\/reachextra.com\/es\/memoria-de-algeciras\/#breadcrumb\",\"itemListElement\":[{\"@type\":\"ListItem\",\"position\":1,\"name\":\"Home\",\"item\":\"https:\/\/reachextra.com\/es\/\"},{\"@type\":\"ListItem\",\"position\":2,\"name\":\"Arte\",\"item\":\"https:\/\/reachextra.com\/es\/category\/arte\/\"},{\"@type\":\"ListItem\",\"position\":3,\"name\":\"Memoria de Algeciras: La memoria de una ciudad en im\u00e1genes\"}]},{\"@type\":\"WebSite\",\"@id\":\"https:\/\/reachextra.com\/es\/#website\",\"url\":\"https:\/\/reachextra.com\/es\/\",\"name\":\"ReachExtra\",\"description\":\" Reach-Alcance en Espa\u00f1ol | Gibraltar | Campo de Gibraltar\",\"publisher\":{\"@id\":\"https:\/\/reachextra.com\/es\/#organization\"},\"potentialAction\":[{\"@type\":\"SearchAction\",\"target\":{\"@type\":\"EntryPoint\",\"urlTemplate\":\"https:\/\/reachextra.com\/es\/?s={search_term_string}\"},\"query-input\":{\"@type\":\"PropertyValueSpecification\",\"valueRequired\":true,\"valueName\":\"search_term_string\"}}],\"inLanguage\":\"es\"},{\"@type\":\"Organization\",\"@id\":\"https:\/\/reachextra.com\/es\/#organization\",\"name\":\"Reach-Alcance\",\"url\":\"https:\/\/reachextra.com\/es\/\",\"logo\":{\"@type\":\"ImageObject\",\"inLanguage\":\"es\",\"@id\":\"https:\/\/reachextra.com\/es\/#\/schema\/logo\/image\/\",\"url\":\"https:\/\/www.reachextra.com\/wp-content\/uploads\/2018\/12\/Reach-Alcance-LOGO-HDPI.jpg\",\"contentUrl\":\"https:\/\/www.reachextra.com\/wp-content\/uploads\/2018\/12\/Reach-Alcance-LOGO-HDPI.jpg\",\"width\":750,\"height\":474,\"caption\":\"Reach-Alcance\"},\"image\":{\"@id\":\"https:\/\/reachextra.com\/es\/#\/schema\/logo\/image\/\"},\"sameAs\":[\"http:\/\/www.facebook.com\/reachextra\",\"https:\/\/x.com\/reachextra\",\"http:\/\/reach.extra\",\"https:\/\/www.linkedin.com\/company\/reach-alcance\/\"]},{\"@type\":\"Person\",\"@id\":\"https:\/\/reachextra.com\/es\/#\/schema\/person\/5bf8196030cf130091162668b52085df\",\"name\":\"ReachExtra\",\"image\":{\"@type\":\"ImageObject\",\"inLanguage\":\"es\",\"@id\":\"https:\/\/reachextra.com\/es\/#\/schema\/person\/image\/\",\"url\":\"https:\/\/secure.gravatar.com\/avatar\/11e9f37f3773887633d17fdf580220857b1599038456e2f031ce0efd2f41a394?s=96&d=mm&r=g\",\"contentUrl\":\"https:\/\/secure.gravatar.com\/avatar\/11e9f37f3773887633d17fdf580220857b1599038456e2f031ce0efd2f41a394?s=96&d=mm&r=g\",\"caption\":\"ReachExtra\"},\"sameAs\":[\"http:\/\/www.reachextra.com\"]}]}<\/script>\n<!-- \/ Yoast SEO Premium plugin. -->","yoast_head_json":{"title":"Memoria de Algeciras: La memoria de una ciudad en im\u00e1genes - ReachExtra","description":"El grupo Memoria de Algeciras recupera fotograf\u00edas antiguas y organiza exposiciones como \u201cMujeres especiales 2.0\u201d, para que el pasado...","robots":{"index":"index","follow":"follow","max-snippet":"max-snippet:-1","max-image-preview":"max-image-preview:large","max-video-preview":"max-video-preview:-1"},"canonical":"https:\/\/reachextra.com\/es\/memoria-de-algeciras\/","og_locale":"es_ES","og_type":"article","og_title":"Memoria de Algeciras: La memoria de una ciudad en im\u00e1genes","og_description":"El grupo Memoria de Algeciras recupera fotograf\u00edas antiguas y organiza exposiciones como \u201cMujeres especiales 2.0\u201d, para que el pasado...","og_url":"https:\/\/reachextra.com\/es\/memoria-de-algeciras\/","og_site_name":"ReachExtra","article_publisher":"http:\/\/www.facebook.com\/reachextra","article_published_time":"2019-04-23T15:02:57+00:00","article_modified_time":"2019-04-26T14:21:56+00:00","og_image":[{"width":1220,"height":600,"url":"https:\/\/reachextra.com\/wp-content\/uploads\/2019\/04\/Memoria-historica-Algeciras-Reach-Alcance-Fran-Montes.jpg","type":"image\/jpeg"}],"author":"ReachExtra","twitter_card":"summary_large_image","twitter_title":"Memoria de Algeciras: La memoria de una ciudad en im\u00e1genes","twitter_description":"El grupo Memoria de Algeciras recupera fotograf\u00edas antiguas y organiza exposiciones como \u201cMujeres especiales 2.0\u201d, para que el pasado...","twitter_image":"https:\/\/www.reachextra.com\/wp-content\/uploads\/2019\/04\/Memoria-historica-Algeciras-Reach-Alcance-Fran-Montes.jpg","twitter_creator":"@reachextra","twitter_site":"@reachextra","twitter_misc":{"Escrito por":"ReachExtra","Tiempo de lectura":"3 minutos"},"schema":{"@context":"https:\/\/schema.org","@graph":[{"@type":"Article","@id":"https:\/\/reachextra.com\/es\/memoria-de-algeciras\/#article","isPartOf":{"@id":"https:\/\/reachextra.com\/es\/memoria-de-algeciras\/"},"author":{"name":"ReachExtra","@id":"https:\/\/reachextra.com\/es\/#\/schema\/person\/5bf8196030cf130091162668b52085df"},"headline":"Memoria de Algeciras: La memoria de una ciudad en im\u00e1genes","datePublished":"2019-04-23T15:02:57+00:00","dateModified":"2019-04-26T14:21:56+00:00","mainEntityOfPage":{"@id":"https:\/\/reachextra.com\/es\/memoria-de-algeciras\/"},"wordCount":683,"publisher":{"@id":"https:\/\/reachextra.com\/es\/#organization"},"image":{"@id":"https:\/\/reachextra.com\/es\/memoria-de-algeciras\/#primaryimage"},"thumbnailUrl":"https:\/\/reachextra.com\/wp-content\/uploads\/2019\/04\/Memoria-historica-Algeciras-Reach-Alcance-Fran-Montes.jpg","keywords":["algeciras","algeciras","Historia","Javier Guti\u00e9rrez","Javier Guti\u00e9rrez","Memoria de Algeciras","Memoria de Algeciras"],"articleSection":["Arte","Historia"],"inLanguage":"es"},{"@type":"WebPage","@id":"https:\/\/reachextra.com\/es\/memoria-de-algeciras\/","url":"https:\/\/reachextra.com\/es\/memoria-de-algeciras\/","name":"Memoria de Algeciras: La memoria de una ciudad en im\u00e1genes - ReachExtra","isPartOf":{"@id":"https:\/\/reachextra.com\/es\/#website"},"primaryImageOfPage":{"@id":"https:\/\/reachextra.com\/es\/memoria-de-algeciras\/#primaryimage"},"image":{"@id":"https:\/\/reachextra.com\/es\/memoria-de-algeciras\/#primaryimage"},"thumbnailUrl":"https:\/\/reachextra.com\/wp-content\/uploads\/2019\/04\/Memoria-historica-Algeciras-Reach-Alcance-Fran-Montes.jpg","datePublished":"2019-04-23T15:02:57+00:00","dateModified":"2019-04-26T14:21:56+00:00","description":"El grupo Memoria de Algeciras recupera fotograf\u00edas antiguas y organiza exposiciones como \u201cMujeres especiales 2.0\u201d, para que el pasado...","breadcrumb":{"@id":"https:\/\/reachextra.com\/es\/memoria-de-algeciras\/#breadcrumb"},"inLanguage":"es","potentialAction":[{"@type":"ReadAction","target":["https:\/\/reachextra.com\/es\/memoria-de-algeciras\/"]}]},{"@type":"ImageObject","inLanguage":"es","@id":"https:\/\/reachextra.com\/es\/memoria-de-algeciras\/#primaryimage","url":"https:\/\/reachextra.com\/wp-content\/uploads\/2019\/04\/Memoria-historica-Algeciras-Reach-Alcance-Fran-Montes.jpg","contentUrl":"https:\/\/reachextra.com\/wp-content\/uploads\/2019\/04\/Memoria-historica-Algeciras-Reach-Alcance-Fran-Montes.jpg","width":1220,"height":600,"caption":"Memoria de Algeciras"},{"@type":"BreadcrumbList","@id":"https:\/\/reachextra.com\/es\/memoria-de-algeciras\/#breadcrumb","itemListElement":[{"@type":"ListItem","position":1,"name":"Home","item":"https:\/\/reachextra.com\/es\/"},{"@type":"ListItem","position":2,"name":"Arte","item":"https:\/\/reachextra.com\/es\/category\/arte\/"},{"@type":"ListItem","position":3,"name":"Memoria de Algeciras: La memoria de una ciudad en im\u00e1genes"}]},{"@type":"WebSite","@id":"https:\/\/reachextra.com\/es\/#website","url":"https:\/\/reachextra.com\/es\/","name":"ReachExtra","description":" Reach-Alcance en Espa\u00f1ol | Gibraltar | Campo de Gibraltar","publisher":{"@id":"https:\/\/reachextra.com\/es\/#organization"},"potentialAction":[{"@type":"SearchAction","target":{"@type":"EntryPoint","urlTemplate":"https:\/\/reachextra.com\/es\/?s={search_term_string}"},"query-input":{"@type":"PropertyValueSpecification","valueRequired":true,"valueName":"search_term_string"}}],"inLanguage":"es"},{"@type":"Organization","@id":"https:\/\/reachextra.com\/es\/#organization","name":"Reach-Alcance","url":"https:\/\/reachextra.com\/es\/","logo":{"@type":"ImageObject","inLanguage":"es","@id":"https:\/\/reachextra.com\/es\/#\/schema\/logo\/image\/","url":"https:\/\/www.reachextra.com\/wp-content\/uploads\/2018\/12\/Reach-Alcance-LOGO-HDPI.jpg","contentUrl":"https:\/\/www.reachextra.com\/wp-content\/uploads\/2018\/12\/Reach-Alcance-LOGO-HDPI.jpg","width":750,"height":474,"caption":"Reach-Alcance"},"image":{"@id":"https:\/\/reachextra.com\/es\/#\/schema\/logo\/image\/"},"sameAs":["http:\/\/www.facebook.com\/reachextra","https:\/\/x.com\/reachextra","http:\/\/reach.extra","https:\/\/www.linkedin.com\/company\/reach-alcance\/"]},{"@type":"Person","@id":"https:\/\/reachextra.com\/es\/#\/schema\/person\/5bf8196030cf130091162668b52085df","name":"ReachExtra","image":{"@type":"ImageObject","inLanguage":"es","@id":"https:\/\/reachextra.com\/es\/#\/schema\/person\/image\/","url":"https:\/\/secure.gravatar.com\/avatar\/11e9f37f3773887633d17fdf580220857b1599038456e2f031ce0efd2f41a394?s=96&d=mm&r=g","contentUrl":"https:\/\/secure.gravatar.com\/avatar\/11e9f37f3773887633d17fdf580220857b1599038456e2f031ce0efd2f41a394?s=96&d=mm&r=g","caption":"ReachExtra"},"sameAs":["http:\/\/www.reachextra.com"]}]}},"jetpack_featured_media_url":"https:\/\/reachextra.com\/wp-content\/uploads\/2019\/04\/Memoria-historica-Algeciras-Reach-Alcance-Fran-Montes.jpg","wps_subtitle":"Rosario P\u00e9rez  \u00b7 Fotos: Fran Montes","jetpack_sharing_enabled":true,"_links":{"self":[{"href":"https:\/\/reachextra.com\/es\/wp-json\/wp\/v2\/posts\/8844","targetHints":{"allow":["GET"]}}],"collection":[{"href":"https:\/\/reachextra.com\/es\/wp-json\/wp\/v2\/posts"}],"about":[{"href":"https:\/\/reachextra.com\/es\/wp-json\/wp\/v2\/types\/post"}],"author":[{"embeddable":true,"href":"https:\/\/reachextra.com\/es\/wp-json\/wp\/v2\/users\/1"}],"replies":[{"embeddable":true,"href":"https:\/\/reachextra.com\/es\/wp-json\/wp\/v2\/comments?post=8844"}],"version-history":[{"count":5,"href":"https:\/\/reachextra.com\/es\/wp-json\/wp\/v2\/posts\/8844\/revisions"}],"predecessor-version":[{"id":8849,"href":"https:\/\/reachextra.com\/es\/wp-json\/wp\/v2\/posts\/8844\/revisions\/8849"}],"wp:featuredmedia":[{"embeddable":true,"href":"https:\/\/reachextra.com\/es\/wp-json\/wp\/v2\/media\/8833"}],"wp:attachment":[{"href":"https:\/\/reachextra.com\/es\/wp-json\/wp\/v2\/media?parent=8844"}],"wp:term":[{"taxonomy":"category","embeddable":true,"href":"https:\/\/reachextra.com\/es\/wp-json\/wp\/v2\/categories?post=8844"},{"taxonomy":"post_tag","embeddable":true,"href":"https:\/\/reachextra.com\/es\/wp-json\/wp\/v2\/tags?post=8844"},{"taxonomy":"adace-sponsor","embeddable":true,"href":"https:\/\/reachextra.com\/es\/wp-json\/wp\/v2\/adace-sponsor?post=8844"}],"curies":[{"name":"wp","href":"https:\/\/api.w.org\/{rel}","templated":true}]}}