{"id":8396,"date":"2019-04-02T11:36:43","date_gmt":"2019-04-02T09:36:43","guid":{"rendered":"https:\/\/www.reachextra.com\/portadas-para-olvidar\/"},"modified":"2019-04-02T12:02:20","modified_gmt":"2019-04-02T10:02:20","slug":"portadas-para-olvidar","status":"publish","type":"post","link":"https:\/\/reachextra.com\/es\/portadas-para-olvidar\/","title":{"rendered":"El cierre de la Verja: Portadas para olvidar"},"content":{"rendered":"\n<p>El cierre de la Verja el 8 de junio de 1969 fue noticia de primera en la prensa espa\u00f1ola y gibraltare\u00f1a. Sobrecogen los titulares y las im\u00e1genes de aquellos duros momentos.<\/p>\n\n\n\n<p>Resulta imposible ponerse en la piel de <a href=\"https:\/\/www.reachextra.com\/es\/cerrojazo-a-los-suenos-en-la-frontera\/\">quienes lo vivieron<\/a>. El cierre de la Verja de Gibraltar el domingo 8 de junio de 1969 ordenado por el dictador espa\u00f1ol Francisco Franco tuvo consecuencias inimaginables para decenas de miles de campogibraltare\u00f1os y gibraltare\u00f1os.<\/p>\n\n\n\n<p>Aquel cerrojazo cambi\u00f3 las vidas y frustr\u00f3 los sue\u00f1os y esperanzas de quienes viv\u00edan en la zona, separ\u00f3 a centenares de familias y supuso un lastre para el desarrollo del Campo de Gibraltar que a\u00fan persiste.<\/p>\n\n\n\n<figure class=\"wp-block-image\"><img loading=\"lazy\" decoding=\"async\" width=\"1000\" height=\"656\" src=\"https:\/\/www.reachextra.com\/wp-content\/uploads\/2019\/03\/Fotos-cierre-Verja-1.jpg\" alt=\"Gibraltar-Closure-of-the-frontier-1940s-Reach-Alcance\" class=\"wp-image-7983\" srcset=\"https:\/\/reachextra.com\/wp-content\/uploads\/2019\/03\/Fotos-cierre-Verja-1.jpg 1000w, https:\/\/reachextra.com\/wp-content\/uploads\/2019\/03\/Fotos-cierre-Verja-1-300x197.jpg 300w, https:\/\/reachextra.com\/wp-content\/uploads\/2019\/03\/Fotos-cierre-Verja-1-768x504.jpg 768w, https:\/\/reachextra.com\/wp-content\/uploads\/2019\/03\/Fotos-cierre-Verja-1-561x368.jpg 561w, https:\/\/reachextra.com\/wp-content\/uploads\/2019\/03\/Fotos-cierre-Verja-1-364x239.jpg 364w, https:\/\/reachextra.com\/wp-content\/uploads\/2019\/03\/Fotos-cierre-Verja-1-728x478.jpg 728w, https:\/\/reachextra.com\/wp-content\/uploads\/2019\/03\/Fotos-cierre-Verja-1-608x399.jpg 608w, https:\/\/reachextra.com\/wp-content\/uploads\/2019\/03\/Fotos-cierre-Verja-1-758x497.jpg 758w, https:\/\/reachextra.com\/wp-content\/uploads\/2019\/03\/Fotos-cierre-Verja-1-73x48.jpg 73w, https:\/\/reachextra.com\/wp-content\/uploads\/2019\/03\/Fotos-cierre-Verja-1-146x96.jpg 146w, https:\/\/reachextra.com\/wp-content\/uploads\/2019\/03\/Fotos-cierre-Verja-1-313x205.jpg 313w\" sizes=\"auto, (max-width: 1000px) 100vw, 1000px\" \/><\/figure>\n\n\n\n<p>Este a\u00f1o se cumplir\u00e1n <a href=\"https:\/\/www.reachextra.com\/es\/mirar-al-futuro-sin-olvidar-el-pasado-para-que-no-se-repita\/\">50 a\u00f1os de aquel cierre<\/a>, una ocasi\u00f3n que no hay que desaprovechar para mirar atr\u00e1s y recordar un tiempo pasado que en absoluto fue mejor.<\/p>\n\n\n\n<p>La prensa de la \u00e9poca permite hacerlo desde otro enfoque. Las hemerotecas atesoran im\u00e1genes y titulares demoledores, impensables hoy en d\u00eda, aunque en ocasiones nos recuerdan que la amenaza del Brexit est\u00e1 cada vez m\u00e1s cerca. Resulta muy complicado acceder a los peri\u00f3dicos de la \u00e9poca. Indagando en las redes se pueden ver algunas portadas que inmortalizaron aquella dura jornada. <\/p>\n\n\n\n<figure class=\"wp-block-image\"><img loading=\"lazy\" decoding=\"async\" width=\"700\" height=\"685\" src=\"https:\/\/www.reachextra.com\/wp-content\/uploads\/2019\/04\/Headlines-closure-of-the-frontier-Reach-Alcance-1.jpg\" alt=\"\" class=\"wp-image-8361\" srcset=\"https:\/\/reachextra.com\/wp-content\/uploads\/2019\/04\/Headlines-closure-of-the-frontier-Reach-Alcance-1.jpg 700w, https:\/\/reachextra.com\/wp-content\/uploads\/2019\/04\/Headlines-closure-of-the-frontier-Reach-Alcance-1-300x294.jpg 300w, https:\/\/reachextra.com\/wp-content\/uploads\/2019\/04\/Headlines-closure-of-the-frontier-Reach-Alcance-1-561x549.jpg 561w, https:\/\/reachextra.com\/wp-content\/uploads\/2019\/04\/Headlines-closure-of-the-frontier-Reach-Alcance-1-364x356.jpg 364w, https:\/\/reachextra.com\/wp-content\/uploads\/2019\/04\/Headlines-closure-of-the-frontier-Reach-Alcance-1-608x595.jpg 608w, https:\/\/reachextra.com\/wp-content\/uploads\/2019\/04\/Headlines-closure-of-the-frontier-Reach-Alcance-1-49x48.jpg 49w, https:\/\/reachextra.com\/wp-content\/uploads\/2019\/04\/Headlines-closure-of-the-frontier-Reach-Alcance-1-98x96.jpg 98w, https:\/\/reachextra.com\/wp-content\/uploads\/2019\/04\/Headlines-closure-of-the-frontier-Reach-Alcance-1-313x306.jpg 313w\" sizes=\"auto, (max-width: 700px) 100vw, 700px\" \/><\/figure>\n\n\n\n<p>\u2018Espa\u00f1a cierra su frontera con Gibraltar\u2019, titulaba el diario espa\u00f1ol ABC el 8 de junio de 1969 con una portada monogr\u00e1fica con una imagen del Pe\u00f1\u00f3n de Gibraltar. \u2018En respuesta a las recientes medidas brit\u00e1nicas sobre Gibraltar, el Consejo de Ministros espa\u00f1ol adopt\u00f3 diversos acuerdos.&#8217; <\/p>\n\n\n\n<p>&#8216;Entre \u00e9stos, el cierre de la frontera, disposici\u00f3n que publicar\u00e1 ma\u00f1ana en el Bolet\u00edn Oficial del Estado. Los 4.820 obreros espa\u00f1oles en el Pe\u00f1\u00f3n se acoger\u00e1n al seguro del desempleo, al cien por cien\u2019, recog\u00eda en su primera p\u00e1gina este peri\u00f3dico.<\/p>\n\n\n\n<p>\u2018El Gobierno espa\u00f1ol anuncia el cierre de la frontera con Gibraltar\u2019, titulaba tambi\u00e9n un 8 de junio de 1969 el peri\u00f3dico La Vanguardia. \u2018A los obreros espa\u00f1oles que trabajan en el Pe\u00f1\u00f3n se les garantiza su salario \u00edntegro mientras no encuentren nuevos puestos en Espa\u00f1a\u2019, subtitulaba.<\/p>\n\n\n\n<figure class=\"wp-block-image\"><img loading=\"lazy\" decoding=\"async\" width=\"700\" height=\"626\" src=\"https:\/\/www.reachextra.com\/wp-content\/uploads\/2019\/04\/Headlines-closure-of-the-frontier-Reach-Alcance-2.jpg\" alt=\"Headlines-closure-of-the-frontier-Reach-Alcance-2\" class=\"wp-image-8363\" srcset=\"https:\/\/reachextra.com\/wp-content\/uploads\/2019\/04\/Headlines-closure-of-the-frontier-Reach-Alcance-2.jpg 700w, https:\/\/reachextra.com\/wp-content\/uploads\/2019\/04\/Headlines-closure-of-the-frontier-Reach-Alcance-2-300x268.jpg 300w, https:\/\/reachextra.com\/wp-content\/uploads\/2019\/04\/Headlines-closure-of-the-frontier-Reach-Alcance-2-561x502.jpg 561w, https:\/\/reachextra.com\/wp-content\/uploads\/2019\/04\/Headlines-closure-of-the-frontier-Reach-Alcance-2-364x326.jpg 364w, https:\/\/reachextra.com\/wp-content\/uploads\/2019\/04\/Headlines-closure-of-the-frontier-Reach-Alcance-2-608x544.jpg 608w, https:\/\/reachextra.com\/wp-content\/uploads\/2019\/04\/Headlines-closure-of-the-frontier-Reach-Alcance-2-54x48.jpg 54w, https:\/\/reachextra.com\/wp-content\/uploads\/2019\/04\/Headlines-closure-of-the-frontier-Reach-Alcance-2-107x96.jpg 107w, https:\/\/reachextra.com\/wp-content\/uploads\/2019\/04\/Headlines-closure-of-the-frontier-Reach-Alcance-2-313x280.jpg 313w\" sizes=\"auto, (max-width: 700px) 100vw, 700px\" \/><\/figure>\n\n\n\n<p>\u2018Gibraltar, aislado de Espa\u00f1a\u2019. Era el titular a cinco columnas El Nuevo Diario el 16 de junio de 1969, bajo el que se anunciaba la cr\u00f3nica \u2018As\u00ed fue el cierre, minuto a minuto\u2019 firmada por el enviado especial a La L\u00ednea Luis Infante Bravo. Lamentablemente s\u00f3lo hemos podido encontrar esa imagen de la portada.<\/p>\n\n\n\n<figure class=\"wp-block-image\"><img loading=\"lazy\" decoding=\"async\" width=\"700\" height=\"393\" src=\"https:\/\/www.reachextra.com\/wp-content\/uploads\/2019\/04\/Headlines-closure-of-the-frontier-Reach-Alcance-cover-6.jpg\" alt=\"\" class=\"wp-image-8375\" srcset=\"https:\/\/reachextra.com\/wp-content\/uploads\/2019\/04\/Headlines-closure-of-the-frontier-Reach-Alcance-cover-6.jpg 700w, https:\/\/reachextra.com\/wp-content\/uploads\/2019\/04\/Headlines-closure-of-the-frontier-Reach-Alcance-cover-6-300x168.jpg 300w, https:\/\/reachextra.com\/wp-content\/uploads\/2019\/04\/Headlines-closure-of-the-frontier-Reach-Alcance-cover-6-192x108.jpg 192w, https:\/\/reachextra.com\/wp-content\/uploads\/2019\/04\/Headlines-closure-of-the-frontier-Reach-Alcance-cover-6-384x216.jpg 384w, https:\/\/reachextra.com\/wp-content\/uploads\/2019\/04\/Headlines-closure-of-the-frontier-Reach-Alcance-cover-6-364x205.jpg 364w, https:\/\/reachextra.com\/wp-content\/uploads\/2019\/04\/Headlines-closure-of-the-frontier-Reach-Alcance-cover-6-561x315.jpg 561w, https:\/\/reachextra.com\/wp-content\/uploads\/2019\/04\/Headlines-closure-of-the-frontier-Reach-Alcance-cover-6-608x341.jpg 608w, https:\/\/reachextra.com\/wp-content\/uploads\/2019\/04\/Headlines-closure-of-the-frontier-Reach-Alcance-cover-6-85x48.jpg 85w, https:\/\/reachextra.com\/wp-content\/uploads\/2019\/04\/Headlines-closure-of-the-frontier-Reach-Alcance-cover-6-171x96.jpg 171w, https:\/\/reachextra.com\/wp-content\/uploads\/2019\/04\/Headlines-closure-of-the-frontier-Reach-Alcance-cover-6-313x176.jpg 313w\" sizes=\"auto, (max-width: 700px) 100vw, 700px\" \/><\/figure>\n\n\n\n<p>En el Campo de Gibraltar y en Gibraltar exist\u00edan varios peri\u00f3dicos. En la parte espa\u00f1ola estaba el diario \u2018\u00c1rea\u2019. Pablo G\u00f3mez-Rubio, nieto del fundador y actual responsable del peri\u00f3dico, nos ha permitido consultar ejemplares de aquellos d\u00edas. <\/p>\n\n\n\n<p>El 8 de junio, el diario \u2018\u00c1rea\u2019 titulaba a cinco columnas: \u201cDesde ma\u00f1ana, CIERRE TOTAL DEL PUESTO FRONTERIZO de LA L\u00cdNEA\u201d.<\/p>\n\n\n\n<p>\u201cEl Gobierno adoptar\u00e1 todas las medidas necesarias para que los obreros no se vean perjudicados\u201d, era el sumario. Justo al lado, el editorial \u201cTodo se ha consumado\u201d, en el que se defend\u00eda la decisi\u00f3n del r\u00e9gimen y se reconoc\u00eda que la vuelta de miles de trabajadores espa\u00f1oles en Gibraltar supon\u00eda un problema para Espa\u00f1a. En la contraportada de ese d\u00eda, una foto de una reuni\u00f3n de trabajadores espa\u00f1oles con el director general de Trabajo.<\/p>\n\n\n\n<figure class=\"wp-block-image\"><img loading=\"lazy\" decoding=\"async\" width=\"700\" height=\"934\" src=\"https:\/\/www.reachextra.com\/wp-content\/uploads\/2019\/04\/Headlines-closure-of-the-frontier-Reach-Alcance-covers-7.jpg\" alt=\"\" class=\"wp-image-8377\" srcset=\"https:\/\/reachextra.com\/wp-content\/uploads\/2019\/04\/Headlines-closure-of-the-frontier-Reach-Alcance-covers-7.jpg 700w, https:\/\/reachextra.com\/wp-content\/uploads\/2019\/04\/Headlines-closure-of-the-frontier-Reach-Alcance-covers-7-225x300.jpg 225w, https:\/\/reachextra.com\/wp-content\/uploads\/2019\/04\/Headlines-closure-of-the-frontier-Reach-Alcance-covers-7-561x749.jpg 561w, https:\/\/reachextra.com\/wp-content\/uploads\/2019\/04\/Headlines-closure-of-the-frontier-Reach-Alcance-covers-7-364x486.jpg 364w, https:\/\/reachextra.com\/wp-content\/uploads\/2019\/04\/Headlines-closure-of-the-frontier-Reach-Alcance-covers-7-608x811.jpg 608w, https:\/\/reachextra.com\/wp-content\/uploads\/2019\/04\/Headlines-closure-of-the-frontier-Reach-Alcance-covers-7-36x48.jpg 36w, https:\/\/reachextra.com\/wp-content\/uploads\/2019\/04\/Headlines-closure-of-the-frontier-Reach-Alcance-covers-7-72x96.jpg 72w, https:\/\/reachextra.com\/wp-content\/uploads\/2019\/04\/Headlines-closure-of-the-frontier-Reach-Alcance-covers-7-313x418.jpg 313w\" sizes=\"auto, (max-width: 700px) 100vw, 700px\" \/><\/figure>\n\n\n\n<p>Del 9 de junio, cuando la prensa deb\u00eda recoger la informaci\u00f3n del d\u00eda anterior, no hay ejemplares, ya que fue un domingo, jornada de descanso para la prensa espa\u00f1ola de la \u00e9poca, por lo que los lunes no hab\u00eda peri\u00f3dicos. El d\u00eda 10, \u2018\u00c1rea\u2019 abr\u00eda tambi\u00e9n su portada con este asunto. \u201cGran Breta\u00f1a no tomar\u00e1 ning\u00fan tipo de represalia\u201d.<\/p>\n\n\n\n<p>En el sumario se explicabla que Michael Stewart -secretario de Exteriores brit\u00e1nico- admit\u00eda que habr\u00eda dificultades para solucionar el problema laboral en Gibraltar. Junto a esta informaci\u00f3n, otro gran editorial en primera p\u00e1gina con el titular \u2018Aqu\u00ed estamos\u2019<\/p>\n\n\n\n<figure class=\"wp-block-image\"><img loading=\"lazy\" decoding=\"async\" width=\"700\" height=\"933\" src=\"https:\/\/www.reachextra.com\/wp-content\/uploads\/2019\/04\/Headlines-closure-of-the-frontier-Reach-Alcance-6.jpg\" alt=\"\" class=\"wp-image-8371\" srcset=\"https:\/\/reachextra.com\/wp-content\/uploads\/2019\/04\/Headlines-closure-of-the-frontier-Reach-Alcance-6.jpg 700w, https:\/\/reachextra.com\/wp-content\/uploads\/2019\/04\/Headlines-closure-of-the-frontier-Reach-Alcance-6-225x300.jpg 225w, https:\/\/reachextra.com\/wp-content\/uploads\/2019\/04\/Headlines-closure-of-the-frontier-Reach-Alcance-6-561x748.jpg 561w, https:\/\/reachextra.com\/wp-content\/uploads\/2019\/04\/Headlines-closure-of-the-frontier-Reach-Alcance-6-364x485.jpg 364w, https:\/\/reachextra.com\/wp-content\/uploads\/2019\/04\/Headlines-closure-of-the-frontier-Reach-Alcance-6-608x810.jpg 608w, https:\/\/reachextra.com\/wp-content\/uploads\/2019\/04\/Headlines-closure-of-the-frontier-Reach-Alcance-6-36x48.jpg 36w, https:\/\/reachextra.com\/wp-content\/uploads\/2019\/04\/Headlines-closure-of-the-frontier-Reach-Alcance-6-72x96.jpg 72w, https:\/\/reachextra.com\/wp-content\/uploads\/2019\/04\/Headlines-closure-of-the-frontier-Reach-Alcance-6-313x417.jpg 313w\" sizes=\"auto, (max-width: 700px) 100vw, 700px\" \/><\/figure>\n\n\n\n<p>Ya en Gibraltar, el Archivo Hist\u00f3rico nos ha permitido acceder al diario \u2018The Gibraltar Chronicle\u2019, que trat\u00f3 el cierre de la Verja de una manera muy as\u00e9ptica dentro de su l\u00ednea editorial en aquella \u00e9poca, en la que no trataba cuestiones pol\u00edticas.<\/p>\n\n\n\n<p>The Gibraltar Chronicle abr\u00eda su primera p\u00e1gina el 10 de junio de 1969 titulando que Stewart suger\u00eda que los turistas vendr\u00edan a Gibraltar y no a Espa\u00f1a. Tambi\u00e9n recog\u00eda una foto con algunas de las 700 personas que acudieron el d\u00eda antes a concentrarse en la Verja contra el cierre de la misma y que, con bandera brit\u00e1nica, gritaron \u2018God save the Queen\u2019 (Dios salve a la Reina).<\/p>\n\n\n\n<figure class=\"wp-block-image\"><img loading=\"lazy\" decoding=\"async\" width=\"700\" height=\"862\" src=\"https:\/\/www.reachextra.com\/wp-content\/uploads\/2019\/04\/Headlines-closure-of-the-frontier-Reach-Alcance-4.jpg\" alt=\"\" class=\"wp-image-8367\" srcset=\"https:\/\/reachextra.com\/wp-content\/uploads\/2019\/04\/Headlines-closure-of-the-frontier-Reach-Alcance-4.jpg 700w, https:\/\/reachextra.com\/wp-content\/uploads\/2019\/04\/Headlines-closure-of-the-frontier-Reach-Alcance-4-244x300.jpg 244w, https:\/\/reachextra.com\/wp-content\/uploads\/2019\/04\/Headlines-closure-of-the-frontier-Reach-Alcance-4-561x691.jpg 561w, https:\/\/reachextra.com\/wp-content\/uploads\/2019\/04\/Headlines-closure-of-the-frontier-Reach-Alcance-4-364x448.jpg 364w, https:\/\/reachextra.com\/wp-content\/uploads\/2019\/04\/Headlines-closure-of-the-frontier-Reach-Alcance-4-608x749.jpg 608w, https:\/\/reachextra.com\/wp-content\/uploads\/2019\/04\/Headlines-closure-of-the-frontier-Reach-Alcance-4-39x48.jpg 39w, https:\/\/reachextra.com\/wp-content\/uploads\/2019\/04\/Headlines-closure-of-the-frontier-Reach-Alcance-4-78x96.jpg 78w, https:\/\/reachextra.com\/wp-content\/uploads\/2019\/04\/Headlines-closure-of-the-frontier-Reach-Alcance-4-313x385.jpg 313w\" sizes=\"auto, (max-width: 700px) 100vw, 700px\" \/><\/figure>\n\n\n\n<p>The Gibraltar Chronicle abr\u00eda su primera p\u00e1gina el 10 de junio de 1969 titulando que Stewart suger\u00eda que los turistas vendr\u00edan a Gibraltar y no a Espa\u00f1a. Tambi\u00e9n recog\u00eda una foto con algunas de las 700 personas que acudieron el d\u00eda antes a concentrarse en la Verja contra el cierre de la misma y que, con bandera brit\u00e1nica, gritaron \u2018God save the Queen\u2019 (Dios salve a la Reina).<\/p>\n\n\n\n<p>Ya en p\u00e1ginas interiores, lo m\u00e1s llamativo son las fotograf\u00edas que ilustran aquellos duros momentos bajo el titular \u2018Sad Farewell\u2019 (Triste despedida) y en la que se ve a espa\u00f1oles saliendo de Gibraltar por \u00faltima vez con sus enseres de trabajo y momentos de la despedida entre familiares y compa\u00f1eros de trabajo, instantes en los que no faltaron las l\u00e1grimas, seg\u00fan el rotativo gibraltare\u00f1o.<\/p>\n\n\n\n<p>Hab\u00eda otros peri\u00f3dicos en Gibraltar en aquella \u00e9poca, El Calpense, que se editaba en castellano e ingl\u00e9s, y Vox, aunque ha resultado imposible acceder a los mismos.<\/p>\n","protected":false},"excerpt":{"rendered":"<p>El cierre de la Verja el 8 de junio de 1969 fue noticia de primera en la prensa espa\u00f1ola y gibraltare\u00f1a. Sobrecogen los titulares y las im\u00e1genes.. <a class=\"g1-link g1-link-more\" href=\"https:\/\/reachextra.com\/es\/portadas-para-olvidar\/\">More<\/a><\/p>\n","protected":false},"author":1,"featured_media":8374,"comment_status":"closed","ping_status":"closed","sticky":false,"template":"","format":"standard","meta":{"_jetpack_memberships_contains_paid_content":false,"footnotes":""},"categories":[8128,225],"tags":[719,710,265,271,1589,1590,715,991,821,831,1406],"adace-sponsor":[],"class_list":{"0":"post-8396","1":"post","2":"type-post","3":"status-publish","4":"format-standard","5":"has-post-thumbnail","7":"category-historia","8":"category-tendencias","9":"tag-1969-es","10":"tag-710","11":"tag-campo-de-gibraltar","12":"tag-campo-de-gibraltar-es","13":"tag-franco","14":"tag-franco-es","15":"tag-historia","16":"tag-periodico","17":"tag-soraya-fernandez","18":"tag-soraya-fernandez-es","19":"tag-verja"},"yoast_head":"<!-- This site is optimized with the Yoast SEO Premium plugin v19.5 (Yoast SEO v26.7) - https:\/\/yoast.com\/wordpress\/plugins\/seo\/ -->\n<title>El cierre de la Verja: Portadas para olvidar - ReachExtra<\/title>\n<meta name=\"description\" content=\"El cierre de la Verja el 8 de junio de 1969 fue noticia de primera en la prensa espa\u00f1ola y gibraltare\u00f1a. Sobrecogen los titulares y las im\u00e1genes..\" \/>\n<meta name=\"robots\" content=\"index, follow, max-snippet:-1, max-image-preview:large, max-video-preview:-1\" \/>\n<link rel=\"canonical\" href=\"https:\/\/reachextra.com\/es\/portadas-para-olvidar\/\" \/>\n<meta property=\"og:locale\" content=\"es_ES\" \/>\n<meta property=\"og:type\" content=\"article\" \/>\n<meta property=\"og:title\" content=\"El cierre de la Verja: Portadas para olvidar\" \/>\n<meta property=\"og:description\" content=\"El cierre de la Verja el 8 de junio de 1969 fue noticia de primera en la prensa espa\u00f1ola y gibraltare\u00f1a. Sobrecogen los titulares y las im\u00e1genes..\" \/>\n<meta property=\"og:url\" content=\"https:\/\/reachextra.com\/es\/portadas-para-olvidar\/\" \/>\n<meta property=\"og:site_name\" content=\"ReachExtra\" \/>\n<meta property=\"article:publisher\" content=\"http:\/\/www.facebook.com\/reachextra\" \/>\n<meta property=\"article:published_time\" content=\"2019-04-02T09:36:43+00:00\" \/>\n<meta property=\"article:modified_time\" content=\"2019-04-02T10:02:20+00:00\" \/>\n<meta property=\"og:image\" content=\"https:\/\/reachextra.com\/wp-content\/uploads\/2019\/04\/Headlines-closure-of-the-frontier-Reach-Alcance-cover-2.jpg\" \/>\n\t<meta property=\"og:image:width\" content=\"1220\" \/>\n\t<meta property=\"og:image:height\" content=\"800\" \/>\n\t<meta property=\"og:image:type\" content=\"image\/jpeg\" \/>\n<meta name=\"author\" content=\"ReachExtra\" \/>\n<meta name=\"twitter:card\" content=\"summary_large_image\" \/>\n<meta name=\"twitter:title\" content=\"El cierre de la Verja: Portadas para olvidar\" \/>\n<meta name=\"twitter:description\" content=\"El cierre de la Verja el 8 de junio de 1969 fue noticia de primera en la prensa espa\u00f1ola y gibraltare\u00f1a. Sobrecogen los titulares y las im\u00e1genes..\" \/>\n<meta name=\"twitter:image\" content=\"https:\/\/www.reachextra.com\/wp-content\/uploads\/2019\/04\/Headlines-closure-of-the-frontier-Reach-Alcance-cover-2.jpg\" \/>\n<meta name=\"twitter:creator\" content=\"@reachextra\" \/>\n<meta name=\"twitter:site\" content=\"@reachextra\" \/>\n<meta name=\"twitter:label1\" content=\"Escrito por\" \/>\n\t<meta name=\"twitter:data1\" content=\"ReachExtra\" \/>\n\t<meta name=\"twitter:label2\" content=\"Tiempo de lectura\" \/>\n\t<meta name=\"twitter:data2\" content=\"5 minutos\" \/>\n<script type=\"application\/ld+json\" class=\"yoast-schema-graph\">{\"@context\":\"https:\/\/schema.org\",\"@graph\":[{\"@type\":\"Article\",\"@id\":\"https:\/\/reachextra.com\/es\/portadas-para-olvidar\/#article\",\"isPartOf\":{\"@id\":\"https:\/\/reachextra.com\/es\/portadas-para-olvidar\/\"},\"author\":{\"name\":\"ReachExtra\",\"@id\":\"https:\/\/reachextra.com\/es\/#\/schema\/person\/5bf8196030cf130091162668b52085df\"},\"headline\":\"El cierre de la Verja: Portadas para olvidar\",\"datePublished\":\"2019-04-02T09:36:43+00:00\",\"dateModified\":\"2019-04-02T10:02:20+00:00\",\"mainEntityOfPage\":{\"@id\":\"https:\/\/reachextra.com\/es\/portadas-para-olvidar\/\"},\"wordCount\":979,\"publisher\":{\"@id\":\"https:\/\/reachextra.com\/es\/#organization\"},\"image\":{\"@id\":\"https:\/\/reachextra.com\/es\/portadas-para-olvidar\/#primaryimage\"},\"thumbnailUrl\":\"https:\/\/reachextra.com\/wp-content\/uploads\/2019\/04\/Headlines-closure-of-the-frontier-Reach-Alcance-cover-2.jpg\",\"keywords\":[\"1969\",\"1969\",\"campo de gibraltar\",\"Campo de Gibraltar\",\"Franco\",\"Franco\",\"Historia\",\"periodico\",\"Soraya Fernandez\",\"Soraya Fernandez\",\"Verja\"],\"articleSection\":[\"Historia\",\"Tendencias\"],\"inLanguage\":\"es\"},{\"@type\":\"WebPage\",\"@id\":\"https:\/\/reachextra.com\/es\/portadas-para-olvidar\/\",\"url\":\"https:\/\/reachextra.com\/es\/portadas-para-olvidar\/\",\"name\":\"El cierre de la Verja: Portadas para olvidar - ReachExtra\",\"isPartOf\":{\"@id\":\"https:\/\/reachextra.com\/es\/#website\"},\"primaryImageOfPage\":{\"@id\":\"https:\/\/reachextra.com\/es\/portadas-para-olvidar\/#primaryimage\"},\"image\":{\"@id\":\"https:\/\/reachextra.com\/es\/portadas-para-olvidar\/#primaryimage\"},\"thumbnailUrl\":\"https:\/\/reachextra.com\/wp-content\/uploads\/2019\/04\/Headlines-closure-of-the-frontier-Reach-Alcance-cover-2.jpg\",\"datePublished\":\"2019-04-02T09:36:43+00:00\",\"dateModified\":\"2019-04-02T10:02:20+00:00\",\"description\":\"El cierre de la Verja el 8 de junio de 1969 fue noticia de primera en la prensa espa\u00f1ola y gibraltare\u00f1a. Sobrecogen los titulares y las im\u00e1genes..\",\"breadcrumb\":{\"@id\":\"https:\/\/reachextra.com\/es\/portadas-para-olvidar\/#breadcrumb\"},\"inLanguage\":\"es\",\"potentialAction\":[{\"@type\":\"ReadAction\",\"target\":[\"https:\/\/reachextra.com\/es\/portadas-para-olvidar\/\"]}]},{\"@type\":\"ImageObject\",\"inLanguage\":\"es\",\"@id\":\"https:\/\/reachextra.com\/es\/portadas-para-olvidar\/#primaryimage\",\"url\":\"https:\/\/reachextra.com\/wp-content\/uploads\/2019\/04\/Headlines-closure-of-the-frontier-Reach-Alcance-cover-2.jpg\",\"contentUrl\":\"https:\/\/reachextra.com\/wp-content\/uploads\/2019\/04\/Headlines-closure-of-the-frontier-Reach-Alcance-cover-2.jpg\",\"width\":1220,\"height\":800,\"caption\":\"\u2018En respuesta a las recientes medidas brit\u00e1nicas sobre Gibraltar, el Consejo de Ministros espa\u00f1ol adopt\u00f3 diversos acuerdos. Entre \u00e9stos, el cierre de la frontera, disposici\u00f3n que publicar\u00e1 ma\u00f1ana en el Bolet\u00edn Oficial del Estado. Los 4.820 obreros espa\u00f1oles en el Pe\u00f1\u00f3n se acoger\u00e1n al seguro del desempleo, al cien por cien\u2019\"},{\"@type\":\"BreadcrumbList\",\"@id\":\"https:\/\/reachextra.com\/es\/portadas-para-olvidar\/#breadcrumb\",\"itemListElement\":[{\"@type\":\"ListItem\",\"position\":1,\"name\":\"Home\",\"item\":\"https:\/\/reachextra.com\/es\/\"},{\"@type\":\"ListItem\",\"position\":2,\"name\":\"Tendencias\",\"item\":\"https:\/\/reachextra.com\/es\/category\/tendencias\/\"},{\"@type\":\"ListItem\",\"position\":3,\"name\":\"El cierre de la Verja: Portadas para olvidar\"}]},{\"@type\":\"WebSite\",\"@id\":\"https:\/\/reachextra.com\/es\/#website\",\"url\":\"https:\/\/reachextra.com\/es\/\",\"name\":\"ReachExtra\",\"description\":\" Reach-Alcance en Espa\u00f1ol | Gibraltar | Campo de Gibraltar\",\"publisher\":{\"@id\":\"https:\/\/reachextra.com\/es\/#organization\"},\"potentialAction\":[{\"@type\":\"SearchAction\",\"target\":{\"@type\":\"EntryPoint\",\"urlTemplate\":\"https:\/\/reachextra.com\/es\/?s={search_term_string}\"},\"query-input\":{\"@type\":\"PropertyValueSpecification\",\"valueRequired\":true,\"valueName\":\"search_term_string\"}}],\"inLanguage\":\"es\"},{\"@type\":\"Organization\",\"@id\":\"https:\/\/reachextra.com\/es\/#organization\",\"name\":\"Reach-Alcance\",\"url\":\"https:\/\/reachextra.com\/es\/\",\"logo\":{\"@type\":\"ImageObject\",\"inLanguage\":\"es\",\"@id\":\"https:\/\/reachextra.com\/es\/#\/schema\/logo\/image\/\",\"url\":\"https:\/\/www.reachextra.com\/wp-content\/uploads\/2018\/12\/Reach-Alcance-LOGO-HDPI.jpg\",\"contentUrl\":\"https:\/\/www.reachextra.com\/wp-content\/uploads\/2018\/12\/Reach-Alcance-LOGO-HDPI.jpg\",\"width\":750,\"height\":474,\"caption\":\"Reach-Alcance\"},\"image\":{\"@id\":\"https:\/\/reachextra.com\/es\/#\/schema\/logo\/image\/\"},\"sameAs\":[\"http:\/\/www.facebook.com\/reachextra\",\"https:\/\/x.com\/reachextra\",\"http:\/\/reach.extra\",\"https:\/\/www.linkedin.com\/company\/reach-alcance\/\"]},{\"@type\":\"Person\",\"@id\":\"https:\/\/reachextra.com\/es\/#\/schema\/person\/5bf8196030cf130091162668b52085df\",\"name\":\"ReachExtra\",\"image\":{\"@type\":\"ImageObject\",\"inLanguage\":\"es\",\"@id\":\"https:\/\/reachextra.com\/es\/#\/schema\/person\/image\/\",\"url\":\"https:\/\/secure.gravatar.com\/avatar\/11e9f37f3773887633d17fdf580220857b1599038456e2f031ce0efd2f41a394?s=96&d=mm&r=g\",\"contentUrl\":\"https:\/\/secure.gravatar.com\/avatar\/11e9f37f3773887633d17fdf580220857b1599038456e2f031ce0efd2f41a394?s=96&d=mm&r=g\",\"caption\":\"ReachExtra\"},\"sameAs\":[\"http:\/\/www.reachextra.com\"]}]}<\/script>\n<!-- \/ Yoast SEO Premium plugin. -->","yoast_head_json":{"title":"El cierre de la Verja: Portadas para olvidar - ReachExtra","description":"El cierre de la Verja el 8 de junio de 1969 fue noticia de primera en la prensa espa\u00f1ola y gibraltare\u00f1a. Sobrecogen los titulares y las im\u00e1genes..","robots":{"index":"index","follow":"follow","max-snippet":"max-snippet:-1","max-image-preview":"max-image-preview:large","max-video-preview":"max-video-preview:-1"},"canonical":"https:\/\/reachextra.com\/es\/portadas-para-olvidar\/","og_locale":"es_ES","og_type":"article","og_title":"El cierre de la Verja: Portadas para olvidar","og_description":"El cierre de la Verja el 8 de junio de 1969 fue noticia de primera en la prensa espa\u00f1ola y gibraltare\u00f1a. Sobrecogen los titulares y las im\u00e1genes..","og_url":"https:\/\/reachextra.com\/es\/portadas-para-olvidar\/","og_site_name":"ReachExtra","article_publisher":"http:\/\/www.facebook.com\/reachextra","article_published_time":"2019-04-02T09:36:43+00:00","article_modified_time":"2019-04-02T10:02:20+00:00","og_image":[{"width":1220,"height":800,"url":"https:\/\/reachextra.com\/wp-content\/uploads\/2019\/04\/Headlines-closure-of-the-frontier-Reach-Alcance-cover-2.jpg","type":"image\/jpeg"}],"author":"ReachExtra","twitter_card":"summary_large_image","twitter_title":"El cierre de la Verja: Portadas para olvidar","twitter_description":"El cierre de la Verja el 8 de junio de 1969 fue noticia de primera en la prensa espa\u00f1ola y gibraltare\u00f1a. Sobrecogen los titulares y las im\u00e1genes..","twitter_image":"https:\/\/www.reachextra.com\/wp-content\/uploads\/2019\/04\/Headlines-closure-of-the-frontier-Reach-Alcance-cover-2.jpg","twitter_creator":"@reachextra","twitter_site":"@reachextra","twitter_misc":{"Escrito por":"ReachExtra","Tiempo de lectura":"5 minutos"},"schema":{"@context":"https:\/\/schema.org","@graph":[{"@type":"Article","@id":"https:\/\/reachextra.com\/es\/portadas-para-olvidar\/#article","isPartOf":{"@id":"https:\/\/reachextra.com\/es\/portadas-para-olvidar\/"},"author":{"name":"ReachExtra","@id":"https:\/\/reachextra.com\/es\/#\/schema\/person\/5bf8196030cf130091162668b52085df"},"headline":"El cierre de la Verja: Portadas para olvidar","datePublished":"2019-04-02T09:36:43+00:00","dateModified":"2019-04-02T10:02:20+00:00","mainEntityOfPage":{"@id":"https:\/\/reachextra.com\/es\/portadas-para-olvidar\/"},"wordCount":979,"publisher":{"@id":"https:\/\/reachextra.com\/es\/#organization"},"image":{"@id":"https:\/\/reachextra.com\/es\/portadas-para-olvidar\/#primaryimage"},"thumbnailUrl":"https:\/\/reachextra.com\/wp-content\/uploads\/2019\/04\/Headlines-closure-of-the-frontier-Reach-Alcance-cover-2.jpg","keywords":["1969","1969","campo de gibraltar","Campo de Gibraltar","Franco","Franco","Historia","periodico","Soraya Fernandez","Soraya Fernandez","Verja"],"articleSection":["Historia","Tendencias"],"inLanguage":"es"},{"@type":"WebPage","@id":"https:\/\/reachextra.com\/es\/portadas-para-olvidar\/","url":"https:\/\/reachextra.com\/es\/portadas-para-olvidar\/","name":"El cierre de la Verja: Portadas para olvidar - ReachExtra","isPartOf":{"@id":"https:\/\/reachextra.com\/es\/#website"},"primaryImageOfPage":{"@id":"https:\/\/reachextra.com\/es\/portadas-para-olvidar\/#primaryimage"},"image":{"@id":"https:\/\/reachextra.com\/es\/portadas-para-olvidar\/#primaryimage"},"thumbnailUrl":"https:\/\/reachextra.com\/wp-content\/uploads\/2019\/04\/Headlines-closure-of-the-frontier-Reach-Alcance-cover-2.jpg","datePublished":"2019-04-02T09:36:43+00:00","dateModified":"2019-04-02T10:02:20+00:00","description":"El cierre de la Verja el 8 de junio de 1969 fue noticia de primera en la prensa espa\u00f1ola y gibraltare\u00f1a. Sobrecogen los titulares y las im\u00e1genes..","breadcrumb":{"@id":"https:\/\/reachextra.com\/es\/portadas-para-olvidar\/#breadcrumb"},"inLanguage":"es","potentialAction":[{"@type":"ReadAction","target":["https:\/\/reachextra.com\/es\/portadas-para-olvidar\/"]}]},{"@type":"ImageObject","inLanguage":"es","@id":"https:\/\/reachextra.com\/es\/portadas-para-olvidar\/#primaryimage","url":"https:\/\/reachextra.com\/wp-content\/uploads\/2019\/04\/Headlines-closure-of-the-frontier-Reach-Alcance-cover-2.jpg","contentUrl":"https:\/\/reachextra.com\/wp-content\/uploads\/2019\/04\/Headlines-closure-of-the-frontier-Reach-Alcance-cover-2.jpg","width":1220,"height":800,"caption":"\u2018En respuesta a las recientes medidas brit\u00e1nicas sobre Gibraltar, el Consejo de Ministros espa\u00f1ol adopt\u00f3 diversos acuerdos. Entre \u00e9stos, el cierre de la frontera, disposici\u00f3n que publicar\u00e1 ma\u00f1ana en el Bolet\u00edn Oficial del Estado. Los 4.820 obreros espa\u00f1oles en el Pe\u00f1\u00f3n se acoger\u00e1n al seguro del desempleo, al cien por cien\u2019"},{"@type":"BreadcrumbList","@id":"https:\/\/reachextra.com\/es\/portadas-para-olvidar\/#breadcrumb","itemListElement":[{"@type":"ListItem","position":1,"name":"Home","item":"https:\/\/reachextra.com\/es\/"},{"@type":"ListItem","position":2,"name":"Tendencias","item":"https:\/\/reachextra.com\/es\/category\/tendencias\/"},{"@type":"ListItem","position":3,"name":"El cierre de la Verja: Portadas para olvidar"}]},{"@type":"WebSite","@id":"https:\/\/reachextra.com\/es\/#website","url":"https:\/\/reachextra.com\/es\/","name":"ReachExtra","description":" Reach-Alcance en Espa\u00f1ol | Gibraltar | Campo de Gibraltar","publisher":{"@id":"https:\/\/reachextra.com\/es\/#organization"},"potentialAction":[{"@type":"SearchAction","target":{"@type":"EntryPoint","urlTemplate":"https:\/\/reachextra.com\/es\/?s={search_term_string}"},"query-input":{"@type":"PropertyValueSpecification","valueRequired":true,"valueName":"search_term_string"}}],"inLanguage":"es"},{"@type":"Organization","@id":"https:\/\/reachextra.com\/es\/#organization","name":"Reach-Alcance","url":"https:\/\/reachextra.com\/es\/","logo":{"@type":"ImageObject","inLanguage":"es","@id":"https:\/\/reachextra.com\/es\/#\/schema\/logo\/image\/","url":"https:\/\/www.reachextra.com\/wp-content\/uploads\/2018\/12\/Reach-Alcance-LOGO-HDPI.jpg","contentUrl":"https:\/\/www.reachextra.com\/wp-content\/uploads\/2018\/12\/Reach-Alcance-LOGO-HDPI.jpg","width":750,"height":474,"caption":"Reach-Alcance"},"image":{"@id":"https:\/\/reachextra.com\/es\/#\/schema\/logo\/image\/"},"sameAs":["http:\/\/www.facebook.com\/reachextra","https:\/\/x.com\/reachextra","http:\/\/reach.extra","https:\/\/www.linkedin.com\/company\/reach-alcance\/"]},{"@type":"Person","@id":"https:\/\/reachextra.com\/es\/#\/schema\/person\/5bf8196030cf130091162668b52085df","name":"ReachExtra","image":{"@type":"ImageObject","inLanguage":"es","@id":"https:\/\/reachextra.com\/es\/#\/schema\/person\/image\/","url":"https:\/\/secure.gravatar.com\/avatar\/11e9f37f3773887633d17fdf580220857b1599038456e2f031ce0efd2f41a394?s=96&d=mm&r=g","contentUrl":"https:\/\/secure.gravatar.com\/avatar\/11e9f37f3773887633d17fdf580220857b1599038456e2f031ce0efd2f41a394?s=96&d=mm&r=g","caption":"ReachExtra"},"sameAs":["http:\/\/www.reachextra.com"]}]}},"jetpack_featured_media_url":"https:\/\/reachextra.com\/wp-content\/uploads\/2019\/04\/Headlines-closure-of-the-frontier-Reach-Alcance-cover-2.jpg","wps_subtitle":"Soraya Fern\u00e1ndez \u00b7 Fotos: Fran Montes","jetpack_sharing_enabled":true,"_links":{"self":[{"href":"https:\/\/reachextra.com\/es\/wp-json\/wp\/v2\/posts\/8396","targetHints":{"allow":["GET"]}}],"collection":[{"href":"https:\/\/reachextra.com\/es\/wp-json\/wp\/v2\/posts"}],"about":[{"href":"https:\/\/reachextra.com\/es\/wp-json\/wp\/v2\/types\/post"}],"author":[{"embeddable":true,"href":"https:\/\/reachextra.com\/es\/wp-json\/wp\/v2\/users\/1"}],"replies":[{"embeddable":true,"href":"https:\/\/reachextra.com\/es\/wp-json\/wp\/v2\/comments?post=8396"}],"version-history":[{"count":3,"href":"https:\/\/reachextra.com\/es\/wp-json\/wp\/v2\/posts\/8396\/revisions"}],"predecessor-version":[{"id":8399,"href":"https:\/\/reachextra.com\/es\/wp-json\/wp\/v2\/posts\/8396\/revisions\/8399"}],"wp:featuredmedia":[{"embeddable":true,"href":"https:\/\/reachextra.com\/es\/wp-json\/wp\/v2\/media\/8374"}],"wp:attachment":[{"href":"https:\/\/reachextra.com\/es\/wp-json\/wp\/v2\/media?parent=8396"}],"wp:term":[{"taxonomy":"category","embeddable":true,"href":"https:\/\/reachextra.com\/es\/wp-json\/wp\/v2\/categories?post=8396"},{"taxonomy":"post_tag","embeddable":true,"href":"https:\/\/reachextra.com\/es\/wp-json\/wp\/v2\/tags?post=8396"},{"taxonomy":"adace-sponsor","embeddable":true,"href":"https:\/\/reachextra.com\/es\/wp-json\/wp\/v2\/adace-sponsor?post=8396"}],"curies":[{"name":"wp","href":"https:\/\/api.w.org\/{rel}","templated":true}]}}