{"id":7943,"date":"2019-03-08T16:35:07","date_gmt":"2019-03-08T15:35:07","guid":{"rendered":"https:\/\/www.reachextra.com\/lidia-falcon-el-futuro-sera-feminista-o-no-sera\/"},"modified":"2019-03-08T16:45:16","modified_gmt":"2019-03-08T15:45:16","slug":"lidia-falcon-el-futuro-sera-feminista-o-no-sera","status":"publish","type":"post","link":"https:\/\/reachextra.com\/es\/lidia-falcon-el-futuro-sera-feminista-o-no-sera\/","title":{"rendered":"Lidia Falc\u00f3n: \u201cEl futuro ser\u00e1 feminista o no ser\u00e1\u201d"},"content":{"rendered":"\n<p>La conocida escritora, pol\u00edtica y activista Lidia Falc\u00f3n afirma en Algeciras que ha llegado el momento de que el feminismo deje de estar s\u00f3lo en las calles y pase a la pol\u00edtica.<\/p>\n\n\n\n<p>\u201cEst\u00e1 muy bien que vuelva a haber una manifestaci\u00f3n multitudinaria en Espa\u00f1a el pr\u00f3ximo 8 de marzo, es necesario alzar la voz, y m\u00e1s en los tiempos que corren\u2026 Pero el feminismo tiene que tener vocaci\u00f3n pol\u00edtica, porque en la calle no se legisla, no se ejecuta. Al final el poder lo tiene el que firma en el Bolet\u00edn Oficial del Estado, y lo que no est\u00e1 ah\u00ed no existe\u201d. <\/p>\n\n\n\n<p>Licenciada en Derecho, Arte Dram\u00e1tico y Periodismo, y doctora en Filosof\u00eda, la conocida escritora, pol\u00edtica y activista feminista Lidia Falc\u00f3n estuvo recientemente en Algeciras para impartir una conferencia en la asociaci\u00f3n Alcultura sobre \u2018El feminismo ante la situaci\u00f3n pol\u00edtica actual\u2019 y afirmar que \u201cel futuro ser\u00e1 feminista o no ser\u00e1\u201d.<\/p>\n\n\n\n<figure class=\"wp-block-image\"><img loading=\"lazy\" decoding=\"async\" width=\"900\" height=\"600\" src=\"https:\/\/www.reachextra.com\/wp-content\/uploads\/2019\/03\/Conferencia-feminista-Lidia-Falcon-1.jpg\" alt=\"Conferencia-feminista-Lidia-Falcon-Fran-Montes-3\" class=\"wp-image-7933\" srcset=\"https:\/\/reachextra.com\/wp-content\/uploads\/2019\/03\/Conferencia-feminista-Lidia-Falcon-1.jpg 900w, https:\/\/reachextra.com\/wp-content\/uploads\/2019\/03\/Conferencia-feminista-Lidia-Falcon-1-300x200.jpg 300w, https:\/\/reachextra.com\/wp-content\/uploads\/2019\/03\/Conferencia-feminista-Lidia-Falcon-1-768x512.jpg 768w, https:\/\/reachextra.com\/wp-content\/uploads\/2019\/03\/Conferencia-feminista-Lidia-Falcon-1-180x120.jpg 180w, https:\/\/reachextra.com\/wp-content\/uploads\/2019\/03\/Conferencia-feminista-Lidia-Falcon-1-561x374.jpg 561w, https:\/\/reachextra.com\/wp-content\/uploads\/2019\/03\/Conferencia-feminista-Lidia-Falcon-1-364x243.jpg 364w, https:\/\/reachextra.com\/wp-content\/uploads\/2019\/03\/Conferencia-feminista-Lidia-Falcon-1-728x485.jpg 728w, https:\/\/reachextra.com\/wp-content\/uploads\/2019\/03\/Conferencia-feminista-Lidia-Falcon-1-608x405.jpg 608w, https:\/\/reachextra.com\/wp-content\/uploads\/2019\/03\/Conferencia-feminista-Lidia-Falcon-1-758x505.jpg 758w, https:\/\/reachextra.com\/wp-content\/uploads\/2019\/03\/Conferencia-feminista-Lidia-Falcon-1-72x48.jpg 72w, https:\/\/reachextra.com\/wp-content\/uploads\/2019\/03\/Conferencia-feminista-Lidia-Falcon-1-144x96.jpg 144w, https:\/\/reachextra.com\/wp-content\/uploads\/2019\/03\/Conferencia-feminista-Lidia-Falcon-1-313x209.jpg 313w\" sizes=\"auto, (max-width: 900px) 100vw, 900px\" \/><\/figure>\n\n\n\n<p>Falc\u00f3n, que jug\u00f3 un destacado papel durante la Transici\u00f3n espa\u00f1ola, y que incluso lleg\u00f3 a sufrir persecuci\u00f3n y torturas por sus ideas pol\u00edticas durante la dictadura franquista, advirti\u00f3 sobre la necesidad de que el Partido Feminista (creado a partir de la Organizaci\u00f3n Feminista Revolucionaria, que ella misma fund\u00f3 en 1977), empiece a tener una verdadera representaci\u00f3n en las instituciones. <\/p>\n\n\n\n<p>\u201cUno de los d\u00e9ficits m\u00e1s grandes de nuestra democracia son las cifras de la violencia de g\u00e9nero. En eso hemos fracasado. No se puede aceptar que haya m\u00e1s de 100 mujeres asesinadas cada a\u00f1o, que se denuncie una violaci\u00f3n cada 8 horas, y que haya ni\u00f1os asesinados y ni\u00f1os hu\u00e9rfanos porque su padre mat\u00f3 a su madre\u2026\u201d. <\/p>\n\n\n\n<p>Adem\u00e1s de \u201ceste asunto terrible, al que hay que encontrar ya una soluci\u00f3n\u201d, Falc\u00f3n apunt\u00f3 que hay otros muchos temas, relacionados con la igualdad real entre mujeres y hombres, que despu\u00e9s de 40 a\u00f1os de democracia tampoco se terminan de resolver: la brecha salarial, la enorme desigualdad en el poder adquisitivo de las mujeres (con un 38 % menos que los hombres), las diferencias en las pensiones\u2026<\/p>\n\n\n\n<figure class=\"wp-block-image\"><img loading=\"lazy\" decoding=\"async\" width=\"900\" height=\"600\" src=\"https:\/\/www.reachextra.com\/wp-content\/uploads\/2019\/03\/Conferencia-feminista-Lidia-Falcon-5.jpg\" alt=\"Conferencia-feminista-Lidia-Falcon-Fran-Montes-3\" class=\"wp-image-7937\" srcset=\"https:\/\/reachextra.com\/wp-content\/uploads\/2019\/03\/Conferencia-feminista-Lidia-Falcon-5.jpg 900w, https:\/\/reachextra.com\/wp-content\/uploads\/2019\/03\/Conferencia-feminista-Lidia-Falcon-5-300x200.jpg 300w, https:\/\/reachextra.com\/wp-content\/uploads\/2019\/03\/Conferencia-feminista-Lidia-Falcon-5-768x512.jpg 768w, https:\/\/reachextra.com\/wp-content\/uploads\/2019\/03\/Conferencia-feminista-Lidia-Falcon-5-180x120.jpg 180w, https:\/\/reachextra.com\/wp-content\/uploads\/2019\/03\/Conferencia-feminista-Lidia-Falcon-5-561x374.jpg 561w, https:\/\/reachextra.com\/wp-content\/uploads\/2019\/03\/Conferencia-feminista-Lidia-Falcon-5-364x243.jpg 364w, https:\/\/reachextra.com\/wp-content\/uploads\/2019\/03\/Conferencia-feminista-Lidia-Falcon-5-728x485.jpg 728w, https:\/\/reachextra.com\/wp-content\/uploads\/2019\/03\/Conferencia-feminista-Lidia-Falcon-5-608x405.jpg 608w, https:\/\/reachextra.com\/wp-content\/uploads\/2019\/03\/Conferencia-feminista-Lidia-Falcon-5-758x505.jpg 758w, https:\/\/reachextra.com\/wp-content\/uploads\/2019\/03\/Conferencia-feminista-Lidia-Falcon-5-72x48.jpg 72w, https:\/\/reachextra.com\/wp-content\/uploads\/2019\/03\/Conferencia-feminista-Lidia-Falcon-5-144x96.jpg 144w, https:\/\/reachextra.com\/wp-content\/uploads\/2019\/03\/Conferencia-feminista-Lidia-Falcon-5-313x209.jpg 313w\" sizes=\"auto, (max-width: 900px) 100vw, 900px\" \/><\/figure>\n\n\n\n<p>\u201cPero todos estos temas se resuelven en el Congreso de los Diputados; salir a la calle a manifestarnos est\u00e1 muy bien, pero eso, por s\u00ed solo, no sirve si luego las feministas no estamos en los \u00e1mbitos en los que se toman las decisiones\u201d, insisti\u00f3 la activista, que desde 1979 dirige la revista Poder y Libertad. <\/p>\n\n\n\n<p>Autora de numerosas piezas de teatro y narrativa, una quincena de ensayos, y varias cr\u00f3nicas y biograf\u00edas, Lidia Falc\u00f3n consider\u00f3 que Espa\u00f1a vive tiempos de enorme incertidumbre, a pocas semanas de una primavera llena de elecciones (municipales, auton\u00f3micas y europeas, y, ahora, tambi\u00e9n generales), en las que el feminismo, como opci\u00f3n pol\u00edtica, tiene que participar. <\/p>\n\n\n\n<p>\u201cLas cifras de la violencia contra las mujeres son inaceptables en un pa\u00eds europeo, moderno y avanzado, y tenemos la certeza, adem\u00e1s, de que son incluso mayores que hace a\u00f1os; pero no s\u00f3lo porque se denuncie m\u00e1s, como se suele decir, sino porque antes las mujeres estaban sumisas, aisladas en sus hogares y en el trabajo dom\u00e9stico\u2026 y sin divorcio.\u00bb<\/p>\n\n\n\n<figure class=\"wp-block-image\"><img loading=\"lazy\" decoding=\"async\" width=\"1024\" height=\"682\" src=\"https:\/\/www.reachextra.com\/wp-content\/uploads\/2019\/03\/Conferencia-feminista-Lidia-Falcon-3-1024x682.jpg\" alt=\"Conferencia-feminista-Lidia-Falcon-Fran-Montes-3\" class=\"wp-image-7935\" srcset=\"https:\/\/reachextra.com\/wp-content\/uploads\/2019\/03\/Conferencia-feminista-Lidia-Falcon-3-1024x682.jpg 1024w, https:\/\/reachextra.com\/wp-content\/uploads\/2019\/03\/Conferencia-feminista-Lidia-Falcon-3-300x200.jpg 300w, https:\/\/reachextra.com\/wp-content\/uploads\/2019\/03\/Conferencia-feminista-Lidia-Falcon-3-768x512.jpg 768w, https:\/\/reachextra.com\/wp-content\/uploads\/2019\/03\/Conferencia-feminista-Lidia-Falcon-3-180x120.jpg 180w, https:\/\/reachextra.com\/wp-content\/uploads\/2019\/03\/Conferencia-feminista-Lidia-Falcon-3-561x374.jpg 561w, https:\/\/reachextra.com\/wp-content\/uploads\/2019\/03\/Conferencia-feminista-Lidia-Falcon-3-1122x748.jpg 1122w, https:\/\/reachextra.com\/wp-content\/uploads\/2019\/03\/Conferencia-feminista-Lidia-Falcon-3-364x243.jpg 364w, https:\/\/reachextra.com\/wp-content\/uploads\/2019\/03\/Conferencia-feminista-Lidia-Falcon-3-728x485.jpg 728w, https:\/\/reachextra.com\/wp-content\/uploads\/2019\/03\/Conferencia-feminista-Lidia-Falcon-3-608x405.jpg 608w, https:\/\/reachextra.com\/wp-content\/uploads\/2019\/03\/Conferencia-feminista-Lidia-Falcon-3-758x505.jpg 758w, https:\/\/reachextra.com\/wp-content\/uploads\/2019\/03\/Conferencia-feminista-Lidia-Falcon-3-1152x768.jpg 1152w, https:\/\/reachextra.com\/wp-content\/uploads\/2019\/03\/Conferencia-feminista-Lidia-Falcon-3-72x48.jpg 72w, https:\/\/reachextra.com\/wp-content\/uploads\/2019\/03\/Conferencia-feminista-Lidia-Falcon-3-144x96.jpg 144w, https:\/\/reachextra.com\/wp-content\/uploads\/2019\/03\/Conferencia-feminista-Lidia-Falcon-3-313x209.jpg 313w, https:\/\/reachextra.com\/wp-content\/uploads\/2019\/03\/Conferencia-feminista-Lidia-Falcon-3.jpg 1220w\" sizes=\"auto, (max-width: 1024px) 100vw, 1024px\" \/><\/figure>\n\n\n\n<p>\u00abEn el momento  en que empezamos a tener derechos, y, entre ellos, la libertad de poder romper con esa \u2018esclavitud\u2019 y ese sometimiento al \u2018amo\u2019, y decidimos tener una vida libre, y trabajar, y salir\u2026 pues eso hay machistas que no lo entienden, que no lo terminan de asimilar\u2026\u201d. <\/p>\n\n\n\n<p>Para Falc\u00f3n, que en 1976 cre\u00f3 tambi\u00e9n el Colectivo Feminista de Barcelona, la revista Vindicaci\u00f3n Feminista y la editorial Ediciones de Feminismo, la prueba de lo que afirma est\u00e1 en que la mayor\u00eda de los asesinatos se comenten cuando la pareja est\u00e1 ya en proceso de separaci\u00f3n o de divorcio. <\/p>\n\n\n\n<p>\u201cLos casos se han incrementado alarmantemente, y no tenemos visos de que eso vaya a cambiar, porque no existen mecanismos adecuados, ni existe una Ley que realmente proteja a las mujeres: el 30 por ciento de las asesinadas hab\u00eda presentado denuncia, y algunas hab\u00edan conseguido hasta una orden de alejamiento, y, sin embargo, nadie las protegi\u00f3\u2026 No se trata solamente de dar compensaciones econ\u00f3micas a los hu\u00e9rfanos: lo que hay que procurar es que no haya hu\u00e9rfanos\u201d.<\/p>\n","protected":false},"excerpt":{"rendered":"<p>Lidia Falc\u00f3n, que jug\u00f3 un destacado papel durante la Transici\u00f3n espa\u00f1ola, y que incluso lleg\u00f3 a sufrir persecuci\u00f3n y torturas por sus ideas pol\u00edticas durante la dictadura franquista&#8230; <a class=\"g1-link g1-link-more\" href=\"https:\/\/reachextra.com\/es\/lidia-falcon-el-futuro-sera-feminista-o-no-sera\/\">More<\/a><\/p>\n","protected":false},"author":1,"featured_media":7936,"comment_status":"closed","ping_status":"closed","sticky":false,"template":"","format":"standard","meta":{"_jetpack_memberships_contains_paid_content":false,"footnotes":""},"categories":[226],"tags":[264,437,1383],"adace-sponsor":[],"class_list":{"0":"post-7943","1":"post","2":"type-post","3":"status-publish","4":"format-standard","5":"has-post-thumbnail","7":"category-noticias-es","8":"tag-algeciras","9":"tag-feminismo","10":"tag-lidia-falcon"},"yoast_head":"<!-- This site is optimized with the Yoast SEO Premium plugin v19.5 (Yoast SEO v26.7) - https:\/\/yoast.com\/wordpress\/plugins\/seo\/ -->\n<title>Lidia Falc\u00f3n: \u201cEl futuro ser\u00e1 feminista o no ser\u00e1\u201d - ReachExtra - Noticias<\/title>\n<meta name=\"description\" content=\"Lidia Falc\u00f3n, que jug\u00f3 un destacado papel durante la Transici\u00f3n espa\u00f1ola, y que incluso lleg\u00f3 a sufrir persecuci\u00f3n y torturas por sus ideas pol\u00edticas durante la dictadura franquista...\" \/>\n<meta name=\"robots\" content=\"index, follow, max-snippet:-1, max-image-preview:large, max-video-preview:-1\" \/>\n<link rel=\"canonical\" href=\"https:\/\/reachextra.com\/es\/lidia-falcon-el-futuro-sera-feminista-o-no-sera\/\" \/>\n<meta property=\"og:locale\" content=\"es_ES\" \/>\n<meta property=\"og:type\" content=\"article\" \/>\n<meta property=\"og:title\" content=\"Lidia Falc\u00f3n: \u201cEl futuro ser\u00e1 feminista o no ser\u00e1\u201d\" \/>\n<meta property=\"og:description\" content=\"Lidia Falc\u00f3n, que jug\u00f3 un destacado papel durante la Transici\u00f3n espa\u00f1ola, y que incluso lleg\u00f3 a sufrir persecuci\u00f3n y torturas por sus ideas pol\u00edticas durante la dictadura franquista...\" \/>\n<meta property=\"og:url\" content=\"https:\/\/reachextra.com\/es\/lidia-falcon-el-futuro-sera-feminista-o-no-sera\/\" \/>\n<meta property=\"og:site_name\" content=\"ReachExtra\" \/>\n<meta property=\"article:publisher\" content=\"http:\/\/www.facebook.com\/reachextra\" \/>\n<meta property=\"article:published_time\" content=\"2019-03-08T15:35:07+00:00\" \/>\n<meta property=\"article:modified_time\" content=\"2019-03-08T15:45:16+00:00\" \/>\n<meta property=\"og:image\" content=\"https:\/\/reachextra.com\/wp-content\/uploads\/2019\/03\/Conferencia-feminista-Lidia-Falcon-3.jpg\" \/>\n\t<meta property=\"og:image:width\" content=\"1220\" \/>\n\t<meta property=\"og:image:height\" content=\"813\" \/>\n\t<meta property=\"og:image:type\" content=\"image\/jpeg\" \/>\n<meta name=\"author\" content=\"ReachExtra\" \/>\n<meta name=\"twitter:card\" content=\"summary_large_image\" \/>\n<meta name=\"twitter:title\" content=\"Lidia Falc\u00f3n: \u201cEl futuro ser\u00e1 feminista o no ser\u00e1\u201d\" \/>\n<meta name=\"twitter:description\" content=\"Lidia Falc\u00f3n, que jug\u00f3 un destacado papel durante la Transici\u00f3n espa\u00f1ola, y que incluso lleg\u00f3 a sufrir persecuci\u00f3n y torturas por sus ideas pol\u00edticas durante la dictadura franquista...\" \/>\n<meta name=\"twitter:image\" content=\"https:\/\/www.reachextra.com\/wp-content\/uploads\/2019\/03\/Conferencia-feminista-Lidia-Falcon-3.jpg\" \/>\n<meta name=\"twitter:creator\" content=\"@reachextra\" \/>\n<meta name=\"twitter:site\" content=\"@reachextra\" \/>\n<meta name=\"twitter:label1\" content=\"Escrito por\" \/>\n\t<meta name=\"twitter:data1\" content=\"ReachExtra\" \/>\n\t<meta name=\"twitter:label2\" content=\"Tiempo de lectura\" \/>\n\t<meta name=\"twitter:data2\" content=\"4 minutos\" \/>\n<script type=\"application\/ld+json\" class=\"yoast-schema-graph\">{\"@context\":\"https:\/\/schema.org\",\"@graph\":[{\"@type\":\"Article\",\"@id\":\"https:\/\/reachextra.com\/es\/lidia-falcon-el-futuro-sera-feminista-o-no-sera\/#article\",\"isPartOf\":{\"@id\":\"https:\/\/reachextra.com\/es\/lidia-falcon-el-futuro-sera-feminista-o-no-sera\/\"},\"author\":{\"name\":\"ReachExtra\",\"@id\":\"https:\/\/reachextra.com\/es\/#\/schema\/person\/5bf8196030cf130091162668b52085df\"},\"headline\":\"Lidia Falc\u00f3n: \u201cEl futuro ser\u00e1 feminista o no ser\u00e1\u201d\",\"datePublished\":\"2019-03-08T15:35:07+00:00\",\"dateModified\":\"2019-03-08T15:45:16+00:00\",\"mainEntityOfPage\":{\"@id\":\"https:\/\/reachextra.com\/es\/lidia-falcon-el-futuro-sera-feminista-o-no-sera\/\"},\"wordCount\":745,\"publisher\":{\"@id\":\"https:\/\/reachextra.com\/es\/#organization\"},\"image\":{\"@id\":\"https:\/\/reachextra.com\/es\/lidia-falcon-el-futuro-sera-feminista-o-no-sera\/#primaryimage\"},\"thumbnailUrl\":\"https:\/\/reachextra.com\/wp-content\/uploads\/2019\/03\/Conferencia-feminista-Lidia-Falcon-3.jpg\",\"keywords\":[\"algeciras\",\"feminismo\",\"Lidia Falcon\"],\"articleSection\":[\"Noticias\"],\"inLanguage\":\"es\"},{\"@type\":\"WebPage\",\"@id\":\"https:\/\/reachextra.com\/es\/lidia-falcon-el-futuro-sera-feminista-o-no-sera\/\",\"url\":\"https:\/\/reachextra.com\/es\/lidia-falcon-el-futuro-sera-feminista-o-no-sera\/\",\"name\":\"Lidia Falc\u00f3n: \u201cEl futuro ser\u00e1 feminista o no ser\u00e1\u201d - ReachExtra - Noticias\",\"isPartOf\":{\"@id\":\"https:\/\/reachextra.com\/es\/#website\"},\"primaryImageOfPage\":{\"@id\":\"https:\/\/reachextra.com\/es\/lidia-falcon-el-futuro-sera-feminista-o-no-sera\/#primaryimage\"},\"image\":{\"@id\":\"https:\/\/reachextra.com\/es\/lidia-falcon-el-futuro-sera-feminista-o-no-sera\/#primaryimage\"},\"thumbnailUrl\":\"https:\/\/reachextra.com\/wp-content\/uploads\/2019\/03\/Conferencia-feminista-Lidia-Falcon-3.jpg\",\"datePublished\":\"2019-03-08T15:35:07+00:00\",\"dateModified\":\"2019-03-08T15:45:16+00:00\",\"description\":\"Lidia Falc\u00f3n, que jug\u00f3 un destacado papel durante la Transici\u00f3n espa\u00f1ola, y que incluso lleg\u00f3 a sufrir persecuci\u00f3n y torturas por sus ideas pol\u00edticas durante la dictadura franquista...\",\"breadcrumb\":{\"@id\":\"https:\/\/reachextra.com\/es\/lidia-falcon-el-futuro-sera-feminista-o-no-sera\/#breadcrumb\"},\"inLanguage\":\"es\",\"potentialAction\":[{\"@type\":\"ReadAction\",\"target\":[\"https:\/\/reachextra.com\/es\/lidia-falcon-el-futuro-sera-feminista-o-no-sera\/\"]}]},{\"@type\":\"ImageObject\",\"inLanguage\":\"es\",\"@id\":\"https:\/\/reachextra.com\/es\/lidia-falcon-el-futuro-sera-feminista-o-no-sera\/#primaryimage\",\"url\":\"https:\/\/reachextra.com\/wp-content\/uploads\/2019\/03\/Conferencia-feminista-Lidia-Falcon-3.jpg\",\"contentUrl\":\"https:\/\/reachextra.com\/wp-content\/uploads\/2019\/03\/Conferencia-feminista-Lidia-Falcon-3.jpg\",\"width\":1220,\"height\":813,\"caption\":\"Conferencia-feminista-Lidia-Falcon-Fran-Montes-3\"},{\"@type\":\"BreadcrumbList\",\"@id\":\"https:\/\/reachextra.com\/es\/lidia-falcon-el-futuro-sera-feminista-o-no-sera\/#breadcrumb\",\"itemListElement\":[{\"@type\":\"ListItem\",\"position\":1,\"name\":\"Home\",\"item\":\"https:\/\/reachextra.com\/es\/\"},{\"@type\":\"ListItem\",\"position\":2,\"name\":\"Noticias\",\"item\":\"https:\/\/reachextra.com\/es\/category\/noticias-es\/\"},{\"@type\":\"ListItem\",\"position\":3,\"name\":\"Lidia Falc\u00f3n: \u201cEl futuro ser\u00e1 feminista o no ser\u00e1\u201d\"}]},{\"@type\":\"WebSite\",\"@id\":\"https:\/\/reachextra.com\/es\/#website\",\"url\":\"https:\/\/reachextra.com\/es\/\",\"name\":\"ReachExtra\",\"description\":\" Reach-Alcance en Espa\u00f1ol | Gibraltar | Campo de Gibraltar\",\"publisher\":{\"@id\":\"https:\/\/reachextra.com\/es\/#organization\"},\"potentialAction\":[{\"@type\":\"SearchAction\",\"target\":{\"@type\":\"EntryPoint\",\"urlTemplate\":\"https:\/\/reachextra.com\/es\/?s={search_term_string}\"},\"query-input\":{\"@type\":\"PropertyValueSpecification\",\"valueRequired\":true,\"valueName\":\"search_term_string\"}}],\"inLanguage\":\"es\"},{\"@type\":\"Organization\",\"@id\":\"https:\/\/reachextra.com\/es\/#organization\",\"name\":\"Reach-Alcance\",\"url\":\"https:\/\/reachextra.com\/es\/\",\"logo\":{\"@type\":\"ImageObject\",\"inLanguage\":\"es\",\"@id\":\"https:\/\/reachextra.com\/es\/#\/schema\/logo\/image\/\",\"url\":\"https:\/\/www.reachextra.com\/wp-content\/uploads\/2018\/12\/Reach-Alcance-LOGO-HDPI.jpg\",\"contentUrl\":\"https:\/\/www.reachextra.com\/wp-content\/uploads\/2018\/12\/Reach-Alcance-LOGO-HDPI.jpg\",\"width\":750,\"height\":474,\"caption\":\"Reach-Alcance\"},\"image\":{\"@id\":\"https:\/\/reachextra.com\/es\/#\/schema\/logo\/image\/\"},\"sameAs\":[\"http:\/\/www.facebook.com\/reachextra\",\"https:\/\/x.com\/reachextra\",\"http:\/\/reach.extra\",\"https:\/\/www.linkedin.com\/company\/reach-alcance\/\"]},{\"@type\":\"Person\",\"@id\":\"https:\/\/reachextra.com\/es\/#\/schema\/person\/5bf8196030cf130091162668b52085df\",\"name\":\"ReachExtra\",\"image\":{\"@type\":\"ImageObject\",\"inLanguage\":\"es\",\"@id\":\"https:\/\/reachextra.com\/es\/#\/schema\/person\/image\/\",\"url\":\"https:\/\/secure.gravatar.com\/avatar\/11e9f37f3773887633d17fdf580220857b1599038456e2f031ce0efd2f41a394?s=96&d=mm&r=g\",\"contentUrl\":\"https:\/\/secure.gravatar.com\/avatar\/11e9f37f3773887633d17fdf580220857b1599038456e2f031ce0efd2f41a394?s=96&d=mm&r=g\",\"caption\":\"ReachExtra\"},\"sameAs\":[\"http:\/\/www.reachextra.com\"]}]}<\/script>\n<!-- \/ Yoast SEO Premium plugin. -->","yoast_head_json":{"title":"Lidia Falc\u00f3n: \u201cEl futuro ser\u00e1 feminista o no ser\u00e1\u201d - ReachExtra - Noticias","description":"Lidia Falc\u00f3n, que jug\u00f3 un destacado papel durante la Transici\u00f3n espa\u00f1ola, y que incluso lleg\u00f3 a sufrir persecuci\u00f3n y torturas por sus ideas pol\u00edticas durante la dictadura franquista...","robots":{"index":"index","follow":"follow","max-snippet":"max-snippet:-1","max-image-preview":"max-image-preview:large","max-video-preview":"max-video-preview:-1"},"canonical":"https:\/\/reachextra.com\/es\/lidia-falcon-el-futuro-sera-feminista-o-no-sera\/","og_locale":"es_ES","og_type":"article","og_title":"Lidia Falc\u00f3n: \u201cEl futuro ser\u00e1 feminista o no ser\u00e1\u201d","og_description":"Lidia Falc\u00f3n, que jug\u00f3 un destacado papel durante la Transici\u00f3n espa\u00f1ola, y que incluso lleg\u00f3 a sufrir persecuci\u00f3n y torturas por sus ideas pol\u00edticas durante la dictadura franquista...","og_url":"https:\/\/reachextra.com\/es\/lidia-falcon-el-futuro-sera-feminista-o-no-sera\/","og_site_name":"ReachExtra","article_publisher":"http:\/\/www.facebook.com\/reachextra","article_published_time":"2019-03-08T15:35:07+00:00","article_modified_time":"2019-03-08T15:45:16+00:00","og_image":[{"width":1220,"height":813,"url":"https:\/\/reachextra.com\/wp-content\/uploads\/2019\/03\/Conferencia-feminista-Lidia-Falcon-3.jpg","type":"image\/jpeg"}],"author":"ReachExtra","twitter_card":"summary_large_image","twitter_title":"Lidia Falc\u00f3n: \u201cEl futuro ser\u00e1 feminista o no ser\u00e1\u201d","twitter_description":"Lidia Falc\u00f3n, que jug\u00f3 un destacado papel durante la Transici\u00f3n espa\u00f1ola, y que incluso lleg\u00f3 a sufrir persecuci\u00f3n y torturas por sus ideas pol\u00edticas durante la dictadura franquista...","twitter_image":"https:\/\/www.reachextra.com\/wp-content\/uploads\/2019\/03\/Conferencia-feminista-Lidia-Falcon-3.jpg","twitter_creator":"@reachextra","twitter_site":"@reachextra","twitter_misc":{"Escrito por":"ReachExtra","Tiempo de lectura":"4 minutos"},"schema":{"@context":"https:\/\/schema.org","@graph":[{"@type":"Article","@id":"https:\/\/reachextra.com\/es\/lidia-falcon-el-futuro-sera-feminista-o-no-sera\/#article","isPartOf":{"@id":"https:\/\/reachextra.com\/es\/lidia-falcon-el-futuro-sera-feminista-o-no-sera\/"},"author":{"name":"ReachExtra","@id":"https:\/\/reachextra.com\/es\/#\/schema\/person\/5bf8196030cf130091162668b52085df"},"headline":"Lidia Falc\u00f3n: \u201cEl futuro ser\u00e1 feminista o no ser\u00e1\u201d","datePublished":"2019-03-08T15:35:07+00:00","dateModified":"2019-03-08T15:45:16+00:00","mainEntityOfPage":{"@id":"https:\/\/reachextra.com\/es\/lidia-falcon-el-futuro-sera-feminista-o-no-sera\/"},"wordCount":745,"publisher":{"@id":"https:\/\/reachextra.com\/es\/#organization"},"image":{"@id":"https:\/\/reachextra.com\/es\/lidia-falcon-el-futuro-sera-feminista-o-no-sera\/#primaryimage"},"thumbnailUrl":"https:\/\/reachextra.com\/wp-content\/uploads\/2019\/03\/Conferencia-feminista-Lidia-Falcon-3.jpg","keywords":["algeciras","feminismo","Lidia Falcon"],"articleSection":["Noticias"],"inLanguage":"es"},{"@type":"WebPage","@id":"https:\/\/reachextra.com\/es\/lidia-falcon-el-futuro-sera-feminista-o-no-sera\/","url":"https:\/\/reachextra.com\/es\/lidia-falcon-el-futuro-sera-feminista-o-no-sera\/","name":"Lidia Falc\u00f3n: \u201cEl futuro ser\u00e1 feminista o no ser\u00e1\u201d - ReachExtra - Noticias","isPartOf":{"@id":"https:\/\/reachextra.com\/es\/#website"},"primaryImageOfPage":{"@id":"https:\/\/reachextra.com\/es\/lidia-falcon-el-futuro-sera-feminista-o-no-sera\/#primaryimage"},"image":{"@id":"https:\/\/reachextra.com\/es\/lidia-falcon-el-futuro-sera-feminista-o-no-sera\/#primaryimage"},"thumbnailUrl":"https:\/\/reachextra.com\/wp-content\/uploads\/2019\/03\/Conferencia-feminista-Lidia-Falcon-3.jpg","datePublished":"2019-03-08T15:35:07+00:00","dateModified":"2019-03-08T15:45:16+00:00","description":"Lidia Falc\u00f3n, que jug\u00f3 un destacado papel durante la Transici\u00f3n espa\u00f1ola, y que incluso lleg\u00f3 a sufrir persecuci\u00f3n y torturas por sus ideas pol\u00edticas durante la dictadura franquista...","breadcrumb":{"@id":"https:\/\/reachextra.com\/es\/lidia-falcon-el-futuro-sera-feminista-o-no-sera\/#breadcrumb"},"inLanguage":"es","potentialAction":[{"@type":"ReadAction","target":["https:\/\/reachextra.com\/es\/lidia-falcon-el-futuro-sera-feminista-o-no-sera\/"]}]},{"@type":"ImageObject","inLanguage":"es","@id":"https:\/\/reachextra.com\/es\/lidia-falcon-el-futuro-sera-feminista-o-no-sera\/#primaryimage","url":"https:\/\/reachextra.com\/wp-content\/uploads\/2019\/03\/Conferencia-feminista-Lidia-Falcon-3.jpg","contentUrl":"https:\/\/reachextra.com\/wp-content\/uploads\/2019\/03\/Conferencia-feminista-Lidia-Falcon-3.jpg","width":1220,"height":813,"caption":"Conferencia-feminista-Lidia-Falcon-Fran-Montes-3"},{"@type":"BreadcrumbList","@id":"https:\/\/reachextra.com\/es\/lidia-falcon-el-futuro-sera-feminista-o-no-sera\/#breadcrumb","itemListElement":[{"@type":"ListItem","position":1,"name":"Home","item":"https:\/\/reachextra.com\/es\/"},{"@type":"ListItem","position":2,"name":"Noticias","item":"https:\/\/reachextra.com\/es\/category\/noticias-es\/"},{"@type":"ListItem","position":3,"name":"Lidia Falc\u00f3n: \u201cEl futuro ser\u00e1 feminista o no ser\u00e1\u201d"}]},{"@type":"WebSite","@id":"https:\/\/reachextra.com\/es\/#website","url":"https:\/\/reachextra.com\/es\/","name":"ReachExtra","description":" Reach-Alcance en Espa\u00f1ol | Gibraltar | Campo de Gibraltar","publisher":{"@id":"https:\/\/reachextra.com\/es\/#organization"},"potentialAction":[{"@type":"SearchAction","target":{"@type":"EntryPoint","urlTemplate":"https:\/\/reachextra.com\/es\/?s={search_term_string}"},"query-input":{"@type":"PropertyValueSpecification","valueRequired":true,"valueName":"search_term_string"}}],"inLanguage":"es"},{"@type":"Organization","@id":"https:\/\/reachextra.com\/es\/#organization","name":"Reach-Alcance","url":"https:\/\/reachextra.com\/es\/","logo":{"@type":"ImageObject","inLanguage":"es","@id":"https:\/\/reachextra.com\/es\/#\/schema\/logo\/image\/","url":"https:\/\/www.reachextra.com\/wp-content\/uploads\/2018\/12\/Reach-Alcance-LOGO-HDPI.jpg","contentUrl":"https:\/\/www.reachextra.com\/wp-content\/uploads\/2018\/12\/Reach-Alcance-LOGO-HDPI.jpg","width":750,"height":474,"caption":"Reach-Alcance"},"image":{"@id":"https:\/\/reachextra.com\/es\/#\/schema\/logo\/image\/"},"sameAs":["http:\/\/www.facebook.com\/reachextra","https:\/\/x.com\/reachextra","http:\/\/reach.extra","https:\/\/www.linkedin.com\/company\/reach-alcance\/"]},{"@type":"Person","@id":"https:\/\/reachextra.com\/es\/#\/schema\/person\/5bf8196030cf130091162668b52085df","name":"ReachExtra","image":{"@type":"ImageObject","inLanguage":"es","@id":"https:\/\/reachextra.com\/es\/#\/schema\/person\/image\/","url":"https:\/\/secure.gravatar.com\/avatar\/11e9f37f3773887633d17fdf580220857b1599038456e2f031ce0efd2f41a394?s=96&d=mm&r=g","contentUrl":"https:\/\/secure.gravatar.com\/avatar\/11e9f37f3773887633d17fdf580220857b1599038456e2f031ce0efd2f41a394?s=96&d=mm&r=g","caption":"ReachExtra"},"sameAs":["http:\/\/www.reachextra.com"]}]}},"jetpack_featured_media_url":"https:\/\/reachextra.com\/wp-content\/uploads\/2019\/03\/Conferencia-feminista-Lidia-Falcon-3.jpg","wps_subtitle":"Rosario P\u00e9rez \u00b7 Fotos: Fran Montes","jetpack_sharing_enabled":true,"_links":{"self":[{"href":"https:\/\/reachextra.com\/es\/wp-json\/wp\/v2\/posts\/7943","targetHints":{"allow":["GET"]}}],"collection":[{"href":"https:\/\/reachextra.com\/es\/wp-json\/wp\/v2\/posts"}],"about":[{"href":"https:\/\/reachextra.com\/es\/wp-json\/wp\/v2\/types\/post"}],"author":[{"embeddable":true,"href":"https:\/\/reachextra.com\/es\/wp-json\/wp\/v2\/users\/1"}],"replies":[{"embeddable":true,"href":"https:\/\/reachextra.com\/es\/wp-json\/wp\/v2\/comments?post=7943"}],"version-history":[{"count":3,"href":"https:\/\/reachextra.com\/es\/wp-json\/wp\/v2\/posts\/7943\/revisions"}],"predecessor-version":[{"id":7946,"href":"https:\/\/reachextra.com\/es\/wp-json\/wp\/v2\/posts\/7943\/revisions\/7946"}],"wp:featuredmedia":[{"embeddable":true,"href":"https:\/\/reachextra.com\/es\/wp-json\/wp\/v2\/media\/7936"}],"wp:attachment":[{"href":"https:\/\/reachextra.com\/es\/wp-json\/wp\/v2\/media?parent=7943"}],"wp:term":[{"taxonomy":"category","embeddable":true,"href":"https:\/\/reachextra.com\/es\/wp-json\/wp\/v2\/categories?post=7943"},{"taxonomy":"post_tag","embeddable":true,"href":"https:\/\/reachextra.com\/es\/wp-json\/wp\/v2\/tags?post=7943"},{"taxonomy":"adace-sponsor","embeddable":true,"href":"https:\/\/reachextra.com\/es\/wp-json\/wp\/v2\/adace-sponsor?post=7943"}],"curies":[{"name":"wp","href":"https:\/\/api.w.org\/{rel}","templated":true}]}}