{"id":7619,"date":"2019-02-23T15:34:29","date_gmt":"2019-02-23T14:34:29","guid":{"rendered":"https:\/\/www.reachextra.com\/la-aldea-tarifena-aspira-al-premio-del-paisaje-del-consejo-de-europa-2018-2019\/"},"modified":"2019-03-04T12:42:29","modified_gmt":"2019-03-04T11:42:29","slug":"la-aldea-tarifena-aspira-al-premio-del-paisaje-del-consejo-de-europa-2018-2019","status":"publish","type":"post","link":"https:\/\/reachextra.com\/es\/la-aldea-tarifena-aspira-al-premio-del-paisaje-del-consejo-de-europa-2018-2019\/","title":{"rendered":"La aldea tarife\u00f1a aspira al Premio del Paisaje del Consejo de Europa 2018-2019"},"content":{"rendered":"\n<p>El compendio de virtudes paisaj\u00edsticas de la Ensenada de Bolonia la hacen aspirar a un galard\u00f3n que es el m\u00e1ximo reconocimiento a la aplicaci\u00f3n de medidas de protecci\u00f3n, gesti\u00f3n y ordenaci\u00f3n de paisajes a cargo de las administraciones p\u00fablicas.<\/p>\n\n\n\n<div class=\"wp-block-image\"><figure class=\"aligncenter\"><img loading=\"lazy\" decoding=\"async\" width=\"900\" height=\"600\" src=\"https:\/\/www.reachextra.com\/wp-content\/uploads\/2019\/02\/Bolonia-11-Fran-Montes-Reach-Alcance.jpg\" alt=\"Bolonia-23-Fran-Montes-Reach-Alcance\" class=\"wp-image-7592\" srcset=\"https:\/\/reachextra.com\/wp-content\/uploads\/2019\/02\/Bolonia-11-Fran-Montes-Reach-Alcance.jpg 900w, https:\/\/reachextra.com\/wp-content\/uploads\/2019\/02\/Bolonia-11-Fran-Montes-Reach-Alcance-300x200.jpg 300w, https:\/\/reachextra.com\/wp-content\/uploads\/2019\/02\/Bolonia-11-Fran-Montes-Reach-Alcance-768x512.jpg 768w, https:\/\/reachextra.com\/wp-content\/uploads\/2019\/02\/Bolonia-11-Fran-Montes-Reach-Alcance-180x120.jpg 180w, https:\/\/reachextra.com\/wp-content\/uploads\/2019\/02\/Bolonia-11-Fran-Montes-Reach-Alcance-561x374.jpg 561w, https:\/\/reachextra.com\/wp-content\/uploads\/2019\/02\/Bolonia-11-Fran-Montes-Reach-Alcance-364x243.jpg 364w, https:\/\/reachextra.com\/wp-content\/uploads\/2019\/02\/Bolonia-11-Fran-Montes-Reach-Alcance-728x485.jpg 728w, https:\/\/reachextra.com\/wp-content\/uploads\/2019\/02\/Bolonia-11-Fran-Montes-Reach-Alcance-608x405.jpg 608w, https:\/\/reachextra.com\/wp-content\/uploads\/2019\/02\/Bolonia-11-Fran-Montes-Reach-Alcance-758x505.jpg 758w, https:\/\/reachextra.com\/wp-content\/uploads\/2019\/02\/Bolonia-11-Fran-Montes-Reach-Alcance-72x48.jpg 72w, https:\/\/reachextra.com\/wp-content\/uploads\/2019\/02\/Bolonia-11-Fran-Montes-Reach-Alcance-144x96.jpg 144w, https:\/\/reachextra.com\/wp-content\/uploads\/2019\/02\/Bolonia-11-Fran-Montes-Reach-Alcance-313x209.jpg 313w\" sizes=\"auto, (max-width: 900px) 100vw, 900px\" \/><\/figure><\/div>\n\n\n\n<p>El Instituto Andaluz de Patrimonio Hist\u00f3rico (IAPH) redact\u00f3, entre 2000 y 2004, la Gu\u00eda del Paisaje Cultural de la Ensenada de Bolonia. <\/p>\n\n\n\n<p>Este documento recoge las principales claves para el conocimiento y la gesti\u00f3n paisaj\u00edstica de la ensenada e incluye una serie de propuestas para la conservaci\u00f3n de sus valores naturales y culturales. <\/p>\n\n\n\n<h2 class=\"wp-block-heading\">Algunas de las razones por las que merece visitarse la aldea de Bolonia<\/h2>\n\n\n\n<figure class=\"wp-block-image\"><img loading=\"lazy\" decoding=\"async\" width=\"900\" height=\"600\" src=\"https:\/\/www.reachextra.com\/wp-content\/uploads\/2019\/02\/Bolonia-4-Fran-Montes-Reach-Alcance.jpg\" alt=\"Bolonia-23-Fran-Montes-Reach-Alcance\" class=\"wp-image-7586\" srcset=\"https:\/\/reachextra.com\/wp-content\/uploads\/2019\/02\/Bolonia-4-Fran-Montes-Reach-Alcance.jpg 900w, https:\/\/reachextra.com\/wp-content\/uploads\/2019\/02\/Bolonia-4-Fran-Montes-Reach-Alcance-300x200.jpg 300w, https:\/\/reachextra.com\/wp-content\/uploads\/2019\/02\/Bolonia-4-Fran-Montes-Reach-Alcance-768x512.jpg 768w, https:\/\/reachextra.com\/wp-content\/uploads\/2019\/02\/Bolonia-4-Fran-Montes-Reach-Alcance-180x120.jpg 180w, https:\/\/reachextra.com\/wp-content\/uploads\/2019\/02\/Bolonia-4-Fran-Montes-Reach-Alcance-561x374.jpg 561w, https:\/\/reachextra.com\/wp-content\/uploads\/2019\/02\/Bolonia-4-Fran-Montes-Reach-Alcance-364x243.jpg 364w, https:\/\/reachextra.com\/wp-content\/uploads\/2019\/02\/Bolonia-4-Fran-Montes-Reach-Alcance-728x485.jpg 728w, https:\/\/reachextra.com\/wp-content\/uploads\/2019\/02\/Bolonia-4-Fran-Montes-Reach-Alcance-608x405.jpg 608w, https:\/\/reachextra.com\/wp-content\/uploads\/2019\/02\/Bolonia-4-Fran-Montes-Reach-Alcance-758x505.jpg 758w, https:\/\/reachextra.com\/wp-content\/uploads\/2019\/02\/Bolonia-4-Fran-Montes-Reach-Alcance-72x48.jpg 72w, https:\/\/reachextra.com\/wp-content\/uploads\/2019\/02\/Bolonia-4-Fran-Montes-Reach-Alcance-144x96.jpg 144w, https:\/\/reachextra.com\/wp-content\/uploads\/2019\/02\/Bolonia-4-Fran-Montes-Reach-Alcance-313x209.jpg 313w\" sizes=\"auto, (max-width: 900px) 100vw, 900px\" \/><\/figure>\n\n\n\n<p>La Aldea de Bolonia es un conjunto de viviendas rurales desde la que se prestan servicios b\u00e1sicos con una amplia gama de oferta gastron\u00f3mica, basada en una gran variedad de platos, y en alojamientos de baja densidad.<\/p>\n\n\n\n<p>El entorno es tan rico y \u00fanico que a pesar de los miles de personas que acuden al lugar no se ofrece ni se permiten alojamientos tur\u00edsticos masivos. <\/p>\n\n\n\n<p>La Aldea de Bolonia es un lugar \u00fanico sobre el que gira uno de los entornos m\u00e1s bellos y \u00fanicos de Andaluc\u00eda y de Espa\u00f1a.<\/p>\n\n\n\n<figure class=\"wp-block-image\"><img loading=\"lazy\" decoding=\"async\" width=\"900\" height=\"600\" src=\"https:\/\/www.reachextra.com\/wp-content\/uploads\/2019\/02\/Bolonia-5-Fran-Montes-Reach-Alcance.jpg\" alt=\"Bolonia-23-Fran-Montes-Reach-Alcance\" class=\"wp-image-7588\" srcset=\"https:\/\/reachextra.com\/wp-content\/uploads\/2019\/02\/Bolonia-5-Fran-Montes-Reach-Alcance.jpg 900w, https:\/\/reachextra.com\/wp-content\/uploads\/2019\/02\/Bolonia-5-Fran-Montes-Reach-Alcance-300x200.jpg 300w, https:\/\/reachextra.com\/wp-content\/uploads\/2019\/02\/Bolonia-5-Fran-Montes-Reach-Alcance-768x512.jpg 768w, https:\/\/reachextra.com\/wp-content\/uploads\/2019\/02\/Bolonia-5-Fran-Montes-Reach-Alcance-180x120.jpg 180w, https:\/\/reachextra.com\/wp-content\/uploads\/2019\/02\/Bolonia-5-Fran-Montes-Reach-Alcance-561x374.jpg 561w, https:\/\/reachextra.com\/wp-content\/uploads\/2019\/02\/Bolonia-5-Fran-Montes-Reach-Alcance-364x243.jpg 364w, https:\/\/reachextra.com\/wp-content\/uploads\/2019\/02\/Bolonia-5-Fran-Montes-Reach-Alcance-728x485.jpg 728w, https:\/\/reachextra.com\/wp-content\/uploads\/2019\/02\/Bolonia-5-Fran-Montes-Reach-Alcance-608x405.jpg 608w, https:\/\/reachextra.com\/wp-content\/uploads\/2019\/02\/Bolonia-5-Fran-Montes-Reach-Alcance-758x505.jpg 758w, https:\/\/reachextra.com\/wp-content\/uploads\/2019\/02\/Bolonia-5-Fran-Montes-Reach-Alcance-72x48.jpg 72w, https:\/\/reachextra.com\/wp-content\/uploads\/2019\/02\/Bolonia-5-Fran-Montes-Reach-Alcance-144x96.jpg 144w, https:\/\/reachextra.com\/wp-content\/uploads\/2019\/02\/Bolonia-5-Fran-Montes-Reach-Alcance-313x209.jpg 313w\" sizes=\"auto, (max-width: 900px) 100vw, 900px\" \/><\/figure>\n\n\n\n<p>Estas son algunas de las razones por las que debe visitar este lugar maravilloso del municipio tarife\u00f1o, aunque para su intenso disfrute les recomendamos que no acudan, sobre todo, los d\u00edas de verano.<\/p>\n\n\n\n<h3 class=\"wp-block-heading\">RUINAS DE BAELO CLAUDIA<\/h3>\n\n\n\n<figure class=\"wp-block-image\"><img loading=\"lazy\" decoding=\"async\" width=\"900\" height=\"600\" src=\"https:\/\/www.reachextra.com\/wp-content\/uploads\/2019\/02\/Bolonia-19-Fran-Montes-Reach-Alcance.jpg\" alt=\"Bolonia-23-Fran-Montes-Reach-Alcance\" class=\"wp-image-7602\" srcset=\"https:\/\/reachextra.com\/wp-content\/uploads\/2019\/02\/Bolonia-19-Fran-Montes-Reach-Alcance.jpg 900w, https:\/\/reachextra.com\/wp-content\/uploads\/2019\/02\/Bolonia-19-Fran-Montes-Reach-Alcance-300x200.jpg 300w, https:\/\/reachextra.com\/wp-content\/uploads\/2019\/02\/Bolonia-19-Fran-Montes-Reach-Alcance-768x512.jpg 768w, https:\/\/reachextra.com\/wp-content\/uploads\/2019\/02\/Bolonia-19-Fran-Montes-Reach-Alcance-180x120.jpg 180w, https:\/\/reachextra.com\/wp-content\/uploads\/2019\/02\/Bolonia-19-Fran-Montes-Reach-Alcance-561x374.jpg 561w, https:\/\/reachextra.com\/wp-content\/uploads\/2019\/02\/Bolonia-19-Fran-Montes-Reach-Alcance-364x243.jpg 364w, https:\/\/reachextra.com\/wp-content\/uploads\/2019\/02\/Bolonia-19-Fran-Montes-Reach-Alcance-728x485.jpg 728w, https:\/\/reachextra.com\/wp-content\/uploads\/2019\/02\/Bolonia-19-Fran-Montes-Reach-Alcance-608x405.jpg 608w, https:\/\/reachextra.com\/wp-content\/uploads\/2019\/02\/Bolonia-19-Fran-Montes-Reach-Alcance-758x505.jpg 758w, https:\/\/reachextra.com\/wp-content\/uploads\/2019\/02\/Bolonia-19-Fran-Montes-Reach-Alcance-72x48.jpg 72w, https:\/\/reachextra.com\/wp-content\/uploads\/2019\/02\/Bolonia-19-Fran-Montes-Reach-Alcance-144x96.jpg 144w, https:\/\/reachextra.com\/wp-content\/uploads\/2019\/02\/Bolonia-19-Fran-Montes-Reach-Alcance-313x209.jpg 313w\" sizes=\"auto, (max-width: 900px) 100vw, 900px\" \/><\/figure>\n\n\n\n<p>La antigua ciudad romana de Baelo Claudia est\u00e1 situada en la ensenada de Bolonia  a unos 22 km al noroeste de Tarifa.<\/p>\n\n\n\n<p>Declarado Monumento Hist\u00f3rico Nacional, es una ciudad-factor\u00eda romana que sorprende por su estado de conservaci\u00f3n.<\/p>\n\n\n\n<p>Fue importante en la \u00e9poca por sus conservas y salazones, origen de la salsa denominada garum, que era exportada a todo el imperio.<\/p>\n\n\n\n<p>Con el Conjunto Arqueol\u00f3gico, la provincia de C\u00e1diz conserva una de las mejores muestras del urbanismo romano que se conocen.<\/p>\n\n\n\n<p>Algunos edificios son de la \u00e9poca de Augusto, si bien la mayor parte fue construida bajo el mandato de Claudio.<\/p>\n\n\n\n<h3 class=\"wp-block-heading\">MUSEO ARQUEOL\u00d3GICO<\/h3>\n\n\n\n<p>El Conjunto Arqueol\u00f3gico de Baelo Claudia cuenta con una instalaci\u00f3n museogr\u00e1fica que adem\u00e1s de ser un lugar de recepci\u00f3n y centro administrativo, es un espacio expositivo y muse\u00edstico, capaz de acoger actividades m\u00faltiples.<\/p>\n\n\n\n<p>El edificio muestra una extraordinaria diferencia con el paisaje que lo rodea. <\/p>\n\n\n\n<p>La exposici\u00f3n presenta Baelo Claudia dividida en bloques tem\u00e1ticos: la econom\u00eda, basada en la transformaci\u00f3n y comercializaci\u00f3n de los recursos pesqueros, el espacio urbano, que recoge todos los elementos representativos del modelo urban\u00edstico que Roma difundi\u00f3 por todo el Imperio, las creencias religiosas, los principales ritos funerarios y la vida cotidiana.<\/p>\n\n\n\n<h3 class=\"wp-block-heading\">PLAYA DE BOLONIA<\/h3>\n\n\n\n<figure class=\"wp-block-image\"><img loading=\"lazy\" decoding=\"async\" width=\"900\" height=\"600\" src=\"https:\/\/www.reachextra.com\/wp-content\/uploads\/2019\/02\/Bolonia-3-Fran-Montes-Reach-Alcance.jpg\" alt=\"Bolonia-23-Fran-Montes-Reach-Alcance\" class=\"wp-image-7584\" srcset=\"https:\/\/reachextra.com\/wp-content\/uploads\/2019\/02\/Bolonia-3-Fran-Montes-Reach-Alcance.jpg 900w, https:\/\/reachextra.com\/wp-content\/uploads\/2019\/02\/Bolonia-3-Fran-Montes-Reach-Alcance-300x200.jpg 300w, https:\/\/reachextra.com\/wp-content\/uploads\/2019\/02\/Bolonia-3-Fran-Montes-Reach-Alcance-768x512.jpg 768w, https:\/\/reachextra.com\/wp-content\/uploads\/2019\/02\/Bolonia-3-Fran-Montes-Reach-Alcance-180x120.jpg 180w, https:\/\/reachextra.com\/wp-content\/uploads\/2019\/02\/Bolonia-3-Fran-Montes-Reach-Alcance-561x374.jpg 561w, https:\/\/reachextra.com\/wp-content\/uploads\/2019\/02\/Bolonia-3-Fran-Montes-Reach-Alcance-364x243.jpg 364w, https:\/\/reachextra.com\/wp-content\/uploads\/2019\/02\/Bolonia-3-Fran-Montes-Reach-Alcance-728x485.jpg 728w, https:\/\/reachextra.com\/wp-content\/uploads\/2019\/02\/Bolonia-3-Fran-Montes-Reach-Alcance-608x405.jpg 608w, https:\/\/reachextra.com\/wp-content\/uploads\/2019\/02\/Bolonia-3-Fran-Montes-Reach-Alcance-758x505.jpg 758w, https:\/\/reachextra.com\/wp-content\/uploads\/2019\/02\/Bolonia-3-Fran-Montes-Reach-Alcance-72x48.jpg 72w, https:\/\/reachextra.com\/wp-content\/uploads\/2019\/02\/Bolonia-3-Fran-Montes-Reach-Alcance-144x96.jpg 144w, https:\/\/reachextra.com\/wp-content\/uploads\/2019\/02\/Bolonia-3-Fran-Montes-Reach-Alcance-313x209.jpg 313w\" sizes=\"auto, (max-width: 900px) 100vw, 900px\" \/><\/figure>\n\n\n\n<p>La Playa de Bolonia es la continuaci\u00f3n hacia el sur de Zahara de los Atunes y Atlanterra pero no est\u00e1n conectadas ya que se separan por acantilados.<\/p>\n\n\n\n<p>Bolonia es m\u00e1s que una playa, es un entorno natural con parajes llenos de naturaleza casi virgen, arena fina y blanca, aguas cristalinas y una agradable brisa marina. Es una playa muy limpia y sus aguas son de las m\u00e1s transparentes de la zona. <\/p>\n\n\n\n<figure class=\"wp-block-image\"><img loading=\"lazy\" decoding=\"async\" width=\"900\" height=\"600\" src=\"https:\/\/www.reachextra.com\/wp-content\/uploads\/2019\/02\/Bolonia-6-Fran-Montes-Reach-Alcance.jpg\" alt=\"Bolonia-23-Fran-Montes-Reach-Alcance\" class=\"wp-image-7590\" srcset=\"https:\/\/reachextra.com\/wp-content\/uploads\/2019\/02\/Bolonia-6-Fran-Montes-Reach-Alcance.jpg 900w, https:\/\/reachextra.com\/wp-content\/uploads\/2019\/02\/Bolonia-6-Fran-Montes-Reach-Alcance-300x200.jpg 300w, https:\/\/reachextra.com\/wp-content\/uploads\/2019\/02\/Bolonia-6-Fran-Montes-Reach-Alcance-768x512.jpg 768w, https:\/\/reachextra.com\/wp-content\/uploads\/2019\/02\/Bolonia-6-Fran-Montes-Reach-Alcance-180x120.jpg 180w, https:\/\/reachextra.com\/wp-content\/uploads\/2019\/02\/Bolonia-6-Fran-Montes-Reach-Alcance-561x374.jpg 561w, https:\/\/reachextra.com\/wp-content\/uploads\/2019\/02\/Bolonia-6-Fran-Montes-Reach-Alcance-364x243.jpg 364w, https:\/\/reachextra.com\/wp-content\/uploads\/2019\/02\/Bolonia-6-Fran-Montes-Reach-Alcance-728x485.jpg 728w, https:\/\/reachextra.com\/wp-content\/uploads\/2019\/02\/Bolonia-6-Fran-Montes-Reach-Alcance-608x405.jpg 608w, https:\/\/reachextra.com\/wp-content\/uploads\/2019\/02\/Bolonia-6-Fran-Montes-Reach-Alcance-758x505.jpg 758w, https:\/\/reachextra.com\/wp-content\/uploads\/2019\/02\/Bolonia-6-Fran-Montes-Reach-Alcance-72x48.jpg 72w, https:\/\/reachextra.com\/wp-content\/uploads\/2019\/02\/Bolonia-6-Fran-Montes-Reach-Alcance-144x96.jpg 144w, https:\/\/reachextra.com\/wp-content\/uploads\/2019\/02\/Bolonia-6-Fran-Montes-Reach-Alcance-313x209.jpg 313w\" sizes=\"auto, (max-width: 900px) 100vw, 900px\" \/><figcaption>@Fan Montes<\/figcaption><\/figure>\n\n\n\n<p>Los que la visitan entienden que es un entorno natural \u00fanico y lo respetan. La playa tiene unos cuatro kil\u00f3metros de largo y unos 70 metros de ancho.<\/p>\n\n\n\n<h3 class=\"wp-block-heading\">LA DUNA<\/h3>\n\n\n\n<figure class=\"wp-block-image\"><img loading=\"lazy\" decoding=\"async\" width=\"900\" height=\"600\" src=\"https:\/\/www.reachextra.com\/wp-content\/uploads\/2019\/02\/Bolonia-23-Fran-Montes-Reach-Alcance.jpg\" alt=\"Bolonia-23-Fran-Montes-Reach-Alcance\" class=\"wp-image-7604\" srcset=\"https:\/\/reachextra.com\/wp-content\/uploads\/2019\/02\/Bolonia-23-Fran-Montes-Reach-Alcance.jpg 900w, https:\/\/reachextra.com\/wp-content\/uploads\/2019\/02\/Bolonia-23-Fran-Montes-Reach-Alcance-300x200.jpg 300w, https:\/\/reachextra.com\/wp-content\/uploads\/2019\/02\/Bolonia-23-Fran-Montes-Reach-Alcance-768x512.jpg 768w, https:\/\/reachextra.com\/wp-content\/uploads\/2019\/02\/Bolonia-23-Fran-Montes-Reach-Alcance-180x120.jpg 180w, https:\/\/reachextra.com\/wp-content\/uploads\/2019\/02\/Bolonia-23-Fran-Montes-Reach-Alcance-561x374.jpg 561w, https:\/\/reachextra.com\/wp-content\/uploads\/2019\/02\/Bolonia-23-Fran-Montes-Reach-Alcance-364x243.jpg 364w, https:\/\/reachextra.com\/wp-content\/uploads\/2019\/02\/Bolonia-23-Fran-Montes-Reach-Alcance-728x485.jpg 728w, https:\/\/reachextra.com\/wp-content\/uploads\/2019\/02\/Bolonia-23-Fran-Montes-Reach-Alcance-608x405.jpg 608w, https:\/\/reachextra.com\/wp-content\/uploads\/2019\/02\/Bolonia-23-Fran-Montes-Reach-Alcance-758x505.jpg 758w, https:\/\/reachextra.com\/wp-content\/uploads\/2019\/02\/Bolonia-23-Fran-Montes-Reach-Alcance-72x48.jpg 72w, https:\/\/reachextra.com\/wp-content\/uploads\/2019\/02\/Bolonia-23-Fran-Montes-Reach-Alcance-144x96.jpg 144w, https:\/\/reachextra.com\/wp-content\/uploads\/2019\/02\/Bolonia-23-Fran-Montes-Reach-Alcance-313x209.jpg 313w\" sizes=\"auto, (max-width: 900px) 100vw, 900px\" \/><\/figure>\n\n\n\n<p>La duna es el principal atractivo natural de Bolonia. Se trata de una formaci\u00f3n inmensa que el viento va acumulando y que va cambiando progresivamente. De hecho seg\u00fan la \u00e9poca que vas, la duna est\u00e1 diferente. No te pierdas la experiencia de subirla.<\/p>\n\n\n\n<p>Te aconsejamos que te lo tomes con calma, porque aunque desde abajo parece poco una vez en faena se hace cuesta arriba, y nunca mejor dicho. Muchos la suben para ver el atardecer. <\/p>\n\n\n\n<p>Y que no falte una c\u00e1mara de fotos para retratar la experiencia.<\/p>\n\n\n\n<h3 class=\"wp-block-heading\">FARO DE CAMARINAL<\/h3>\n\n\n\n<p>El faro se sit\u00faa sobre el cabo de Gracia, que pertenece al Parque Natural del Estrecho y que se encuentra entre la playa de los Alemanes y la de El Ca\u00f1uelo.<\/p>\n\n\n\n<p>En su origen, el faro de Camarinal era una torre almenara denominada \u2018torre Vieja\u2019 o \u2018torre de Cabo de Gracia\u2019.<\/p>\n\n\n\n<p>Fue una de las torres de vigilancia costera construidas en el siglo XVI por orden de Felipe II para proteger la costa gaditana frente a las acciones de pillaje de los piratas berberiscos. Luego en 1990 fue restaurada y habilitada como Faro.<\/p>\n\n\n\n<h3 class=\"wp-block-heading\">PLAYA DEL CA\u00d1UELO<\/h3>\n\n\n\n<figure class=\"wp-block-image\"><img loading=\"lazy\" decoding=\"async\" width=\"900\" height=\"600\" src=\"https:\/\/www.reachextra.com\/wp-content\/uploads\/2019\/02\/Bolonia-17-Fran-Montes-Reach-Alcance.jpg\" alt=\"Bolonia-23-Fran-Montes-Reach-Alcance\" class=\"wp-image-7598\" srcset=\"https:\/\/reachextra.com\/wp-content\/uploads\/2019\/02\/Bolonia-17-Fran-Montes-Reach-Alcance.jpg 900w, https:\/\/reachextra.com\/wp-content\/uploads\/2019\/02\/Bolonia-17-Fran-Montes-Reach-Alcance-300x200.jpg 300w, https:\/\/reachextra.com\/wp-content\/uploads\/2019\/02\/Bolonia-17-Fran-Montes-Reach-Alcance-768x512.jpg 768w, https:\/\/reachextra.com\/wp-content\/uploads\/2019\/02\/Bolonia-17-Fran-Montes-Reach-Alcance-180x120.jpg 180w, https:\/\/reachextra.com\/wp-content\/uploads\/2019\/02\/Bolonia-17-Fran-Montes-Reach-Alcance-561x374.jpg 561w, https:\/\/reachextra.com\/wp-content\/uploads\/2019\/02\/Bolonia-17-Fran-Montes-Reach-Alcance-364x243.jpg 364w, https:\/\/reachextra.com\/wp-content\/uploads\/2019\/02\/Bolonia-17-Fran-Montes-Reach-Alcance-728x485.jpg 728w, https:\/\/reachextra.com\/wp-content\/uploads\/2019\/02\/Bolonia-17-Fran-Montes-Reach-Alcance-608x405.jpg 608w, https:\/\/reachextra.com\/wp-content\/uploads\/2019\/02\/Bolonia-17-Fran-Montes-Reach-Alcance-758x505.jpg 758w, https:\/\/reachextra.com\/wp-content\/uploads\/2019\/02\/Bolonia-17-Fran-Montes-Reach-Alcance-72x48.jpg 72w, https:\/\/reachextra.com\/wp-content\/uploads\/2019\/02\/Bolonia-17-Fran-Montes-Reach-Alcance-144x96.jpg 144w, https:\/\/reachextra.com\/wp-content\/uploads\/2019\/02\/Bolonia-17-Fran-Montes-Reach-Alcance-313x209.jpg 313w\" sizes=\"auto, (max-width: 900px) 100vw, 900px\" \/><\/figure>\n\n\n\n<p>Tiene un acceso relativamente complicado lo que, unido a factores como la ausencia de chiringuitos, hace que sea bastante m\u00e1s tranquila que las playas urbanas de Zahara.<\/p>\n\n\n\n<p>Y que est\u00e9 muy limpia. Tambi\u00e9n se encuentra m\u00e1s resguardada del viento, lo que la convierte en una alternativa interesante en los d\u00edas de levante. <\/p>\n\n\n\n<p>levante. Para llegar a ella hay que caminar al menos media hora atravesando el faro de Camarinal desde la espectacular Playa de los Alemanes.<\/p>\n\n\n\n<h3 class=\"wp-block-heading\">SIERRA DE PLATA<\/h3>\n\n\n\n<p>La pr\u00e1ctica totalidad de la sierra, exceptuando parte de las laderas norte, se encuentra protegida de gran valor natural y paisaj\u00edstico.<\/p>\n\n\n\n<p>En su aproximaci\u00f3n al mar se encuentran los restos arqueol\u00f3gicos de Baelo Claudia, y en el pico Plata se ubica el yacimiento prerromano de la Silla del Papa.<\/p>\n\n\n\n<p>Adem\u00e1s, en sus faldas existe otro yacimiento, la Pe\u00f1a de Ranchiles, de origen probablemente celta, y cuevas con pinturas rupestres, destacando la cueva del Moro. <\/p>\n\n\n\n<p>Adem\u00e1s, en 2017 se descubrieron varios marcadores solares con pinturas rupestres en cuevas de la zona, siendo \u00fanicas en Espa\u00f1a y probablemente en Europa.<\/p>\n\n\n\n<p>Estos parece que serv\u00edan a los primeros habitantes de la zona como calendarios solares para saber cu\u00e1ndo sembrar y recolectar. <\/p>\n\n\n\n<div class=\"wp-block-image\"><figure class=\"aligncenter is-resized\"><img loading=\"lazy\" decoding=\"async\" src=\"https:\/\/www.reachextra.com\/wp-content\/uploads\/2019\/02\/Bolonia-12-Fran-Montes-Reach-Alcance.jpg\" alt=\"Bolonia-23-Fran-Montes-Reach-Alcance\" class=\"wp-image-7594\" width=\"584\" height=\"389\" srcset=\"https:\/\/reachextra.com\/wp-content\/uploads\/2019\/02\/Bolonia-12-Fran-Montes-Reach-Alcance.jpg 900w, https:\/\/reachextra.com\/wp-content\/uploads\/2019\/02\/Bolonia-12-Fran-Montes-Reach-Alcance-300x200.jpg 300w, https:\/\/reachextra.com\/wp-content\/uploads\/2019\/02\/Bolonia-12-Fran-Montes-Reach-Alcance-768x512.jpg 768w, https:\/\/reachextra.com\/wp-content\/uploads\/2019\/02\/Bolonia-12-Fran-Montes-Reach-Alcance-180x120.jpg 180w, https:\/\/reachextra.com\/wp-content\/uploads\/2019\/02\/Bolonia-12-Fran-Montes-Reach-Alcance-561x374.jpg 561w, https:\/\/reachextra.com\/wp-content\/uploads\/2019\/02\/Bolonia-12-Fran-Montes-Reach-Alcance-364x243.jpg 364w, https:\/\/reachextra.com\/wp-content\/uploads\/2019\/02\/Bolonia-12-Fran-Montes-Reach-Alcance-728x485.jpg 728w, https:\/\/reachextra.com\/wp-content\/uploads\/2019\/02\/Bolonia-12-Fran-Montes-Reach-Alcance-608x405.jpg 608w, https:\/\/reachextra.com\/wp-content\/uploads\/2019\/02\/Bolonia-12-Fran-Montes-Reach-Alcance-758x505.jpg 758w, https:\/\/reachextra.com\/wp-content\/uploads\/2019\/02\/Bolonia-12-Fran-Montes-Reach-Alcance-72x48.jpg 72w, https:\/\/reachextra.com\/wp-content\/uploads\/2019\/02\/Bolonia-12-Fran-Montes-Reach-Alcance-144x96.jpg 144w, https:\/\/reachextra.com\/wp-content\/uploads\/2019\/02\/Bolonia-12-Fran-Montes-Reach-Alcance-313x209.jpg 313w\" sizes=\"auto, (max-width: 584px) 100vw, 584px\" \/><\/figure><\/div>\n\n\n\n<h3 class=\"wp-block-heading\">CUEVA DEL MORO<\/h3>\n\n\n\n<p>La Cueva del Moro representa el Santuario Paleol\u00edtico m\u00e1s meridional de Europa. En su interior se encuentran grabados de caballos junto a otras pinturas de color rojo.<\/p>\n\n\n\n<p>Las figuras m\u00e1s antiguas, descubiertas por Lothar Bergman tienen una edad de 20.000 a\u00f1os, incluso m\u00e1s antiguas que las famosas de la Cueva de Altamira.<\/p>\n\n\n\n<h3 class=\"wp-block-heading\">PISCINAS NATURALES<\/h3>\n\n\n\n<figure class=\"wp-block-image\"><img loading=\"lazy\" decoding=\"async\" width=\"900\" height=\"600\" src=\"https:\/\/www.reachextra.com\/wp-content\/uploads\/2019\/02\/Bolonia-14-Fran-Montes-Reach-Alcance.jpg\" alt=\"Bolonia-23-Fran-Montes-Reach-Alcance\" class=\"wp-image-7596\" srcset=\"https:\/\/reachextra.com\/wp-content\/uploads\/2019\/02\/Bolonia-14-Fran-Montes-Reach-Alcance.jpg 900w, https:\/\/reachextra.com\/wp-content\/uploads\/2019\/02\/Bolonia-14-Fran-Montes-Reach-Alcance-300x200.jpg 300w, https:\/\/reachextra.com\/wp-content\/uploads\/2019\/02\/Bolonia-14-Fran-Montes-Reach-Alcance-768x512.jpg 768w, https:\/\/reachextra.com\/wp-content\/uploads\/2019\/02\/Bolonia-14-Fran-Montes-Reach-Alcance-180x120.jpg 180w, https:\/\/reachextra.com\/wp-content\/uploads\/2019\/02\/Bolonia-14-Fran-Montes-Reach-Alcance-561x374.jpg 561w, https:\/\/reachextra.com\/wp-content\/uploads\/2019\/02\/Bolonia-14-Fran-Montes-Reach-Alcance-364x243.jpg 364w, https:\/\/reachextra.com\/wp-content\/uploads\/2019\/02\/Bolonia-14-Fran-Montes-Reach-Alcance-728x485.jpg 728w, https:\/\/reachextra.com\/wp-content\/uploads\/2019\/02\/Bolonia-14-Fran-Montes-Reach-Alcance-608x405.jpg 608w, https:\/\/reachextra.com\/wp-content\/uploads\/2019\/02\/Bolonia-14-Fran-Montes-Reach-Alcance-758x505.jpg 758w, https:\/\/reachextra.com\/wp-content\/uploads\/2019\/02\/Bolonia-14-Fran-Montes-Reach-Alcance-72x48.jpg 72w, https:\/\/reachextra.com\/wp-content\/uploads\/2019\/02\/Bolonia-14-Fran-Montes-Reach-Alcance-144x96.jpg 144w, https:\/\/reachextra.com\/wp-content\/uploads\/2019\/02\/Bolonia-14-Fran-Montes-Reach-Alcance-313x209.jpg 313w\" sizes=\"auto, (max-width: 900px) 100vw, 900px\" \/><\/figure>\n\n\n\n<p>Situadas en la parte este de la playa de Bolonia, encontramos las Piscinas Naturales. Como su propio nombre indica, se trata de un conjunto de piscinas naturales formadas por el agua del mar que queda en las rocas al bajar la marea.<\/p>\n\n\n\n<figure class=\"wp-block-image\"><img loading=\"lazy\" decoding=\"async\" width=\"1024\" height=\"682\" src=\"https:\/\/www.reachextra.com\/wp-content\/uploads\/2019\/02\/Bolonia-18-Fran-Montes-Reach-Alcance-1024x682.jpg\" alt=\"Bolonia-23-Fran-Montes-Reach-Alcance\" class=\"wp-image-7600\" srcset=\"https:\/\/reachextra.com\/wp-content\/uploads\/2019\/02\/Bolonia-18-Fran-Montes-Reach-Alcance-1024x682.jpg 1024w, https:\/\/reachextra.com\/wp-content\/uploads\/2019\/02\/Bolonia-18-Fran-Montes-Reach-Alcance-300x200.jpg 300w, https:\/\/reachextra.com\/wp-content\/uploads\/2019\/02\/Bolonia-18-Fran-Montes-Reach-Alcance-768x512.jpg 768w, https:\/\/reachextra.com\/wp-content\/uploads\/2019\/02\/Bolonia-18-Fran-Montes-Reach-Alcance-180x120.jpg 180w, https:\/\/reachextra.com\/wp-content\/uploads\/2019\/02\/Bolonia-18-Fran-Montes-Reach-Alcance-561x374.jpg 561w, https:\/\/reachextra.com\/wp-content\/uploads\/2019\/02\/Bolonia-18-Fran-Montes-Reach-Alcance-1122x748.jpg 1122w, https:\/\/reachextra.com\/wp-content\/uploads\/2019\/02\/Bolonia-18-Fran-Montes-Reach-Alcance-364x243.jpg 364w, https:\/\/reachextra.com\/wp-content\/uploads\/2019\/02\/Bolonia-18-Fran-Montes-Reach-Alcance-728x485.jpg 728w, https:\/\/reachextra.com\/wp-content\/uploads\/2019\/02\/Bolonia-18-Fran-Montes-Reach-Alcance-608x405.jpg 608w, https:\/\/reachextra.com\/wp-content\/uploads\/2019\/02\/Bolonia-18-Fran-Montes-Reach-Alcance-758x505.jpg 758w, https:\/\/reachextra.com\/wp-content\/uploads\/2019\/02\/Bolonia-18-Fran-Montes-Reach-Alcance-1152x768.jpg 1152w, https:\/\/reachextra.com\/wp-content\/uploads\/2019\/02\/Bolonia-18-Fran-Montes-Reach-Alcance-72x48.jpg 72w, https:\/\/reachextra.com\/wp-content\/uploads\/2019\/02\/Bolonia-18-Fran-Montes-Reach-Alcance-144x96.jpg 144w, https:\/\/reachextra.com\/wp-content\/uploads\/2019\/02\/Bolonia-18-Fran-Montes-Reach-Alcance-313x209.jpg 313w, https:\/\/reachextra.com\/wp-content\/uploads\/2019\/02\/Bolonia-18-Fran-Montes-Reach-Alcance.jpg 1220w\" sizes=\"auto, (max-width: 1024px) 100vw, 1024px\" \/><\/figure>\n\n\n\n<p>Su dif\u00edcil acceso vuelve a jugar un papel a favor de todos aquellos que busquen paz y armon\u00eda.<\/p>\n\n\n\n<h3 class=\"wp-block-heading\">SILLA DEL PAPA<\/h3>\n\n\n\n<p>La Silla del Papa se ubica en el pico Plata, a 457 msnm, el punto m\u00e1s alto de la sierra de la Plata. De acuerdo con los investigadores, Bailo se corresponde con la Silla del Papa, y constituy\u00f3 el asentamiento prerromano previo a la fundaci\u00f3n de Baelo Claudia en la costa.<\/p>\n\n\n\n<p>Contiene tambi\u00e9n un santuario prehist\u00f3rico con forma de silla tallada en la roca, que es la que da nombre a todo el yacimiento<\/p>\n\n\n\n<h3 class=\"wp-block-heading\">GASTRONOMIA<\/h3>\n\n\n\n<p>Bolonia se encuentra en un entorno gastron\u00f3mico de gran riqueza en el que hay 3 grandes pilares: los productos del mar, una huerta generosa y carnes de vacuno aut\u00f3ctono o retinto.<\/p>\n\n\n\n<p>As\u00ed, si vienes a Bolonia te recomendamos no perderte ninguna opci\u00f3n y degustar un poco de todo lo que ofrece la tierra y el mar a los hambrientos visitantes.<\/p>\n\n\n\n<h3 class=\"wp-block-heading\">TEATRO<\/h3>\n\n\n\n<p>El teatro de Baelo Claudia se ubica en el entramado urbano de la ciudad de romana que nace en el s. II a.C. en una zona altamente  estrat\u00e9gica como lo es el Estrecho de Gibraltar.<\/p>\n\n\n\n<p>El espacio, situado en una pendiente para asentar el grader\u00edo fue intervenido, restaurado y consolidado en varias campa\u00f1as arqueol\u00f3gicas, permitiendo un uso cultural limitado, destacando su especial ubicaci\u00f3n e inigualables vistas sobre la ensenada. <\/p>\n\n\n\n<p>El aforo para estas representaciones, gracias a las mejoras realizadas estos a\u00f1os a trav\u00e9s de la Agencia con la instalaci\u00f3n de gradas fijas, alcanza los 500 espectadores.<\/p>\n\n\n\n<p><a href=\"https:\/\/www.aytotarifa.com\/\">Ayuntamiento de Tarifa<\/a><\/p>\n","protected":false},"excerpt":{"rendered":"<p>Algunas de las razones por las que merece visitarse la aldea de Bolonia: La antigua ciudad romana de Baelo Claudia est\u00e1 situada en la ensenada&#8230;. <a class=\"g1-link g1-link-more\" href=\"https:\/\/reachextra.com\/es\/la-aldea-tarifena-aspira-al-premio-del-paisaje-del-consejo-de-europa-2018-2019\/\">More<\/a><\/p>\n","protected":false},"author":1,"featured_media":7601,"comment_status":"closed","ping_status":"closed","sticky":false,"template":"","format":"standard","meta":{"_jetpack_memberships_contains_paid_content":false,"footnotes":""},"categories":[244,225],"tags":[359,791,1241,687,265,1260,1247,1254,1262,1258,957,822,1243,715,1257,1256,1218,1251,1252,1249,224,643],"adace-sponsor":[],"class_list":{"0":"post-7619","1":"post","2":"type-post","3":"status-publish","4":"format-standard","5":"has-post-thumbnail","7":"category-explorar-es","8":"category-tendencias","9":"tag-359","10":"tag-alimentos","11":"tag-baelo-claudia","12":"tag-bolonia","13":"tag-campo-de-gibraltar","14":"tag-canuelo-playa","15":"tag-caraminal","16":"tag-ciudad-romana","17":"tag-el-cueva-moro","18":"tag-farola","19":"tag-fotografia","20":"tag-fran-montes","21":"tag-garum","22":"tag-historia","23":"tag-las-dunas","24":"tag-museo","25":"tag-playas","26":"tag-premio-del-paisaje","27":"tag-ruinas","28":"tag-sierra-de-plata","29":"tag-tarifa","30":"tag-teatro"},"yoast_head":"<!-- This site is optimized with the Yoast SEO Premium plugin v19.5 (Yoast SEO v26.7) - https:\/\/yoast.com\/wordpress\/plugins\/seo\/ -->\n<title>La aldea tarife\u00f1a aspira al Premio del Paisaje del Consejo de Europa 2018-2019 - ReachExtra<\/title>\n<meta name=\"description\" content=\"Algunas de las razones por las que merece visitarse la aldea de Bolonia: La antigua ciudad romana de Baelo Claudia est\u00e1 situada en la ensenada....\" \/>\n<meta name=\"robots\" content=\"index, follow, max-snippet:-1, max-image-preview:large, max-video-preview:-1\" \/>\n<link rel=\"canonical\" href=\"https:\/\/reachextra.com\/es\/la-aldea-tarifena-aspira-al-premio-del-paisaje-del-consejo-de-europa-2018-2019\/\" \/>\n<meta property=\"og:locale\" content=\"es_ES\" \/>\n<meta property=\"og:type\" content=\"article\" \/>\n<meta property=\"og:title\" content=\"La aldea tarife\u00f1a aspira al Premio del Paisaje del Consejo de Europa 2018-2019\" \/>\n<meta property=\"og:description\" content=\"Algunas de las razones por las que merece visitarse la aldea de Bolonia: La antigua ciudad romana de Baelo Claudia est\u00e1 situada en la ensenada....\" \/>\n<meta property=\"og:url\" content=\"https:\/\/reachextra.com\/es\/la-aldea-tarifena-aspira-al-premio-del-paisaje-del-consejo-de-europa-2018-2019\/\" \/>\n<meta property=\"og:site_name\" content=\"ReachExtra\" \/>\n<meta property=\"article:publisher\" content=\"http:\/\/www.facebook.com\/reachextra\" \/>\n<meta property=\"article:published_time\" content=\"2019-02-23T14:34:29+00:00\" \/>\n<meta property=\"article:modified_time\" content=\"2019-03-04T11:42:29+00:00\" \/>\n<meta property=\"og:image\" content=\"https:\/\/reachextra.com\/wp-content\/uploads\/2019\/02\/Bolonia-18-Fran-Montes-Reach-Alcance.jpg\" \/>\n\t<meta property=\"og:image:width\" content=\"1220\" \/>\n\t<meta property=\"og:image:height\" content=\"813\" \/>\n\t<meta property=\"og:image:type\" content=\"image\/jpeg\" \/>\n<meta name=\"author\" content=\"ReachExtra\" \/>\n<meta name=\"twitter:card\" content=\"summary_large_image\" \/>\n<meta name=\"twitter:title\" content=\"La aldea tarife\u00f1a aspira al Premio del Paisaje del Consejo de Europa 2018-2019\" \/>\n<meta name=\"twitter:description\" content=\"Algunas de las razones por las que merece visitarse la aldea de Bolonia: La antigua ciudad romana de Baelo Claudia est\u00e1 situada en la ensenada....\" \/>\n<meta name=\"twitter:image\" content=\"https:\/\/www.reachextra.com\/wp-content\/uploads\/2019\/02\/Bolonia-18-Fran-Montes-Reach-Alcance.jpg\" \/>\n<meta name=\"twitter:creator\" content=\"@reachextra\" \/>\n<meta name=\"twitter:site\" content=\"@reachextra\" \/>\n<meta name=\"twitter:label1\" content=\"Escrito por\" \/>\n\t<meta name=\"twitter:data1\" content=\"ReachExtra\" \/>\n\t<meta name=\"twitter:label2\" content=\"Tiempo de lectura\" \/>\n\t<meta name=\"twitter:data2\" content=\"7 minutos\" \/>\n<script type=\"application\/ld+json\" class=\"yoast-schema-graph\">{\"@context\":\"https:\/\/schema.org\",\"@graph\":[{\"@type\":\"Article\",\"@id\":\"https:\/\/reachextra.com\/es\/la-aldea-tarifena-aspira-al-premio-del-paisaje-del-consejo-de-europa-2018-2019\/#article\",\"isPartOf\":{\"@id\":\"https:\/\/reachextra.com\/es\/la-aldea-tarifena-aspira-al-premio-del-paisaje-del-consejo-de-europa-2018-2019\/\"},\"author\":{\"name\":\"ReachExtra\",\"@id\":\"https:\/\/reachextra.com\/es\/#\/schema\/person\/5bf8196030cf130091162668b52085df\"},\"headline\":\"La aldea tarife\u00f1a aspira al Premio del Paisaje del Consejo de Europa 2018-2019\",\"datePublished\":\"2019-02-23T14:34:29+00:00\",\"dateModified\":\"2019-03-04T11:42:29+00:00\",\"mainEntityOfPage\":{\"@id\":\"https:\/\/reachextra.com\/es\/la-aldea-tarifena-aspira-al-premio-del-paisaje-del-consejo-de-europa-2018-2019\/\"},\"wordCount\":1367,\"publisher\":{\"@id\":\"https:\/\/reachextra.com\/es\/#organization\"},\"image\":{\"@id\":\"https:\/\/reachextra.com\/es\/la-aldea-tarifena-aspira-al-premio-del-paisaje-del-consejo-de-europa-2018-2019\/#primaryimage\"},\"thumbnailUrl\":\"https:\/\/reachextra.com\/wp-content\/uploads\/2019\/02\/Bolonia-18-Fran-Montes-Reach-Alcance.jpg\",\"keywords\":[\"2019\",\"Alimentos\",\"Baelo Claudia\",\"Bolonia\",\"campo de gibraltar\",\"Canuelo Playa\",\"Caraminal\",\"ciudad romana\",\"El Cueva Moro\",\"Farola\",\"fotograf\u00eda\",\"Fran Montes\",\"Garum\",\"Historia\",\"Las Dunas\",\"Museo\",\"Playas\",\"Premio del Paisaje\",\"ruinas\",\"Sierra de Plata\",\"Tarifa\",\"Teatro\"],\"articleSection\":[\"Explorar\",\"Tendencias\"],\"inLanguage\":\"es\"},{\"@type\":\"WebPage\",\"@id\":\"https:\/\/reachextra.com\/es\/la-aldea-tarifena-aspira-al-premio-del-paisaje-del-consejo-de-europa-2018-2019\/\",\"url\":\"https:\/\/reachextra.com\/es\/la-aldea-tarifena-aspira-al-premio-del-paisaje-del-consejo-de-europa-2018-2019\/\",\"name\":\"La aldea tarife\u00f1a aspira al Premio del Paisaje del Consejo de Europa 2018-2019 - ReachExtra\",\"isPartOf\":{\"@id\":\"https:\/\/reachextra.com\/es\/#website\"},\"primaryImageOfPage\":{\"@id\":\"https:\/\/reachextra.com\/es\/la-aldea-tarifena-aspira-al-premio-del-paisaje-del-consejo-de-europa-2018-2019\/#primaryimage\"},\"image\":{\"@id\":\"https:\/\/reachextra.com\/es\/la-aldea-tarifena-aspira-al-premio-del-paisaje-del-consejo-de-europa-2018-2019\/#primaryimage\"},\"thumbnailUrl\":\"https:\/\/reachextra.com\/wp-content\/uploads\/2019\/02\/Bolonia-18-Fran-Montes-Reach-Alcance.jpg\",\"datePublished\":\"2019-02-23T14:34:29+00:00\",\"dateModified\":\"2019-03-04T11:42:29+00:00\",\"description\":\"Algunas de las razones por las que merece visitarse la aldea de Bolonia: La antigua ciudad romana de Baelo Claudia est\u00e1 situada en la ensenada....\",\"breadcrumb\":{\"@id\":\"https:\/\/reachextra.com\/es\/la-aldea-tarifena-aspira-al-premio-del-paisaje-del-consejo-de-europa-2018-2019\/#breadcrumb\"},\"inLanguage\":\"es\",\"potentialAction\":[{\"@type\":\"ReadAction\",\"target\":[\"https:\/\/reachextra.com\/es\/la-aldea-tarifena-aspira-al-premio-del-paisaje-del-consejo-de-europa-2018-2019\/\"]}]},{\"@type\":\"ImageObject\",\"inLanguage\":\"es\",\"@id\":\"https:\/\/reachextra.com\/es\/la-aldea-tarifena-aspira-al-premio-del-paisaje-del-consejo-de-europa-2018-2019\/#primaryimage\",\"url\":\"https:\/\/reachextra.com\/wp-content\/uploads\/2019\/02\/Bolonia-18-Fran-Montes-Reach-Alcance.jpg\",\"contentUrl\":\"https:\/\/reachextra.com\/wp-content\/uploads\/2019\/02\/Bolonia-18-Fran-Montes-Reach-Alcance.jpg\",\"width\":1220,\"height\":813,\"caption\":\"@Fan Montes\"},{\"@type\":\"BreadcrumbList\",\"@id\":\"https:\/\/reachextra.com\/es\/la-aldea-tarifena-aspira-al-premio-del-paisaje-del-consejo-de-europa-2018-2019\/#breadcrumb\",\"itemListElement\":[{\"@type\":\"ListItem\",\"position\":1,\"name\":\"Home\",\"item\":\"https:\/\/reachextra.com\/es\/\"},{\"@type\":\"ListItem\",\"position\":2,\"name\":\"Tendencias\",\"item\":\"https:\/\/reachextra.com\/es\/category\/tendencias\/\"},{\"@type\":\"ListItem\",\"position\":3,\"name\":\"La aldea tarife\u00f1a aspira al Premio del Paisaje del Consejo de Europa 2018-2019\"}]},{\"@type\":\"WebSite\",\"@id\":\"https:\/\/reachextra.com\/es\/#website\",\"url\":\"https:\/\/reachextra.com\/es\/\",\"name\":\"ReachExtra\",\"description\":\" Reach-Alcance en Espa\u00f1ol | Gibraltar | Campo de Gibraltar\",\"publisher\":{\"@id\":\"https:\/\/reachextra.com\/es\/#organization\"},\"potentialAction\":[{\"@type\":\"SearchAction\",\"target\":{\"@type\":\"EntryPoint\",\"urlTemplate\":\"https:\/\/reachextra.com\/es\/?s={search_term_string}\"},\"query-input\":{\"@type\":\"PropertyValueSpecification\",\"valueRequired\":true,\"valueName\":\"search_term_string\"}}],\"inLanguage\":\"es\"},{\"@type\":\"Organization\",\"@id\":\"https:\/\/reachextra.com\/es\/#organization\",\"name\":\"Reach-Alcance\",\"url\":\"https:\/\/reachextra.com\/es\/\",\"logo\":{\"@type\":\"ImageObject\",\"inLanguage\":\"es\",\"@id\":\"https:\/\/reachextra.com\/es\/#\/schema\/logo\/image\/\",\"url\":\"https:\/\/www.reachextra.com\/wp-content\/uploads\/2018\/12\/Reach-Alcance-LOGO-HDPI.jpg\",\"contentUrl\":\"https:\/\/www.reachextra.com\/wp-content\/uploads\/2018\/12\/Reach-Alcance-LOGO-HDPI.jpg\",\"width\":750,\"height\":474,\"caption\":\"Reach-Alcance\"},\"image\":{\"@id\":\"https:\/\/reachextra.com\/es\/#\/schema\/logo\/image\/\"},\"sameAs\":[\"http:\/\/www.facebook.com\/reachextra\",\"https:\/\/x.com\/reachextra\",\"http:\/\/reach.extra\",\"https:\/\/www.linkedin.com\/company\/reach-alcance\/\"]},{\"@type\":\"Person\",\"@id\":\"https:\/\/reachextra.com\/es\/#\/schema\/person\/5bf8196030cf130091162668b52085df\",\"name\":\"ReachExtra\",\"image\":{\"@type\":\"ImageObject\",\"inLanguage\":\"es\",\"@id\":\"https:\/\/reachextra.com\/es\/#\/schema\/person\/image\/\",\"url\":\"https:\/\/secure.gravatar.com\/avatar\/11e9f37f3773887633d17fdf580220857b1599038456e2f031ce0efd2f41a394?s=96&d=mm&r=g\",\"contentUrl\":\"https:\/\/secure.gravatar.com\/avatar\/11e9f37f3773887633d17fdf580220857b1599038456e2f031ce0efd2f41a394?s=96&d=mm&r=g\",\"caption\":\"ReachExtra\"},\"sameAs\":[\"http:\/\/www.reachextra.com\"]}]}<\/script>\n<!-- \/ Yoast SEO Premium plugin. -->","yoast_head_json":{"title":"La aldea tarife\u00f1a aspira al Premio del Paisaje del Consejo de Europa 2018-2019 - ReachExtra","description":"Algunas de las razones por las que merece visitarse la aldea de Bolonia: La antigua ciudad romana de Baelo Claudia est\u00e1 situada en la ensenada....","robots":{"index":"index","follow":"follow","max-snippet":"max-snippet:-1","max-image-preview":"max-image-preview:large","max-video-preview":"max-video-preview:-1"},"canonical":"https:\/\/reachextra.com\/es\/la-aldea-tarifena-aspira-al-premio-del-paisaje-del-consejo-de-europa-2018-2019\/","og_locale":"es_ES","og_type":"article","og_title":"La aldea tarife\u00f1a aspira al Premio del Paisaje del Consejo de Europa 2018-2019","og_description":"Algunas de las razones por las que merece visitarse la aldea de Bolonia: La antigua ciudad romana de Baelo Claudia est\u00e1 situada en la ensenada....","og_url":"https:\/\/reachextra.com\/es\/la-aldea-tarifena-aspira-al-premio-del-paisaje-del-consejo-de-europa-2018-2019\/","og_site_name":"ReachExtra","article_publisher":"http:\/\/www.facebook.com\/reachextra","article_published_time":"2019-02-23T14:34:29+00:00","article_modified_time":"2019-03-04T11:42:29+00:00","og_image":[{"width":1220,"height":813,"url":"https:\/\/reachextra.com\/wp-content\/uploads\/2019\/02\/Bolonia-18-Fran-Montes-Reach-Alcance.jpg","type":"image\/jpeg"}],"author":"ReachExtra","twitter_card":"summary_large_image","twitter_title":"La aldea tarife\u00f1a aspira al Premio del Paisaje del Consejo de Europa 2018-2019","twitter_description":"Algunas de las razones por las que merece visitarse la aldea de Bolonia: La antigua ciudad romana de Baelo Claudia est\u00e1 situada en la ensenada....","twitter_image":"https:\/\/www.reachextra.com\/wp-content\/uploads\/2019\/02\/Bolonia-18-Fran-Montes-Reach-Alcance.jpg","twitter_creator":"@reachextra","twitter_site":"@reachextra","twitter_misc":{"Escrito por":"ReachExtra","Tiempo de lectura":"7 minutos"},"schema":{"@context":"https:\/\/schema.org","@graph":[{"@type":"Article","@id":"https:\/\/reachextra.com\/es\/la-aldea-tarifena-aspira-al-premio-del-paisaje-del-consejo-de-europa-2018-2019\/#article","isPartOf":{"@id":"https:\/\/reachextra.com\/es\/la-aldea-tarifena-aspira-al-premio-del-paisaje-del-consejo-de-europa-2018-2019\/"},"author":{"name":"ReachExtra","@id":"https:\/\/reachextra.com\/es\/#\/schema\/person\/5bf8196030cf130091162668b52085df"},"headline":"La aldea tarife\u00f1a aspira al Premio del Paisaje del Consejo de Europa 2018-2019","datePublished":"2019-02-23T14:34:29+00:00","dateModified":"2019-03-04T11:42:29+00:00","mainEntityOfPage":{"@id":"https:\/\/reachextra.com\/es\/la-aldea-tarifena-aspira-al-premio-del-paisaje-del-consejo-de-europa-2018-2019\/"},"wordCount":1367,"publisher":{"@id":"https:\/\/reachextra.com\/es\/#organization"},"image":{"@id":"https:\/\/reachextra.com\/es\/la-aldea-tarifena-aspira-al-premio-del-paisaje-del-consejo-de-europa-2018-2019\/#primaryimage"},"thumbnailUrl":"https:\/\/reachextra.com\/wp-content\/uploads\/2019\/02\/Bolonia-18-Fran-Montes-Reach-Alcance.jpg","keywords":["2019","Alimentos","Baelo Claudia","Bolonia","campo de gibraltar","Canuelo Playa","Caraminal","ciudad romana","El Cueva Moro","Farola","fotograf\u00eda","Fran Montes","Garum","Historia","Las Dunas","Museo","Playas","Premio del Paisaje","ruinas","Sierra de Plata","Tarifa","Teatro"],"articleSection":["Explorar","Tendencias"],"inLanguage":"es"},{"@type":"WebPage","@id":"https:\/\/reachextra.com\/es\/la-aldea-tarifena-aspira-al-premio-del-paisaje-del-consejo-de-europa-2018-2019\/","url":"https:\/\/reachextra.com\/es\/la-aldea-tarifena-aspira-al-premio-del-paisaje-del-consejo-de-europa-2018-2019\/","name":"La aldea tarife\u00f1a aspira al Premio del Paisaje del Consejo de Europa 2018-2019 - ReachExtra","isPartOf":{"@id":"https:\/\/reachextra.com\/es\/#website"},"primaryImageOfPage":{"@id":"https:\/\/reachextra.com\/es\/la-aldea-tarifena-aspira-al-premio-del-paisaje-del-consejo-de-europa-2018-2019\/#primaryimage"},"image":{"@id":"https:\/\/reachextra.com\/es\/la-aldea-tarifena-aspira-al-premio-del-paisaje-del-consejo-de-europa-2018-2019\/#primaryimage"},"thumbnailUrl":"https:\/\/reachextra.com\/wp-content\/uploads\/2019\/02\/Bolonia-18-Fran-Montes-Reach-Alcance.jpg","datePublished":"2019-02-23T14:34:29+00:00","dateModified":"2019-03-04T11:42:29+00:00","description":"Algunas de las razones por las que merece visitarse la aldea de Bolonia: La antigua ciudad romana de Baelo Claudia est\u00e1 situada en la ensenada....","breadcrumb":{"@id":"https:\/\/reachextra.com\/es\/la-aldea-tarifena-aspira-al-premio-del-paisaje-del-consejo-de-europa-2018-2019\/#breadcrumb"},"inLanguage":"es","potentialAction":[{"@type":"ReadAction","target":["https:\/\/reachextra.com\/es\/la-aldea-tarifena-aspira-al-premio-del-paisaje-del-consejo-de-europa-2018-2019\/"]}]},{"@type":"ImageObject","inLanguage":"es","@id":"https:\/\/reachextra.com\/es\/la-aldea-tarifena-aspira-al-premio-del-paisaje-del-consejo-de-europa-2018-2019\/#primaryimage","url":"https:\/\/reachextra.com\/wp-content\/uploads\/2019\/02\/Bolonia-18-Fran-Montes-Reach-Alcance.jpg","contentUrl":"https:\/\/reachextra.com\/wp-content\/uploads\/2019\/02\/Bolonia-18-Fran-Montes-Reach-Alcance.jpg","width":1220,"height":813,"caption":"@Fan Montes"},{"@type":"BreadcrumbList","@id":"https:\/\/reachextra.com\/es\/la-aldea-tarifena-aspira-al-premio-del-paisaje-del-consejo-de-europa-2018-2019\/#breadcrumb","itemListElement":[{"@type":"ListItem","position":1,"name":"Home","item":"https:\/\/reachextra.com\/es\/"},{"@type":"ListItem","position":2,"name":"Tendencias","item":"https:\/\/reachextra.com\/es\/category\/tendencias\/"},{"@type":"ListItem","position":3,"name":"La aldea tarife\u00f1a aspira al Premio del Paisaje del Consejo de Europa 2018-2019"}]},{"@type":"WebSite","@id":"https:\/\/reachextra.com\/es\/#website","url":"https:\/\/reachextra.com\/es\/","name":"ReachExtra","description":" Reach-Alcance en Espa\u00f1ol | Gibraltar | Campo de Gibraltar","publisher":{"@id":"https:\/\/reachextra.com\/es\/#organization"},"potentialAction":[{"@type":"SearchAction","target":{"@type":"EntryPoint","urlTemplate":"https:\/\/reachextra.com\/es\/?s={search_term_string}"},"query-input":{"@type":"PropertyValueSpecification","valueRequired":true,"valueName":"search_term_string"}}],"inLanguage":"es"},{"@type":"Organization","@id":"https:\/\/reachextra.com\/es\/#organization","name":"Reach-Alcance","url":"https:\/\/reachextra.com\/es\/","logo":{"@type":"ImageObject","inLanguage":"es","@id":"https:\/\/reachextra.com\/es\/#\/schema\/logo\/image\/","url":"https:\/\/www.reachextra.com\/wp-content\/uploads\/2018\/12\/Reach-Alcance-LOGO-HDPI.jpg","contentUrl":"https:\/\/www.reachextra.com\/wp-content\/uploads\/2018\/12\/Reach-Alcance-LOGO-HDPI.jpg","width":750,"height":474,"caption":"Reach-Alcance"},"image":{"@id":"https:\/\/reachextra.com\/es\/#\/schema\/logo\/image\/"},"sameAs":["http:\/\/www.facebook.com\/reachextra","https:\/\/x.com\/reachextra","http:\/\/reach.extra","https:\/\/www.linkedin.com\/company\/reach-alcance\/"]},{"@type":"Person","@id":"https:\/\/reachextra.com\/es\/#\/schema\/person\/5bf8196030cf130091162668b52085df","name":"ReachExtra","image":{"@type":"ImageObject","inLanguage":"es","@id":"https:\/\/reachextra.com\/es\/#\/schema\/person\/image\/","url":"https:\/\/secure.gravatar.com\/avatar\/11e9f37f3773887633d17fdf580220857b1599038456e2f031ce0efd2f41a394?s=96&d=mm&r=g","contentUrl":"https:\/\/secure.gravatar.com\/avatar\/11e9f37f3773887633d17fdf580220857b1599038456e2f031ce0efd2f41a394?s=96&d=mm&r=g","caption":"ReachExtra"},"sameAs":["http:\/\/www.reachextra.com"]}]}},"jetpack_featured_media_url":"https:\/\/reachextra.com\/wp-content\/uploads\/2019\/02\/Bolonia-18-Fran-Montes-Reach-Alcance.jpg","wps_subtitle":"Mart\u00edn Serrano  \u2022 Fotos: Fran Montes","jetpack_sharing_enabled":true,"_links":{"self":[{"href":"https:\/\/reachextra.com\/es\/wp-json\/wp\/v2\/posts\/7619","targetHints":{"allow":["GET"]}}],"collection":[{"href":"https:\/\/reachextra.com\/es\/wp-json\/wp\/v2\/posts"}],"about":[{"href":"https:\/\/reachextra.com\/es\/wp-json\/wp\/v2\/types\/post"}],"author":[{"embeddable":true,"href":"https:\/\/reachextra.com\/es\/wp-json\/wp\/v2\/users\/1"}],"replies":[{"embeddable":true,"href":"https:\/\/reachextra.com\/es\/wp-json\/wp\/v2\/comments?post=7619"}],"version-history":[{"count":11,"href":"https:\/\/reachextra.com\/es\/wp-json\/wp\/v2\/posts\/7619\/revisions"}],"predecessor-version":[{"id":7796,"href":"https:\/\/reachextra.com\/es\/wp-json\/wp\/v2\/posts\/7619\/revisions\/7796"}],"wp:featuredmedia":[{"embeddable":true,"href":"https:\/\/reachextra.com\/es\/wp-json\/wp\/v2\/media\/7601"}],"wp:attachment":[{"href":"https:\/\/reachextra.com\/es\/wp-json\/wp\/v2\/media?parent=7619"}],"wp:term":[{"taxonomy":"category","embeddable":true,"href":"https:\/\/reachextra.com\/es\/wp-json\/wp\/v2\/categories?post=7619"},{"taxonomy":"post_tag","embeddable":true,"href":"https:\/\/reachextra.com\/es\/wp-json\/wp\/v2\/tags?post=7619"},{"taxonomy":"adace-sponsor","embeddable":true,"href":"https:\/\/reachextra.com\/es\/wp-json\/wp\/v2\/adace-sponsor?post=7619"}],"curies":[{"name":"wp","href":"https:\/\/api.w.org\/{rel}","templated":true}]}}