{"id":7450,"date":"2019-02-19T18:04:02","date_gmt":"2019-02-19T17:04:02","guid":{"rendered":"https:\/\/www.reachextra.com\/la-marca-san-roque-se-hace-mas-grande-en-fitur\/"},"modified":"2019-02-19T18:35:33","modified_gmt":"2019-02-19T17:35:33","slug":"la-marca-san-roque-se-hace-mas-grande-en-fitur","status":"publish","type":"post","link":"https:\/\/reachextra.com\/es\/la-marca-san-roque-se-hace-mas-grande-en-fitur\/","title":{"rendered":"La marca San Roque se hace m\u00e1s grande en Fitur"},"content":{"rendered":"\n<p>El Ayuntamiento ha vuelto a mostrar ante el mundo los numerosos atractivos de un municipio excepcional que es mucho m\u00e1s que golf y polo.<\/p>\n\n\n\n<p>San Roque ha vuelto a demostrar que es un destino tur\u00edstico excepcional y \u00fanico.<\/p>\n\n\n\n<p>La ha hecho con una amplia oferta en la Feria Internacional del Turismo (Fitur), que se ha desarrollado entre el 22 y el 27 de enero en Madrid y que, como cada a\u00f1o, se convierte en uno de los mejores escaparates del municipio ante el mundo. Ha sido, adem\u00e1s, a coste cero para el Ayuntamiento.<\/p>\n\n\n\n<figure class=\"wp-block-image\"><img loading=\"lazy\" decoding=\"async\" width=\"1024\" height=\"769\" src=\"https:\/\/www.reachextra.com\/wp-content\/uploads\/2019\/02\/alcalde-fitur-susana-diaz-1024x769.jpg\" alt=\"Juan-Carlos-Ruiz-Boix-Fitur-2019-Reach-Alcance\" class=\"wp-image-7427\" srcset=\"https:\/\/reachextra.com\/wp-content\/uploads\/2019\/02\/alcalde-fitur-susana-diaz-1024x769.jpg 1024w, https:\/\/reachextra.com\/wp-content\/uploads\/2019\/02\/alcalde-fitur-susana-diaz-300x225.jpg 300w, https:\/\/reachextra.com\/wp-content\/uploads\/2019\/02\/alcalde-fitur-susana-diaz-768x577.jpg 768w, https:\/\/reachextra.com\/wp-content\/uploads\/2019\/02\/alcalde-fitur-susana-diaz-192x144.jpg 192w, https:\/\/reachextra.com\/wp-content\/uploads\/2019\/02\/alcalde-fitur-susana-diaz-384x288.jpg 384w, https:\/\/reachextra.com\/wp-content\/uploads\/2019\/02\/alcalde-fitur-susana-diaz-90x67.jpg 90w, https:\/\/reachextra.com\/wp-content\/uploads\/2019\/02\/alcalde-fitur-susana-diaz-180x135.jpg 180w, https:\/\/reachextra.com\/wp-content\/uploads\/2019\/02\/alcalde-fitur-susana-diaz-561x421.jpg 561w, https:\/\/reachextra.com\/wp-content\/uploads\/2019\/02\/alcalde-fitur-susana-diaz-1122x842.jpg 1122w, https:\/\/reachextra.com\/wp-content\/uploads\/2019\/02\/alcalde-fitur-susana-diaz-364x273.jpg 364w, https:\/\/reachextra.com\/wp-content\/uploads\/2019\/02\/alcalde-fitur-susana-diaz-728x547.jpg 728w, https:\/\/reachextra.com\/wp-content\/uploads\/2019\/02\/alcalde-fitur-susana-diaz-608x456.jpg 608w, https:\/\/reachextra.com\/wp-content\/uploads\/2019\/02\/alcalde-fitur-susana-diaz-758x569.jpg 758w, https:\/\/reachextra.com\/wp-content\/uploads\/2019\/02\/alcalde-fitur-susana-diaz-1152x865.jpg 1152w, https:\/\/reachextra.com\/wp-content\/uploads\/2019\/02\/alcalde-fitur-susana-diaz-64x48.jpg 64w, https:\/\/reachextra.com\/wp-content\/uploads\/2019\/02\/alcalde-fitur-susana-diaz-128x96.jpg 128w, https:\/\/reachextra.com\/wp-content\/uploads\/2019\/02\/alcalde-fitur-susana-diaz-313x235.jpg 313w, https:\/\/reachextra.com\/wp-content\/uploads\/2019\/02\/alcalde-fitur-susana-diaz.jpg 1220w\" sizes=\"auto, (max-width: 1024px) 100vw, 1024px\" \/><\/figure>\n\n\n\n<p>\u201cCiudad de San Roque, excepcional\u201d ha sido el lema escogido para esta edici\u00f3n, organizada hasta el \u00faltimo detalle por la delegaci\u00f3n municipal de Turismo que dirige la concejal Dolores Marchena.<\/p>\n\n\n\n<p>El alcalde de San Roque, Juan Carlos Ruiz Boix, y la concejal de Turismo han destacado que ha quedado ampliamente demostrado en Fitur 2019 que San Roque es excepcional.<\/p>\n\n\n\n<p>\u201cEn San Roque se tiene la oportunidad de disfrutar los 365 d\u00edas del a\u00f1o de una agenda repleta de actos; una Semana Santa en la que durante 10 d\u00edas nos visitar\u00e1n muchos turistas; las competiciones del mundo de la vela y dos eventos internacionales: el Andaluc\u00eda Valderrama Masters, en el que vamos a ha ser la capital del mundo para los aficionados al golf, y en julio y agosto habr\u00e1 40 d\u00edas destinados a ser la capital mundial del polo\u201d, ha destacado Ruiz Boix, que ha defendido en en Fitur que San Roque es golf y polo, pero tambi\u00e9n mucho m\u00e1s. <\/p>\n\n\n\n<figure class=\"wp-block-image\"><img loading=\"lazy\" decoding=\"async\" width=\"1024\" height=\"484\" src=\"https:\/\/www.reachextra.com\/wp-content\/uploads\/2019\/02\/OKruiz-boix-presentacion-valderrama-1024x484.jpg\" alt=\"Juan-Carlos-Ruiz-Boix-Fitur-2019-Reach-Alcance\" class=\"wp-image-7433\" srcset=\"https:\/\/reachextra.com\/wp-content\/uploads\/2019\/02\/OKruiz-boix-presentacion-valderrama-1024x484.jpg 1024w, https:\/\/reachextra.com\/wp-content\/uploads\/2019\/02\/OKruiz-boix-presentacion-valderrama-300x142.jpg 300w, https:\/\/reachextra.com\/wp-content\/uploads\/2019\/02\/OKruiz-boix-presentacion-valderrama-768x363.jpg 768w, https:\/\/reachextra.com\/wp-content\/uploads\/2019\/02\/OKruiz-boix-presentacion-valderrama-561x265.jpg 561w, https:\/\/reachextra.com\/wp-content\/uploads\/2019\/02\/OKruiz-boix-presentacion-valderrama-1122x530.jpg 1122w, https:\/\/reachextra.com\/wp-content\/uploads\/2019\/02\/OKruiz-boix-presentacion-valderrama-364x172.jpg 364w, https:\/\/reachextra.com\/wp-content\/uploads\/2019\/02\/OKruiz-boix-presentacion-valderrama-728x344.jpg 728w, https:\/\/reachextra.com\/wp-content\/uploads\/2019\/02\/OKruiz-boix-presentacion-valderrama-608x287.jpg 608w, https:\/\/reachextra.com\/wp-content\/uploads\/2019\/02\/OKruiz-boix-presentacion-valderrama-758x358.jpg 758w, https:\/\/reachextra.com\/wp-content\/uploads\/2019\/02\/OKruiz-boix-presentacion-valderrama-1152x544.jpg 1152w, https:\/\/reachextra.com\/wp-content\/uploads\/2019\/02\/OKruiz-boix-presentacion-valderrama-102x48.jpg 102w, https:\/\/reachextra.com\/wp-content\/uploads\/2019\/02\/OKruiz-boix-presentacion-valderrama-203x96.jpg 203w, https:\/\/reachextra.com\/wp-content\/uploads\/2019\/02\/OKruiz-boix-presentacion-valderrama-313x148.jpg 313w, https:\/\/reachextra.com\/wp-content\/uploads\/2019\/02\/OKruiz-boix-presentacion-valderrama.jpg 1200w\" sizes=\"auto, (max-width: 1024px) 100vw, 1024px\" \/><\/figure>\n\n\n\n<p>Y es que el Ayuntamiento ha vuelto a apostar fuerte por la presencia del San Roque en esta feria internacional de primer nivel, poniendo en valor los principales reclamos del municipio, que debido a su diversidad y calidad cubre las expectativas de los turistas que apuestan por este destino tur\u00edstico. <\/p>\n\n\n\n<p>Lo ha hecho adem\u00e1s participando en el expositor del Patronato Provincial de Turismo y en el de la Mancomunidad de Municipios del Campo de Gibraltar.<\/p>\n\n\n\n<h4 class=\"wp-block-heading\">Cultura, gastronom\u00eda y deporte<\/h4>\n\n\n\n<figure class=\"wp-block-image\"><img loading=\"lazy\" decoding=\"async\" width=\"900\" height=\"600\" src=\"https:\/\/www.reachextra.com\/wp-content\/uploads\/2019\/02\/degustacion-gastronomica-2-Reach-Alcance.jpg\" alt=\"Fitur-San-Roque-Reach-Alcance\" class=\"wp-image-7435\" srcset=\"https:\/\/reachextra.com\/wp-content\/uploads\/2019\/02\/degustacion-gastronomica-2-Reach-Alcance.jpg 900w, https:\/\/reachextra.com\/wp-content\/uploads\/2019\/02\/degustacion-gastronomica-2-Reach-Alcance-300x200.jpg 300w, https:\/\/reachextra.com\/wp-content\/uploads\/2019\/02\/degustacion-gastronomica-2-Reach-Alcance-768x512.jpg 768w, https:\/\/reachextra.com\/wp-content\/uploads\/2019\/02\/degustacion-gastronomica-2-Reach-Alcance-180x120.jpg 180w, https:\/\/reachextra.com\/wp-content\/uploads\/2019\/02\/degustacion-gastronomica-2-Reach-Alcance-561x374.jpg 561w, https:\/\/reachextra.com\/wp-content\/uploads\/2019\/02\/degustacion-gastronomica-2-Reach-Alcance-364x243.jpg 364w, https:\/\/reachextra.com\/wp-content\/uploads\/2019\/02\/degustacion-gastronomica-2-Reach-Alcance-728x485.jpg 728w, https:\/\/reachextra.com\/wp-content\/uploads\/2019\/02\/degustacion-gastronomica-2-Reach-Alcance-608x405.jpg 608w, https:\/\/reachextra.com\/wp-content\/uploads\/2019\/02\/degustacion-gastronomica-2-Reach-Alcance-758x505.jpg 758w, https:\/\/reachextra.com\/wp-content\/uploads\/2019\/02\/degustacion-gastronomica-2-Reach-Alcance-72x48.jpg 72w, https:\/\/reachextra.com\/wp-content\/uploads\/2019\/02\/degustacion-gastronomica-2-Reach-Alcance-144x96.jpg 144w, https:\/\/reachextra.com\/wp-content\/uploads\/2019\/02\/degustacion-gastronomica-2-Reach-Alcance-313x209.jpg 313w\" sizes=\"auto, (max-width: 900px) 100vw, 900px\" \/><\/figure>\n\n\n\n<p>La relevancia cultural, su gastronom\u00eda de vanguardia y los torneos de golf, polo y vela de nivel internacional fueron las apuestas para la jornada inaugural en Fitur. <\/p>\n\n\n\n<p>Juan Carlos Ruiz Boix destac\u00f3 el lugar privilegiado que ostenta Sotogrande como referente internacional con competiciones de la talla del Andaluc\u00eda Valderrama Masters o el Torneo Internacional de Santa Mar\u00eda Polo Club. <\/p>\n\n\n\n<p>Boix tambi\u00e9n dijo que San Roque es mucho m\u00e1s que Sotogrande. De ah\u00ed que el Ayuntamiento siga apostando por dar a conocer la riqueza de recursos tur\u00edsticos del Casco y sus nueve barriadas.   <\/p>\n\n\n\n<p>Y es que estar en un enclave privilegiado, a caballo entre la Costa de la Luz y la Costa del Sol, es algo de lo que no pueden presumir muchos municipios. <\/p>\n\n\n\n<h4 class=\"wp-block-heading\">M\u00e1s de 300 d\u00edas de sol al a\u00f1o<\/h4>\n\n\n\n<figure class=\"wp-block-image\"><img loading=\"lazy\" decoding=\"async\" width=\"900\" height=\"600\" src=\"https:\/\/www.reachextra.com\/wp-content\/uploads\/2019\/02\/degustacion-gastronomica-3-Reach-Alcance.jpg\" alt=\"Fitur-San-Roque-Reach-Alcance\" class=\"wp-image-7437\" srcset=\"https:\/\/reachextra.com\/wp-content\/uploads\/2019\/02\/degustacion-gastronomica-3-Reach-Alcance.jpg 900w, https:\/\/reachextra.com\/wp-content\/uploads\/2019\/02\/degustacion-gastronomica-3-Reach-Alcance-300x200.jpg 300w, https:\/\/reachextra.com\/wp-content\/uploads\/2019\/02\/degustacion-gastronomica-3-Reach-Alcance-768x512.jpg 768w, https:\/\/reachextra.com\/wp-content\/uploads\/2019\/02\/degustacion-gastronomica-3-Reach-Alcance-180x120.jpg 180w, https:\/\/reachextra.com\/wp-content\/uploads\/2019\/02\/degustacion-gastronomica-3-Reach-Alcance-561x374.jpg 561w, https:\/\/reachextra.com\/wp-content\/uploads\/2019\/02\/degustacion-gastronomica-3-Reach-Alcance-364x243.jpg 364w, https:\/\/reachextra.com\/wp-content\/uploads\/2019\/02\/degustacion-gastronomica-3-Reach-Alcance-728x485.jpg 728w, https:\/\/reachextra.com\/wp-content\/uploads\/2019\/02\/degustacion-gastronomica-3-Reach-Alcance-608x405.jpg 608w, https:\/\/reachextra.com\/wp-content\/uploads\/2019\/02\/degustacion-gastronomica-3-Reach-Alcance-758x505.jpg 758w, https:\/\/reachextra.com\/wp-content\/uploads\/2019\/02\/degustacion-gastronomica-3-Reach-Alcance-72x48.jpg 72w, https:\/\/reachextra.com\/wp-content\/uploads\/2019\/02\/degustacion-gastronomica-3-Reach-Alcance-144x96.jpg 144w, https:\/\/reachextra.com\/wp-content\/uploads\/2019\/02\/degustacion-gastronomica-3-Reach-Alcance-313x209.jpg 313w\" sizes=\"auto, (max-width: 900px) 100vw, 900px\" \/><\/figure>\n\n\n\n<p>M\u00e1s de 320 d\u00edas de sol al a\u00f1o y un litoral de ensue\u00f1o de 17 kil\u00f3metros son tambi\u00e9n marca San Roque.<\/p>\n\n\n\n<p>En Fitur se han dado a conocer playas familiares como las de Guadarranque, Puente Mayorga y Campamento pero tambi\u00e9n otras m\u00e1s extensas y casi salvajes como las de Guadalquit\u00f3n; espacios donde se dan la mano los arrecifes y la arena, como Cala Sardina o Torrecarbonera; y arenales de marcado car\u00e1cter ciudadano y tur\u00edstico, como Torreguadiaro. Estas tres \u00faltimas, con banderas azules.<\/p>\n\n\n\n<h4 class=\"wp-block-heading\">Para chuparse los dedos<\/h4>\n\n\n\n<figure class=\"wp-block-image\"><img loading=\"lazy\" decoding=\"async\" width=\"900\" height=\"675\" src=\"https:\/\/www.reachextra.com\/wp-content\/uploads\/2019\/02\/degustacion-gastronomica.jpg\" alt=\"Fitur-San-Roque-Reach-Alcance\" class=\"wp-image-7429\" srcset=\"https:\/\/reachextra.com\/wp-content\/uploads\/2019\/02\/degustacion-gastronomica.jpg 900w, https:\/\/reachextra.com\/wp-content\/uploads\/2019\/02\/degustacion-gastronomica-300x225.jpg 300w, https:\/\/reachextra.com\/wp-content\/uploads\/2019\/02\/degustacion-gastronomica-768x576.jpg 768w, https:\/\/reachextra.com\/wp-content\/uploads\/2019\/02\/degustacion-gastronomica-192x144.jpg 192w, https:\/\/reachextra.com\/wp-content\/uploads\/2019\/02\/degustacion-gastronomica-384x288.jpg 384w, https:\/\/reachextra.com\/wp-content\/uploads\/2019\/02\/degustacion-gastronomica-90x67.jpg 90w, https:\/\/reachextra.com\/wp-content\/uploads\/2019\/02\/degustacion-gastronomica-180x135.jpg 180w, https:\/\/reachextra.com\/wp-content\/uploads\/2019\/02\/degustacion-gastronomica-561x421.jpg 561w, https:\/\/reachextra.com\/wp-content\/uploads\/2019\/02\/degustacion-gastronomica-364x273.jpg 364w, https:\/\/reachextra.com\/wp-content\/uploads\/2019\/02\/degustacion-gastronomica-728x546.jpg 728w, https:\/\/reachextra.com\/wp-content\/uploads\/2019\/02\/degustacion-gastronomica-608x456.jpg 608w, https:\/\/reachextra.com\/wp-content\/uploads\/2019\/02\/degustacion-gastronomica-758x569.jpg 758w, https:\/\/reachextra.com\/wp-content\/uploads\/2019\/02\/degustacion-gastronomica-64x48.jpg 64w, https:\/\/reachextra.com\/wp-content\/uploads\/2019\/02\/degustacion-gastronomica-128x96.jpg 128w, https:\/\/reachextra.com\/wp-content\/uploads\/2019\/02\/degustacion-gastronomica-313x235.jpg 313w\" sizes=\"auto, (max-width: 900px) 100vw, 900px\" \/><\/figure>\n\n\n\n<p>La gastronom\u00eda es otro atractivo a tener muy en cuenta. San Roque ofrece a los visitantes establecimientos tradicionales y singulares de cocina t\u00edpica andaluza, tradicional e internacional.<\/p>\n\n\n\n<p>Los sanroque\u00f1os pueden incluso presumir de tener un restaurante incluido en la prestigiosa Gu\u00eda Michel\u00edn.<\/p>\n\n\n\n<p>Pero San Roque tambi\u00e9n es cultura. La programaci\u00f3n cultural dise\u00f1ada por el Ayuntamiento ofrece durante todo el a\u00f1o citas ineludibles y de primer nivel, como la Bienal Flamenca Canela de San Roque o el Festival Internacional del Cortometraje. De ello tambi\u00e9n se ha hablado en Fitur. <\/p>\n\n\n\n<h4 class=\"wp-block-heading\">Naturaleza e historia<\/h4>\n\n\n\n<figure class=\"wp-block-image\"><img loading=\"lazy\" decoding=\"async\" width=\"1024\" height=\"768\" src=\"https:\/\/www.reachextra.com\/wp-content\/uploads\/2019\/02\/Salvador-Andrades-Reach-Alcance-1-1024x768.jpg\" alt=\"Salvador-Andrades-Reach-Alcance-2\" class=\"wp-image-7146\" srcset=\"https:\/\/reachextra.com\/wp-content\/uploads\/2019\/02\/Salvador-Andrades-Reach-Alcance-1-1024x768.jpg 1024w, https:\/\/reachextra.com\/wp-content\/uploads\/2019\/02\/Salvador-Andrades-Reach-Alcance-1-300x225.jpg 300w, https:\/\/reachextra.com\/wp-content\/uploads\/2019\/02\/Salvador-Andrades-Reach-Alcance-1-768x576.jpg 768w, https:\/\/reachextra.com\/wp-content\/uploads\/2019\/02\/Salvador-Andrades-Reach-Alcance-1-192x144.jpg 192w, https:\/\/reachextra.com\/wp-content\/uploads\/2019\/02\/Salvador-Andrades-Reach-Alcance-1-384x288.jpg 384w, https:\/\/reachextra.com\/wp-content\/uploads\/2019\/02\/Salvador-Andrades-Reach-Alcance-1-90x67.jpg 90w, https:\/\/reachextra.com\/wp-content\/uploads\/2019\/02\/Salvador-Andrades-Reach-Alcance-1-180x135.jpg 180w, https:\/\/reachextra.com\/wp-content\/uploads\/2019\/02\/Salvador-Andrades-Reach-Alcance-1-561x421.jpg 561w, https:\/\/reachextra.com\/wp-content\/uploads\/2019\/02\/Salvador-Andrades-Reach-Alcance-1-1122x842.jpg 1122w, https:\/\/reachextra.com\/wp-content\/uploads\/2019\/02\/Salvador-Andrades-Reach-Alcance-1-364x273.jpg 364w, https:\/\/reachextra.com\/wp-content\/uploads\/2019\/02\/Salvador-Andrades-Reach-Alcance-1-728x546.jpg 728w, https:\/\/reachextra.com\/wp-content\/uploads\/2019\/02\/Salvador-Andrades-Reach-Alcance-1-608x456.jpg 608w, https:\/\/reachextra.com\/wp-content\/uploads\/2019\/02\/Salvador-Andrades-Reach-Alcance-1-758x569.jpg 758w, https:\/\/reachextra.com\/wp-content\/uploads\/2019\/02\/Salvador-Andrades-Reach-Alcance-1-1152x864.jpg 1152w, https:\/\/reachextra.com\/wp-content\/uploads\/2019\/02\/Salvador-Andrades-Reach-Alcance-1-64x48.jpg 64w, https:\/\/reachextra.com\/wp-content\/uploads\/2019\/02\/Salvador-Andrades-Reach-Alcance-1-128x96.jpg 128w, https:\/\/reachextra.com\/wp-content\/uploads\/2019\/02\/Salvador-Andrades-Reach-Alcance-1-313x235.jpg 313w, https:\/\/reachextra.com\/wp-content\/uploads\/2019\/02\/Salvador-Andrades-Reach-Alcance-1.jpg 1205w\" sizes=\"auto, (max-width: 1024px) 100vw, 1024px\" \/><\/figure>\n\n\n\n<p>Quien quiera disfrutar de la naturaleza tambi\u00e9n puede hacerlo en San Roque en espacios naturales tan bellos como el Pinar del Rey, la Finca La Alcaidesa, Borondo y Guadalquit\u00f3n, todos ellos incluidos en el <a href=\"https:\/\/www.reachextra.com\/es\/andrades-el-senderismo-forma-parte-de-mi-vida\/\">Parque Natural de los Alcornocales<\/a>.   <\/p>\n\n\n\n<p>Para los amantes de la historia, el enclave arqueol\u00f3gico de Carteia, que alberga restos de una de las ciudades romanas m\u00e1s importantes de la B\u00e9tica, es un acierto.<\/p>\n\n\n\n<h4 class=\"wp-block-heading\">Polo e h\u00edpica<\/h4>\n\n\n\n<p>El polo y la h\u00edpica marcaron la presencia de San Roque en el expositor de la Mancomunidad del Campo de Gibraltar en la jornada inaugural de Fitur, en la que particip\u00f3 el alcalde.<\/p>\n\n\n\n<p>Santa Mar\u00eda Polo Club present\u00f3 sus dos grandes apuestas para este a\u00f1o: el 48 Torneo Internacional, que se celebra en verano; y el inicio de Santa Mar\u00eda Equestrian Club, las instalaciones donde se celebrar\u00e1n competiciones de h\u00edpica de primer nivel.<\/p>\n\n\n\n<p>Ruiz Boix subray\u00f3 en Fitur la importancia del polo para la imagen tur\u00edstica del municipio, as\u00ed como de la entidad como generadora de riqueza y empleo. Tambi\u00e9n resalt\u00f3 el apoyo del Ayuntamiento a los proyectos de Santa Mar\u00eda Polo, como el complejo hotelero y comercial proyectado en Los Pinos o la creaci\u00f3n de un distrito equino.<\/p>\n\n\n\n<h4 class=\"wp-block-heading\">Clubes de playa y chiringuitos<\/h4>\n\n\n\n<figure class=\"wp-block-image\"><img loading=\"lazy\" decoding=\"async\" width=\"900\" height=\"600\" src=\"https:\/\/www.reachextra.com\/wp-content\/uploads\/2019\/02\/beach-salt-water-sand-17727.jpg\" alt=\"Beach\" class=\"wp-image-7439\" srcset=\"https:\/\/reachextra.com\/wp-content\/uploads\/2019\/02\/beach-salt-water-sand-17727.jpg 900w, https:\/\/reachextra.com\/wp-content\/uploads\/2019\/02\/beach-salt-water-sand-17727-300x200.jpg 300w, https:\/\/reachextra.com\/wp-content\/uploads\/2019\/02\/beach-salt-water-sand-17727-768x512.jpg 768w, https:\/\/reachextra.com\/wp-content\/uploads\/2019\/02\/beach-salt-water-sand-17727-180x120.jpg 180w, https:\/\/reachextra.com\/wp-content\/uploads\/2019\/02\/beach-salt-water-sand-17727-561x374.jpg 561w, https:\/\/reachextra.com\/wp-content\/uploads\/2019\/02\/beach-salt-water-sand-17727-364x243.jpg 364w, https:\/\/reachextra.com\/wp-content\/uploads\/2019\/02\/beach-salt-water-sand-17727-728x485.jpg 728w, https:\/\/reachextra.com\/wp-content\/uploads\/2019\/02\/beach-salt-water-sand-17727-608x405.jpg 608w, https:\/\/reachextra.com\/wp-content\/uploads\/2019\/02\/beach-salt-water-sand-17727-758x505.jpg 758w, https:\/\/reachextra.com\/wp-content\/uploads\/2019\/02\/beach-salt-water-sand-17727-72x48.jpg 72w, https:\/\/reachextra.com\/wp-content\/uploads\/2019\/02\/beach-salt-water-sand-17727-144x96.jpg 144w, https:\/\/reachextra.com\/wp-content\/uploads\/2019\/02\/beach-salt-water-sand-17727-313x209.jpg 313w\" sizes=\"auto, (max-width: 900px) 100vw, 900px\" \/><\/figure>\n\n\n\n<p>La \u00faltima jornada de Fitur, dedicada a los profesionales, estuvo centrada a dar a conocer los m\u00e1s destacados clubes de playa y chiringuitos de la costa de San Roque en los que se puede disfrutar de la cocina m\u00e1s exquisita junto a playas de ensue\u00f1o.  <\/p>\n\n\n\n<p>Tambi\u00e9n se dieron a conocer los paseos literarios que se llevan a cabo en Guadarranque sobre la figura de <a href=\"https:\/\/www.reachextra.com\/es\/dos-anos-tras-las-huellas-de-rosalinda-fox\/\">Rosalinda Fox<\/a>, personaje de la novela \u201cEl tiempo entre costuras\u201d.<\/p>\n\n\n\n<h4 class=\"wp-block-heading\">Andaluc\u00eda Valderrama Master<\/h4>\n\n\n\n<p> El torneo Andaluc\u00eda Valderrama Master de golf no pod\u00eda faltar en Fitur. El alcalde agradeci\u00f3 en la presentaci\u00f3n del evento la apuesta realizada hace tres a\u00f1os por la Junta de Andaluc\u00eda para recuperar este torneo en el campo sanroque\u00f1o y firmaba un acuerdo de cuatro a\u00f1os con el Circuito Europeo de Golf para celebrar este torneo en Valderrama.<\/p>\n\n\n\n<h4 class=\"wp-block-heading\">Intensa agenda de reuniones<\/h4>\n\n\n\n<figure class=\"wp-block-image\"><img loading=\"lazy\" decoding=\"async\" width=\"900\" height=\"600\" src=\"https:\/\/www.reachextra.com\/wp-content\/uploads\/2019\/02\/okalcalde-fitur-juanma-moreno.jpg\" alt=\"Juan-Carlos-Ruiz-Boix-Fitur-2019-Reach-Alcance\" class=\"wp-image-7431\" srcset=\"https:\/\/reachextra.com\/wp-content\/uploads\/2019\/02\/okalcalde-fitur-juanma-moreno.jpg 900w, https:\/\/reachextra.com\/wp-content\/uploads\/2019\/02\/okalcalde-fitur-juanma-moreno-300x200.jpg 300w, https:\/\/reachextra.com\/wp-content\/uploads\/2019\/02\/okalcalde-fitur-juanma-moreno-768x512.jpg 768w, https:\/\/reachextra.com\/wp-content\/uploads\/2019\/02\/okalcalde-fitur-juanma-moreno-180x120.jpg 180w, https:\/\/reachextra.com\/wp-content\/uploads\/2019\/02\/okalcalde-fitur-juanma-moreno-561x374.jpg 561w, https:\/\/reachextra.com\/wp-content\/uploads\/2019\/02\/okalcalde-fitur-juanma-moreno-364x243.jpg 364w, https:\/\/reachextra.com\/wp-content\/uploads\/2019\/02\/okalcalde-fitur-juanma-moreno-728x485.jpg 728w, https:\/\/reachextra.com\/wp-content\/uploads\/2019\/02\/okalcalde-fitur-juanma-moreno-608x405.jpg 608w, https:\/\/reachextra.com\/wp-content\/uploads\/2019\/02\/okalcalde-fitur-juanma-moreno-758x505.jpg 758w, https:\/\/reachextra.com\/wp-content\/uploads\/2019\/02\/okalcalde-fitur-juanma-moreno-72x48.jpg 72w, https:\/\/reachextra.com\/wp-content\/uploads\/2019\/02\/okalcalde-fitur-juanma-moreno-144x96.jpg 144w, https:\/\/reachextra.com\/wp-content\/uploads\/2019\/02\/okalcalde-fitur-juanma-moreno-313x209.jpg 313w\" sizes=\"auto, (max-width: 900px) 100vw, 900px\" \/><\/figure>\n\n\n\n<p>Esta edici\u00f3n de Fitur ha sido aprovechada adem\u00e1s por el alcalde, la concejal de Turismo y personal de esta delegaci\u00f3n para mantener numerosas reuniones con touroperadores, en las que la amplia oferta de turismo residencial ha sido una de las apuestas. <\/p>\n","protected":false},"excerpt":{"rendered":"<p>\u201cCiudad de San Roque, excepcional\u201d ha sido el lema escogido para esta edici\u00f3n, organizada hasta el \u00faltimo detalle por la delegaci\u00f3n municipal de Turismo&#8230; <a class=\"g1-link g1-link-more\" href=\"https:\/\/reachextra.com\/es\/la-marca-san-roque-se-hace-mas-grande-en-fitur\/\">More<\/a><\/p>\n","protected":false},"author":1,"featured_media":7436,"comment_status":"closed","ping_status":"closed","sticky":false,"template":"","format":"standard","meta":{"_jetpack_memberships_contains_paid_content":false,"footnotes":""},"categories":[244,239,225],"tags":[359,376,265,1184,1190,802,811,1218,1213,1216,392,402,1217,1191],"adace-sponsor":[],"class_list":{"0":"post-7450","1":"post","2":"type-post","3":"status-publish","4":"format-standard","5":"has-post-thumbnail","7":"category-explorar-es","8":"category-negocio","9":"category-tendencias","10":"tag-359","11":"tag-2019-es","12":"tag-campo-de-gibraltar","13":"tag-fitur","14":"tag-fitur-es","15":"tag-madrid","16":"tag-madrid-es","17":"tag-playas","18":"tag-ruiz-boix","19":"tag-ruiz-boix-es","20":"tag-san-roque","21":"tag-san-roque-es","22":"tag-tourismo-es","23":"tag-tourismo"},"yoast_head":"<!-- This site is optimized with the Yoast SEO Premium plugin v19.5 (Yoast SEO v26.7) - https:\/\/yoast.com\/wordpress\/plugins\/seo\/ -->\n<title>La marca San Roque se hace m\u00e1s grande en Fitur - ReachExtra - Explorar<\/title>\n<meta name=\"description\" content=\"\u201cCiudad de San Roque, excepcional\u201d ha sido el lema escogido para esta edici\u00f3n, organizada hasta el \u00faltimo detalle por la delegaci\u00f3n municipal de Turismo...\" \/>\n<meta name=\"robots\" content=\"index, follow, max-snippet:-1, max-image-preview:large, max-video-preview:-1\" \/>\n<link rel=\"canonical\" href=\"https:\/\/reachextra.com\/es\/la-marca-san-roque-se-hace-mas-grande-en-fitur\/\" \/>\n<meta property=\"og:locale\" content=\"es_ES\" \/>\n<meta property=\"og:type\" content=\"article\" \/>\n<meta property=\"og:title\" content=\"La marca San Roque se hace m\u00e1s grande en Fitur\" \/>\n<meta property=\"og:description\" content=\"\u201cCiudad de San Roque, excepcional\u201d ha sido el lema escogido para esta edici\u00f3n, organizada hasta el \u00faltimo detalle por la delegaci\u00f3n municipal de Turismo...\" \/>\n<meta property=\"og:url\" content=\"https:\/\/reachextra.com\/es\/la-marca-san-roque-se-hace-mas-grande-en-fitur\/\" \/>\n<meta property=\"og:site_name\" content=\"ReachExtra\" \/>\n<meta property=\"article:publisher\" content=\"http:\/\/www.facebook.com\/reachextra\" \/>\n<meta property=\"article:published_time\" content=\"2019-02-19T17:04:02+00:00\" \/>\n<meta property=\"article:modified_time\" content=\"2019-02-19T17:35:33+00:00\" \/>\n<meta property=\"og:image\" content=\"https:\/\/reachextra.com\/wp-content\/uploads\/2019\/02\/degustacion-gastronomica-2-Reach-Alcance.jpg\" \/>\n\t<meta property=\"og:image:width\" content=\"900\" \/>\n\t<meta property=\"og:image:height\" content=\"600\" \/>\n\t<meta property=\"og:image:type\" content=\"image\/jpeg\" \/>\n<meta name=\"author\" content=\"ReachExtra\" \/>\n<meta name=\"twitter:card\" content=\"summary_large_image\" \/>\n<meta name=\"twitter:title\" content=\"La marca San Roque se hace m\u00e1s grande en Fitur\" \/>\n<meta name=\"twitter:description\" content=\"\u201cCiudad de San Roque, excepcional\u201d ha sido el lema escogido para esta edici\u00f3n, organizada hasta el \u00faltimo detalle por la delegaci\u00f3n municipal de Turismo...\" \/>\n<meta name=\"twitter:image\" content=\"https:\/\/www.reachextra.com\/wp-content\/uploads\/2019\/02\/degustacion-gastronomica-2-Reach-Alcance.jpg\" \/>\n<meta name=\"twitter:creator\" content=\"@reachextra\" \/>\n<meta name=\"twitter:site\" content=\"@reachextra\" \/>\n<meta name=\"twitter:label1\" content=\"Escrito por\" \/>\n\t<meta name=\"twitter:data1\" content=\"ReachExtra\" \/>\n\t<meta name=\"twitter:label2\" content=\"Tiempo de lectura\" \/>\n\t<meta name=\"twitter:data2\" content=\"5 minutos\" \/>\n<script type=\"application\/ld+json\" class=\"yoast-schema-graph\">{\"@context\":\"https:\/\/schema.org\",\"@graph\":[{\"@type\":\"Article\",\"@id\":\"https:\/\/reachextra.com\/es\/la-marca-san-roque-se-hace-mas-grande-en-fitur\/#article\",\"isPartOf\":{\"@id\":\"https:\/\/reachextra.com\/es\/la-marca-san-roque-se-hace-mas-grande-en-fitur\/\"},\"author\":{\"name\":\"ReachExtra\",\"@id\":\"https:\/\/reachextra.com\/es\/#\/schema\/person\/5bf8196030cf130091162668b52085df\"},\"headline\":\"La marca San Roque se hace m\u00e1s grande en Fitur\",\"datePublished\":\"2019-02-19T17:04:02+00:00\",\"dateModified\":\"2019-02-19T17:35:33+00:00\",\"mainEntityOfPage\":{\"@id\":\"https:\/\/reachextra.com\/es\/la-marca-san-roque-se-hace-mas-grande-en-fitur\/\"},\"wordCount\":1103,\"publisher\":{\"@id\":\"https:\/\/reachextra.com\/es\/#organization\"},\"image\":{\"@id\":\"https:\/\/reachextra.com\/es\/la-marca-san-roque-se-hace-mas-grande-en-fitur\/#primaryimage\"},\"thumbnailUrl\":\"https:\/\/reachextra.com\/wp-content\/uploads\/2019\/02\/degustacion-gastronomica-2-Reach-Alcance.jpg\",\"keywords\":[\"2019\",\"2019\",\"campo de gibraltar\",\"Fitur\",\"Fitur\",\"Madrid\",\"Madrid\",\"Playas\",\"Ruiz Boix\",\"Ruiz Boix\",\"San Roque\",\"San Roque\",\"Tourismo\",\"tourismo\"],\"articleSection\":[\"Explorar\",\"Negocio\",\"Tendencias\"],\"inLanguage\":\"es\"},{\"@type\":\"WebPage\",\"@id\":\"https:\/\/reachextra.com\/es\/la-marca-san-roque-se-hace-mas-grande-en-fitur\/\",\"url\":\"https:\/\/reachextra.com\/es\/la-marca-san-roque-se-hace-mas-grande-en-fitur\/\",\"name\":\"La marca San Roque se hace m\u00e1s grande en Fitur - ReachExtra - Explorar\",\"isPartOf\":{\"@id\":\"https:\/\/reachextra.com\/es\/#website\"},\"primaryImageOfPage\":{\"@id\":\"https:\/\/reachextra.com\/es\/la-marca-san-roque-se-hace-mas-grande-en-fitur\/#primaryimage\"},\"image\":{\"@id\":\"https:\/\/reachextra.com\/es\/la-marca-san-roque-se-hace-mas-grande-en-fitur\/#primaryimage\"},\"thumbnailUrl\":\"https:\/\/reachextra.com\/wp-content\/uploads\/2019\/02\/degustacion-gastronomica-2-Reach-Alcance.jpg\",\"datePublished\":\"2019-02-19T17:04:02+00:00\",\"dateModified\":\"2019-02-19T17:35:33+00:00\",\"description\":\"\u201cCiudad de San Roque, excepcional\u201d ha sido el lema escogido para esta edici\u00f3n, organizada hasta el \u00faltimo detalle por la delegaci\u00f3n municipal de Turismo...\",\"breadcrumb\":{\"@id\":\"https:\/\/reachextra.com\/es\/la-marca-san-roque-se-hace-mas-grande-en-fitur\/#breadcrumb\"},\"inLanguage\":\"es\",\"potentialAction\":[{\"@type\":\"ReadAction\",\"target\":[\"https:\/\/reachextra.com\/es\/la-marca-san-roque-se-hace-mas-grande-en-fitur\/\"]}]},{\"@type\":\"ImageObject\",\"inLanguage\":\"es\",\"@id\":\"https:\/\/reachextra.com\/es\/la-marca-san-roque-se-hace-mas-grande-en-fitur\/#primaryimage\",\"url\":\"https:\/\/reachextra.com\/wp-content\/uploads\/2019\/02\/degustacion-gastronomica-2-Reach-Alcance.jpg\",\"contentUrl\":\"https:\/\/reachextra.com\/wp-content\/uploads\/2019\/02\/degustacion-gastronomica-2-Reach-Alcance.jpg\",\"width\":900,\"height\":600,\"caption\":\"Fitur-San-Roque-Reach-Alcance\"},{\"@type\":\"BreadcrumbList\",\"@id\":\"https:\/\/reachextra.com\/es\/la-marca-san-roque-se-hace-mas-grande-en-fitur\/#breadcrumb\",\"itemListElement\":[{\"@type\":\"ListItem\",\"position\":1,\"name\":\"Home\",\"item\":\"https:\/\/reachextra.com\/es\/\"},{\"@type\":\"ListItem\",\"position\":2,\"name\":\"Explorar\",\"item\":\"https:\/\/reachextra.com\/es\/category\/explorar-es\/\"},{\"@type\":\"ListItem\",\"position\":3,\"name\":\"La marca San Roque se hace m\u00e1s grande en Fitur\"}]},{\"@type\":\"WebSite\",\"@id\":\"https:\/\/reachextra.com\/es\/#website\",\"url\":\"https:\/\/reachextra.com\/es\/\",\"name\":\"ReachExtra\",\"description\":\" Reach-Alcance en Espa\u00f1ol | Gibraltar | Campo de Gibraltar\",\"publisher\":{\"@id\":\"https:\/\/reachextra.com\/es\/#organization\"},\"potentialAction\":[{\"@type\":\"SearchAction\",\"target\":{\"@type\":\"EntryPoint\",\"urlTemplate\":\"https:\/\/reachextra.com\/es\/?s={search_term_string}\"},\"query-input\":{\"@type\":\"PropertyValueSpecification\",\"valueRequired\":true,\"valueName\":\"search_term_string\"}}],\"inLanguage\":\"es\"},{\"@type\":\"Organization\",\"@id\":\"https:\/\/reachextra.com\/es\/#organization\",\"name\":\"Reach-Alcance\",\"url\":\"https:\/\/reachextra.com\/es\/\",\"logo\":{\"@type\":\"ImageObject\",\"inLanguage\":\"es\",\"@id\":\"https:\/\/reachextra.com\/es\/#\/schema\/logo\/image\/\",\"url\":\"https:\/\/www.reachextra.com\/wp-content\/uploads\/2018\/12\/Reach-Alcance-LOGO-HDPI.jpg\",\"contentUrl\":\"https:\/\/www.reachextra.com\/wp-content\/uploads\/2018\/12\/Reach-Alcance-LOGO-HDPI.jpg\",\"width\":750,\"height\":474,\"caption\":\"Reach-Alcance\"},\"image\":{\"@id\":\"https:\/\/reachextra.com\/es\/#\/schema\/logo\/image\/\"},\"sameAs\":[\"http:\/\/www.facebook.com\/reachextra\",\"https:\/\/x.com\/reachextra\",\"http:\/\/reach.extra\",\"https:\/\/www.linkedin.com\/company\/reach-alcance\/\"]},{\"@type\":\"Person\",\"@id\":\"https:\/\/reachextra.com\/es\/#\/schema\/person\/5bf8196030cf130091162668b52085df\",\"name\":\"ReachExtra\",\"image\":{\"@type\":\"ImageObject\",\"inLanguage\":\"es\",\"@id\":\"https:\/\/reachextra.com\/es\/#\/schema\/person\/image\/\",\"url\":\"https:\/\/secure.gravatar.com\/avatar\/11e9f37f3773887633d17fdf580220857b1599038456e2f031ce0efd2f41a394?s=96&d=mm&r=g\",\"contentUrl\":\"https:\/\/secure.gravatar.com\/avatar\/11e9f37f3773887633d17fdf580220857b1599038456e2f031ce0efd2f41a394?s=96&d=mm&r=g\",\"caption\":\"ReachExtra\"},\"sameAs\":[\"http:\/\/www.reachextra.com\"]}]}<\/script>\n<!-- \/ Yoast SEO Premium plugin. -->","yoast_head_json":{"title":"La marca San Roque se hace m\u00e1s grande en Fitur - ReachExtra - Explorar","description":"\u201cCiudad de San Roque, excepcional\u201d ha sido el lema escogido para esta edici\u00f3n, organizada hasta el \u00faltimo detalle por la delegaci\u00f3n municipal de Turismo...","robots":{"index":"index","follow":"follow","max-snippet":"max-snippet:-1","max-image-preview":"max-image-preview:large","max-video-preview":"max-video-preview:-1"},"canonical":"https:\/\/reachextra.com\/es\/la-marca-san-roque-se-hace-mas-grande-en-fitur\/","og_locale":"es_ES","og_type":"article","og_title":"La marca San Roque se hace m\u00e1s grande en Fitur","og_description":"\u201cCiudad de San Roque, excepcional\u201d ha sido el lema escogido para esta edici\u00f3n, organizada hasta el \u00faltimo detalle por la delegaci\u00f3n municipal de Turismo...","og_url":"https:\/\/reachextra.com\/es\/la-marca-san-roque-se-hace-mas-grande-en-fitur\/","og_site_name":"ReachExtra","article_publisher":"http:\/\/www.facebook.com\/reachextra","article_published_time":"2019-02-19T17:04:02+00:00","article_modified_time":"2019-02-19T17:35:33+00:00","og_image":[{"width":900,"height":600,"url":"https:\/\/reachextra.com\/wp-content\/uploads\/2019\/02\/degustacion-gastronomica-2-Reach-Alcance.jpg","type":"image\/jpeg"}],"author":"ReachExtra","twitter_card":"summary_large_image","twitter_title":"La marca San Roque se hace m\u00e1s grande en Fitur","twitter_description":"\u201cCiudad de San Roque, excepcional\u201d ha sido el lema escogido para esta edici\u00f3n, organizada hasta el \u00faltimo detalle por la delegaci\u00f3n municipal de Turismo...","twitter_image":"https:\/\/www.reachextra.com\/wp-content\/uploads\/2019\/02\/degustacion-gastronomica-2-Reach-Alcance.jpg","twitter_creator":"@reachextra","twitter_site":"@reachextra","twitter_misc":{"Escrito por":"ReachExtra","Tiempo de lectura":"5 minutos"},"schema":{"@context":"https:\/\/schema.org","@graph":[{"@type":"Article","@id":"https:\/\/reachextra.com\/es\/la-marca-san-roque-se-hace-mas-grande-en-fitur\/#article","isPartOf":{"@id":"https:\/\/reachextra.com\/es\/la-marca-san-roque-se-hace-mas-grande-en-fitur\/"},"author":{"name":"ReachExtra","@id":"https:\/\/reachextra.com\/es\/#\/schema\/person\/5bf8196030cf130091162668b52085df"},"headline":"La marca San Roque se hace m\u00e1s grande en Fitur","datePublished":"2019-02-19T17:04:02+00:00","dateModified":"2019-02-19T17:35:33+00:00","mainEntityOfPage":{"@id":"https:\/\/reachextra.com\/es\/la-marca-san-roque-se-hace-mas-grande-en-fitur\/"},"wordCount":1103,"publisher":{"@id":"https:\/\/reachextra.com\/es\/#organization"},"image":{"@id":"https:\/\/reachextra.com\/es\/la-marca-san-roque-se-hace-mas-grande-en-fitur\/#primaryimage"},"thumbnailUrl":"https:\/\/reachextra.com\/wp-content\/uploads\/2019\/02\/degustacion-gastronomica-2-Reach-Alcance.jpg","keywords":["2019","2019","campo de gibraltar","Fitur","Fitur","Madrid","Madrid","Playas","Ruiz Boix","Ruiz Boix","San Roque","San Roque","Tourismo","tourismo"],"articleSection":["Explorar","Negocio","Tendencias"],"inLanguage":"es"},{"@type":"WebPage","@id":"https:\/\/reachextra.com\/es\/la-marca-san-roque-se-hace-mas-grande-en-fitur\/","url":"https:\/\/reachextra.com\/es\/la-marca-san-roque-se-hace-mas-grande-en-fitur\/","name":"La marca San Roque se hace m\u00e1s grande en Fitur - ReachExtra - Explorar","isPartOf":{"@id":"https:\/\/reachextra.com\/es\/#website"},"primaryImageOfPage":{"@id":"https:\/\/reachextra.com\/es\/la-marca-san-roque-se-hace-mas-grande-en-fitur\/#primaryimage"},"image":{"@id":"https:\/\/reachextra.com\/es\/la-marca-san-roque-se-hace-mas-grande-en-fitur\/#primaryimage"},"thumbnailUrl":"https:\/\/reachextra.com\/wp-content\/uploads\/2019\/02\/degustacion-gastronomica-2-Reach-Alcance.jpg","datePublished":"2019-02-19T17:04:02+00:00","dateModified":"2019-02-19T17:35:33+00:00","description":"\u201cCiudad de San Roque, excepcional\u201d ha sido el lema escogido para esta edici\u00f3n, organizada hasta el \u00faltimo detalle por la delegaci\u00f3n municipal de Turismo...","breadcrumb":{"@id":"https:\/\/reachextra.com\/es\/la-marca-san-roque-se-hace-mas-grande-en-fitur\/#breadcrumb"},"inLanguage":"es","potentialAction":[{"@type":"ReadAction","target":["https:\/\/reachextra.com\/es\/la-marca-san-roque-se-hace-mas-grande-en-fitur\/"]}]},{"@type":"ImageObject","inLanguage":"es","@id":"https:\/\/reachextra.com\/es\/la-marca-san-roque-se-hace-mas-grande-en-fitur\/#primaryimage","url":"https:\/\/reachextra.com\/wp-content\/uploads\/2019\/02\/degustacion-gastronomica-2-Reach-Alcance.jpg","contentUrl":"https:\/\/reachextra.com\/wp-content\/uploads\/2019\/02\/degustacion-gastronomica-2-Reach-Alcance.jpg","width":900,"height":600,"caption":"Fitur-San-Roque-Reach-Alcance"},{"@type":"BreadcrumbList","@id":"https:\/\/reachextra.com\/es\/la-marca-san-roque-se-hace-mas-grande-en-fitur\/#breadcrumb","itemListElement":[{"@type":"ListItem","position":1,"name":"Home","item":"https:\/\/reachextra.com\/es\/"},{"@type":"ListItem","position":2,"name":"Explorar","item":"https:\/\/reachextra.com\/es\/category\/explorar-es\/"},{"@type":"ListItem","position":3,"name":"La marca San Roque se hace m\u00e1s grande en Fitur"}]},{"@type":"WebSite","@id":"https:\/\/reachextra.com\/es\/#website","url":"https:\/\/reachextra.com\/es\/","name":"ReachExtra","description":" Reach-Alcance en Espa\u00f1ol | Gibraltar | Campo de Gibraltar","publisher":{"@id":"https:\/\/reachextra.com\/es\/#organization"},"potentialAction":[{"@type":"SearchAction","target":{"@type":"EntryPoint","urlTemplate":"https:\/\/reachextra.com\/es\/?s={search_term_string}"},"query-input":{"@type":"PropertyValueSpecification","valueRequired":true,"valueName":"search_term_string"}}],"inLanguage":"es"},{"@type":"Organization","@id":"https:\/\/reachextra.com\/es\/#organization","name":"Reach-Alcance","url":"https:\/\/reachextra.com\/es\/","logo":{"@type":"ImageObject","inLanguage":"es","@id":"https:\/\/reachextra.com\/es\/#\/schema\/logo\/image\/","url":"https:\/\/www.reachextra.com\/wp-content\/uploads\/2018\/12\/Reach-Alcance-LOGO-HDPI.jpg","contentUrl":"https:\/\/www.reachextra.com\/wp-content\/uploads\/2018\/12\/Reach-Alcance-LOGO-HDPI.jpg","width":750,"height":474,"caption":"Reach-Alcance"},"image":{"@id":"https:\/\/reachextra.com\/es\/#\/schema\/logo\/image\/"},"sameAs":["http:\/\/www.facebook.com\/reachextra","https:\/\/x.com\/reachextra","http:\/\/reach.extra","https:\/\/www.linkedin.com\/company\/reach-alcance\/"]},{"@type":"Person","@id":"https:\/\/reachextra.com\/es\/#\/schema\/person\/5bf8196030cf130091162668b52085df","name":"ReachExtra","image":{"@type":"ImageObject","inLanguage":"es","@id":"https:\/\/reachextra.com\/es\/#\/schema\/person\/image\/","url":"https:\/\/secure.gravatar.com\/avatar\/11e9f37f3773887633d17fdf580220857b1599038456e2f031ce0efd2f41a394?s=96&d=mm&r=g","contentUrl":"https:\/\/secure.gravatar.com\/avatar\/11e9f37f3773887633d17fdf580220857b1599038456e2f031ce0efd2f41a394?s=96&d=mm&r=g","caption":"ReachExtra"},"sameAs":["http:\/\/www.reachextra.com"]}]}},"jetpack_featured_media_url":"https:\/\/reachextra.com\/wp-content\/uploads\/2019\/02\/degustacion-gastronomica-2-Reach-Alcance.jpg","wps_subtitle":"Soraya Fern\u00e1ndez","jetpack_sharing_enabled":true,"_links":{"self":[{"href":"https:\/\/reachextra.com\/es\/wp-json\/wp\/v2\/posts\/7450","targetHints":{"allow":["GET"]}}],"collection":[{"href":"https:\/\/reachextra.com\/es\/wp-json\/wp\/v2\/posts"}],"about":[{"href":"https:\/\/reachextra.com\/es\/wp-json\/wp\/v2\/types\/post"}],"author":[{"embeddable":true,"href":"https:\/\/reachextra.com\/es\/wp-json\/wp\/v2\/users\/1"}],"replies":[{"embeddable":true,"href":"https:\/\/reachextra.com\/es\/wp-json\/wp\/v2\/comments?post=7450"}],"version-history":[{"count":5,"href":"https:\/\/reachextra.com\/es\/wp-json\/wp\/v2\/posts\/7450\/revisions"}],"predecessor-version":[{"id":7456,"href":"https:\/\/reachextra.com\/es\/wp-json\/wp\/v2\/posts\/7450\/revisions\/7456"}],"wp:featuredmedia":[{"embeddable":true,"href":"https:\/\/reachextra.com\/es\/wp-json\/wp\/v2\/media\/7436"}],"wp:attachment":[{"href":"https:\/\/reachextra.com\/es\/wp-json\/wp\/v2\/media?parent=7450"}],"wp:term":[{"taxonomy":"category","embeddable":true,"href":"https:\/\/reachextra.com\/es\/wp-json\/wp\/v2\/categories?post=7450"},{"taxonomy":"post_tag","embeddable":true,"href":"https:\/\/reachextra.com\/es\/wp-json\/wp\/v2\/tags?post=7450"},{"taxonomy":"adace-sponsor","embeddable":true,"href":"https:\/\/reachextra.com\/es\/wp-json\/wp\/v2\/adace-sponsor?post=7450"}],"curies":[{"name":"wp","href":"https:\/\/api.w.org\/{rel}","templated":true}]}}