{"id":6995,"date":"2019-01-28T21:45:21","date_gmt":"2019-01-28T20:45:21","guid":{"rendered":"https:\/\/www.reachextra.com\/pesar-por-el-fallecimiento-de-blanca-orozco\/"},"modified":"2019-02-28T15:23:43","modified_gmt":"2019-02-28T14:23:43","slug":"pesar-por-el-fallecimiento-de-blanca-orozco","status":"publish","type":"post","link":"https:\/\/reachextra.com\/es\/pesar-por-el-fallecimiento-de-blanca-orozco\/","title":{"rendered":"Pesar por el fallecimiento de Blanca Orozco"},"content":{"rendered":"\n<p>Desde REACH lamentamos profundamente el fallecimiento de la pintora algecire\u00f1a Blanca Orozco, v\u00edctima de un c\u00e1ncer al que plant\u00f3 cara desde el primer momento con la actitud positiva que la caracterizaba, y que no la impidi\u00f3 mantenerse activa y creativa hasta casi el final. <\/p>\n\n\n\n<p><a href=\"https:\/\/www.reachextra.com\/es\/con-los-pies-en-la-tierra-y-la-mirada-en-el-cielo\/\">Como ella misma cont\u00f3 en nuestras p\u00e1gina<\/a>s, no se imaginaba haciendo otra cosa que no fuera pintando, y as\u00ed lo demostraba su extenso y fruct\u00edfero curr\u00edculum.<\/p>\n\n\n\n<figure class=\"wp-block-image\"><img loading=\"lazy\" decoding=\"async\" width=\"1024\" height=\"683\" src=\"https:\/\/www.reachextra.com\/wp-content\/uploads\/2018\/11\/Blanco-Orozco-Reach-1-1024x683.jpg\" alt=\"\" class=\"wp-image-5310\" srcset=\"https:\/\/reachextra.com\/wp-content\/uploads\/2018\/11\/Blanco-Orozco-Reach-1-1024x683.jpg 1024w, https:\/\/reachextra.com\/wp-content\/uploads\/2018\/11\/Blanco-Orozco-Reach-1-300x200.jpg 300w, https:\/\/reachextra.com\/wp-content\/uploads\/2018\/11\/Blanco-Orozco-Reach-1-768x512.jpg 768w, https:\/\/reachextra.com\/wp-content\/uploads\/2018\/11\/Blanco-Orozco-Reach-1-1536x1024.jpg 1536w, https:\/\/reachextra.com\/wp-content\/uploads\/2018\/11\/Blanco-Orozco-Reach-1-2048x1365.jpg 2048w, https:\/\/reachextra.com\/wp-content\/uploads\/2018\/11\/Blanco-Orozco-Reach-1-180x120.jpg 180w, https:\/\/reachextra.com\/wp-content\/uploads\/2018\/11\/Blanco-Orozco-Reach-1-561x374.jpg 561w, https:\/\/reachextra.com\/wp-content\/uploads\/2018\/11\/Blanco-Orozco-Reach-1-1122x748.jpg 1122w, https:\/\/reachextra.com\/wp-content\/uploads\/2018\/11\/Blanco-Orozco-Reach-1-364x243.jpg 364w, https:\/\/reachextra.com\/wp-content\/uploads\/2018\/11\/Blanco-Orozco-Reach-1-728x485.jpg 728w, https:\/\/reachextra.com\/wp-content\/uploads\/2018\/11\/Blanco-Orozco-Reach-1-608x405.jpg 608w, https:\/\/reachextra.com\/wp-content\/uploads\/2018\/11\/Blanco-Orozco-Reach-1-758x505.jpg 758w, https:\/\/reachextra.com\/wp-content\/uploads\/2018\/11\/Blanco-Orozco-Reach-1-1152x768.jpg 1152w, https:\/\/reachextra.com\/wp-content\/uploads\/2018\/11\/Blanco-Orozco-Reach-1-72x48.jpg 72w, https:\/\/reachextra.com\/wp-content\/uploads\/2018\/11\/Blanco-Orozco-Reach-1-144x96.jpg 144w, https:\/\/reachextra.com\/wp-content\/uploads\/2018\/11\/Blanco-Orozco-Reach-1-313x209.jpg 313w\" sizes=\"auto, (max-width: 1024px) 100vw, 1024px\" \/><figcaption>@Fran Montes<\/figcaption><\/figure>\n\n\n\n<p>Blanca Orozco,\nafincada desde hace a\u00f1os en Tarifa, donde ten\u00eda su estudio-taller, recordaba\nsiempre con una sonrisa que una de sus primeras exposiciones fue en Algeciras,\nen la sala de Cajasur, en un mano a mano art\u00edstico con su amiga F\u00e1tima Conesa,\ny tambi\u00e9n recordaba con especial cari\u00f1o la \u00e9poca en que residi\u00f3, estudi\u00f3 y\npint\u00f3 en Berl\u00edn.<\/p>\n\n\n\n<figure class=\"wp-block-image\"><img loading=\"lazy\" decoding=\"async\" width=\"1024\" height=\"683\" src=\"https:\/\/www.reachextra.com\/wp-content\/uploads\/2018\/11\/Blanco-Orozco-Reach-3-1024x683.jpg\" alt=\"\" class=\"wp-image-5315\" srcset=\"https:\/\/reachextra.com\/wp-content\/uploads\/2018\/11\/Blanco-Orozco-Reach-3-1024x683.jpg 1024w, https:\/\/reachextra.com\/wp-content\/uploads\/2018\/11\/Blanco-Orozco-Reach-3-300x200.jpg 300w, https:\/\/reachextra.com\/wp-content\/uploads\/2018\/11\/Blanco-Orozco-Reach-3-768x512.jpg 768w, https:\/\/reachextra.com\/wp-content\/uploads\/2018\/11\/Blanco-Orozco-Reach-3-1536x1024.jpg 1536w, https:\/\/reachextra.com\/wp-content\/uploads\/2018\/11\/Blanco-Orozco-Reach-3-2048x1365.jpg 2048w, https:\/\/reachextra.com\/wp-content\/uploads\/2018\/11\/Blanco-Orozco-Reach-3-180x120.jpg 180w, https:\/\/reachextra.com\/wp-content\/uploads\/2018\/11\/Blanco-Orozco-Reach-3-561x374.jpg 561w, https:\/\/reachextra.com\/wp-content\/uploads\/2018\/11\/Blanco-Orozco-Reach-3-1122x748.jpg 1122w, https:\/\/reachextra.com\/wp-content\/uploads\/2018\/11\/Blanco-Orozco-Reach-3-364x243.jpg 364w, https:\/\/reachextra.com\/wp-content\/uploads\/2018\/11\/Blanco-Orozco-Reach-3-728x485.jpg 728w, https:\/\/reachextra.com\/wp-content\/uploads\/2018\/11\/Blanco-Orozco-Reach-3-608x405.jpg 608w, https:\/\/reachextra.com\/wp-content\/uploads\/2018\/11\/Blanco-Orozco-Reach-3-758x505.jpg 758w, https:\/\/reachextra.com\/wp-content\/uploads\/2018\/11\/Blanco-Orozco-Reach-3-1152x768.jpg 1152w, https:\/\/reachextra.com\/wp-content\/uploads\/2018\/11\/Blanco-Orozco-Reach-3-72x48.jpg 72w, https:\/\/reachextra.com\/wp-content\/uploads\/2018\/11\/Blanco-Orozco-Reach-3-144x96.jpg 144w, https:\/\/reachextra.com\/wp-content\/uploads\/2018\/11\/Blanco-Orozco-Reach-3-313x209.jpg 313w\" sizes=\"auto, (max-width: 1024px) 100vw, 1024px\" \/><figcaption>@Fran Montes<\/figcaption><\/figure>\n\n\n\n<p>Due\u00f1a de un estilo\n\u00fanico y personal, y muy involucrada en la vida cultural de la comarca, Orozco\nlleg\u00f3 a exponer en lugares tan originales como alg\u00fan que otro castillo y en\nrecintos arqueol\u00f3gicos como el de Baelo Claudia, donde a\u00fan permanece el eco de\nsu \u00faltima exposici\u00f3n, \u201cPedes in terra ad sidera visus\u201d. <\/p>\n\n\n\n<p>Sirvan estas\nl\u00edneas para manifestar nuestro m\u00e1s sentido p\u00e9same por esta terrible p\u00e9rdida, y\nenviar un afectuoso abrazo a su familia y amigos. D.E.P.<\/p>\n\n\n\n<p><\/p>\n","protected":false},"excerpt":{"rendered":"<p>Desde REACH lamentamos profundamente el fallecimiento de la pintora algecire\u00f1a Blanca Orozco, v\u00edctima de un c\u00e1ncer al que plant\u00f3 cara desde el primer momento con la actitud positiva que la caracterizaba <a class=\"g1-link g1-link-more\" href=\"https:\/\/reachextra.com\/es\/pesar-por-el-fallecimiento-de-blanca-orozco\/\">More<\/a><\/p>\n","protected":false},"author":1,"featured_media":5313,"comment_status":"closed","ping_status":"closed","sticky":false,"template":"","format":"standard","meta":{"_jetpack_memberships_contains_paid_content":false,"footnotes":""},"categories":[1309,225],"tags":[264,223],"adace-sponsor":[],"class_list":{"0":"post-6995","1":"post","2":"type-post","3":"status-publish","4":"format-standard","5":"has-post-thumbnail","7":"category-arte","8":"category-tendencias","9":"tag-algeciras","10":"tag-blanca-orozco"},"yoast_head":"<!-- This site is optimized with the Yoast SEO Premium plugin v19.5 (Yoast SEO v26.7) - https:\/\/yoast.com\/wordpress\/plugins\/seo\/ -->\n<title>Pesar por el fallecimiento de Blanca Orozco - ReachExtra<\/title>\n<meta name=\"description\" content=\"Desde REACH lamentamos profundamente el fallecimiento de la pintora algecire\u00f1a Blanca Orozco, v\u00edctima de un c\u00e1ncer al que plant\u00f3 cara desde el primer momento con la actitud positiva que la caracterizaba\" \/>\n<meta name=\"robots\" content=\"index, follow, max-snippet:-1, max-image-preview:large, max-video-preview:-1\" \/>\n<link rel=\"canonical\" href=\"https:\/\/reachextra.com\/es\/pesar-por-el-fallecimiento-de-blanca-orozco\/\" \/>\n<meta property=\"og:locale\" content=\"es_ES\" \/>\n<meta property=\"og:type\" content=\"article\" \/>\n<meta property=\"og:title\" content=\"Pesar por el fallecimiento de Blanca Orozco\" \/>\n<meta property=\"og:description\" content=\"Desde REACH lamentamos profundamente el fallecimiento de la pintora algecire\u00f1a Blanca Orozco, v\u00edctima de un c\u00e1ncer al que plant\u00f3 cara desde el primer momento con la actitud positiva que la caracterizaba\" \/>\n<meta property=\"og:url\" content=\"https:\/\/reachextra.com\/es\/pesar-por-el-fallecimiento-de-blanca-orozco\/\" \/>\n<meta property=\"og:site_name\" content=\"ReachExtra\" \/>\n<meta property=\"article:publisher\" content=\"http:\/\/www.facebook.com\/reachextra\" \/>\n<meta property=\"article:published_time\" content=\"2019-01-28T20:45:21+00:00\" \/>\n<meta property=\"article:modified_time\" content=\"2019-02-28T14:23:43+00:00\" \/>\n<meta property=\"og:image\" content=\"https:\/\/reachextra.com\/wp-content\/uploads\/2018\/11\/Blanco-Orozco-Reach-2.jpg\" \/>\n\t<meta property=\"og:image:width\" content=\"2382\" \/>\n\t<meta property=\"og:image:height\" content=\"1588\" \/>\n\t<meta property=\"og:image:type\" content=\"image\/jpeg\" \/>\n<meta name=\"author\" content=\"ReachExtra\" \/>\n<meta name=\"twitter:card\" content=\"summary_large_image\" \/>\n<meta name=\"twitter:title\" content=\"Pesar por el fallecimiento de Blanca Orozco\" \/>\n<meta name=\"twitter:description\" content=\"Desde REACH lamentamos profundamente el fallecimiento de la pintora algecire\u00f1a Blanca Orozco, v\u00edctima de un c\u00e1ncer al que plant\u00f3 cara desde el primer momento con la actitud positiva que la caracterizaba\" \/>\n<meta name=\"twitter:image\" content=\"https:\/\/www.reachextra.com\/wp-content\/uploads\/2018\/11\/Blanco-Orozco-Reach-2.jpg\" \/>\n<meta name=\"twitter:creator\" content=\"@reachextra\" \/>\n<meta name=\"twitter:site\" content=\"@reachextra\" \/>\n<meta name=\"twitter:label1\" content=\"Escrito por\" \/>\n\t<meta name=\"twitter:data1\" content=\"ReachExtra\" \/>\n\t<meta name=\"twitter:label2\" content=\"Tiempo de lectura\" \/>\n\t<meta name=\"twitter:data2\" content=\"1 minuto\" \/>\n<script type=\"application\/ld+json\" class=\"yoast-schema-graph\">{\"@context\":\"https:\/\/schema.org\",\"@graph\":[{\"@type\":\"Article\",\"@id\":\"https:\/\/reachextra.com\/es\/pesar-por-el-fallecimiento-de-blanca-orozco\/#article\",\"isPartOf\":{\"@id\":\"https:\/\/reachextra.com\/es\/pesar-por-el-fallecimiento-de-blanca-orozco\/\"},\"author\":{\"name\":\"ReachExtra\",\"@id\":\"https:\/\/reachextra.com\/es\/#\/schema\/person\/5bf8196030cf130091162668b52085df\"},\"headline\":\"Pesar por el fallecimiento de Blanca Orozco\",\"datePublished\":\"2019-01-28T20:45:21+00:00\",\"dateModified\":\"2019-02-28T14:23:43+00:00\",\"mainEntityOfPage\":{\"@id\":\"https:\/\/reachextra.com\/es\/pesar-por-el-fallecimiento-de-blanca-orozco\/\"},\"wordCount\":241,\"publisher\":{\"@id\":\"https:\/\/reachextra.com\/es\/#organization\"},\"image\":{\"@id\":\"https:\/\/reachextra.com\/es\/pesar-por-el-fallecimiento-de-blanca-orozco\/#primaryimage\"},\"thumbnailUrl\":\"https:\/\/reachextra.com\/wp-content\/uploads\/2018\/11\/Blanco-Orozco-Reach-2.jpg\",\"keywords\":[\"algeciras\",\"Blanca Orozco\"],\"articleSection\":[\"Arte\",\"Tendencias\"],\"inLanguage\":\"es\"},{\"@type\":\"WebPage\",\"@id\":\"https:\/\/reachextra.com\/es\/pesar-por-el-fallecimiento-de-blanca-orozco\/\",\"url\":\"https:\/\/reachextra.com\/es\/pesar-por-el-fallecimiento-de-blanca-orozco\/\",\"name\":\"Pesar por el fallecimiento de Blanca Orozco - ReachExtra\",\"isPartOf\":{\"@id\":\"https:\/\/reachextra.com\/es\/#website\"},\"primaryImageOfPage\":{\"@id\":\"https:\/\/reachextra.com\/es\/pesar-por-el-fallecimiento-de-blanca-orozco\/#primaryimage\"},\"image\":{\"@id\":\"https:\/\/reachextra.com\/es\/pesar-por-el-fallecimiento-de-blanca-orozco\/#primaryimage\"},\"thumbnailUrl\":\"https:\/\/reachextra.com\/wp-content\/uploads\/2018\/11\/Blanco-Orozco-Reach-2.jpg\",\"datePublished\":\"2019-01-28T20:45:21+00:00\",\"dateModified\":\"2019-02-28T14:23:43+00:00\",\"description\":\"Desde REACH lamentamos profundamente el fallecimiento de la pintora algecire\u00f1a Blanca Orozco, v\u00edctima de un c\u00e1ncer al que plant\u00f3 cara desde el primer momento con la actitud positiva que la caracterizaba\",\"breadcrumb\":{\"@id\":\"https:\/\/reachextra.com\/es\/pesar-por-el-fallecimiento-de-blanca-orozco\/#breadcrumb\"},\"inLanguage\":\"es\",\"potentialAction\":[{\"@type\":\"ReadAction\",\"target\":[\"https:\/\/reachextra.com\/es\/pesar-por-el-fallecimiento-de-blanca-orozco\/\"]}]},{\"@type\":\"ImageObject\",\"inLanguage\":\"es\",\"@id\":\"https:\/\/reachextra.com\/es\/pesar-por-el-fallecimiento-de-blanca-orozco\/#primaryimage\",\"url\":\"https:\/\/reachextra.com\/wp-content\/uploads\/2018\/11\/Blanco-Orozco-Reach-2.jpg\",\"contentUrl\":\"https:\/\/reachextra.com\/wp-content\/uploads\/2018\/11\/Blanco-Orozco-Reach-2.jpg\",\"width\":2382,\"height\":1588,\"caption\":\"@Fran Montes\"},{\"@type\":\"BreadcrumbList\",\"@id\":\"https:\/\/reachextra.com\/es\/pesar-por-el-fallecimiento-de-blanca-orozco\/#breadcrumb\",\"itemListElement\":[{\"@type\":\"ListItem\",\"position\":1,\"name\":\"Home\",\"item\":\"https:\/\/reachextra.com\/es\/\"},{\"@type\":\"ListItem\",\"position\":2,\"name\":\"Tendencias\",\"item\":\"https:\/\/reachextra.com\/es\/category\/tendencias\/\"},{\"@type\":\"ListItem\",\"position\":3,\"name\":\"Pesar por el fallecimiento de Blanca Orozco\"}]},{\"@type\":\"WebSite\",\"@id\":\"https:\/\/reachextra.com\/es\/#website\",\"url\":\"https:\/\/reachextra.com\/es\/\",\"name\":\"ReachExtra\",\"description\":\" Reach-Alcance en Espa\u00f1ol | Gibraltar | Campo de Gibraltar\",\"publisher\":{\"@id\":\"https:\/\/reachextra.com\/es\/#organization\"},\"potentialAction\":[{\"@type\":\"SearchAction\",\"target\":{\"@type\":\"EntryPoint\",\"urlTemplate\":\"https:\/\/reachextra.com\/es\/?s={search_term_string}\"},\"query-input\":{\"@type\":\"PropertyValueSpecification\",\"valueRequired\":true,\"valueName\":\"search_term_string\"}}],\"inLanguage\":\"es\"},{\"@type\":\"Organization\",\"@id\":\"https:\/\/reachextra.com\/es\/#organization\",\"name\":\"Reach-Alcance\",\"url\":\"https:\/\/reachextra.com\/es\/\",\"logo\":{\"@type\":\"ImageObject\",\"inLanguage\":\"es\",\"@id\":\"https:\/\/reachextra.com\/es\/#\/schema\/logo\/image\/\",\"url\":\"https:\/\/www.reachextra.com\/wp-content\/uploads\/2018\/12\/Reach-Alcance-LOGO-HDPI.jpg\",\"contentUrl\":\"https:\/\/www.reachextra.com\/wp-content\/uploads\/2018\/12\/Reach-Alcance-LOGO-HDPI.jpg\",\"width\":750,\"height\":474,\"caption\":\"Reach-Alcance\"},\"image\":{\"@id\":\"https:\/\/reachextra.com\/es\/#\/schema\/logo\/image\/\"},\"sameAs\":[\"http:\/\/www.facebook.com\/reachextra\",\"https:\/\/x.com\/reachextra\",\"http:\/\/reach.extra\",\"https:\/\/www.linkedin.com\/company\/reach-alcance\/\"]},{\"@type\":\"Person\",\"@id\":\"https:\/\/reachextra.com\/es\/#\/schema\/person\/5bf8196030cf130091162668b52085df\",\"name\":\"ReachExtra\",\"image\":{\"@type\":\"ImageObject\",\"inLanguage\":\"es\",\"@id\":\"https:\/\/reachextra.com\/es\/#\/schema\/person\/image\/\",\"url\":\"https:\/\/secure.gravatar.com\/avatar\/11e9f37f3773887633d17fdf580220857b1599038456e2f031ce0efd2f41a394?s=96&d=mm&r=g\",\"contentUrl\":\"https:\/\/secure.gravatar.com\/avatar\/11e9f37f3773887633d17fdf580220857b1599038456e2f031ce0efd2f41a394?s=96&d=mm&r=g\",\"caption\":\"ReachExtra\"},\"sameAs\":[\"http:\/\/www.reachextra.com\"]}]}<\/script>\n<!-- \/ Yoast SEO Premium plugin. -->","yoast_head_json":{"title":"Pesar por el fallecimiento de Blanca Orozco - ReachExtra","description":"Desde REACH lamentamos profundamente el fallecimiento de la pintora algecire\u00f1a Blanca Orozco, v\u00edctima de un c\u00e1ncer al que plant\u00f3 cara desde el primer momento con la actitud positiva que la caracterizaba","robots":{"index":"index","follow":"follow","max-snippet":"max-snippet:-1","max-image-preview":"max-image-preview:large","max-video-preview":"max-video-preview:-1"},"canonical":"https:\/\/reachextra.com\/es\/pesar-por-el-fallecimiento-de-blanca-orozco\/","og_locale":"es_ES","og_type":"article","og_title":"Pesar por el fallecimiento de Blanca Orozco","og_description":"Desde REACH lamentamos profundamente el fallecimiento de la pintora algecire\u00f1a Blanca Orozco, v\u00edctima de un c\u00e1ncer al que plant\u00f3 cara desde el primer momento con la actitud positiva que la caracterizaba","og_url":"https:\/\/reachextra.com\/es\/pesar-por-el-fallecimiento-de-blanca-orozco\/","og_site_name":"ReachExtra","article_publisher":"http:\/\/www.facebook.com\/reachextra","article_published_time":"2019-01-28T20:45:21+00:00","article_modified_time":"2019-02-28T14:23:43+00:00","og_image":[{"width":2382,"height":1588,"url":"https:\/\/reachextra.com\/wp-content\/uploads\/2018\/11\/Blanco-Orozco-Reach-2.jpg","type":"image\/jpeg"}],"author":"ReachExtra","twitter_card":"summary_large_image","twitter_title":"Pesar por el fallecimiento de Blanca Orozco","twitter_description":"Desde REACH lamentamos profundamente el fallecimiento de la pintora algecire\u00f1a Blanca Orozco, v\u00edctima de un c\u00e1ncer al que plant\u00f3 cara desde el primer momento con la actitud positiva que la caracterizaba","twitter_image":"https:\/\/www.reachextra.com\/wp-content\/uploads\/2018\/11\/Blanco-Orozco-Reach-2.jpg","twitter_creator":"@reachextra","twitter_site":"@reachextra","twitter_misc":{"Escrito por":"ReachExtra","Tiempo de lectura":"1 minuto"},"schema":{"@context":"https:\/\/schema.org","@graph":[{"@type":"Article","@id":"https:\/\/reachextra.com\/es\/pesar-por-el-fallecimiento-de-blanca-orozco\/#article","isPartOf":{"@id":"https:\/\/reachextra.com\/es\/pesar-por-el-fallecimiento-de-blanca-orozco\/"},"author":{"name":"ReachExtra","@id":"https:\/\/reachextra.com\/es\/#\/schema\/person\/5bf8196030cf130091162668b52085df"},"headline":"Pesar por el fallecimiento de Blanca Orozco","datePublished":"2019-01-28T20:45:21+00:00","dateModified":"2019-02-28T14:23:43+00:00","mainEntityOfPage":{"@id":"https:\/\/reachextra.com\/es\/pesar-por-el-fallecimiento-de-blanca-orozco\/"},"wordCount":241,"publisher":{"@id":"https:\/\/reachextra.com\/es\/#organization"},"image":{"@id":"https:\/\/reachextra.com\/es\/pesar-por-el-fallecimiento-de-blanca-orozco\/#primaryimage"},"thumbnailUrl":"https:\/\/reachextra.com\/wp-content\/uploads\/2018\/11\/Blanco-Orozco-Reach-2.jpg","keywords":["algeciras","Blanca Orozco"],"articleSection":["Arte","Tendencias"],"inLanguage":"es"},{"@type":"WebPage","@id":"https:\/\/reachextra.com\/es\/pesar-por-el-fallecimiento-de-blanca-orozco\/","url":"https:\/\/reachextra.com\/es\/pesar-por-el-fallecimiento-de-blanca-orozco\/","name":"Pesar por el fallecimiento de Blanca Orozco - ReachExtra","isPartOf":{"@id":"https:\/\/reachextra.com\/es\/#website"},"primaryImageOfPage":{"@id":"https:\/\/reachextra.com\/es\/pesar-por-el-fallecimiento-de-blanca-orozco\/#primaryimage"},"image":{"@id":"https:\/\/reachextra.com\/es\/pesar-por-el-fallecimiento-de-blanca-orozco\/#primaryimage"},"thumbnailUrl":"https:\/\/reachextra.com\/wp-content\/uploads\/2018\/11\/Blanco-Orozco-Reach-2.jpg","datePublished":"2019-01-28T20:45:21+00:00","dateModified":"2019-02-28T14:23:43+00:00","description":"Desde REACH lamentamos profundamente el fallecimiento de la pintora algecire\u00f1a Blanca Orozco, v\u00edctima de un c\u00e1ncer al que plant\u00f3 cara desde el primer momento con la actitud positiva que la caracterizaba","breadcrumb":{"@id":"https:\/\/reachextra.com\/es\/pesar-por-el-fallecimiento-de-blanca-orozco\/#breadcrumb"},"inLanguage":"es","potentialAction":[{"@type":"ReadAction","target":["https:\/\/reachextra.com\/es\/pesar-por-el-fallecimiento-de-blanca-orozco\/"]}]},{"@type":"ImageObject","inLanguage":"es","@id":"https:\/\/reachextra.com\/es\/pesar-por-el-fallecimiento-de-blanca-orozco\/#primaryimage","url":"https:\/\/reachextra.com\/wp-content\/uploads\/2018\/11\/Blanco-Orozco-Reach-2.jpg","contentUrl":"https:\/\/reachextra.com\/wp-content\/uploads\/2018\/11\/Blanco-Orozco-Reach-2.jpg","width":2382,"height":1588,"caption":"@Fran Montes"},{"@type":"BreadcrumbList","@id":"https:\/\/reachextra.com\/es\/pesar-por-el-fallecimiento-de-blanca-orozco\/#breadcrumb","itemListElement":[{"@type":"ListItem","position":1,"name":"Home","item":"https:\/\/reachextra.com\/es\/"},{"@type":"ListItem","position":2,"name":"Tendencias","item":"https:\/\/reachextra.com\/es\/category\/tendencias\/"},{"@type":"ListItem","position":3,"name":"Pesar por el fallecimiento de Blanca Orozco"}]},{"@type":"WebSite","@id":"https:\/\/reachextra.com\/es\/#website","url":"https:\/\/reachextra.com\/es\/","name":"ReachExtra","description":" Reach-Alcance en Espa\u00f1ol | Gibraltar | Campo de Gibraltar","publisher":{"@id":"https:\/\/reachextra.com\/es\/#organization"},"potentialAction":[{"@type":"SearchAction","target":{"@type":"EntryPoint","urlTemplate":"https:\/\/reachextra.com\/es\/?s={search_term_string}"},"query-input":{"@type":"PropertyValueSpecification","valueRequired":true,"valueName":"search_term_string"}}],"inLanguage":"es"},{"@type":"Organization","@id":"https:\/\/reachextra.com\/es\/#organization","name":"Reach-Alcance","url":"https:\/\/reachextra.com\/es\/","logo":{"@type":"ImageObject","inLanguage":"es","@id":"https:\/\/reachextra.com\/es\/#\/schema\/logo\/image\/","url":"https:\/\/www.reachextra.com\/wp-content\/uploads\/2018\/12\/Reach-Alcance-LOGO-HDPI.jpg","contentUrl":"https:\/\/www.reachextra.com\/wp-content\/uploads\/2018\/12\/Reach-Alcance-LOGO-HDPI.jpg","width":750,"height":474,"caption":"Reach-Alcance"},"image":{"@id":"https:\/\/reachextra.com\/es\/#\/schema\/logo\/image\/"},"sameAs":["http:\/\/www.facebook.com\/reachextra","https:\/\/x.com\/reachextra","http:\/\/reach.extra","https:\/\/www.linkedin.com\/company\/reach-alcance\/"]},{"@type":"Person","@id":"https:\/\/reachextra.com\/es\/#\/schema\/person\/5bf8196030cf130091162668b52085df","name":"ReachExtra","image":{"@type":"ImageObject","inLanguage":"es","@id":"https:\/\/reachextra.com\/es\/#\/schema\/person\/image\/","url":"https:\/\/secure.gravatar.com\/avatar\/11e9f37f3773887633d17fdf580220857b1599038456e2f031ce0efd2f41a394?s=96&d=mm&r=g","contentUrl":"https:\/\/secure.gravatar.com\/avatar\/11e9f37f3773887633d17fdf580220857b1599038456e2f031ce0efd2f41a394?s=96&d=mm&r=g","caption":"ReachExtra"},"sameAs":["http:\/\/www.reachextra.com"]}]}},"jetpack_featured_media_url":"https:\/\/reachextra.com\/wp-content\/uploads\/2018\/11\/Blanco-Orozco-Reach-2.jpg","wps_subtitle":"Equipo Reach-Alcance ","jetpack_sharing_enabled":true,"_links":{"self":[{"href":"https:\/\/reachextra.com\/es\/wp-json\/wp\/v2\/posts\/6995","targetHints":{"allow":["GET"]}}],"collection":[{"href":"https:\/\/reachextra.com\/es\/wp-json\/wp\/v2\/posts"}],"about":[{"href":"https:\/\/reachextra.com\/es\/wp-json\/wp\/v2\/types\/post"}],"author":[{"embeddable":true,"href":"https:\/\/reachextra.com\/es\/wp-json\/wp\/v2\/users\/1"}],"replies":[{"embeddable":true,"href":"https:\/\/reachextra.com\/es\/wp-json\/wp\/v2\/comments?post=6995"}],"version-history":[{"count":8,"href":"https:\/\/reachextra.com\/es\/wp-json\/wp\/v2\/posts\/6995\/revisions"}],"predecessor-version":[{"id":7013,"href":"https:\/\/reachextra.com\/es\/wp-json\/wp\/v2\/posts\/6995\/revisions\/7013"}],"wp:featuredmedia":[{"embeddable":true,"href":"https:\/\/reachextra.com\/es\/wp-json\/wp\/v2\/media\/5313"}],"wp:attachment":[{"href":"https:\/\/reachextra.com\/es\/wp-json\/wp\/v2\/media?parent=6995"}],"wp:term":[{"taxonomy":"category","embeddable":true,"href":"https:\/\/reachextra.com\/es\/wp-json\/wp\/v2\/categories?post=6995"},{"taxonomy":"post_tag","embeddable":true,"href":"https:\/\/reachextra.com\/es\/wp-json\/wp\/v2\/tags?post=6995"},{"taxonomy":"adace-sponsor","embeddable":true,"href":"https:\/\/reachextra.com\/es\/wp-json\/wp\/v2\/adace-sponsor?post=6995"}],"curies":[{"name":"wp","href":"https:\/\/api.w.org\/{rel}","templated":true}]}}