{"id":6241,"date":"2018-12-23T15:36:05","date_gmt":"2018-12-23T14:36:05","guid":{"rendered":"https:\/\/www.reachextra.com\/la-linea-y-gibraltar-tan-lejos-tan-cerca\/"},"modified":"2018-12-23T17:56:33","modified_gmt":"2018-12-23T16:56:33","slug":"la-linea-y-gibraltar-tan-lejos-tan-cerca","status":"publish","type":"post","link":"https:\/\/reachextra.com\/es\/la-linea-y-gibraltar-tan-lejos-tan-cerca\/","title":{"rendered":"La L\u00ednea y Gibraltar, tan lejos, tan cerca"},"content":{"rendered":"\n<p>Lorenzo P\u00e9rez-Peri\u00e1\u00f1ez, uno de los fundadores del Grupo Transfronterizo, defiende con firmeza la necesidad de mantener los estrechos v\u00ednculos que unen a ambos pueblos.<\/p>\n\n\n\n<p>Lorenzo P\u00e9rez-Peri\u00e1\u00f1ez Carmona no necesita presentaci\u00f3n en la zona por su lucha constante en defensa de los intereses de La L\u00ednea y de Gibraltar, dos pueblos con muchas diferencias, pero tambi\u00e9n con muchas cosas en com\u00fan que este empresario linense defiende con firmeza. <\/p>\n\n\n\n<figure class=\"wp-block-image\"><img loading=\"lazy\" decoding=\"async\" width=\"1024\" height=\"682\" src=\"https:\/\/www.reachextra.com\/wp-content\/uploads\/2018\/12\/Loren-Perianez-Reach-Alcance-1-1024x682.jpg\" alt=\"Lorenzo Perez-Peri\u00e1\u00f1ez\" class=\"wp-image-6234\" srcset=\"https:\/\/reachextra.com\/wp-content\/uploads\/2018\/12\/Loren-Perianez-Reach-Alcance-1-1024x682.jpg 1024w, https:\/\/reachextra.com\/wp-content\/uploads\/2018\/12\/Loren-Perianez-Reach-Alcance-1-300x200.jpg 300w, https:\/\/reachextra.com\/wp-content\/uploads\/2018\/12\/Loren-Perianez-Reach-Alcance-1-768x512.jpg 768w, https:\/\/reachextra.com\/wp-content\/uploads\/2018\/12\/Loren-Perianez-Reach-Alcance-1-180x120.jpg 180w, https:\/\/reachextra.com\/wp-content\/uploads\/2018\/12\/Loren-Perianez-Reach-Alcance-1-561x374.jpg 561w, https:\/\/reachextra.com\/wp-content\/uploads\/2018\/12\/Loren-Perianez-Reach-Alcance-1-1122x748.jpg 1122w, https:\/\/reachextra.com\/wp-content\/uploads\/2018\/12\/Loren-Perianez-Reach-Alcance-1-364x243.jpg 364w, https:\/\/reachextra.com\/wp-content\/uploads\/2018\/12\/Loren-Perianez-Reach-Alcance-1-728x485.jpg 728w, https:\/\/reachextra.com\/wp-content\/uploads\/2018\/12\/Loren-Perianez-Reach-Alcance-1-608x405.jpg 608w, https:\/\/reachextra.com\/wp-content\/uploads\/2018\/12\/Loren-Perianez-Reach-Alcance-1-758x505.jpg 758w, https:\/\/reachextra.com\/wp-content\/uploads\/2018\/12\/Loren-Perianez-Reach-Alcance-1-1152x768.jpg 1152w, https:\/\/reachextra.com\/wp-content\/uploads\/2018\/12\/Loren-Perianez-Reach-Alcance-1-72x48.jpg 72w, https:\/\/reachextra.com\/wp-content\/uploads\/2018\/12\/Loren-Perianez-Reach-Alcance-1-144x96.jpg 144w, https:\/\/reachextra.com\/wp-content\/uploads\/2018\/12\/Loren-Perianez-Reach-Alcance-1-313x209.jpg 313w, https:\/\/reachextra.com\/wp-content\/uploads\/2018\/12\/Loren-Perianez-Reach-Alcance-1.jpg 1373w\" sizes=\"auto, (max-width: 1024px) 100vw, 1024px\" \/><figcaption>Lorenzo Perez-Peri\u00e1\u00f1ez<\/figcaption><\/figure>\n\n\n\n<p>\u201cGibraltar y La L\u00ednea tienen v\u00ednculos econ\u00f3micos, familiares, sociales, culturales, ling\u00fc\u00edsticos e incluso gastron\u00f3micos. Somos pueblos hermanos y \u00fanicos. Tenemos una identidad muy marcada y hay muchas m\u00e1s cosas que nos unen que las que nos separan. No podemos ni debemos renunciar a esto\u201d, sostiene.<\/p>\n\n\n\n<p>Como presidente de la Asociaci\u00f3n de la Peque\u00f1a y Mediana Empresa de La L\u00ednea (Apymell) y portavoz del Grupo Transfronterizo, ha hecho y contin\u00faa haciendo una gran labor ajena a los vaivenes que sacuden a la zona y a los cambios de siglas pol\u00edticas. <\/p>\n\n\n\n<p>El endurecimiento de los controles en la Verja por parte de las autoridades espa\u00f1olas en 2013 y las eternas colas que provocaron hicieron que Lorenzo P\u00e9rez-Peri\u00e1\u00f1ez se rebelara e iniciase un nuevo reto personal: luchar por la convivencia pac\u00edfica de Gibraltar y La L\u00ednea al margen de cualquier cuesti\u00f3n pol\u00edtica.<\/p>\n\n\n\n<figure class=\"wp-block-image\"><img loading=\"lazy\" decoding=\"async\" width=\"1024\" height=\"683\" src=\"https:\/\/www.reachextra.com\/wp-content\/uploads\/2018\/12\/Loren-Perianez-Reach-Alcance-1024x683.jpg\" alt=\"Lorenzo Perez-Peri\u00e1\u00f1ez\" class=\"wp-image-6232\" srcset=\"https:\/\/reachextra.com\/wp-content\/uploads\/2018\/12\/Loren-Perianez-Reach-Alcance-1024x683.jpg 1024w, https:\/\/reachextra.com\/wp-content\/uploads\/2018\/12\/Loren-Perianez-Reach-Alcance-300x200.jpg 300w, https:\/\/reachextra.com\/wp-content\/uploads\/2018\/12\/Loren-Perianez-Reach-Alcance-768x512.jpg 768w, https:\/\/reachextra.com\/wp-content\/uploads\/2018\/12\/Loren-Perianez-Reach-Alcance-180x120.jpg 180w, https:\/\/reachextra.com\/wp-content\/uploads\/2018\/12\/Loren-Perianez-Reach-Alcance-561x374.jpg 561w, https:\/\/reachextra.com\/wp-content\/uploads\/2018\/12\/Loren-Perianez-Reach-Alcance-1122x748.jpg 1122w, https:\/\/reachextra.com\/wp-content\/uploads\/2018\/12\/Loren-Perianez-Reach-Alcance-364x243.jpg 364w, https:\/\/reachextra.com\/wp-content\/uploads\/2018\/12\/Loren-Perianez-Reach-Alcance-728x485.jpg 728w, https:\/\/reachextra.com\/wp-content\/uploads\/2018\/12\/Loren-Perianez-Reach-Alcance-608x405.jpg 608w, https:\/\/reachextra.com\/wp-content\/uploads\/2018\/12\/Loren-Perianez-Reach-Alcance-758x505.jpg 758w, https:\/\/reachextra.com\/wp-content\/uploads\/2018\/12\/Loren-Perianez-Reach-Alcance-1152x768.jpg 1152w, https:\/\/reachextra.com\/wp-content\/uploads\/2018\/12\/Loren-Perianez-Reach-Alcance-72x48.jpg 72w, https:\/\/reachextra.com\/wp-content\/uploads\/2018\/12\/Loren-Perianez-Reach-Alcance-144x96.jpg 144w, https:\/\/reachextra.com\/wp-content\/uploads\/2018\/12\/Loren-Perianez-Reach-Alcance-313x209.jpg 313w, https:\/\/reachextra.com\/wp-content\/uploads\/2018\/12\/Loren-Perianez-Reach-Alcance.jpg 1506w\" sizes=\"auto, (max-width: 1024px) 100vw, 1024px\" \/><figcaption>Lorenzo Perez-Peri\u00e1\u00f1ez<\/figcaption><\/figure>\n\n\n\n<p>Desde entonces se ha mostrado muy beligerante con las decisiones pol\u00edticas que han asfixiado y castigado a los habitantes y las econom\u00edas de La L\u00ednea y Gibraltar. El germen del <a href=\"https:\/\/www.facebook.com\/Cross-Frontier-Group-Grupo-Transfronterizo-526180334410745\/?epa=SEARCH_BOX\">Grupo Transfronterizo<\/a>, que agrupa a sindicatos y empresarios de ambos lados de la Verja, fueron precisamente aquellas colas y detr\u00e1s estuvo Lorenzo P\u00e9rez-Peri\u00e1\u00f1ez, uno de sus fundadores, as\u00ed como Alfredo Vasquez y Gemma Vasquez, entonces responsables de la asociaci\u00f3n de la peque\u00f1a empresa de Gibraltar (\u201c<a href=\"https:\/\/www.gfsb.gi\/\">GFSB<\/a>\u201d por sus siglas en ingl\u00e9s).<\/p>\n\n\n\n<p>\u201cAquello nos afect\u00f3 a todos, al turismo de Gibraltar, a los negocios de La L\u00ednea, a los trabajadores transfronterizos, que pasaron un calvario y cuyos puestos peligraban&#8230;\u201d, cuenta.<\/p>\n\n\n\n<p>Los sindicatos de ambos lados tambi\u00e9n hab\u00edan iniciado conversaciones, por lo que empresarios y sindicalistas aunaron fuerzas y crearon el Grupo Transfronterizo. \u201cPrim\u00f3 el inter\u00e9s de todos. Redactamos una primera declaraci\u00f3n p\u00fablica con un mensaje muy claro: ninguna decisi\u00f3n pol\u00edtica puede o debe influir negativamente en el bienestar y la relaci\u00f3n de los ciudadanos de Gibraltar y el Campo de Gibraltar\u201d, explica.<\/p>\n\n\n\n<figure class=\"wp-block-image\"><img loading=\"lazy\" decoding=\"async\" width=\"1024\" height=\"587\" src=\"https:\/\/www.reachextra.com\/wp-content\/uploads\/2018\/12\/La-linea-Gibraltar-Nick-Gomez-Reach-Alcance-1024x587.jpg\" alt=\"Gibraltar and La Linea\" class=\"wp-image-6230\" srcset=\"https:\/\/reachextra.com\/wp-content\/uploads\/2018\/12\/La-linea-Gibraltar-Nick-Gomez-Reach-Alcance-1024x587.jpg 1024w, https:\/\/reachextra.com\/wp-content\/uploads\/2018\/12\/La-linea-Gibraltar-Nick-Gomez-Reach-Alcance-300x172.jpg 300w, https:\/\/reachextra.com\/wp-content\/uploads\/2018\/12\/La-linea-Gibraltar-Nick-Gomez-Reach-Alcance-768x441.jpg 768w, https:\/\/reachextra.com\/wp-content\/uploads\/2018\/12\/La-linea-Gibraltar-Nick-Gomez-Reach-Alcance-561x322.jpg 561w, https:\/\/reachextra.com\/wp-content\/uploads\/2018\/12\/La-linea-Gibraltar-Nick-Gomez-Reach-Alcance-1122x644.jpg 1122w, https:\/\/reachextra.com\/wp-content\/uploads\/2018\/12\/La-linea-Gibraltar-Nick-Gomez-Reach-Alcance-364x209.jpg 364w, https:\/\/reachextra.com\/wp-content\/uploads\/2018\/12\/La-linea-Gibraltar-Nick-Gomez-Reach-Alcance-728x418.jpg 728w, https:\/\/reachextra.com\/wp-content\/uploads\/2018\/12\/La-linea-Gibraltar-Nick-Gomez-Reach-Alcance-608x349.jpg 608w, https:\/\/reachextra.com\/wp-content\/uploads\/2018\/12\/La-linea-Gibraltar-Nick-Gomez-Reach-Alcance-758x435.jpg 758w, https:\/\/reachextra.com\/wp-content\/uploads\/2018\/12\/La-linea-Gibraltar-Nick-Gomez-Reach-Alcance-1152x661.jpg 1152w, https:\/\/reachextra.com\/wp-content\/uploads\/2018\/12\/La-linea-Gibraltar-Nick-Gomez-Reach-Alcance-84x48.jpg 84w, https:\/\/reachextra.com\/wp-content\/uploads\/2018\/12\/La-linea-Gibraltar-Nick-Gomez-Reach-Alcance-167x96.jpg 167w, https:\/\/reachextra.com\/wp-content\/uploads\/2018\/12\/La-linea-Gibraltar-Nick-Gomez-Reach-Alcance-313x180.jpg 313w, https:\/\/reachextra.com\/wp-content\/uploads\/2018\/12\/La-linea-Gibraltar-Nick-Gomez-Reach-Alcance.jpg 1492w\" sizes=\"auto, (max-width: 1024px) 100vw, 1024px\" \/><figcaption><a href=\"https:\/\/www.instagram.com\/nick.g.87\/\">@Nick Gomez<\/a> <\/figcaption><\/figure>\n\n\n\n<p>El Grupo Transfronterizo, ante la persistencia de las colas, acudi\u00f3 a Bruselas para denunciar la situaci\u00f3n y el trato inhumano que se dispens\u00f3 a quienes las sufrieron. Ancianos, ni\u00f1os, embarazadas, enfermos y miles de trabajadores soportaron como pudieron colas que llegaron a las seis horas. \u201cNo s\u00f3lo era una cuesti\u00f3n de perjuicios econ\u00f3micos sino de derechos humanos. Hubo desmayos y se vivieron episodios realmente dram\u00e1ticos\u201d, cuenta.<\/p>\n\n\n\n<p>Superados aquellos complicados momentos y tras unos a\u00f1os de convivencia ejemplar lleg\u00f3 otra amenaza, el Brexit, que ya es una realidad y sobre el que hay mucha incertidumbre: \u201cEl resultado del refer\u00e9ndum en Reino Unido cay\u00f3 como un jarro de agua fr\u00eda en el Grupo Transfronterizo. No hay que olvidar que el 96% de los gibraltare\u00f1os vot\u00f3 a favor de la permanencia en la Uni\u00f3n Europea\u201d, explica.<\/p>\n\n\n\n<p>Este grupo, lejos de resignarse, encontr\u00f3 una f\u00f3rmula para mitigar los a\u00fan inciertos efectos del Brexit, la Agencia Europea de Cooperaci\u00f3n Territorial, algo sobre lo que aguarda una respuesta del Gobierno espa\u00f1ol y que puede deparar un futuro de prosperidad para la zona. Pese a la que est\u00e1 cayendo, Lorenzo P\u00e9rez-Peri\u00e1\u00f1ez se muestra optimista y no se resigna a so\u00f1ar con un futuro pr\u00f3spero para La L\u00ednea y Gibraltar: <\/p>\n\n\n\n<p>\u201cS\u00e9 que es muy complicado, pero imagino una gran \u00e1rea regulatoria com\u00fan entre La L\u00ednea y Gibraltar con una equidad en los impuestos y un mismo sistema fiscal. Dejar a ambas ciudades unidas\u201d.<\/p>\n","protected":false},"excerpt":{"rendered":"<p>Gibraltar y La L\u00ednea tienen v\u00ednculos econ\u00f3micos, familiares, sociales, culturales, ling\u00fc\u00edsticos e incluso gastron\u00f3micos. Somos pueblos hermanos &#8211; Lorenzo Perez-Peri\u00e1\u00f1ez <a class=\"g1-link g1-link-more\" href=\"https:\/\/reachextra.com\/es\/la-linea-y-gibraltar-tan-lejos-tan-cerca\/\">More<\/a><\/p>\n","protected":false},"author":1,"featured_media":6231,"comment_status":"closed","ping_status":"closed","sticky":false,"template":"","format":"standard","meta":{"_jetpack_memberships_contains_paid_content":false,"footnotes":""},"categories":[226,2218,225],"tags":[376,359,581,574,507,518,580,579,582,578,577,570,396,583],"adace-sponsor":[],"class_list":{"0":"post-6241","1":"post","2":"type-post","3":"status-publish","4":"format-standard","5":"has-post-thumbnail","7":"category-noticias-es","8":"category-politica","9":"category-tendencias","10":"tag-2019-es","11":"tag-359","12":"tag-apymell-es","13":"tag-apymell","14":"tag-brexit","15":"tag-brexit-es","16":"tag-cooperacion-transfronteriza","17":"tag-cultura","18":"tag-frontera-de-gibraltar","19":"tag-grupo-transfronterizo","20":"tag-lorenzo-perez-perianez-es","21":"tag-lorenzo-perez-perianez","22":"tag-noticias","23":"tag-politica"},"yoast_head":"<!-- This site is optimized with the Yoast SEO Premium plugin v19.5 (Yoast SEO v26.7) - https:\/\/yoast.com\/wordpress\/plugins\/seo\/ -->\n<title>La L\u00ednea y Gibraltar, tan lejos, tan cerca - ReachExtra - Noticias<\/title>\n<meta name=\"description\" content=\"Gibraltar y La L\u00ednea tienen v\u00ednculos econ\u00f3micos, familiares, sociales, culturales, ling\u00fc\u00edsticos e incluso gastron\u00f3micos. Somos pueblos hermanos y \u00fanicos - Lorenzo Perez-Peri\u00e1\u00f1ez\" \/>\n<meta name=\"robots\" content=\"index, follow, max-snippet:-1, max-image-preview:large, max-video-preview:-1\" \/>\n<link rel=\"canonical\" href=\"https:\/\/reachextra.com\/es\/la-linea-y-gibraltar-tan-lejos-tan-cerca\/\" \/>\n<meta property=\"og:locale\" content=\"es_ES\" \/>\n<meta property=\"og:type\" content=\"article\" \/>\n<meta property=\"og:title\" content=\"La L\u00ednea y Gibraltar, tan lejos, tan cerca\" \/>\n<meta property=\"og:description\" content=\"El endurecimiento de los controles en la Verja por parte de las autoridades espa\u00f1olas en 2013 y las eternas colas que provocaron hicieron que Lorenzo P\u00e9rez-Peri\u00e1\u00f1ez se rebelara e iniciase un nuevo reto personal: luchar por la convivencia pac\u00edfica de Gibraltar y La L\u00ednea al margen de cualquier cuesti\u00f3n pol\u00edtica.\" \/>\n<meta property=\"og:url\" content=\"https:\/\/reachextra.com\/es\/la-linea-y-gibraltar-tan-lejos-tan-cerca\/\" \/>\n<meta property=\"og:site_name\" content=\"ReachExtra\" \/>\n<meta property=\"article:publisher\" content=\"http:\/\/www.facebook.com\/reachextra\" \/>\n<meta property=\"article:published_time\" content=\"2018-12-23T14:36:05+00:00\" \/>\n<meta property=\"article:modified_time\" content=\"2018-12-23T16:56:33+00:00\" \/>\n<meta property=\"og:image\" content=\"https:\/\/reachextra.com\/wp-content\/uploads\/2018\/12\/La-linea-Gibraltar-Nick-Gomez-Reach-Alcance.jpg\" \/>\n\t<meta property=\"og:image:width\" content=\"1492\" \/>\n\t<meta property=\"og:image:height\" content=\"856\" \/>\n\t<meta property=\"og:image:type\" content=\"image\/jpeg\" \/>\n<meta name=\"author\" content=\"ReachExtra\" \/>\n<meta name=\"twitter:card\" content=\"summary_large_image\" \/>\n<meta name=\"twitter:title\" content=\"La L\u00ednea y Gibraltar, tan lejos, tan cerca\" \/>\n<meta name=\"twitter:description\" content=\"El endurecimiento de los controles en la Verja por parte de las autoridades espa\u00f1olas en 2013 y las eternas colas que provocaron hicieron que Lorenzo P\u00e9rez-Peri\u00e1\u00f1ez se rebelara e iniciase un nuevo reto personal: luchar por la convivencia pac\u00edfica de Gibraltar y La L\u00ednea al margen de cualquier cuesti\u00f3n pol\u00edtica.\" \/>\n<meta name=\"twitter:creator\" content=\"@reachextra\" \/>\n<meta name=\"twitter:site\" content=\"@reachextra\" \/>\n<meta name=\"twitter:label1\" content=\"Escrito por\" \/>\n\t<meta name=\"twitter:data1\" content=\"ReachExtra\" \/>\n\t<meta name=\"twitter:label2\" content=\"Tiempo de lectura\" \/>\n\t<meta name=\"twitter:data2\" content=\"3 minutos\" \/>\n<script type=\"application\/ld+json\" class=\"yoast-schema-graph\">{\"@context\":\"https:\/\/schema.org\",\"@graph\":[{\"@type\":\"Article\",\"@id\":\"https:\/\/reachextra.com\/es\/la-linea-y-gibraltar-tan-lejos-tan-cerca\/#article\",\"isPartOf\":{\"@id\":\"https:\/\/reachextra.com\/es\/la-linea-y-gibraltar-tan-lejos-tan-cerca\/\"},\"author\":{\"name\":\"ReachExtra\",\"@id\":\"https:\/\/reachextra.com\/es\/#\/schema\/person\/5bf8196030cf130091162668b52085df\"},\"headline\":\"La L\u00ednea y Gibraltar, tan lejos, tan cerca\",\"datePublished\":\"2018-12-23T14:36:05+00:00\",\"dateModified\":\"2018-12-23T16:56:33+00:00\",\"mainEntityOfPage\":{\"@id\":\"https:\/\/reachextra.com\/es\/la-linea-y-gibraltar-tan-lejos-tan-cerca\/\"},\"wordCount\":694,\"publisher\":{\"@id\":\"https:\/\/reachextra.com\/es\/#organization\"},\"image\":{\"@id\":\"https:\/\/reachextra.com\/es\/la-linea-y-gibraltar-tan-lejos-tan-cerca\/#primaryimage\"},\"thumbnailUrl\":\"https:\/\/reachextra.com\/wp-content\/uploads\/2018\/12\/La-linea-Gibraltar-Nick-Gomez-Reach-Alcance.jpg\",\"keywords\":[\"2019\",\"2019\",\"Apymell\",\"Apymell\",\"Brexit\",\"Brexit\",\"cooperaci\u00f3n transfronteriza\",\"cultura\",\"frontera de gibraltar\",\"Grupo Transfronterizo\",\"Lorenzo Perez-Perianez\",\"Lorenzo Perez-Perianez\",\"noticias\",\"pol\u00edtica\"],\"articleSection\":[\"Noticias\",\"Pol\u00edtica\",\"Tendencias\"],\"inLanguage\":\"es\"},{\"@type\":\"WebPage\",\"@id\":\"https:\/\/reachextra.com\/es\/la-linea-y-gibraltar-tan-lejos-tan-cerca\/\",\"url\":\"https:\/\/reachextra.com\/es\/la-linea-y-gibraltar-tan-lejos-tan-cerca\/\",\"name\":\"La L\u00ednea y Gibraltar, tan lejos, tan cerca - ReachExtra - Noticias\",\"isPartOf\":{\"@id\":\"https:\/\/reachextra.com\/es\/#website\"},\"primaryImageOfPage\":{\"@id\":\"https:\/\/reachextra.com\/es\/la-linea-y-gibraltar-tan-lejos-tan-cerca\/#primaryimage\"},\"image\":{\"@id\":\"https:\/\/reachextra.com\/es\/la-linea-y-gibraltar-tan-lejos-tan-cerca\/#primaryimage\"},\"thumbnailUrl\":\"https:\/\/reachextra.com\/wp-content\/uploads\/2018\/12\/La-linea-Gibraltar-Nick-Gomez-Reach-Alcance.jpg\",\"datePublished\":\"2018-12-23T14:36:05+00:00\",\"dateModified\":\"2018-12-23T16:56:33+00:00\",\"description\":\"Gibraltar y La L\u00ednea tienen v\u00ednculos econ\u00f3micos, familiares, sociales, culturales, ling\u00fc\u00edsticos e incluso gastron\u00f3micos. Somos pueblos hermanos y \u00fanicos - Lorenzo Perez-Peri\u00e1\u00f1ez\",\"breadcrumb\":{\"@id\":\"https:\/\/reachextra.com\/es\/la-linea-y-gibraltar-tan-lejos-tan-cerca\/#breadcrumb\"},\"inLanguage\":\"es\",\"potentialAction\":[{\"@type\":\"ReadAction\",\"target\":[\"https:\/\/reachextra.com\/es\/la-linea-y-gibraltar-tan-lejos-tan-cerca\/\"]}]},{\"@type\":\"ImageObject\",\"inLanguage\":\"es\",\"@id\":\"https:\/\/reachextra.com\/es\/la-linea-y-gibraltar-tan-lejos-tan-cerca\/#primaryimage\",\"url\":\"https:\/\/reachextra.com\/wp-content\/uploads\/2018\/12\/La-linea-Gibraltar-Nick-Gomez-Reach-Alcance.jpg\",\"contentUrl\":\"https:\/\/reachextra.com\/wp-content\/uploads\/2018\/12\/La-linea-Gibraltar-Nick-Gomez-Reach-Alcance.jpg\",\"width\":1492,\"height\":856,\"caption\":\"@Nick Gomez\"},{\"@type\":\"BreadcrumbList\",\"@id\":\"https:\/\/reachextra.com\/es\/la-linea-y-gibraltar-tan-lejos-tan-cerca\/#breadcrumb\",\"itemListElement\":[{\"@type\":\"ListItem\",\"position\":1,\"name\":\"Home\",\"item\":\"https:\/\/reachextra.com\/es\/\"},{\"@type\":\"ListItem\",\"position\":2,\"name\":\"Noticias\",\"item\":\"https:\/\/reachextra.com\/es\/category\/noticias-es\/\"},{\"@type\":\"ListItem\",\"position\":3,\"name\":\"La L\u00ednea y Gibraltar, tan lejos, tan cerca\"}]},{\"@type\":\"WebSite\",\"@id\":\"https:\/\/reachextra.com\/es\/#website\",\"url\":\"https:\/\/reachextra.com\/es\/\",\"name\":\"ReachExtra\",\"description\":\" Reach-Alcance en Espa\u00f1ol | Gibraltar | Campo de Gibraltar\",\"publisher\":{\"@id\":\"https:\/\/reachextra.com\/es\/#organization\"},\"potentialAction\":[{\"@type\":\"SearchAction\",\"target\":{\"@type\":\"EntryPoint\",\"urlTemplate\":\"https:\/\/reachextra.com\/es\/?s={search_term_string}\"},\"query-input\":{\"@type\":\"PropertyValueSpecification\",\"valueRequired\":true,\"valueName\":\"search_term_string\"}}],\"inLanguage\":\"es\"},{\"@type\":\"Organization\",\"@id\":\"https:\/\/reachextra.com\/es\/#organization\",\"name\":\"Reach-Alcance\",\"url\":\"https:\/\/reachextra.com\/es\/\",\"logo\":{\"@type\":\"ImageObject\",\"inLanguage\":\"es\",\"@id\":\"https:\/\/reachextra.com\/es\/#\/schema\/logo\/image\/\",\"url\":\"https:\/\/www.reachextra.com\/wp-content\/uploads\/2018\/12\/Reach-Alcance-LOGO-HDPI.jpg\",\"contentUrl\":\"https:\/\/www.reachextra.com\/wp-content\/uploads\/2018\/12\/Reach-Alcance-LOGO-HDPI.jpg\",\"width\":750,\"height\":474,\"caption\":\"Reach-Alcance\"},\"image\":{\"@id\":\"https:\/\/reachextra.com\/es\/#\/schema\/logo\/image\/\"},\"sameAs\":[\"http:\/\/www.facebook.com\/reachextra\",\"https:\/\/x.com\/reachextra\",\"http:\/\/reach.extra\",\"https:\/\/www.linkedin.com\/company\/reach-alcance\/\"]},{\"@type\":\"Person\",\"@id\":\"https:\/\/reachextra.com\/es\/#\/schema\/person\/5bf8196030cf130091162668b52085df\",\"name\":\"ReachExtra\",\"image\":{\"@type\":\"ImageObject\",\"inLanguage\":\"es\",\"@id\":\"https:\/\/reachextra.com\/es\/#\/schema\/person\/image\/\",\"url\":\"https:\/\/secure.gravatar.com\/avatar\/11e9f37f3773887633d17fdf580220857b1599038456e2f031ce0efd2f41a394?s=96&d=mm&r=g\",\"contentUrl\":\"https:\/\/secure.gravatar.com\/avatar\/11e9f37f3773887633d17fdf580220857b1599038456e2f031ce0efd2f41a394?s=96&d=mm&r=g\",\"caption\":\"ReachExtra\"},\"sameAs\":[\"http:\/\/www.reachextra.com\"]}]}<\/script>\n<!-- \/ Yoast SEO Premium plugin. -->","yoast_head_json":{"title":"La L\u00ednea y Gibraltar, tan lejos, tan cerca - ReachExtra - Noticias","description":"Gibraltar y La L\u00ednea tienen v\u00ednculos econ\u00f3micos, familiares, sociales, culturales, ling\u00fc\u00edsticos e incluso gastron\u00f3micos. Somos pueblos hermanos y \u00fanicos - Lorenzo Perez-Peri\u00e1\u00f1ez","robots":{"index":"index","follow":"follow","max-snippet":"max-snippet:-1","max-image-preview":"max-image-preview:large","max-video-preview":"max-video-preview:-1"},"canonical":"https:\/\/reachextra.com\/es\/la-linea-y-gibraltar-tan-lejos-tan-cerca\/","og_locale":"es_ES","og_type":"article","og_title":"La L\u00ednea y Gibraltar, tan lejos, tan cerca","og_description":"El endurecimiento de los controles en la Verja por parte de las autoridades espa\u00f1olas en 2013 y las eternas colas que provocaron hicieron que Lorenzo P\u00e9rez-Peri\u00e1\u00f1ez se rebelara e iniciase un nuevo reto personal: luchar por la convivencia pac\u00edfica de Gibraltar y La L\u00ednea al margen de cualquier cuesti\u00f3n pol\u00edtica.","og_url":"https:\/\/reachextra.com\/es\/la-linea-y-gibraltar-tan-lejos-tan-cerca\/","og_site_name":"ReachExtra","article_publisher":"http:\/\/www.facebook.com\/reachextra","article_published_time":"2018-12-23T14:36:05+00:00","article_modified_time":"2018-12-23T16:56:33+00:00","og_image":[{"width":1492,"height":856,"url":"https:\/\/reachextra.com\/wp-content\/uploads\/2018\/12\/La-linea-Gibraltar-Nick-Gomez-Reach-Alcance.jpg","type":"image\/jpeg"}],"author":"ReachExtra","twitter_card":"summary_large_image","twitter_title":"La L\u00ednea y Gibraltar, tan lejos, tan cerca","twitter_description":"El endurecimiento de los controles en la Verja por parte de las autoridades espa\u00f1olas en 2013 y las eternas colas que provocaron hicieron que Lorenzo P\u00e9rez-Peri\u00e1\u00f1ez se rebelara e iniciase un nuevo reto personal: luchar por la convivencia pac\u00edfica de Gibraltar y La L\u00ednea al margen de cualquier cuesti\u00f3n pol\u00edtica.","twitter_creator":"@reachextra","twitter_site":"@reachextra","twitter_misc":{"Escrito por":"ReachExtra","Tiempo de lectura":"3 minutos"},"schema":{"@context":"https:\/\/schema.org","@graph":[{"@type":"Article","@id":"https:\/\/reachextra.com\/es\/la-linea-y-gibraltar-tan-lejos-tan-cerca\/#article","isPartOf":{"@id":"https:\/\/reachextra.com\/es\/la-linea-y-gibraltar-tan-lejos-tan-cerca\/"},"author":{"name":"ReachExtra","@id":"https:\/\/reachextra.com\/es\/#\/schema\/person\/5bf8196030cf130091162668b52085df"},"headline":"La L\u00ednea y Gibraltar, tan lejos, tan cerca","datePublished":"2018-12-23T14:36:05+00:00","dateModified":"2018-12-23T16:56:33+00:00","mainEntityOfPage":{"@id":"https:\/\/reachextra.com\/es\/la-linea-y-gibraltar-tan-lejos-tan-cerca\/"},"wordCount":694,"publisher":{"@id":"https:\/\/reachextra.com\/es\/#organization"},"image":{"@id":"https:\/\/reachextra.com\/es\/la-linea-y-gibraltar-tan-lejos-tan-cerca\/#primaryimage"},"thumbnailUrl":"https:\/\/reachextra.com\/wp-content\/uploads\/2018\/12\/La-linea-Gibraltar-Nick-Gomez-Reach-Alcance.jpg","keywords":["2019","2019","Apymell","Apymell","Brexit","Brexit","cooperaci\u00f3n transfronteriza","cultura","frontera de gibraltar","Grupo Transfronterizo","Lorenzo Perez-Perianez","Lorenzo Perez-Perianez","noticias","pol\u00edtica"],"articleSection":["Noticias","Pol\u00edtica","Tendencias"],"inLanguage":"es"},{"@type":"WebPage","@id":"https:\/\/reachextra.com\/es\/la-linea-y-gibraltar-tan-lejos-tan-cerca\/","url":"https:\/\/reachextra.com\/es\/la-linea-y-gibraltar-tan-lejos-tan-cerca\/","name":"La L\u00ednea y Gibraltar, tan lejos, tan cerca - ReachExtra - Noticias","isPartOf":{"@id":"https:\/\/reachextra.com\/es\/#website"},"primaryImageOfPage":{"@id":"https:\/\/reachextra.com\/es\/la-linea-y-gibraltar-tan-lejos-tan-cerca\/#primaryimage"},"image":{"@id":"https:\/\/reachextra.com\/es\/la-linea-y-gibraltar-tan-lejos-tan-cerca\/#primaryimage"},"thumbnailUrl":"https:\/\/reachextra.com\/wp-content\/uploads\/2018\/12\/La-linea-Gibraltar-Nick-Gomez-Reach-Alcance.jpg","datePublished":"2018-12-23T14:36:05+00:00","dateModified":"2018-12-23T16:56:33+00:00","description":"Gibraltar y La L\u00ednea tienen v\u00ednculos econ\u00f3micos, familiares, sociales, culturales, ling\u00fc\u00edsticos e incluso gastron\u00f3micos. Somos pueblos hermanos y \u00fanicos - Lorenzo Perez-Peri\u00e1\u00f1ez","breadcrumb":{"@id":"https:\/\/reachextra.com\/es\/la-linea-y-gibraltar-tan-lejos-tan-cerca\/#breadcrumb"},"inLanguage":"es","potentialAction":[{"@type":"ReadAction","target":["https:\/\/reachextra.com\/es\/la-linea-y-gibraltar-tan-lejos-tan-cerca\/"]}]},{"@type":"ImageObject","inLanguage":"es","@id":"https:\/\/reachextra.com\/es\/la-linea-y-gibraltar-tan-lejos-tan-cerca\/#primaryimage","url":"https:\/\/reachextra.com\/wp-content\/uploads\/2018\/12\/La-linea-Gibraltar-Nick-Gomez-Reach-Alcance.jpg","contentUrl":"https:\/\/reachextra.com\/wp-content\/uploads\/2018\/12\/La-linea-Gibraltar-Nick-Gomez-Reach-Alcance.jpg","width":1492,"height":856,"caption":"@Nick Gomez"},{"@type":"BreadcrumbList","@id":"https:\/\/reachextra.com\/es\/la-linea-y-gibraltar-tan-lejos-tan-cerca\/#breadcrumb","itemListElement":[{"@type":"ListItem","position":1,"name":"Home","item":"https:\/\/reachextra.com\/es\/"},{"@type":"ListItem","position":2,"name":"Noticias","item":"https:\/\/reachextra.com\/es\/category\/noticias-es\/"},{"@type":"ListItem","position":3,"name":"La L\u00ednea y Gibraltar, tan lejos, tan cerca"}]},{"@type":"WebSite","@id":"https:\/\/reachextra.com\/es\/#website","url":"https:\/\/reachextra.com\/es\/","name":"ReachExtra","description":" Reach-Alcance en Espa\u00f1ol | Gibraltar | Campo de Gibraltar","publisher":{"@id":"https:\/\/reachextra.com\/es\/#organization"},"potentialAction":[{"@type":"SearchAction","target":{"@type":"EntryPoint","urlTemplate":"https:\/\/reachextra.com\/es\/?s={search_term_string}"},"query-input":{"@type":"PropertyValueSpecification","valueRequired":true,"valueName":"search_term_string"}}],"inLanguage":"es"},{"@type":"Organization","@id":"https:\/\/reachextra.com\/es\/#organization","name":"Reach-Alcance","url":"https:\/\/reachextra.com\/es\/","logo":{"@type":"ImageObject","inLanguage":"es","@id":"https:\/\/reachextra.com\/es\/#\/schema\/logo\/image\/","url":"https:\/\/www.reachextra.com\/wp-content\/uploads\/2018\/12\/Reach-Alcance-LOGO-HDPI.jpg","contentUrl":"https:\/\/www.reachextra.com\/wp-content\/uploads\/2018\/12\/Reach-Alcance-LOGO-HDPI.jpg","width":750,"height":474,"caption":"Reach-Alcance"},"image":{"@id":"https:\/\/reachextra.com\/es\/#\/schema\/logo\/image\/"},"sameAs":["http:\/\/www.facebook.com\/reachextra","https:\/\/x.com\/reachextra","http:\/\/reach.extra","https:\/\/www.linkedin.com\/company\/reach-alcance\/"]},{"@type":"Person","@id":"https:\/\/reachextra.com\/es\/#\/schema\/person\/5bf8196030cf130091162668b52085df","name":"ReachExtra","image":{"@type":"ImageObject","inLanguage":"es","@id":"https:\/\/reachextra.com\/es\/#\/schema\/person\/image\/","url":"https:\/\/secure.gravatar.com\/avatar\/11e9f37f3773887633d17fdf580220857b1599038456e2f031ce0efd2f41a394?s=96&d=mm&r=g","contentUrl":"https:\/\/secure.gravatar.com\/avatar\/11e9f37f3773887633d17fdf580220857b1599038456e2f031ce0efd2f41a394?s=96&d=mm&r=g","caption":"ReachExtra"},"sameAs":["http:\/\/www.reachextra.com"]}]}},"jetpack_featured_media_url":"https:\/\/reachextra.com\/wp-content\/uploads\/2018\/12\/La-linea-Gibraltar-Nick-Gomez-Reach-Alcance.jpg","wps_subtitle":"Lorenzo P\u00e9rez-Peri\u00e1\u00f1ez","jetpack_sharing_enabled":true,"_links":{"self":[{"href":"https:\/\/reachextra.com\/es\/wp-json\/wp\/v2\/posts\/6241","targetHints":{"allow":["GET"]}}],"collection":[{"href":"https:\/\/reachextra.com\/es\/wp-json\/wp\/v2\/posts"}],"about":[{"href":"https:\/\/reachextra.com\/es\/wp-json\/wp\/v2\/types\/post"}],"author":[{"embeddable":true,"href":"https:\/\/reachextra.com\/es\/wp-json\/wp\/v2\/users\/1"}],"replies":[{"embeddable":true,"href":"https:\/\/reachextra.com\/es\/wp-json\/wp\/v2\/comments?post=6241"}],"version-history":[{"count":7,"href":"https:\/\/reachextra.com\/es\/wp-json\/wp\/v2\/posts\/6241\/revisions"}],"predecessor-version":[{"id":6276,"href":"https:\/\/reachextra.com\/es\/wp-json\/wp\/v2\/posts\/6241\/revisions\/6276"}],"wp:featuredmedia":[{"embeddable":true,"href":"https:\/\/reachextra.com\/es\/wp-json\/wp\/v2\/media\/6231"}],"wp:attachment":[{"href":"https:\/\/reachextra.com\/es\/wp-json\/wp\/v2\/media?parent=6241"}],"wp:term":[{"taxonomy":"category","embeddable":true,"href":"https:\/\/reachextra.com\/es\/wp-json\/wp\/v2\/categories?post=6241"},{"taxonomy":"post_tag","embeddable":true,"href":"https:\/\/reachextra.com\/es\/wp-json\/wp\/v2\/tags?post=6241"},{"taxonomy":"adace-sponsor","embeddable":true,"href":"https:\/\/reachextra.com\/es\/wp-json\/wp\/v2\/adace-sponsor?post=6241"}],"curies":[{"name":"wp","href":"https:\/\/api.w.org\/{rel}","templated":true}]}}