{"id":5953,"date":"2018-12-15T17:15:40","date_gmt":"2018-12-15T16:15:40","guid":{"rendered":"https:\/\/www.reachextra.com\/locos-por-el-fuerte\/"},"modified":"2018-12-15T17:25:54","modified_gmt":"2018-12-15T16:25:54","slug":"locos-por-el-fuerte","status":"publish","type":"post","link":"https:\/\/reachextra.com\/es\/locos-por-el-fuerte\/","title":{"rendered":"Locos por el Fuerte"},"content":{"rendered":"\n<p>La Consejer\u00eda de Cultura de la Junta aprueba de manera inicial una subvenci\u00f3n para comenzar a rehabilitar el Fuerte de Santa B\u00e1rbara. El sue\u00f1o de unos pocos, a los que tacharon de locos, est\u00e1 m\u00e1s cerca de convertirse en realidad.<\/p>\n\n\n\n<p>\u201cUn pueblo sin el conocimiento de su historia pasada, su origen y cultura es como un \u00e1rbol sin ra\u00edces\u201d.<\/p>\n\n\n\n<figure class=\"wp-block-image\"><img loading=\"lazy\" decoding=\"async\" width=\"821\" height=\"867\" src=\"https:\/\/www.reachextra.com\/wp-content\/uploads\/2018\/12\/Fuerte-Santa-Barbara-La-Linea-2.jpg\" alt=\"Fuerte Santa Barbara La Linea\" class=\"wp-image-5945\" srcset=\"https:\/\/reachextra.com\/wp-content\/uploads\/2018\/12\/Fuerte-Santa-Barbara-La-Linea-2.jpg 821w, https:\/\/reachextra.com\/wp-content\/uploads\/2018\/12\/Fuerte-Santa-Barbara-La-Linea-2-284x300.jpg 284w, https:\/\/reachextra.com\/wp-content\/uploads\/2018\/12\/Fuerte-Santa-Barbara-La-Linea-2-768x811.jpg 768w, https:\/\/reachextra.com\/wp-content\/uploads\/2018\/12\/Fuerte-Santa-Barbara-La-Linea-2-561x592.jpg 561w, https:\/\/reachextra.com\/wp-content\/uploads\/2018\/12\/Fuerte-Santa-Barbara-La-Linea-2-364x384.jpg 364w, https:\/\/reachextra.com\/wp-content\/uploads\/2018\/12\/Fuerte-Santa-Barbara-La-Linea-2-728x769.jpg 728w, https:\/\/reachextra.com\/wp-content\/uploads\/2018\/12\/Fuerte-Santa-Barbara-La-Linea-2-608x642.jpg 608w, https:\/\/reachextra.com\/wp-content\/uploads\/2018\/12\/Fuerte-Santa-Barbara-La-Linea-2-758x800.jpg 758w, https:\/\/reachextra.com\/wp-content\/uploads\/2018\/12\/Fuerte-Santa-Barbara-La-Linea-2-45x48.jpg 45w, https:\/\/reachextra.com\/wp-content\/uploads\/2018\/12\/Fuerte-Santa-Barbara-La-Linea-2-91x96.jpg 91w, https:\/\/reachextra.com\/wp-content\/uploads\/2018\/12\/Fuerte-Santa-Barbara-La-Linea-2-313x331.jpg 313w\" sizes=\"auto, (max-width: 821px) 100vw, 821px\" \/><figcaption>Fuerte Santa Barbara La Linea<\/figcaption><\/figure>\n\n\n\n<p>Esta frase, del periodista jamaicano Marcus Garvey, resume el esp\u00edritu de un sue\u00f1o, el que tuvo Miguel \u00c1ngel Prieto: rehabilitar el fuerte de Fuerte de Santa B\u00e1rbara de La L\u00ednea, testigo mudo de los or\u00edgenes de la ciudad.<\/p>\n\n\n\n<p>ras m\u00e1s de un a\u00f1o de intenso trabajo, reuniones, pataletas para hacerse o\u00edr e ilusi\u00f3n, Prieto, junto con otros vecinos de La L\u00ednea, comienzan a ver resultados. <\/p>\n\n\n\n<p>Y es que todo esfuerzo tiene su recompensa. As\u00ed ha quedado demostrado con la Asociaci\u00f3n 3 de Noviembre 1730 Fuerte Santa B\u00e1rbara, que acaba de cumplir un a\u00f1o y que preside Miguel \u00c1ngel Prieto.<\/p>\n\n\n\n<figure class=\"wp-block-image\"><img loading=\"lazy\" decoding=\"async\" width=\"1024\" height=\"682\" src=\"https:\/\/www.reachextra.com\/wp-content\/uploads\/2018\/12\/Fuerte-Santa-Barbara-La-Linea-3-1024x682.jpg\" alt=\"Fuerte Santa Barbara La Linea\" class=\"wp-image-5947\" srcset=\"https:\/\/reachextra.com\/wp-content\/uploads\/2018\/12\/Fuerte-Santa-Barbara-La-Linea-3-1024x682.jpg 1024w, https:\/\/reachextra.com\/wp-content\/uploads\/2018\/12\/Fuerte-Santa-Barbara-La-Linea-3-300x200.jpg 300w, https:\/\/reachextra.com\/wp-content\/uploads\/2018\/12\/Fuerte-Santa-Barbara-La-Linea-3-768x512.jpg 768w, https:\/\/reachextra.com\/wp-content\/uploads\/2018\/12\/Fuerte-Santa-Barbara-La-Linea-3-180x120.jpg 180w, https:\/\/reachextra.com\/wp-content\/uploads\/2018\/12\/Fuerte-Santa-Barbara-La-Linea-3-561x374.jpg 561w, https:\/\/reachextra.com\/wp-content\/uploads\/2018\/12\/Fuerte-Santa-Barbara-La-Linea-3-1122x748.jpg 1122w, https:\/\/reachextra.com\/wp-content\/uploads\/2018\/12\/Fuerte-Santa-Barbara-La-Linea-3-364x243.jpg 364w, https:\/\/reachextra.com\/wp-content\/uploads\/2018\/12\/Fuerte-Santa-Barbara-La-Linea-3-728x485.jpg 728w, https:\/\/reachextra.com\/wp-content\/uploads\/2018\/12\/Fuerte-Santa-Barbara-La-Linea-3-608x405.jpg 608w, https:\/\/reachextra.com\/wp-content\/uploads\/2018\/12\/Fuerte-Santa-Barbara-La-Linea-3-758x505.jpg 758w, https:\/\/reachextra.com\/wp-content\/uploads\/2018\/12\/Fuerte-Santa-Barbara-La-Linea-3-1152x768.jpg 1152w, https:\/\/reachextra.com\/wp-content\/uploads\/2018\/12\/Fuerte-Santa-Barbara-La-Linea-3-72x48.jpg 72w, https:\/\/reachextra.com\/wp-content\/uploads\/2018\/12\/Fuerte-Santa-Barbara-La-Linea-3-144x96.jpg 144w, https:\/\/reachextra.com\/wp-content\/uploads\/2018\/12\/Fuerte-Santa-Barbara-La-Linea-3-313x209.jpg 313w, https:\/\/reachextra.com\/wp-content\/uploads\/2018\/12\/Fuerte-Santa-Barbara-La-Linea-3.jpg 1373w\" sizes=\"auto, (max-width: 1024px) 100vw, 1024px\" \/><figcaption>Fuerte Santa Barbara La Linea<\/figcaption><\/figure>\n\n\n\n<p>El sue\u00f1o de estos pocos vecinos de La L\u00ednea est\u00e1 algo m\u00e1s cerca aunque parec\u00eda una locura. Bendita locura.   As\u00ed lo reconoce Miguel \u00c1ngel Prieto: \u201cTodo comenz\u00f3 en mayo de 2017, cuando paseaba por la Ciudad Deportiva. Llegu\u00e9 al Fuerte de Santa B\u00e1rbara, me detuve y pens\u00e9 que ser\u00eda fant\u00e1stico poder reconstruir esas ruinas. Contact\u00e9 con el arquitecto Alberto Bonelo y con Pepe D\u00edaz, y les propuse la idea de crear una asociaci\u00f3n para luchar por esta idea. Lo hicimos y presentamos unos planos con nuestro proyecto en el Ayuntamiento, pero nos tacharon de locos, nos dijeron que eso era imposible y que la Junta de Andaluc\u00eda no lo iba a aprobar jam\u00e1s\u201d.<\/p>\n\n\n\n<h3 class=\"wp-block-heading\">La reconstrucci\u00f3n virtual, un punto de inflexi\u00f3n<\/h3>\n\n\n\n<p>Tras un primer intento de acceder a una subvenci\u00f3n del Ministerio de Fomento, el video de realidad virtual con el Fuerte de Santa B\u00e1rbara reconstruido, obra de Manuel Romero, un empresario sevillano, supuso un antes y un despu\u00e9s. \u201cFue una joya para nosotros. No tenemos palabras para agradecerle su gesto. Conoci\u00f3 nuestra asociaci\u00f3n por las redes sociales y se ofreci\u00f3 a realizar este trabajo a trav\u00e9s de Otra forma de Ver. Hizo una impresionante reconstrucci\u00f3n virtual\u201d, indica el presidente de la asociaci\u00f3n.<\/p>\n\n\n\n<figure class=\"wp-block-image\"><img loading=\"lazy\" decoding=\"async\" width=\"1024\" height=\"682\" src=\"https:\/\/www.reachextra.com\/wp-content\/uploads\/2018\/12\/Fuerte-Santa-Barbara-La-Linea-1-1024x682.jpg\" alt=\"Fuerte Santa Barbara La Linea\" class=\"wp-image-5943\" srcset=\"https:\/\/reachextra.com\/wp-content\/uploads\/2018\/12\/Fuerte-Santa-Barbara-La-Linea-1-1024x682.jpg 1024w, https:\/\/reachextra.com\/wp-content\/uploads\/2018\/12\/Fuerte-Santa-Barbara-La-Linea-1-300x200.jpg 300w, https:\/\/reachextra.com\/wp-content\/uploads\/2018\/12\/Fuerte-Santa-Barbara-La-Linea-1-768x512.jpg 768w, https:\/\/reachextra.com\/wp-content\/uploads\/2018\/12\/Fuerte-Santa-Barbara-La-Linea-1-180x120.jpg 180w, https:\/\/reachextra.com\/wp-content\/uploads\/2018\/12\/Fuerte-Santa-Barbara-La-Linea-1-561x374.jpg 561w, https:\/\/reachextra.com\/wp-content\/uploads\/2018\/12\/Fuerte-Santa-Barbara-La-Linea-1-1122x748.jpg 1122w, https:\/\/reachextra.com\/wp-content\/uploads\/2018\/12\/Fuerte-Santa-Barbara-La-Linea-1-364x243.jpg 364w, https:\/\/reachextra.com\/wp-content\/uploads\/2018\/12\/Fuerte-Santa-Barbara-La-Linea-1-728x485.jpg 728w, https:\/\/reachextra.com\/wp-content\/uploads\/2018\/12\/Fuerte-Santa-Barbara-La-Linea-1-608x405.jpg 608w, https:\/\/reachextra.com\/wp-content\/uploads\/2018\/12\/Fuerte-Santa-Barbara-La-Linea-1-758x505.jpg 758w, https:\/\/reachextra.com\/wp-content\/uploads\/2018\/12\/Fuerte-Santa-Barbara-La-Linea-1-1152x768.jpg 1152w, https:\/\/reachextra.com\/wp-content\/uploads\/2018\/12\/Fuerte-Santa-Barbara-La-Linea-1-72x48.jpg 72w, https:\/\/reachextra.com\/wp-content\/uploads\/2018\/12\/Fuerte-Santa-Barbara-La-Linea-1-144x96.jpg 144w, https:\/\/reachextra.com\/wp-content\/uploads\/2018\/12\/Fuerte-Santa-Barbara-La-Linea-1-313x209.jpg 313w, https:\/\/reachextra.com\/wp-content\/uploads\/2018\/12\/Fuerte-Santa-Barbara-La-Linea-1.jpg 1373w\" sizes=\"auto, (max-width: 1024px) 100vw, 1024px\" \/><figcaption>Fuerte Santa Barbara La Linea<\/figcaption><\/figure>\n\n\n\n<p>Los integrantes de la Asociaci\u00f3n 3 de noviembre 1730 Fuerte Santa B\u00e1rbara iniciaron entonces una ronda de reuniones con partidos pol\u00edticos y con el tejido asociativo.  Adem\u00e1s, presentaron un proyecto ante el Ministerio de Fomento para una l\u00ednea de ayudas. Poco despu\u00e9s sali\u00f3 otra convocatoria de subvenciones, en esta ocasi\u00f3n de la Junta de Andaluc\u00eda para la provincia de C\u00e1diz y con fondos de la Uni\u00f3n Europea, destinada a los municipios y entidades locales aut\u00f3nomas de la provincia de C\u00e1diz para la creaci\u00f3n o adecuaci\u00f3n de espacios o inmuebles para el impulso de recursos culturales.  <\/p>\n\n\n\n<h3 class=\"wp-block-heading\">Visto bueno de la Junta de Andaluc\u00eda<\/h3>\n\n\n\n<p> El Ayuntamiento de La L\u00ednea, con el proyecto de rehabilitaci\u00f3n del Fuerte de Santa B\u00e1rbara elaborado y cedido al Consistorio por esta asociaci\u00f3n, ha sido incluido en la relaci\u00f3n de entidades que han obtenido la puntuaci\u00f3n suficiente para tener la consideraci\u00f3n de \u201cbeneficiarias provisionales\u201d. En concreto, La L\u00ednea ha obtenido, en dicha concesi\u00f3n provisional, 84 puntos y 1,2 millones de euros.<\/p>\n\n\n\n<p>No lo ha tenido f\u00e1cil. A esta convocatoria se han presentado 40 municipios \u201cy nosotros estamos en quinta posici\u00f3n. Los beneficiados son los ocho primeros. Se ha pasado ya el filtro de la delegaci\u00f3n territorial de Cultura y estamos a la espera de confirmaci\u00f3n\u201d, confiesa un emocionado Prieto.<\/p>\n\n\n\n<figure class=\"wp-block-image\"><img loading=\"lazy\" decoding=\"async\" width=\"1024\" height=\"683\" src=\"https:\/\/www.reachextra.com\/wp-content\/uploads\/2018\/12\/Fuerte-Santa-Barbara-La-Linea-4-1024x683.jpg\" alt=\"Fuerte Santa Barbara La Linea\" class=\"wp-image-5949\" srcset=\"https:\/\/reachextra.com\/wp-content\/uploads\/2018\/12\/Fuerte-Santa-Barbara-La-Linea-4-1024x683.jpg 1024w, https:\/\/reachextra.com\/wp-content\/uploads\/2018\/12\/Fuerte-Santa-Barbara-La-Linea-4-300x200.jpg 300w, https:\/\/reachextra.com\/wp-content\/uploads\/2018\/12\/Fuerte-Santa-Barbara-La-Linea-4-768x512.jpg 768w, https:\/\/reachextra.com\/wp-content\/uploads\/2018\/12\/Fuerte-Santa-Barbara-La-Linea-4-180x120.jpg 180w, https:\/\/reachextra.com\/wp-content\/uploads\/2018\/12\/Fuerte-Santa-Barbara-La-Linea-4-561x374.jpg 561w, https:\/\/reachextra.com\/wp-content\/uploads\/2018\/12\/Fuerte-Santa-Barbara-La-Linea-4-1122x748.jpg 1122w, https:\/\/reachextra.com\/wp-content\/uploads\/2018\/12\/Fuerte-Santa-Barbara-La-Linea-4-364x243.jpg 364w, https:\/\/reachextra.com\/wp-content\/uploads\/2018\/12\/Fuerte-Santa-Barbara-La-Linea-4-728x485.jpg 728w, https:\/\/reachextra.com\/wp-content\/uploads\/2018\/12\/Fuerte-Santa-Barbara-La-Linea-4-608x405.jpg 608w, https:\/\/reachextra.com\/wp-content\/uploads\/2018\/12\/Fuerte-Santa-Barbara-La-Linea-4-758x505.jpg 758w, https:\/\/reachextra.com\/wp-content\/uploads\/2018\/12\/Fuerte-Santa-Barbara-La-Linea-4-1152x768.jpg 1152w, https:\/\/reachextra.com\/wp-content\/uploads\/2018\/12\/Fuerte-Santa-Barbara-La-Linea-4-72x48.jpg 72w, https:\/\/reachextra.com\/wp-content\/uploads\/2018\/12\/Fuerte-Santa-Barbara-La-Linea-4-144x96.jpg 144w, https:\/\/reachextra.com\/wp-content\/uploads\/2018\/12\/Fuerte-Santa-Barbara-La-Linea-4-313x209.jpg 313w, https:\/\/reachextra.com\/wp-content\/uploads\/2018\/12\/Fuerte-Santa-Barbara-La-Linea-4.jpg 1200w\" sizes=\"auto, (max-width: 1024px) 100vw, 1024px\" \/><figcaption>Fuerte Santa Barbara La Linea<\/figcaption><\/figure>\n\n\n\n<p>El proyecto de la primera fase de rehabilitaci\u00f3n del Fuerte incluye la limpieza del foso y del camino, la colocaci\u00f3n de la empalizada y la recolocaci\u00f3n de los materiales apilados en las ruinas. S\u00f3lo resta esperar un poco m\u00e1s para obtener la ansiada confirmaci\u00f3n. <\/p>\n\n\n\n<p>\u201cPara poder llegar a este momento hemos tenido que superar muchos obst\u00e1culos, hemos sufrido en algunas ocasiones el sentimiento de total fracaso, de desaz\u00f3n, de que todo nuestro esfuerzo iba a quedar en el caj\u00f3n de alg\u00fan oscuro despacho, aunque siempre hemos conseguido mantener la esperanza y, en algunas ocasiones, de donde menos pod\u00edamos pensar aparec\u00eda el empuje necesario para continuar\u201d, reconoce Miguel \u00c1ngel Prieto.<\/p>\n\n\n\n<p>El presidente de la Asociaci\u00f3n 3 de Noviembre 1730 Fuerte aclara que no han buscado protagonismo ni pol\u00e9micas: \u201cS\u00f3lo nos ha movido nuestra ciudad. Esto un proyecto de todos y para todos. Lo que queremos demostrar es que La L\u00ednea, y el resto del Campo de Gibraltar, son un enclave hist\u00f3rico que debemos aprovechar. La comarca tiene mucho que ofrecer en este \u00e1mbito\u201d.<\/p>\n","protected":false},"excerpt":{"rendered":"<p>La Consejer\u00eda de Cultura de la Junta aprueba de manera inicial una subvenci\u00f3n para comenzar a rehabilitar el Fuerte de Santa B\u00e1rbara. <a class=\"g1-link g1-link-more\" href=\"https:\/\/reachextra.com\/es\/locos-por-el-fuerte\/\">More<\/a><\/p>\n","protected":false},"author":1,"featured_media":5950,"comment_status":"closed","ping_status":"closed","sticky":false,"template":"","format":"standard","meta":{"_jetpack_memberships_contains_paid_content":false,"footnotes":""},"categories":[244,8128,225],"tags":[424,414,416,420,419,418,422,406,417,421,411,397,278,423,413,415,425],"adace-sponsor":[],"class_list":{"0":"post-5953","1":"post","2":"type-post","3":"status-publish","4":"format-standard","5":"has-post-thumbnail","7":"category-explorar-es","8":"category-historia","9":"category-tendencias","10":"tag-alberto-bonelo-es","11":"tag-alberto-bonelo","12":"tag-aventuras","13":"tag-cosas-para-hacer-en-gibraltar","14":"tag-explorar-el-campo-de-gibraltar","15":"tag-explorar-la-linea","16":"tag-fuerte","17":"tag-fuerte-santa-barbara","18":"tag-fuerte-santa-barbara-es","19":"tag-junta-de-andalucia-es","20":"tag-junta-de-andalucia","21":"tag-la-linea-es","22":"tag-la-linea","23":"tag-miguel-angel-prieto-es","24":"tag-miguel-angel-prieto","25":"tag-pepe-diaz","26":"tag-pepe-diaz-es"},"yoast_head":"<!-- This site is optimized with the Yoast SEO Premium plugin v19.5 (Yoast SEO v26.7) - https:\/\/yoast.com\/wordpress\/plugins\/seo\/ -->\n<title>Locos por el Fuerte - ReachExtra<\/title>\n<meta name=\"description\" content=\"La Consejer\u00eda de Cultura de la Junta aprueba de manera inicial una subvenci\u00f3n para comenzar a rehabilitar el Fuerte de Santa B\u00e1rbara.\" \/>\n<meta name=\"robots\" content=\"index, follow, max-snippet:-1, max-image-preview:large, max-video-preview:-1\" \/>\n<link rel=\"canonical\" href=\"https:\/\/reachextra.com\/es\/locos-por-el-fuerte\/\" \/>\n<meta property=\"og:locale\" content=\"es_ES\" \/>\n<meta property=\"og:type\" content=\"article\" \/>\n<meta property=\"og:title\" content=\"Locos por el Fuerte\" \/>\n<meta property=\"og:description\" content=\"La Consejer\u00eda de Cultura de la Junta aprueba de manera inicial una subvenci\u00f3n para comenzar a rehabilitar el Fuerte de Santa B\u00e1rbara.\" \/>\n<meta property=\"og:url\" content=\"https:\/\/reachextra.com\/es\/locos-por-el-fuerte\/\" \/>\n<meta property=\"og:site_name\" content=\"ReachExtra\" \/>\n<meta property=\"article:publisher\" content=\"http:\/\/www.facebook.com\/reachextra\" \/>\n<meta property=\"article:published_time\" content=\"2018-12-15T16:15:40+00:00\" \/>\n<meta property=\"article:modified_time\" content=\"2018-12-15T16:25:54+00:00\" \/>\n<meta property=\"og:image\" content=\"https:\/\/reachextra.com\/wp-content\/uploads\/2018\/12\/Fuerte-Santa-Barbara-La-Linea-4.jpg\" \/>\n\t<meta property=\"og:image:width\" content=\"1200\" \/>\n\t<meta property=\"og:image:height\" content=\"800\" \/>\n\t<meta property=\"og:image:type\" content=\"image\/jpeg\" \/>\n<meta name=\"author\" content=\"ReachExtra\" \/>\n<meta name=\"twitter:card\" content=\"summary_large_image\" \/>\n<meta name=\"twitter:title\" content=\"Locos por el Fuerte\" \/>\n<meta name=\"twitter:description\" content=\"La Consejer\u00eda de Cultura de la Junta aprueba de manera inicial una subvenci\u00f3n para comenzar a rehabilitar el Fuerte de Santa B\u00e1rbara.\" \/>\n<meta name=\"twitter:image\" content=\"https:\/\/reachextra.com\/wp-content\/uploads\/2018\/12\/Fuerte-Santa-Barbara-La-Linea-4.jpg\" \/>\n<meta name=\"twitter:creator\" content=\"@reachextra\" \/>\n<meta name=\"twitter:site\" content=\"@reachextra\" \/>\n<meta name=\"twitter:label1\" content=\"Escrito por\" \/>\n\t<meta name=\"twitter:data1\" content=\"ReachExtra\" \/>\n\t<meta name=\"twitter:label2\" content=\"Tiempo de lectura\" \/>\n\t<meta name=\"twitter:data2\" content=\"4 minutos\" \/>\n<script type=\"application\/ld+json\" class=\"yoast-schema-graph\">{\"@context\":\"https:\/\/schema.org\",\"@graph\":[{\"@type\":\"Article\",\"@id\":\"https:\/\/reachextra.com\/es\/locos-por-el-fuerte\/#article\",\"isPartOf\":{\"@id\":\"https:\/\/reachextra.com\/es\/locos-por-el-fuerte\/\"},\"author\":{\"name\":\"ReachExtra\",\"@id\":\"https:\/\/reachextra.com\/es\/#\/schema\/person\/5bf8196030cf130091162668b52085df\"},\"headline\":\"Locos por el Fuerte\",\"datePublished\":\"2018-12-15T16:15:40+00:00\",\"dateModified\":\"2018-12-15T16:25:54+00:00\",\"mainEntityOfPage\":{\"@id\":\"https:\/\/reachextra.com\/es\/locos-por-el-fuerte\/\"},\"wordCount\":841,\"publisher\":{\"@id\":\"https:\/\/reachextra.com\/es\/#organization\"},\"image\":{\"@id\":\"https:\/\/reachextra.com\/es\/locos-por-el-fuerte\/#primaryimage\"},\"thumbnailUrl\":\"https:\/\/reachextra.com\/wp-content\/uploads\/2018\/12\/Fuerte-Santa-Barbara-La-Linea-4.jpg\",\"keywords\":[\"Alberto Bonelo\",\"Alberto Bonelo\",\"aventura\",\"cosas que hacer en Gibraltar\",\"explorar el campo de gibraltar\",\"explorar la linea\",\"Fuerte\",\"Fuerte Santa Barbara\",\"Fuerte Santa Barbara\",\"Junta de Andalucia\",\"Junta de Andalucia\",\"La Linea\",\"La Linea\",\"Miguel Angel prieto\",\"Miguel Angel prieto\",\"Pepe Diaz\",\"Pepe Diaz\"],\"articleSection\":[\"Explorar\",\"Historia\",\"Tendencias\"],\"inLanguage\":\"es\"},{\"@type\":\"WebPage\",\"@id\":\"https:\/\/reachextra.com\/es\/locos-por-el-fuerte\/\",\"url\":\"https:\/\/reachextra.com\/es\/locos-por-el-fuerte\/\",\"name\":\"Locos por el Fuerte - ReachExtra\",\"isPartOf\":{\"@id\":\"https:\/\/reachextra.com\/es\/#website\"},\"primaryImageOfPage\":{\"@id\":\"https:\/\/reachextra.com\/es\/locos-por-el-fuerte\/#primaryimage\"},\"image\":{\"@id\":\"https:\/\/reachextra.com\/es\/locos-por-el-fuerte\/#primaryimage\"},\"thumbnailUrl\":\"https:\/\/reachextra.com\/wp-content\/uploads\/2018\/12\/Fuerte-Santa-Barbara-La-Linea-4.jpg\",\"datePublished\":\"2018-12-15T16:15:40+00:00\",\"dateModified\":\"2018-12-15T16:25:54+00:00\",\"description\":\"La Consejer\u00eda de Cultura de la Junta aprueba de manera inicial una subvenci\u00f3n para comenzar a rehabilitar el Fuerte de Santa B\u00e1rbara.\",\"breadcrumb\":{\"@id\":\"https:\/\/reachextra.com\/es\/locos-por-el-fuerte\/#breadcrumb\"},\"inLanguage\":\"es\",\"potentialAction\":[{\"@type\":\"ReadAction\",\"target\":[\"https:\/\/reachextra.com\/es\/locos-por-el-fuerte\/\"]}]},{\"@type\":\"ImageObject\",\"inLanguage\":\"es\",\"@id\":\"https:\/\/reachextra.com\/es\/locos-por-el-fuerte\/#primaryimage\",\"url\":\"https:\/\/reachextra.com\/wp-content\/uploads\/2018\/12\/Fuerte-Santa-Barbara-La-Linea-4.jpg\",\"contentUrl\":\"https:\/\/reachextra.com\/wp-content\/uploads\/2018\/12\/Fuerte-Santa-Barbara-La-Linea-4.jpg\",\"width\":1200,\"height\":800,\"caption\":\"Fuerte Santa Barbara La Linea\"},{\"@type\":\"BreadcrumbList\",\"@id\":\"https:\/\/reachextra.com\/es\/locos-por-el-fuerte\/#breadcrumb\",\"itemListElement\":[{\"@type\":\"ListItem\",\"position\":1,\"name\":\"Home\",\"item\":\"https:\/\/reachextra.com\/es\/\"},{\"@type\":\"ListItem\",\"position\":2,\"name\":\"Noticias\",\"item\":\"https:\/\/reachextra.com\/es\/category\/noticias-es\/\"},{\"@type\":\"ListItem\",\"position\":3,\"name\":\"Locos por el Fuerte\"}]},{\"@type\":\"WebSite\",\"@id\":\"https:\/\/reachextra.com\/es\/#website\",\"url\":\"https:\/\/reachextra.com\/es\/\",\"name\":\"ReachExtra\",\"description\":\" Reach-Alcance en Espa\u00f1ol | Gibraltar | Campo de Gibraltar\",\"publisher\":{\"@id\":\"https:\/\/reachextra.com\/es\/#organization\"},\"potentialAction\":[{\"@type\":\"SearchAction\",\"target\":{\"@type\":\"EntryPoint\",\"urlTemplate\":\"https:\/\/reachextra.com\/es\/?s={search_term_string}\"},\"query-input\":{\"@type\":\"PropertyValueSpecification\",\"valueRequired\":true,\"valueName\":\"search_term_string\"}}],\"inLanguage\":\"es\"},{\"@type\":\"Organization\",\"@id\":\"https:\/\/reachextra.com\/es\/#organization\",\"name\":\"Reach-Alcance\",\"url\":\"https:\/\/reachextra.com\/es\/\",\"logo\":{\"@type\":\"ImageObject\",\"inLanguage\":\"es\",\"@id\":\"https:\/\/reachextra.com\/es\/#\/schema\/logo\/image\/\",\"url\":\"https:\/\/www.reachextra.com\/wp-content\/uploads\/2018\/12\/Reach-Alcance-LOGO-HDPI.jpg\",\"contentUrl\":\"https:\/\/www.reachextra.com\/wp-content\/uploads\/2018\/12\/Reach-Alcance-LOGO-HDPI.jpg\",\"width\":750,\"height\":474,\"caption\":\"Reach-Alcance\"},\"image\":{\"@id\":\"https:\/\/reachextra.com\/es\/#\/schema\/logo\/image\/\"},\"sameAs\":[\"http:\/\/www.facebook.com\/reachextra\",\"https:\/\/x.com\/reachextra\",\"http:\/\/reach.extra\",\"https:\/\/www.linkedin.com\/company\/reach-alcance\/\"]},{\"@type\":\"Person\",\"@id\":\"https:\/\/reachextra.com\/es\/#\/schema\/person\/5bf8196030cf130091162668b52085df\",\"name\":\"ReachExtra\",\"image\":{\"@type\":\"ImageObject\",\"inLanguage\":\"es\",\"@id\":\"https:\/\/reachextra.com\/es\/#\/schema\/person\/image\/\",\"url\":\"https:\/\/secure.gravatar.com\/avatar\/11e9f37f3773887633d17fdf580220857b1599038456e2f031ce0efd2f41a394?s=96&d=mm&r=g\",\"contentUrl\":\"https:\/\/secure.gravatar.com\/avatar\/11e9f37f3773887633d17fdf580220857b1599038456e2f031ce0efd2f41a394?s=96&d=mm&r=g\",\"caption\":\"ReachExtra\"},\"sameAs\":[\"http:\/\/www.reachextra.com\"]}]}<\/script>\n<!-- \/ Yoast SEO Premium plugin. -->","yoast_head_json":{"title":"Locos por el Fuerte - ReachExtra","description":"La Consejer\u00eda de Cultura de la Junta aprueba de manera inicial una subvenci\u00f3n para comenzar a rehabilitar el Fuerte de Santa B\u00e1rbara.","robots":{"index":"index","follow":"follow","max-snippet":"max-snippet:-1","max-image-preview":"max-image-preview:large","max-video-preview":"max-video-preview:-1"},"canonical":"https:\/\/reachextra.com\/es\/locos-por-el-fuerte\/","og_locale":"es_ES","og_type":"article","og_title":"Locos por el Fuerte","og_description":"La Consejer\u00eda de Cultura de la Junta aprueba de manera inicial una subvenci\u00f3n para comenzar a rehabilitar el Fuerte de Santa B\u00e1rbara.","og_url":"https:\/\/reachextra.com\/es\/locos-por-el-fuerte\/","og_site_name":"ReachExtra","article_publisher":"http:\/\/www.facebook.com\/reachextra","article_published_time":"2018-12-15T16:15:40+00:00","article_modified_time":"2018-12-15T16:25:54+00:00","og_image":[{"width":1200,"height":800,"url":"https:\/\/reachextra.com\/wp-content\/uploads\/2018\/12\/Fuerte-Santa-Barbara-La-Linea-4.jpg","type":"image\/jpeg"}],"author":"ReachExtra","twitter_card":"summary_large_image","twitter_title":"Locos por el Fuerte","twitter_description":"La Consejer\u00eda de Cultura de la Junta aprueba de manera inicial una subvenci\u00f3n para comenzar a rehabilitar el Fuerte de Santa B\u00e1rbara.","twitter_image":"https:\/\/reachextra.com\/wp-content\/uploads\/2018\/12\/Fuerte-Santa-Barbara-La-Linea-4.jpg","twitter_creator":"@reachextra","twitter_site":"@reachextra","twitter_misc":{"Escrito por":"ReachExtra","Tiempo de lectura":"4 minutos"},"schema":{"@context":"https:\/\/schema.org","@graph":[{"@type":"Article","@id":"https:\/\/reachextra.com\/es\/locos-por-el-fuerte\/#article","isPartOf":{"@id":"https:\/\/reachextra.com\/es\/locos-por-el-fuerte\/"},"author":{"name":"ReachExtra","@id":"https:\/\/reachextra.com\/es\/#\/schema\/person\/5bf8196030cf130091162668b52085df"},"headline":"Locos por el Fuerte","datePublished":"2018-12-15T16:15:40+00:00","dateModified":"2018-12-15T16:25:54+00:00","mainEntityOfPage":{"@id":"https:\/\/reachextra.com\/es\/locos-por-el-fuerte\/"},"wordCount":841,"publisher":{"@id":"https:\/\/reachextra.com\/es\/#organization"},"image":{"@id":"https:\/\/reachextra.com\/es\/locos-por-el-fuerte\/#primaryimage"},"thumbnailUrl":"https:\/\/reachextra.com\/wp-content\/uploads\/2018\/12\/Fuerte-Santa-Barbara-La-Linea-4.jpg","keywords":["Alberto Bonelo","Alberto Bonelo","aventura","cosas que hacer en Gibraltar","explorar el campo de gibraltar","explorar la linea","Fuerte","Fuerte Santa Barbara","Fuerte Santa Barbara","Junta de Andalucia","Junta de Andalucia","La Linea","La Linea","Miguel Angel prieto","Miguel Angel prieto","Pepe Diaz","Pepe Diaz"],"articleSection":["Explorar","Historia","Tendencias"],"inLanguage":"es"},{"@type":"WebPage","@id":"https:\/\/reachextra.com\/es\/locos-por-el-fuerte\/","url":"https:\/\/reachextra.com\/es\/locos-por-el-fuerte\/","name":"Locos por el Fuerte - ReachExtra","isPartOf":{"@id":"https:\/\/reachextra.com\/es\/#website"},"primaryImageOfPage":{"@id":"https:\/\/reachextra.com\/es\/locos-por-el-fuerte\/#primaryimage"},"image":{"@id":"https:\/\/reachextra.com\/es\/locos-por-el-fuerte\/#primaryimage"},"thumbnailUrl":"https:\/\/reachextra.com\/wp-content\/uploads\/2018\/12\/Fuerte-Santa-Barbara-La-Linea-4.jpg","datePublished":"2018-12-15T16:15:40+00:00","dateModified":"2018-12-15T16:25:54+00:00","description":"La Consejer\u00eda de Cultura de la Junta aprueba de manera inicial una subvenci\u00f3n para comenzar a rehabilitar el Fuerte de Santa B\u00e1rbara.","breadcrumb":{"@id":"https:\/\/reachextra.com\/es\/locos-por-el-fuerte\/#breadcrumb"},"inLanguage":"es","potentialAction":[{"@type":"ReadAction","target":["https:\/\/reachextra.com\/es\/locos-por-el-fuerte\/"]}]},{"@type":"ImageObject","inLanguage":"es","@id":"https:\/\/reachextra.com\/es\/locos-por-el-fuerte\/#primaryimage","url":"https:\/\/reachextra.com\/wp-content\/uploads\/2018\/12\/Fuerte-Santa-Barbara-La-Linea-4.jpg","contentUrl":"https:\/\/reachextra.com\/wp-content\/uploads\/2018\/12\/Fuerte-Santa-Barbara-La-Linea-4.jpg","width":1200,"height":800,"caption":"Fuerte Santa Barbara La Linea"},{"@type":"BreadcrumbList","@id":"https:\/\/reachextra.com\/es\/locos-por-el-fuerte\/#breadcrumb","itemListElement":[{"@type":"ListItem","position":1,"name":"Home","item":"https:\/\/reachextra.com\/es\/"},{"@type":"ListItem","position":2,"name":"Noticias","item":"https:\/\/reachextra.com\/es\/category\/noticias-es\/"},{"@type":"ListItem","position":3,"name":"Locos por el Fuerte"}]},{"@type":"WebSite","@id":"https:\/\/reachextra.com\/es\/#website","url":"https:\/\/reachextra.com\/es\/","name":"ReachExtra","description":" Reach-Alcance en Espa\u00f1ol | Gibraltar | Campo de Gibraltar","publisher":{"@id":"https:\/\/reachextra.com\/es\/#organization"},"potentialAction":[{"@type":"SearchAction","target":{"@type":"EntryPoint","urlTemplate":"https:\/\/reachextra.com\/es\/?s={search_term_string}"},"query-input":{"@type":"PropertyValueSpecification","valueRequired":true,"valueName":"search_term_string"}}],"inLanguage":"es"},{"@type":"Organization","@id":"https:\/\/reachextra.com\/es\/#organization","name":"Reach-Alcance","url":"https:\/\/reachextra.com\/es\/","logo":{"@type":"ImageObject","inLanguage":"es","@id":"https:\/\/reachextra.com\/es\/#\/schema\/logo\/image\/","url":"https:\/\/www.reachextra.com\/wp-content\/uploads\/2018\/12\/Reach-Alcance-LOGO-HDPI.jpg","contentUrl":"https:\/\/www.reachextra.com\/wp-content\/uploads\/2018\/12\/Reach-Alcance-LOGO-HDPI.jpg","width":750,"height":474,"caption":"Reach-Alcance"},"image":{"@id":"https:\/\/reachextra.com\/es\/#\/schema\/logo\/image\/"},"sameAs":["http:\/\/www.facebook.com\/reachextra","https:\/\/x.com\/reachextra","http:\/\/reach.extra","https:\/\/www.linkedin.com\/company\/reach-alcance\/"]},{"@type":"Person","@id":"https:\/\/reachextra.com\/es\/#\/schema\/person\/5bf8196030cf130091162668b52085df","name":"ReachExtra","image":{"@type":"ImageObject","inLanguage":"es","@id":"https:\/\/reachextra.com\/es\/#\/schema\/person\/image\/","url":"https:\/\/secure.gravatar.com\/avatar\/11e9f37f3773887633d17fdf580220857b1599038456e2f031ce0efd2f41a394?s=96&d=mm&r=g","contentUrl":"https:\/\/secure.gravatar.com\/avatar\/11e9f37f3773887633d17fdf580220857b1599038456e2f031ce0efd2f41a394?s=96&d=mm&r=g","caption":"ReachExtra"},"sameAs":["http:\/\/www.reachextra.com"]}]}},"jetpack_featured_media_url":"https:\/\/reachextra.com\/wp-content\/uploads\/2018\/12\/Fuerte-Santa-Barbara-La-Linea-4.jpg","wps_subtitle":"","jetpack_sharing_enabled":true,"_links":{"self":[{"href":"https:\/\/reachextra.com\/es\/wp-json\/wp\/v2\/posts\/5953","targetHints":{"allow":["GET"]}}],"collection":[{"href":"https:\/\/reachextra.com\/es\/wp-json\/wp\/v2\/posts"}],"about":[{"href":"https:\/\/reachextra.com\/es\/wp-json\/wp\/v2\/types\/post"}],"author":[{"embeddable":true,"href":"https:\/\/reachextra.com\/es\/wp-json\/wp\/v2\/users\/1"}],"replies":[{"embeddable":true,"href":"https:\/\/reachextra.com\/es\/wp-json\/wp\/v2\/comments?post=5953"}],"version-history":[{"count":2,"href":"https:\/\/reachextra.com\/es\/wp-json\/wp\/v2\/posts\/5953\/revisions"}],"predecessor-version":[{"id":5955,"href":"https:\/\/reachextra.com\/es\/wp-json\/wp\/v2\/posts\/5953\/revisions\/5955"}],"wp:featuredmedia":[{"embeddable":true,"href":"https:\/\/reachextra.com\/es\/wp-json\/wp\/v2\/media\/5950"}],"wp:attachment":[{"href":"https:\/\/reachextra.com\/es\/wp-json\/wp\/v2\/media?parent=5953"}],"wp:term":[{"taxonomy":"category","embeddable":true,"href":"https:\/\/reachextra.com\/es\/wp-json\/wp\/v2\/categories?post=5953"},{"taxonomy":"post_tag","embeddable":true,"href":"https:\/\/reachextra.com\/es\/wp-json\/wp\/v2\/tags?post=5953"},{"taxonomy":"adace-sponsor","embeddable":true,"href":"https:\/\/reachextra.com\/es\/wp-json\/wp\/v2\/adace-sponsor?post=5953"}],"curies":[{"name":"wp","href":"https:\/\/api.w.org\/{rel}","templated":true}]}}