{"id":19416,"date":"2021-06-02T17:23:56","date_gmt":"2021-06-02T15:23:56","guid":{"rendered":"https:\/\/www.reachextra.com\/lorenzo-perianez-nueva-asociacion\/"},"modified":"2021-06-02T17:31:08","modified_gmt":"2021-06-02T15:31:08","slug":"lorenzo-perianez-nueva-asociacion","status":"publish","type":"post","link":"https:\/\/reachextra.com\/es\/lorenzo-perianez-nueva-asociacion\/","title":{"rendered":"Nace una nueva asociaci\u00f3n de empresarios en La L\u00ednea impulsada por Lorenzo P\u00e9rez-Peri\u00e1\u00f1ez"},"content":{"rendered":"\n<p><strong>Importantes empresas de la ciudad a\u00fanan sus fuerzas para ayudar al tejido empresarial, mejorar la deteriorada imagen de La L\u00ednea, lograr que se defina su modelo productivo y potenciar las relaciones con Gibraltar.<\/strong><\/p>\n\n\n\n<figure class=\"wp-block-image size-large\"><img loading=\"lazy\" decoding=\"async\" width=\"664\" height=\"443\" src=\"https:\/\/www.reachextra.com\/wp-content\/uploads\/2020\/05\/la-linea-2020-Reach-alcance.jpg\" alt=\"La L\u00ednea Faces the Economic Crisis Caused by COVID19\" class=\"wp-image-14436\" srcset=\"https:\/\/reachextra.com\/wp-content\/uploads\/2020\/05\/la-linea-2020-Reach-alcance.jpg 664w, https:\/\/reachextra.com\/wp-content\/uploads\/2020\/05\/la-linea-2020-Reach-alcance-300x200.jpg 300w, https:\/\/reachextra.com\/wp-content\/uploads\/2020\/05\/la-linea-2020-Reach-alcance-180x120.jpg 180w, https:\/\/reachextra.com\/wp-content\/uploads\/2020\/05\/la-linea-2020-Reach-alcance-561x374.jpg 561w, https:\/\/reachextra.com\/wp-content\/uploads\/2020\/05\/la-linea-2020-Reach-alcance-364x243.jpg 364w, https:\/\/reachextra.com\/wp-content\/uploads\/2020\/05\/la-linea-2020-Reach-alcance-608x406.jpg 608w, https:\/\/reachextra.com\/wp-content\/uploads\/2020\/05\/la-linea-2020-Reach-alcance-72x48.jpg 72w, https:\/\/reachextra.com\/wp-content\/uploads\/2020\/05\/la-linea-2020-Reach-alcance-144x96.jpg 144w, https:\/\/reachextra.com\/wp-content\/uploads\/2020\/05\/la-linea-2020-Reach-alcance-313x209.jpg 313w\" sizes=\"auto, (max-width: 664px) 100vw, 664px\" \/><\/figure>\n\n\n\n<p>Lorenzo P\u00e9rez-Peri\u00e1\u00f1ez no est\u00e1 dispuesto a tirar la toalla. Este conocido empresario de La L\u00ednea ha sufrido un importante rev\u00e9s que, sin embargo, como el ave f\u00e9nix, le ha hecho resurgir con m\u00e1s fuerza.<\/p>\n\n\n\n<p>Un resquicio burocr\u00e1tico al no actualizar los datos de la asociaci\u00f3n Apymell en el registro de la Junta de Andaluc\u00eda ha sido aprovechado por unos empresarios de la ciudad para hacerse con las siglas de la asociaci\u00f3n. <\/p>\n\n\n\n<p>Apartado de Apymell y tras unas semanas de reflexi\u00f3n, ha decidido continuar en la lucha animado por importantes empresarios de la ciudad y anuncia la creaci\u00f3n de una nueva asociaci\u00f3n para mejorar la imagen de La L\u00ednea, luchar para definir su modelo productivo y continuar potenciando las relaciones con Gibraltar.<\/p>\n\n\n\n<p>\u201cUn grupo de comerciantes de La L\u00ednea han aprovechado un resquicio burocr\u00e1tico porque no hab\u00edamos actualizado nuestros datos por el Covid y otras circunstancias.\u201d <\/p>\n\n\n\n<p>\u00abDesde una deslealtad total, por no llamarlo de otra forma, se han autonombrado como nueva junta directiva de Apymell.\u00bb<\/p>\n\n\n\n<p>\u00abNuestro asesor jur\u00eddico, <a href=\"https:\/\/www.reachextra.com\/es\/juan-carmona-50-anos-casi\/\"><strong>Juan Carmona<\/strong><\/a>, nos ha explicado que podemos ganar el caso por la v\u00eda de lo Contencioso-Administrativo, pero ser\u00eda un proceso de a\u00f1os. Por ello, hemos optado por crear una nueva asociaci\u00f3n animado por grandes empresarios de La L\u00ednea. Con nosotros est\u00e1n Ruiz-Gal\u00e1n, la conservera Ubago, cl\u00ednicas, franquicias como McDonalds\u2026\u201d, explica a ReachExtra.<\/p>\n\n\n\n<p>\u201cEl alcalde de La L\u00ednea ha definido lo ocurrido como golpe de estado. La C\u00e1mara de Comercio del Campo de Gibraltar, Carlos Fenoy, tambi\u00e9n me ha animado a constituir la nueva asociaci\u00f3n. No hay mal que por bien no venga. Much\u00edsima gente nos ten\u00eda cari\u00f1o y se han hecho cosas muy positivas, lo que nos vale para volver con mucha m\u00e1s fuerza y con nuevos asuntos por los que trabajar\u201d, afirma.<\/p>\n\n\n\n<figure class=\"wp-block-image size-large\"><img loading=\"lazy\" decoding=\"async\" width=\"700\" height=\"467\" src=\"https:\/\/www.reachextra.com\/wp-content\/uploads\/2021\/06\/apymell-la-linea-lorenzo-perez-perianez-gibraltar-reachextra-2.jpg\" alt=\"Lorenzo Perez Perianez Apymell La Linea de La Concepcion\" class=\"wp-image-19397\" srcset=\"https:\/\/reachextra.com\/wp-content\/uploads\/2021\/06\/apymell-la-linea-lorenzo-perez-perianez-gibraltar-reachextra-2.jpg 700w, https:\/\/reachextra.com\/wp-content\/uploads\/2021\/06\/apymell-la-linea-lorenzo-perez-perianez-gibraltar-reachextra-2-300x200.jpg 300w, https:\/\/reachextra.com\/wp-content\/uploads\/2021\/06\/apymell-la-linea-lorenzo-perez-perianez-gibraltar-reachextra-2-180x120.jpg 180w, https:\/\/reachextra.com\/wp-content\/uploads\/2021\/06\/apymell-la-linea-lorenzo-perez-perianez-gibraltar-reachextra-2-561x374.jpg 561w, https:\/\/reachextra.com\/wp-content\/uploads\/2021\/06\/apymell-la-linea-lorenzo-perez-perianez-gibraltar-reachextra-2-265x177.jpg 265w, https:\/\/reachextra.com\/wp-content\/uploads\/2021\/06\/apymell-la-linea-lorenzo-perez-perianez-gibraltar-reachextra-2-531x354.jpg 531w, https:\/\/reachextra.com\/wp-content\/uploads\/2021\/06\/apymell-la-linea-lorenzo-perez-perianez-gibraltar-reachextra-2-364x243.jpg 364w, https:\/\/reachextra.com\/wp-content\/uploads\/2021\/06\/apymell-la-linea-lorenzo-perez-perianez-gibraltar-reachextra-2-608x406.jpg 608w, https:\/\/reachextra.com\/wp-content\/uploads\/2021\/06\/apymell-la-linea-lorenzo-perez-perianez-gibraltar-reachextra-2-72x48.jpg 72w, https:\/\/reachextra.com\/wp-content\/uploads\/2021\/06\/apymell-la-linea-lorenzo-perez-perianez-gibraltar-reachextra-2-144x96.jpg 144w, https:\/\/reachextra.com\/wp-content\/uploads\/2021\/06\/apymell-la-linea-lorenzo-perez-perianez-gibraltar-reachextra-2-313x209.jpg 313w\" sizes=\"auto, (max-width: 700px) 100vw, 700px\" \/><figcaption><strong>Lorenzo P\u00e9rez-Peri\u00e1\u00f1ez, ex-chairman of the Apymell Organisation | Fran Montes<\/strong><\/figcaption><\/figure>\n\n\n\n<p>Esta nueva asociaci\u00f3n, para la que a\u00fan no se ha elegido un nombre aunque se barajan varios, surge como un proyecto m\u00e1s ambicioso que Apymell: <\/p>\n\n\n\n<p>\u201cSe trata de un proyecto integral. No s\u00f3lo perseguimos el desarrollo empresarial sino que sea un proyecto de formaci\u00f3n e integraci\u00f3n de j\u00f3venes en nuestras empresas, financiaci\u00f3n de emprendedores\u2026 No queremos que ning\u00fan proyecto se quede en cartera por falta de financiaci\u00f3n. Tenemos personas que van a aportar capital\u201d.<\/p>\n\n\n\n<p>Uno de los principales objetivos en los que se trabajar\u00e1 es en intentar cambiar la deteriorada imagen de La L\u00ednea: \u201cNo podemos seguir por m\u00e1s tiempo con esta imagen de deterioro. Nos vemos con la obligaci\u00f3n moral de impulsar este cambio. Nos duele La L\u00ednea\u201d.<\/p>\n\n\n\n<figure class=\"wp-block-image size-large\"><img loading=\"lazy\" decoding=\"async\" width=\"700\" height=\"467\" src=\"https:\/\/www.reachextra.com\/wp-content\/uploads\/2020\/10\/La-linea-economy-covid19-gibraltar.jpg\" alt=\"La L\u00ednea de la Concepcion Covid19 Brexit economy\" class=\"wp-image-16087\" srcset=\"https:\/\/reachextra.com\/wp-content\/uploads\/2020\/10\/La-linea-economy-covid19-gibraltar.jpg 700w, https:\/\/reachextra.com\/wp-content\/uploads\/2020\/10\/La-linea-economy-covid19-gibraltar-300x200.jpg 300w, https:\/\/reachextra.com\/wp-content\/uploads\/2020\/10\/La-linea-economy-covid19-gibraltar-180x120.jpg 180w, https:\/\/reachextra.com\/wp-content\/uploads\/2020\/10\/La-linea-economy-covid19-gibraltar-561x374.jpg 561w, https:\/\/reachextra.com\/wp-content\/uploads\/2020\/10\/La-linea-economy-covid19-gibraltar-364x243.jpg 364w, https:\/\/reachextra.com\/wp-content\/uploads\/2020\/10\/La-linea-economy-covid19-gibraltar-608x406.jpg 608w, https:\/\/reachextra.com\/wp-content\/uploads\/2020\/10\/La-linea-economy-covid19-gibraltar-72x48.jpg 72w, https:\/\/reachextra.com\/wp-content\/uploads\/2020\/10\/La-linea-economy-covid19-gibraltar-144x96.jpg 144w, https:\/\/reachextra.com\/wp-content\/uploads\/2020\/10\/La-linea-economy-covid19-gibraltar-313x209.jpg 313w\" sizes=\"auto, (max-width: 700px) 100vw, 700px\" \/><figcaption><strong>La L\u00ednea de la Concepcion | Fran Montes <\/strong><\/figcaption><\/figure>\n\n\n\n<p>Otro es que la ciudad defina de una vez su modelo productivo:<\/p>\n\n\n\n<p>\u201cNo tenemos suelo ni sector primario y tenemos que luchar, nuestros pol\u00edticos tambi\u00e9n, por ser una ciudad con una econom\u00eda similar, guardando las distancias, a la de Gibraltar. La L\u00ednea necesita ser atractiva para la inversi\u00f3n de servicios financieros, seguros y dem\u00e1s. Para ello, es fundamental que el Estado nos confiera un r\u00e9gimen tributario especial que lo haga posible, que haga atractiva la inversi\u00f3n en la ciudad\u201d. <\/p>\n\n\n\n<p>La nueva asociaci\u00f3n tambi\u00e9n fija entre sus retos definir una nueva oferta tur\u00edstica con Gibraltar como aliado:<\/p>\n\n\n\n<p>\u201cNuestra oferta tur\u00edstica tiene que ir de la mano de Gibraltar, debemos ofrecer algo conjunto porque nos complementamos. Gibraltar puede ofrecer todos sus atractivos en compras, historia\u2026 y nosotros gastronom\u00eda, golf, playas\u2026\u201d.<\/p>\n\n\n\n<p>P\u00e9rez-Peri\u00e1\u00f1ez y los empresarios que lo respaldan creen que es posible lograrlo: \u201cEstamos convencidos de que podemos salir adelante,  pero para ello es fundamental el cambio de imagen de La L\u00ednea\u201d.<\/p>\n\n\n\n<figure class=\"wp-block-image size-large\"><img loading=\"lazy\" decoding=\"async\" width=\"700\" height=\"467\" src=\"https:\/\/www.reachextra.com\/wp-content\/uploads\/2021\/06\/la-linea-de-la-concepcion-reachextra.jpg\" alt=\"La linea de la concepcion beach sunset\" class=\"wp-image-19405\" srcset=\"https:\/\/reachextra.com\/wp-content\/uploads\/2021\/06\/la-linea-de-la-concepcion-reachextra.jpg 700w, https:\/\/reachextra.com\/wp-content\/uploads\/2021\/06\/la-linea-de-la-concepcion-reachextra-300x200.jpg 300w, https:\/\/reachextra.com\/wp-content\/uploads\/2021\/06\/la-linea-de-la-concepcion-reachextra-180x120.jpg 180w, https:\/\/reachextra.com\/wp-content\/uploads\/2021\/06\/la-linea-de-la-concepcion-reachextra-561x374.jpg 561w, https:\/\/reachextra.com\/wp-content\/uploads\/2021\/06\/la-linea-de-la-concepcion-reachextra-265x177.jpg 265w, https:\/\/reachextra.com\/wp-content\/uploads\/2021\/06\/la-linea-de-la-concepcion-reachextra-531x354.jpg 531w, https:\/\/reachextra.com\/wp-content\/uploads\/2021\/06\/la-linea-de-la-concepcion-reachextra-364x243.jpg 364w, https:\/\/reachextra.com\/wp-content\/uploads\/2021\/06\/la-linea-de-la-concepcion-reachextra-608x406.jpg 608w, https:\/\/reachextra.com\/wp-content\/uploads\/2021\/06\/la-linea-de-la-concepcion-reachextra-72x48.jpg 72w, https:\/\/reachextra.com\/wp-content\/uploads\/2021\/06\/la-linea-de-la-concepcion-reachextra-144x96.jpg 144w, https:\/\/reachextra.com\/wp-content\/uploads\/2021\/06\/la-linea-de-la-concepcion-reachextra-313x209.jpg 313w\" sizes=\"auto, (max-width: 700px) 100vw, 700px\" \/><\/figure>\n\n\n\n<p>Aunque aclara que no ser\u00e1 el presidente de esta nueva asociaci\u00f3n, s\u00ed avanza que ser\u00e1 su portavoz y llevar\u00e1 los asuntos relacionados con Gibraltar, nuevamente, desde el entendimiento y la concordia. <\/p>\n\n\n\n<p>\u201cCon lo que ha pasado, me han llamado muchos empresarios gibraltare\u00f1os y personas a t\u00edtulo particular preocupadas.\u00bb<\/p>\n\n\n\n<p>\u00abLa C\u00e1mara de Comercio y el Gobierno del Pe\u00f1\u00f3n tambi\u00e9n me han mostrado su total apoyo.  Hab\u00eda preocupaci\u00f3n porque en estos once a\u00f1os se ha producido un acercamiento que no se hab\u00eda tenido nunca. \r\n\r\nHa sido muy reconfortante que tanta gente de Gibraltar me haya expresado estas muestras de cari\u00f1o. Una de las primeras gestiones que hagamos con la nueva asociaci\u00f3n ser\u00e1 una visita al Gobierno de Gibraltar, para presentarnos y expresar nuestro deseo de potenciar las actuales relaciones. Es fundamental para la econom\u00eda de La L\u00ednea\u201d.<\/p>\n\n\n\n<h2 class=\"wp-block-heading\" id=\"h-the-new-board-of-directors\">Nueva directiva <\/h2>\n\n\n\n<figure class=\"wp-block-image size-large\"><img loading=\"lazy\" decoding=\"async\" width=\"1024\" height=\"557\" src=\"https:\/\/www.reachextra.com\/wp-content\/uploads\/2021\/06\/apymell-la-linea-lorenzo-perez-perianez-gibraltar-reachextra-1024x557.jpg\" alt=\"Lorenzo Perez Perianez Apymell La Linea de La Concepcion\" class=\"wp-image-19394\" srcset=\"https:\/\/reachextra.com\/wp-content\/uploads\/2021\/06\/apymell-la-linea-lorenzo-perez-perianez-gibraltar-reachextra-1024x557.jpg 1024w, https:\/\/reachextra.com\/wp-content\/uploads\/2021\/06\/apymell-la-linea-lorenzo-perez-perianez-gibraltar-reachextra-300x163.jpg 300w, https:\/\/reachextra.com\/wp-content\/uploads\/2021\/06\/apymell-la-linea-lorenzo-perez-perianez-gibraltar-reachextra-768x418.jpg 768w, https:\/\/reachextra.com\/wp-content\/uploads\/2021\/06\/apymell-la-linea-lorenzo-perez-perianez-gibraltar-reachextra-561x305.jpg 561w, https:\/\/reachextra.com\/wp-content\/uploads\/2021\/06\/apymell-la-linea-lorenzo-perez-perianez-gibraltar-reachextra-1122x611.jpg 1122w, https:\/\/reachextra.com\/wp-content\/uploads\/2021\/06\/apymell-la-linea-lorenzo-perez-perianez-gibraltar-reachextra-265x144.jpg 265w, https:\/\/reachextra.com\/wp-content\/uploads\/2021\/06\/apymell-la-linea-lorenzo-perez-perianez-gibraltar-reachextra-531x289.jpg 531w, https:\/\/reachextra.com\/wp-content\/uploads\/2021\/06\/apymell-la-linea-lorenzo-perez-perianez-gibraltar-reachextra-364x198.jpg 364w, https:\/\/reachextra.com\/wp-content\/uploads\/2021\/06\/apymell-la-linea-lorenzo-perez-perianez-gibraltar-reachextra-728x396.jpg 728w, https:\/\/reachextra.com\/wp-content\/uploads\/2021\/06\/apymell-la-linea-lorenzo-perez-perianez-gibraltar-reachextra-608x331.jpg 608w, https:\/\/reachextra.com\/wp-content\/uploads\/2021\/06\/apymell-la-linea-lorenzo-perez-perianez-gibraltar-reachextra-758x413.jpg 758w, https:\/\/reachextra.com\/wp-content\/uploads\/2021\/06\/apymell-la-linea-lorenzo-perez-perianez-gibraltar-reachextra-1152x627.jpg 1152w, https:\/\/reachextra.com\/wp-content\/uploads\/2021\/06\/apymell-la-linea-lorenzo-perez-perianez-gibraltar-reachextra-88x48.jpg 88w, https:\/\/reachextra.com\/wp-content\/uploads\/2021\/06\/apymell-la-linea-lorenzo-perez-perianez-gibraltar-reachextra-176x96.jpg 176w, https:\/\/reachextra.com\/wp-content\/uploads\/2021\/06\/apymell-la-linea-lorenzo-perez-perianez-gibraltar-reachextra-313x170.jpg 313w, https:\/\/reachextra.com\/wp-content\/uploads\/2021\/06\/apymell-la-linea-lorenzo-perez-perianez-gibraltar-reachextra.jpg 1220w\" sizes=\"auto, (max-width: 1024px) 100vw, 1024px\" \/><figcaption><strong>Lorenzo P\u00e9rez-Peri\u00e1\u00f1ez, ex-chairman of the Apymell Organisation | Fran Montes<\/strong><\/figcaption><\/figure>\n\n\n\n<p>S\u00ed est\u00e1 ya definido qui\u00e9nes conformar\u00e1n la junta directiva y sus responsabilidades. Seg\u00fan adelanta a ReachExtra Lorenzo P\u00e9rez-Peri\u00e1\u00f1ez, el empresario Fran L\u00f3pez llevar\u00e1 el \u00e1rea de Comercio, para lo que dejar\u00e1 su cargo como coordinador de Ciudadanos en el Campo de Gibraltar; Formaci\u00f3n estar\u00e1 en manos de Rosa Ca\u00f1amero; Hosteler\u00eda, en las de Carmen Cumbres; Grandes Industrias y Pol\u00edgono industrial ser\u00e1 responsabilidad de la empresaria Raquel Ruiz Gal\u00e1n; y Emprendimiento y Relaciones Institucionales las asume Antonio Espinel. <\/p>\n\n\n\n<p>\u201cYa est\u00e1 firmada el acta de constituci\u00f3n de la directiva, por lo que la creaci\u00f3n de la asociaci\u00f3n es inminente\u201d, aclara.<\/p>\n\n\n\n<figure class=\"wp-block-image size-large\"><img loading=\"lazy\" decoding=\"async\" width=\"700\" height=\"467\" src=\"https:\/\/www.reachextra.com\/wp-content\/uploads\/2020\/07\/trabajadores-transfronterizos-gibraltar-BEAT-Covid19-Fabian-Picardo-Reach-Alcance-5.jpg\" alt=\"\" class=\"wp-image-15077\" srcset=\"https:\/\/reachextra.com\/wp-content\/uploads\/2020\/07\/trabajadores-transfronterizos-gibraltar-BEAT-Covid19-Fabian-Picardo-Reach-Alcance-5.jpg 700w, https:\/\/reachextra.com\/wp-content\/uploads\/2020\/07\/trabajadores-transfronterizos-gibraltar-BEAT-Covid19-Fabian-Picardo-Reach-Alcance-5-300x200.jpg 300w, https:\/\/reachextra.com\/wp-content\/uploads\/2020\/07\/trabajadores-transfronterizos-gibraltar-BEAT-Covid19-Fabian-Picardo-Reach-Alcance-5-180x120.jpg 180w, https:\/\/reachextra.com\/wp-content\/uploads\/2020\/07\/trabajadores-transfronterizos-gibraltar-BEAT-Covid19-Fabian-Picardo-Reach-Alcance-5-561x374.jpg 561w, https:\/\/reachextra.com\/wp-content\/uploads\/2020\/07\/trabajadores-transfronterizos-gibraltar-BEAT-Covid19-Fabian-Picardo-Reach-Alcance-5-364x243.jpg 364w, https:\/\/reachextra.com\/wp-content\/uploads\/2020\/07\/trabajadores-transfronterizos-gibraltar-BEAT-Covid19-Fabian-Picardo-Reach-Alcance-5-608x406.jpg 608w, https:\/\/reachextra.com\/wp-content\/uploads\/2020\/07\/trabajadores-transfronterizos-gibraltar-BEAT-Covid19-Fabian-Picardo-Reach-Alcance-5-72x48.jpg 72w, https:\/\/reachextra.com\/wp-content\/uploads\/2020\/07\/trabajadores-transfronterizos-gibraltar-BEAT-Covid19-Fabian-Picardo-Reach-Alcance-5-144x96.jpg 144w, https:\/\/reachextra.com\/wp-content\/uploads\/2020\/07\/trabajadores-transfronterizos-gibraltar-BEAT-Covid19-Fabian-Picardo-Reach-Alcance-5-313x209.jpg 313w\" sizes=\"auto, (max-width: 700px) 100vw, 700px\" \/><\/figure>\n\n\n\n<p>Sobre la inclusi\u00f3n de la asociaci\u00f3n en el Grupo Transfronterizo, recuerda que este \u00f3rgano est\u00e1 integrado por diez miembros, tanto patronales como sindicales de ambos lados de la Verja y que, a priori, no es posible.<\/p>\n\n\n\n<p>\u201cEl Grupo no lo integran personas sino organismos. Ahora mismo Apymell es la que est\u00e1 dentro pero varios miembros del Grupo no toleran las formas con la que estos se\u00f1ores han llegado a la directiva de Apymell y creo que seguramente desaparecer\u00e1 en el Grupo y entrar\u00e1 la nueva asociaci\u00f3n\u2026.\u201d, apunta.<\/p>\n\n\n\n<h2 class=\"wp-block-heading\" id=\"h-lobbying-against-brexit\">Un lobby ante el Brexit<\/h2>\n\n\n\n<figure class=\"wp-block-image size-large\"><img loading=\"lazy\" decoding=\"async\" width=\"1024\" height=\"683\" src=\"https:\/\/www.reachextra.com\/wp-content\/uploads\/2019\/02\/Brexit-1024x683.jpg\" alt=\"Seg\u00fan reportes esta noche en el peri\u00f3dico de centro-izquierda de Londres &quot;The Guardian&quot; la retirada del Reino Unido de la Uni\u00f3n Europa podr\u00eda retrasarse hasta 2021.\" class=\"wp-image-7635\" srcset=\"https:\/\/reachextra.com\/wp-content\/uploads\/2019\/02\/Brexit-1024x683.jpg 1024w, https:\/\/reachextra.com\/wp-content\/uploads\/2019\/02\/Brexit-300x200.jpg 300w, https:\/\/reachextra.com\/wp-content\/uploads\/2019\/02\/Brexit-768x512.jpg 768w, https:\/\/reachextra.com\/wp-content\/uploads\/2019\/02\/Brexit-180x120.jpg 180w, https:\/\/reachextra.com\/wp-content\/uploads\/2019\/02\/Brexit-561x374.jpg 561w, https:\/\/reachextra.com\/wp-content\/uploads\/2019\/02\/Brexit-1122x748.jpg 1122w, https:\/\/reachextra.com\/wp-content\/uploads\/2019\/02\/Brexit-364x243.jpg 364w, https:\/\/reachextra.com\/wp-content\/uploads\/2019\/02\/Brexit-728x485.jpg 728w, https:\/\/reachextra.com\/wp-content\/uploads\/2019\/02\/Brexit-608x405.jpg 608w, https:\/\/reachextra.com\/wp-content\/uploads\/2019\/02\/Brexit-758x505.jpg 758w, https:\/\/reachextra.com\/wp-content\/uploads\/2019\/02\/Brexit-1152x768.jpg 1152w, https:\/\/reachextra.com\/wp-content\/uploads\/2019\/02\/Brexit-72x48.jpg 72w, https:\/\/reachextra.com\/wp-content\/uploads\/2019\/02\/Brexit-144x96.jpg 144w, https:\/\/reachextra.com\/wp-content\/uploads\/2019\/02\/Brexit-313x209.jpg 313w, https:\/\/reachextra.com\/wp-content\/uploads\/2019\/02\/Brexit.jpg 1200w\" sizes=\"auto, (max-width: 1024px) 100vw, 1024px\" \/><\/figure>\n\n\n\n<p>Y es que el momento es el que es. Los estragos causados por la pandemia y la amenaza del Brexit est\u00e1n ah\u00ed: \u201cA\u00fan no se han definido los acuerdos sobre Gibraltar. Hay muchos flecos y temas que atar. S\u00e9 que hay buena disposici\u00f3n pero tambi\u00e9n cuestiones por resolver. <\/p>\n\n\n\n<p>Con el Brexit tenemos que ser un lobby de influencia, que se nos tenga en cuenta. El momento es ahora y todos los agentes sociales y econ\u00f3micos, y todas las fuerzas pol\u00edticas, tenemos que estar unidos para sacar a La L\u00ednea adelante\u201d.<\/p>\n","protected":false},"excerpt":{"rendered":"<p>Importantes empresas de la ciudad a\u00fanan sus fuerzas para ayudar al tejido empresarial, mejorar la deteriorada imagen de La L\u00ednea&#8230;<br \/>\n <a class=\"g1-link g1-link-more\" href=\"https:\/\/reachextra.com\/es\/lorenzo-perianez-nueva-asociacion\/\">More<\/a><\/p>\n","protected":false},"author":1,"featured_media":19395,"comment_status":"closed","ping_status":"closed","sticky":false,"template":"","format":"standard","meta":{"_jetpack_memberships_contains_paid_content":false,"footnotes":""},"categories":[239,226,225],"tags":[13840,581,518,15096,15094,229,14485,1417,577,691,15097,15095,831,1217],"adace-sponsor":[],"class_list":{"0":"post-19416","1":"post","2":"type-post","3":"status-publish","4":"format-standard","5":"has-post-thumbnail","7":"category-negocio","8":"category-noticias-es","9":"category-tendencias","10":"tag-andalucia-es-2","11":"tag-apymell-es","12":"tag-brexit-es","13":"tag-carmen-cumbres-es","14":"tag-fran-lopez-es","15":"tag-gibraltar-es","16":"tag-juan-carmona-es","17":"tag-la-linea-de-la-concepcion-es","18":"tag-lorenzo-perez-perianez-es","19":"tag-negocio","20":"tag-raquel-ruiz-galan-es","21":"tag-rosa-canamero-es","22":"tag-soraya-fernandez-es","23":"tag-tourismo-es"},"yoast_head":"<!-- This site is optimized with the Yoast SEO Premium plugin v19.5 (Yoast SEO v26.7) - https:\/\/yoast.com\/wordpress\/plugins\/seo\/ -->\n<title>Nace una nueva asociaci\u00f3n de empresarios en La L\u00ednea impulsada por Lorenzo P\u00e9rez-Peri\u00e1\u00f1ez<\/title>\n<meta name=\"description\" content=\"Importantes empresas de la ciudad a\u00fanan sus fuerzas para ayudar al tejido empresarial, mejorar la deteriorada imagen de La L\u00ednea...\" \/>\n<meta name=\"robots\" content=\"index, follow, max-snippet:-1, max-image-preview:large, max-video-preview:-1\" \/>\n<link rel=\"canonical\" href=\"https:\/\/reachextra.com\/es\/lorenzo-perianez-nueva-asociacion\/\" \/>\n<meta property=\"og:locale\" content=\"es_ES\" \/>\n<meta property=\"og:type\" content=\"article\" \/>\n<meta property=\"og:title\" content=\"Nace una nueva asociaci\u00f3n de empresarios en La L\u00ednea impulsada por Lorenzo P\u00e9rez-Peri\u00e1\u00f1ez\" \/>\n<meta property=\"og:description\" content=\"Importantes empresas de la ciudad a\u00fanan sus fuerzas para ayudar al tejido empresarial, mejorar la deteriorada imagen de La L\u00ednea...\" \/>\n<meta property=\"og:url\" content=\"https:\/\/reachextra.com\/es\/lorenzo-perianez-nueva-asociacion\/\" \/>\n<meta property=\"og:site_name\" content=\"ReachExtra\" \/>\n<meta property=\"article:publisher\" content=\"http:\/\/www.facebook.com\/reachextra\" \/>\n<meta property=\"article:published_time\" content=\"2021-06-02T15:23:56+00:00\" \/>\n<meta property=\"article:modified_time\" content=\"2021-06-02T15:31:08+00:00\" \/>\n<meta property=\"og:image\" content=\"https:\/\/reachextra.com\/wp-content\/uploads\/2021\/06\/apymell-la-linea-lorenzo-perez-perianez-gibraltar-reachextra.jpg\" \/>\n\t<meta property=\"og:image:width\" content=\"1220\" \/>\n\t<meta property=\"og:image:height\" content=\"664\" \/>\n\t<meta property=\"og:image:type\" content=\"image\/jpeg\" \/>\n<meta name=\"author\" content=\"ReachExtra\" \/>\n<meta name=\"twitter:card\" content=\"summary_large_image\" \/>\n<meta name=\"twitter:creator\" content=\"@reachextra\" \/>\n<meta name=\"twitter:site\" content=\"@reachextra\" \/>\n<meta name=\"twitter:label1\" content=\"Escrito por\" \/>\n\t<meta name=\"twitter:data1\" content=\"ReachExtra\" \/>\n\t<meta name=\"twitter:label2\" content=\"Tiempo de lectura\" \/>\n\t<meta name=\"twitter:data2\" content=\"6 minutos\" \/>\n<script type=\"application\/ld+json\" class=\"yoast-schema-graph\">{\"@context\":\"https:\/\/schema.org\",\"@graph\":[{\"@type\":\"Article\",\"@id\":\"https:\/\/reachextra.com\/es\/lorenzo-perianez-nueva-asociacion\/#article\",\"isPartOf\":{\"@id\":\"https:\/\/reachextra.com\/es\/lorenzo-perianez-nueva-asociacion\/\"},\"author\":{\"name\":\"ReachExtra\",\"@id\":\"https:\/\/reachextra.com\/es\/#\/schema\/person\/5bf8196030cf130091162668b52085df\"},\"headline\":\"Nace una nueva asociaci\u00f3n de empresarios en La L\u00ednea impulsada por Lorenzo P\u00e9rez-Peri\u00e1\u00f1ez\",\"datePublished\":\"2021-06-02T15:23:56+00:00\",\"dateModified\":\"2021-06-02T15:31:08+00:00\",\"mainEntityOfPage\":{\"@id\":\"https:\/\/reachextra.com\/es\/lorenzo-perianez-nueva-asociacion\/\"},\"wordCount\":1170,\"publisher\":{\"@id\":\"https:\/\/reachextra.com\/es\/#organization\"},\"image\":{\"@id\":\"https:\/\/reachextra.com\/es\/lorenzo-perianez-nueva-asociacion\/#primaryimage\"},\"thumbnailUrl\":\"https:\/\/reachextra.com\/wp-content\/uploads\/2021\/06\/apymell-la-linea-lorenzo-perez-perianez-gibraltar-reachextra.jpg\",\"keywords\":[\"Andalucia\",\"Apymell\",\"Brexit\",\"Carmen Cumbres\",\"Fran Lopez\",\"Gibraltar\",\"Juan Carmona\",\"La Linea de la concepcion\",\"Lorenzo Perez-Perianez\",\"Negocio\",\"Raquel Ruiz Galan\",\"Rosa Canamero\",\"Soraya Fernandez\",\"Tourismo\"],\"articleSection\":[\"Negocio\",\"Noticias\",\"Tendencias\"],\"inLanguage\":\"es\"},{\"@type\":\"WebPage\",\"@id\":\"https:\/\/reachextra.com\/es\/lorenzo-perianez-nueva-asociacion\/\",\"url\":\"https:\/\/reachextra.com\/es\/lorenzo-perianez-nueva-asociacion\/\",\"name\":\"Nace una nueva asociaci\u00f3n de empresarios en La L\u00ednea impulsada por Lorenzo P\u00e9rez-Peri\u00e1\u00f1ez\",\"isPartOf\":{\"@id\":\"https:\/\/reachextra.com\/es\/#website\"},\"primaryImageOfPage\":{\"@id\":\"https:\/\/reachextra.com\/es\/lorenzo-perianez-nueva-asociacion\/#primaryimage\"},\"image\":{\"@id\":\"https:\/\/reachextra.com\/es\/lorenzo-perianez-nueva-asociacion\/#primaryimage\"},\"thumbnailUrl\":\"https:\/\/reachextra.com\/wp-content\/uploads\/2021\/06\/apymell-la-linea-lorenzo-perez-perianez-gibraltar-reachextra.jpg\",\"datePublished\":\"2021-06-02T15:23:56+00:00\",\"dateModified\":\"2021-06-02T15:31:08+00:00\",\"description\":\"Importantes empresas de la ciudad a\u00fanan sus fuerzas para ayudar al tejido empresarial, mejorar la deteriorada imagen de La L\u00ednea...\",\"breadcrumb\":{\"@id\":\"https:\/\/reachextra.com\/es\/lorenzo-perianez-nueva-asociacion\/#breadcrumb\"},\"inLanguage\":\"es\",\"potentialAction\":[{\"@type\":\"ReadAction\",\"target\":[\"https:\/\/reachextra.com\/es\/lorenzo-perianez-nueva-asociacion\/\"]}]},{\"@type\":\"ImageObject\",\"inLanguage\":\"es\",\"@id\":\"https:\/\/reachextra.com\/es\/lorenzo-perianez-nueva-asociacion\/#primaryimage\",\"url\":\"https:\/\/reachextra.com\/wp-content\/uploads\/2021\/06\/apymell-la-linea-lorenzo-perez-perianez-gibraltar-reachextra.jpg\",\"contentUrl\":\"https:\/\/reachextra.com\/wp-content\/uploads\/2021\/06\/apymell-la-linea-lorenzo-perez-perianez-gibraltar-reachextra.jpg\",\"width\":1220,\"height\":664,\"caption\":\"Lorenzo Perez Perianez Apymell La Linea de La Concepcion\"},{\"@type\":\"BreadcrumbList\",\"@id\":\"https:\/\/reachextra.com\/es\/lorenzo-perianez-nueva-asociacion\/#breadcrumb\",\"itemListElement\":[{\"@type\":\"ListItem\",\"position\":1,\"name\":\"Home\",\"item\":\"https:\/\/reachextra.com\/es\/\"},{\"@type\":\"ListItem\",\"position\":2,\"name\":\"Negocio\",\"item\":\"https:\/\/reachextra.com\/es\/category\/negocio\/\"},{\"@type\":\"ListItem\",\"position\":3,\"name\":\"Nace una nueva asociaci\u00f3n de empresarios en La L\u00ednea impulsada por Lorenzo P\u00e9rez-Peri\u00e1\u00f1ez\"}]},{\"@type\":\"WebSite\",\"@id\":\"https:\/\/reachextra.com\/es\/#website\",\"url\":\"https:\/\/reachextra.com\/es\/\",\"name\":\"ReachExtra\",\"description\":\" Reach-Alcance en Espa\u00f1ol | Gibraltar | Campo de Gibraltar\",\"publisher\":{\"@id\":\"https:\/\/reachextra.com\/es\/#organization\"},\"potentialAction\":[{\"@type\":\"SearchAction\",\"target\":{\"@type\":\"EntryPoint\",\"urlTemplate\":\"https:\/\/reachextra.com\/es\/?s={search_term_string}\"},\"query-input\":{\"@type\":\"PropertyValueSpecification\",\"valueRequired\":true,\"valueName\":\"search_term_string\"}}],\"inLanguage\":\"es\"},{\"@type\":\"Organization\",\"@id\":\"https:\/\/reachextra.com\/es\/#organization\",\"name\":\"Reach-Alcance\",\"url\":\"https:\/\/reachextra.com\/es\/\",\"logo\":{\"@type\":\"ImageObject\",\"inLanguage\":\"es\",\"@id\":\"https:\/\/reachextra.com\/es\/#\/schema\/logo\/image\/\",\"url\":\"https:\/\/www.reachextra.com\/wp-content\/uploads\/2018\/12\/Reach-Alcance-LOGO-HDPI.jpg\",\"contentUrl\":\"https:\/\/www.reachextra.com\/wp-content\/uploads\/2018\/12\/Reach-Alcance-LOGO-HDPI.jpg\",\"width\":750,\"height\":474,\"caption\":\"Reach-Alcance\"},\"image\":{\"@id\":\"https:\/\/reachextra.com\/es\/#\/schema\/logo\/image\/\"},\"sameAs\":[\"http:\/\/www.facebook.com\/reachextra\",\"https:\/\/x.com\/reachextra\",\"http:\/\/reach.extra\",\"https:\/\/www.linkedin.com\/company\/reach-alcance\/\"]},{\"@type\":\"Person\",\"@id\":\"https:\/\/reachextra.com\/es\/#\/schema\/person\/5bf8196030cf130091162668b52085df\",\"name\":\"ReachExtra\",\"image\":{\"@type\":\"ImageObject\",\"inLanguage\":\"es\",\"@id\":\"https:\/\/reachextra.com\/es\/#\/schema\/person\/image\/\",\"url\":\"https:\/\/secure.gravatar.com\/avatar\/11e9f37f3773887633d17fdf580220857b1599038456e2f031ce0efd2f41a394?s=96&d=mm&r=g\",\"contentUrl\":\"https:\/\/secure.gravatar.com\/avatar\/11e9f37f3773887633d17fdf580220857b1599038456e2f031ce0efd2f41a394?s=96&d=mm&r=g\",\"caption\":\"ReachExtra\"},\"sameAs\":[\"http:\/\/www.reachextra.com\"]}]}<\/script>\n<!-- \/ Yoast SEO Premium plugin. -->","yoast_head_json":{"title":"Nace una nueva asociaci\u00f3n de empresarios en La L\u00ednea impulsada por Lorenzo P\u00e9rez-Peri\u00e1\u00f1ez","description":"Importantes empresas de la ciudad a\u00fanan sus fuerzas para ayudar al tejido empresarial, mejorar la deteriorada imagen de La L\u00ednea...","robots":{"index":"index","follow":"follow","max-snippet":"max-snippet:-1","max-image-preview":"max-image-preview:large","max-video-preview":"max-video-preview:-1"},"canonical":"https:\/\/reachextra.com\/es\/lorenzo-perianez-nueva-asociacion\/","og_locale":"es_ES","og_type":"article","og_title":"Nace una nueva asociaci\u00f3n de empresarios en La L\u00ednea impulsada por Lorenzo P\u00e9rez-Peri\u00e1\u00f1ez","og_description":"Importantes empresas de la ciudad a\u00fanan sus fuerzas para ayudar al tejido empresarial, mejorar la deteriorada imagen de La L\u00ednea...","og_url":"https:\/\/reachextra.com\/es\/lorenzo-perianez-nueva-asociacion\/","og_site_name":"ReachExtra","article_publisher":"http:\/\/www.facebook.com\/reachextra","article_published_time":"2021-06-02T15:23:56+00:00","article_modified_time":"2021-06-02T15:31:08+00:00","og_image":[{"width":1220,"height":664,"url":"https:\/\/reachextra.com\/wp-content\/uploads\/2021\/06\/apymell-la-linea-lorenzo-perez-perianez-gibraltar-reachextra.jpg","type":"image\/jpeg"}],"author":"ReachExtra","twitter_card":"summary_large_image","twitter_creator":"@reachextra","twitter_site":"@reachextra","twitter_misc":{"Escrito por":"ReachExtra","Tiempo de lectura":"6 minutos"},"schema":{"@context":"https:\/\/schema.org","@graph":[{"@type":"Article","@id":"https:\/\/reachextra.com\/es\/lorenzo-perianez-nueva-asociacion\/#article","isPartOf":{"@id":"https:\/\/reachextra.com\/es\/lorenzo-perianez-nueva-asociacion\/"},"author":{"name":"ReachExtra","@id":"https:\/\/reachextra.com\/es\/#\/schema\/person\/5bf8196030cf130091162668b52085df"},"headline":"Nace una nueva asociaci\u00f3n de empresarios en La L\u00ednea impulsada por Lorenzo P\u00e9rez-Peri\u00e1\u00f1ez","datePublished":"2021-06-02T15:23:56+00:00","dateModified":"2021-06-02T15:31:08+00:00","mainEntityOfPage":{"@id":"https:\/\/reachextra.com\/es\/lorenzo-perianez-nueva-asociacion\/"},"wordCount":1170,"publisher":{"@id":"https:\/\/reachextra.com\/es\/#organization"},"image":{"@id":"https:\/\/reachextra.com\/es\/lorenzo-perianez-nueva-asociacion\/#primaryimage"},"thumbnailUrl":"https:\/\/reachextra.com\/wp-content\/uploads\/2021\/06\/apymell-la-linea-lorenzo-perez-perianez-gibraltar-reachextra.jpg","keywords":["Andalucia","Apymell","Brexit","Carmen Cumbres","Fran Lopez","Gibraltar","Juan Carmona","La Linea de la concepcion","Lorenzo Perez-Perianez","Negocio","Raquel Ruiz Galan","Rosa Canamero","Soraya Fernandez","Tourismo"],"articleSection":["Negocio","Noticias","Tendencias"],"inLanguage":"es"},{"@type":"WebPage","@id":"https:\/\/reachextra.com\/es\/lorenzo-perianez-nueva-asociacion\/","url":"https:\/\/reachextra.com\/es\/lorenzo-perianez-nueva-asociacion\/","name":"Nace una nueva asociaci\u00f3n de empresarios en La L\u00ednea impulsada por Lorenzo P\u00e9rez-Peri\u00e1\u00f1ez","isPartOf":{"@id":"https:\/\/reachextra.com\/es\/#website"},"primaryImageOfPage":{"@id":"https:\/\/reachextra.com\/es\/lorenzo-perianez-nueva-asociacion\/#primaryimage"},"image":{"@id":"https:\/\/reachextra.com\/es\/lorenzo-perianez-nueva-asociacion\/#primaryimage"},"thumbnailUrl":"https:\/\/reachextra.com\/wp-content\/uploads\/2021\/06\/apymell-la-linea-lorenzo-perez-perianez-gibraltar-reachextra.jpg","datePublished":"2021-06-02T15:23:56+00:00","dateModified":"2021-06-02T15:31:08+00:00","description":"Importantes empresas de la ciudad a\u00fanan sus fuerzas para ayudar al tejido empresarial, mejorar la deteriorada imagen de La L\u00ednea...","breadcrumb":{"@id":"https:\/\/reachextra.com\/es\/lorenzo-perianez-nueva-asociacion\/#breadcrumb"},"inLanguage":"es","potentialAction":[{"@type":"ReadAction","target":["https:\/\/reachextra.com\/es\/lorenzo-perianez-nueva-asociacion\/"]}]},{"@type":"ImageObject","inLanguage":"es","@id":"https:\/\/reachextra.com\/es\/lorenzo-perianez-nueva-asociacion\/#primaryimage","url":"https:\/\/reachextra.com\/wp-content\/uploads\/2021\/06\/apymell-la-linea-lorenzo-perez-perianez-gibraltar-reachextra.jpg","contentUrl":"https:\/\/reachextra.com\/wp-content\/uploads\/2021\/06\/apymell-la-linea-lorenzo-perez-perianez-gibraltar-reachextra.jpg","width":1220,"height":664,"caption":"Lorenzo Perez Perianez Apymell La Linea de La Concepcion"},{"@type":"BreadcrumbList","@id":"https:\/\/reachextra.com\/es\/lorenzo-perianez-nueva-asociacion\/#breadcrumb","itemListElement":[{"@type":"ListItem","position":1,"name":"Home","item":"https:\/\/reachextra.com\/es\/"},{"@type":"ListItem","position":2,"name":"Negocio","item":"https:\/\/reachextra.com\/es\/category\/negocio\/"},{"@type":"ListItem","position":3,"name":"Nace una nueva asociaci\u00f3n de empresarios en La L\u00ednea impulsada por Lorenzo P\u00e9rez-Peri\u00e1\u00f1ez"}]},{"@type":"WebSite","@id":"https:\/\/reachextra.com\/es\/#website","url":"https:\/\/reachextra.com\/es\/","name":"ReachExtra","description":" Reach-Alcance en Espa\u00f1ol | Gibraltar | Campo de Gibraltar","publisher":{"@id":"https:\/\/reachextra.com\/es\/#organization"},"potentialAction":[{"@type":"SearchAction","target":{"@type":"EntryPoint","urlTemplate":"https:\/\/reachextra.com\/es\/?s={search_term_string}"},"query-input":{"@type":"PropertyValueSpecification","valueRequired":true,"valueName":"search_term_string"}}],"inLanguage":"es"},{"@type":"Organization","@id":"https:\/\/reachextra.com\/es\/#organization","name":"Reach-Alcance","url":"https:\/\/reachextra.com\/es\/","logo":{"@type":"ImageObject","inLanguage":"es","@id":"https:\/\/reachextra.com\/es\/#\/schema\/logo\/image\/","url":"https:\/\/www.reachextra.com\/wp-content\/uploads\/2018\/12\/Reach-Alcance-LOGO-HDPI.jpg","contentUrl":"https:\/\/www.reachextra.com\/wp-content\/uploads\/2018\/12\/Reach-Alcance-LOGO-HDPI.jpg","width":750,"height":474,"caption":"Reach-Alcance"},"image":{"@id":"https:\/\/reachextra.com\/es\/#\/schema\/logo\/image\/"},"sameAs":["http:\/\/www.facebook.com\/reachextra","https:\/\/x.com\/reachextra","http:\/\/reach.extra","https:\/\/www.linkedin.com\/company\/reach-alcance\/"]},{"@type":"Person","@id":"https:\/\/reachextra.com\/es\/#\/schema\/person\/5bf8196030cf130091162668b52085df","name":"ReachExtra","image":{"@type":"ImageObject","inLanguage":"es","@id":"https:\/\/reachextra.com\/es\/#\/schema\/person\/image\/","url":"https:\/\/secure.gravatar.com\/avatar\/11e9f37f3773887633d17fdf580220857b1599038456e2f031ce0efd2f41a394?s=96&d=mm&r=g","contentUrl":"https:\/\/secure.gravatar.com\/avatar\/11e9f37f3773887633d17fdf580220857b1599038456e2f031ce0efd2f41a394?s=96&d=mm&r=g","caption":"ReachExtra"},"sameAs":["http:\/\/www.reachextra.com"]}]}},"jetpack_featured_media_url":"https:\/\/reachextra.com\/wp-content\/uploads\/2021\/06\/apymell-la-linea-lorenzo-perez-perianez-gibraltar-reachextra.jpg","wps_subtitle":"Soraya Fern\u00e1ndez | Photos: Fran Montes, ReachExtra","jetpack_sharing_enabled":true,"_links":{"self":[{"href":"https:\/\/reachextra.com\/es\/wp-json\/wp\/v2\/posts\/19416","targetHints":{"allow":["GET"]}}],"collection":[{"href":"https:\/\/reachextra.com\/es\/wp-json\/wp\/v2\/posts"}],"about":[{"href":"https:\/\/reachextra.com\/es\/wp-json\/wp\/v2\/types\/post"}],"author":[{"embeddable":true,"href":"https:\/\/reachextra.com\/es\/wp-json\/wp\/v2\/users\/1"}],"replies":[{"embeddable":true,"href":"https:\/\/reachextra.com\/es\/wp-json\/wp\/v2\/comments?post=19416"}],"version-history":[{"count":3,"href":"https:\/\/reachextra.com\/es\/wp-json\/wp\/v2\/posts\/19416\/revisions"}],"predecessor-version":[{"id":19419,"href":"https:\/\/reachextra.com\/es\/wp-json\/wp\/v2\/posts\/19416\/revisions\/19419"}],"wp:featuredmedia":[{"embeddable":true,"href":"https:\/\/reachextra.com\/es\/wp-json\/wp\/v2\/media\/19395"}],"wp:attachment":[{"href":"https:\/\/reachextra.com\/es\/wp-json\/wp\/v2\/media?parent=19416"}],"wp:term":[{"taxonomy":"category","embeddable":true,"href":"https:\/\/reachextra.com\/es\/wp-json\/wp\/v2\/categories?post=19416"},{"taxonomy":"post_tag","embeddable":true,"href":"https:\/\/reachextra.com\/es\/wp-json\/wp\/v2\/tags?post=19416"},{"taxonomy":"adace-sponsor","embeddable":true,"href":"https:\/\/reachextra.com\/es\/wp-json\/wp\/v2\/adace-sponsor?post=19416"}],"curies":[{"name":"wp","href":"https:\/\/api.w.org\/{rel}","templated":true}]}}