{"id":18871,"date":"2021-04-13T13:10:50","date_gmt":"2021-04-13T11:10:50","guid":{"rendered":"https:\/\/www.reachextra.com\/homenaje-algeciras-sanitarios\/"},"modified":"2021-04-13T13:17:10","modified_gmt":"2021-04-13T11:17:10","slug":"homenaje-algeciras-sanitarios","status":"publish","type":"post","link":"https:\/\/reachextra.com\/es\/homenaje-algeciras-sanitarios\/","title":{"rendered":"La Plaza Alta de Algeciras se convierte en una galer\u00eda de fotograf\u00eda al aire libre para homenajear a los sanitarios"},"content":{"rendered":"\n<p><strong>Dicen que una imagen vale m\u00e1s que mil palabras\u2026 Tal vez, por eso, el Ayuntamiento de Algeciras ha querido homenajear este a\u00f1o a los sanitarios que llevan desde marzo de 2020 luchando contra la Covid-19 con una exposici\u00f3n de fotograf\u00eda, que ha convertido durante estos d\u00edas la Plaza Alta en una especie de galer\u00eda al aire libre.<\/strong><\/p>\n\n\n\n<figure class=\"wp-block-image size-large\"><img loading=\"lazy\" decoding=\"async\" width=\"700\" height=\"467\" src=\"https:\/\/www.reachextra.com\/wp-content\/uploads\/2021\/04\/algeciras-exposicion-sanitarios-fran-montes-erasmo-fenoy-reachextra.jpg\" alt=\"Algeciras Plaza Alta Exhibition Photography Frontline Health Covid Fran Montes Erasmo Fenoy\" class=\"wp-image-18848\" srcset=\"https:\/\/reachextra.com\/wp-content\/uploads\/2021\/04\/algeciras-exposicion-sanitarios-fran-montes-erasmo-fenoy-reachextra.jpg 700w, https:\/\/reachextra.com\/wp-content\/uploads\/2021\/04\/algeciras-exposicion-sanitarios-fran-montes-erasmo-fenoy-reachextra-300x200.jpg 300w, https:\/\/reachextra.com\/wp-content\/uploads\/2021\/04\/algeciras-exposicion-sanitarios-fran-montes-erasmo-fenoy-reachextra-180x120.jpg 180w, https:\/\/reachextra.com\/wp-content\/uploads\/2021\/04\/algeciras-exposicion-sanitarios-fran-montes-erasmo-fenoy-reachextra-561x374.jpg 561w, https:\/\/reachextra.com\/wp-content\/uploads\/2021\/04\/algeciras-exposicion-sanitarios-fran-montes-erasmo-fenoy-reachextra-364x243.jpg 364w, https:\/\/reachextra.com\/wp-content\/uploads\/2021\/04\/algeciras-exposicion-sanitarios-fran-montes-erasmo-fenoy-reachextra-608x406.jpg 608w, https:\/\/reachextra.com\/wp-content\/uploads\/2021\/04\/algeciras-exposicion-sanitarios-fran-montes-erasmo-fenoy-reachextra-72x48.jpg 72w, https:\/\/reachextra.com\/wp-content\/uploads\/2021\/04\/algeciras-exposicion-sanitarios-fran-montes-erasmo-fenoy-reachextra-144x96.jpg 144w, https:\/\/reachextra.com\/wp-content\/uploads\/2021\/04\/algeciras-exposicion-sanitarios-fran-montes-erasmo-fenoy-reachextra-313x209.jpg 313w\" sizes=\"auto, (max-width: 700px) 100vw, 700px\" \/><\/figure>\n\n\n\n<p>La muestra, que incluye im\u00e1genes del <strong><span style=\"text-decoration: underline;\"><a href=\"https:\/\/www.reachextra.com\/reach-alcance-photographer-fran-montes-best-8-pics-of-2019\/\">fot\u00f3grafo de Reach, Fran Montes<\/a><\/span><\/strong>, y del tambi\u00e9n fot\u00f3grafo de prensa algecire\u00f1o Erasmo Fenoy, fue inaugurada el pasado 7 de abril, coincidiendo con la conmemoraci\u00f3n del D\u00eda Mundial de la Salud. <\/p>\n\n\n\n<figure class=\"wp-block-image size-large\"><img loading=\"lazy\" decoding=\"async\" width=\"700\" height=\"467\" src=\"https:\/\/www.reachextra.com\/wp-content\/uploads\/2021\/04\/algeciras-exposicion-sanitarios-fran-montes-erasmo-fenoy-reachextra-3.jpg\" alt=\"Algeciras Plaza Alta Exhibition Photography Frontline Health Covid Fran Montes Erasmo Fenoy\" class=\"wp-image-18852\" srcset=\"https:\/\/reachextra.com\/wp-content\/uploads\/2021\/04\/algeciras-exposicion-sanitarios-fran-montes-erasmo-fenoy-reachextra-3.jpg 700w, https:\/\/reachextra.com\/wp-content\/uploads\/2021\/04\/algeciras-exposicion-sanitarios-fran-montes-erasmo-fenoy-reachextra-3-300x200.jpg 300w, https:\/\/reachextra.com\/wp-content\/uploads\/2021\/04\/algeciras-exposicion-sanitarios-fran-montes-erasmo-fenoy-reachextra-3-180x120.jpg 180w, https:\/\/reachextra.com\/wp-content\/uploads\/2021\/04\/algeciras-exposicion-sanitarios-fran-montes-erasmo-fenoy-reachextra-3-561x374.jpg 561w, https:\/\/reachextra.com\/wp-content\/uploads\/2021\/04\/algeciras-exposicion-sanitarios-fran-montes-erasmo-fenoy-reachextra-3-364x243.jpg 364w, https:\/\/reachextra.com\/wp-content\/uploads\/2021\/04\/algeciras-exposicion-sanitarios-fran-montes-erasmo-fenoy-reachextra-3-608x406.jpg 608w, https:\/\/reachextra.com\/wp-content\/uploads\/2021\/04\/algeciras-exposicion-sanitarios-fran-montes-erasmo-fenoy-reachextra-3-72x48.jpg 72w, https:\/\/reachextra.com\/wp-content\/uploads\/2021\/04\/algeciras-exposicion-sanitarios-fran-montes-erasmo-fenoy-reachextra-3-144x96.jpg 144w, https:\/\/reachextra.com\/wp-content\/uploads\/2021\/04\/algeciras-exposicion-sanitarios-fran-montes-erasmo-fenoy-reachextra-3-313x209.jpg 313w\" sizes=\"auto, (max-width: 700px) 100vw, 700px\" \/><\/figure>\n\n\n\n<p>El acto, que cont\u00f3 con la asistencia del alcalde, Jos\u00e9 Ignacio Landaluce, la subdelegada del Gobierno de la Junta, Eva Pajares, y otras autoridades locales, comenz\u00f3 con un minuto de silencio y un aplauso simb\u00f3lico, en recuerdo de todas las personas que han perdido la vida a causa de esta pandemia.<\/p>\n\n\n\n<p>La muestra, repartida en varios paneles ubicados en la plaza m\u00e1s se\u00f1era del centro de Algeciras, junto a la Iglesia de la Palma, puede ser visitada hasta el 7 de mayo. <\/p>\n\n\n\n<figure class=\"wp-block-image size-large\"><img loading=\"lazy\" decoding=\"async\" width=\"700\" height=\"467\" src=\"https:\/\/www.reachextra.com\/wp-content\/uploads\/2021\/04\/algeciras-exposicion-sanitarios-fran-montes-erasmo-fenoy-reachextra-6.jpg\" alt=\"Algeciras Plaza Alta Exhibition Photography Frontline Health Covid Fran Montes Erasmo Fenoy\" class=\"wp-image-18858\" srcset=\"https:\/\/reachextra.com\/wp-content\/uploads\/2021\/04\/algeciras-exposicion-sanitarios-fran-montes-erasmo-fenoy-reachextra-6.jpg 700w, https:\/\/reachextra.com\/wp-content\/uploads\/2021\/04\/algeciras-exposicion-sanitarios-fran-montes-erasmo-fenoy-reachextra-6-300x200.jpg 300w, https:\/\/reachextra.com\/wp-content\/uploads\/2021\/04\/algeciras-exposicion-sanitarios-fran-montes-erasmo-fenoy-reachextra-6-180x120.jpg 180w, https:\/\/reachextra.com\/wp-content\/uploads\/2021\/04\/algeciras-exposicion-sanitarios-fran-montes-erasmo-fenoy-reachextra-6-561x374.jpg 561w, https:\/\/reachextra.com\/wp-content\/uploads\/2021\/04\/algeciras-exposicion-sanitarios-fran-montes-erasmo-fenoy-reachextra-6-364x243.jpg 364w, https:\/\/reachextra.com\/wp-content\/uploads\/2021\/04\/algeciras-exposicion-sanitarios-fran-montes-erasmo-fenoy-reachextra-6-608x406.jpg 608w, https:\/\/reachextra.com\/wp-content\/uploads\/2021\/04\/algeciras-exposicion-sanitarios-fran-montes-erasmo-fenoy-reachextra-6-72x48.jpg 72w, https:\/\/reachextra.com\/wp-content\/uploads\/2021\/04\/algeciras-exposicion-sanitarios-fran-montes-erasmo-fenoy-reachextra-6-144x96.jpg 144w, https:\/\/reachextra.com\/wp-content\/uploads\/2021\/04\/algeciras-exposicion-sanitarios-fran-montes-erasmo-fenoy-reachextra-6-313x209.jpg 313w\" sizes=\"auto, (max-width: 700px) 100vw, 700px\" \/><\/figure>\n\n\n\n<p>Adem\u00e1s, el Consistorio mantiene abierta una campa\u00f1a en redes sociales en la que, bajo el hashtag #AlgecirasconsusSanitarios, se anima a los ciudadanos que lo deseen a expresar y compartir mensajes de apoyo a todos los profesionales que, desde el \u00e1mbito sanitario, han luchado, y siguen luchando, contra esta enfermedad.<\/p>\n\n\n\n<p>En lo que respecta a la exposici\u00f3n, en las im\u00e1genes aparecen representados algunos de los momentos m\u00e1s duros de la pandemia (el trabajo en las UCI, en las ambulancias, el agotamiento despu\u00e9s de horas y horas al pie del ca\u00f1\u00f3n, el necesario uso continuos de los EPIs\u2026), pero tambi\u00e9n la satisfacci\u00f3n del deber cumplido, la alegr\u00eda con cada vida salvada&#8230; y la esperanza.<\/p>\n\n\n\n<h2 class=\"wp-block-heading\" id=\"h-todav-a-se-respira-tensi-n-en-los-hospitales\">\u201cTodav\u00eda se respira tensi\u00f3n en los hospitales\u201d<\/h2>\n\n\n\n<figure class=\"wp-block-image size-large\"><img loading=\"lazy\" decoding=\"async\" width=\"700\" height=\"467\" src=\"https:\/\/www.reachextra.com\/wp-content\/uploads\/2021\/04\/francisco-montes-reachextra.jpg\" alt=\"Fran Montes Photographer Algeciras\" class=\"wp-image-18862\" srcset=\"https:\/\/reachextra.com\/wp-content\/uploads\/2021\/04\/francisco-montes-reachextra.jpg 700w, https:\/\/reachextra.com\/wp-content\/uploads\/2021\/04\/francisco-montes-reachextra-300x200.jpg 300w, https:\/\/reachextra.com\/wp-content\/uploads\/2021\/04\/francisco-montes-reachextra-180x120.jpg 180w, https:\/\/reachextra.com\/wp-content\/uploads\/2021\/04\/francisco-montes-reachextra-561x374.jpg 561w, https:\/\/reachextra.com\/wp-content\/uploads\/2021\/04\/francisco-montes-reachextra-364x243.jpg 364w, https:\/\/reachextra.com\/wp-content\/uploads\/2021\/04\/francisco-montes-reachextra-608x406.jpg 608w, https:\/\/reachextra.com\/wp-content\/uploads\/2021\/04\/francisco-montes-reachextra-72x48.jpg 72w, https:\/\/reachextra.com\/wp-content\/uploads\/2021\/04\/francisco-montes-reachextra-144x96.jpg 144w, https:\/\/reachextra.com\/wp-content\/uploads\/2021\/04\/francisco-montes-reachextra-313x209.jpg 313w\" sizes=\"auto, (max-width: 700px) 100vw, 700px\" \/><\/figure>\n\n\n\n<p>\u201cA pesar de que la situaci\u00f3n sanitaria ha mejorado mucho, al menos en la comarca, la verdad es que todav\u00eda se respira tensi\u00f3n en los hospitales, los sanitarios no paran, y sobrecoge verlos trabajar sin descanso, y con las emociones a\u00fan a flor de piel\u201d, comenta Fran Montes, para quien, sin duda, \u201cha sido una experiencia bonita verlos trabajar, a pesar de lo duro que todo esto ha sido, y sigue siendo, para ellos\u201d.<\/p>\n\n\n\n<p>Junto a las fotos de Fenoy, que muestran tambi\u00e9n aquellos aplausos en los balcones, que tanto agradecieron en su d\u00eda quienes estaban en \u201cprimera l\u00ednea\u201d de batalla contra el coronavirus, las de Montes nos recuerdan que la pandemia sigue aqu\u00ed, entre nosotros, aunque haya perdido virulencia, y que en los hospitales a\u00fan queda tarea por delante. <\/p>\n\n\n\n<figure class=\"wp-block-image size-large\"><img loading=\"lazy\" decoding=\"async\" width=\"700\" height=\"467\" src=\"https:\/\/www.reachextra.com\/wp-content\/uploads\/2021\/04\/algeciras-exposicion-sanitarios-fran-montes-erasmo-fenoy-reachextra-2.jpg\" alt=\"Algeciras Plaza Alta Exhibition Photography Frontline Health Covid Fran Montes Erasmo Fenoy\" class=\"wp-image-18850\" srcset=\"https:\/\/reachextra.com\/wp-content\/uploads\/2021\/04\/algeciras-exposicion-sanitarios-fran-montes-erasmo-fenoy-reachextra-2.jpg 700w, https:\/\/reachextra.com\/wp-content\/uploads\/2021\/04\/algeciras-exposicion-sanitarios-fran-montes-erasmo-fenoy-reachextra-2-300x200.jpg 300w, https:\/\/reachextra.com\/wp-content\/uploads\/2021\/04\/algeciras-exposicion-sanitarios-fran-montes-erasmo-fenoy-reachextra-2-180x120.jpg 180w, https:\/\/reachextra.com\/wp-content\/uploads\/2021\/04\/algeciras-exposicion-sanitarios-fran-montes-erasmo-fenoy-reachextra-2-561x374.jpg 561w, https:\/\/reachextra.com\/wp-content\/uploads\/2021\/04\/algeciras-exposicion-sanitarios-fran-montes-erasmo-fenoy-reachextra-2-364x243.jpg 364w, https:\/\/reachextra.com\/wp-content\/uploads\/2021\/04\/algeciras-exposicion-sanitarios-fran-montes-erasmo-fenoy-reachextra-2-608x406.jpg 608w, https:\/\/reachextra.com\/wp-content\/uploads\/2021\/04\/algeciras-exposicion-sanitarios-fran-montes-erasmo-fenoy-reachextra-2-72x48.jpg 72w, https:\/\/reachextra.com\/wp-content\/uploads\/2021\/04\/algeciras-exposicion-sanitarios-fran-montes-erasmo-fenoy-reachextra-2-144x96.jpg 144w, https:\/\/reachextra.com\/wp-content\/uploads\/2021\/04\/algeciras-exposicion-sanitarios-fran-montes-erasmo-fenoy-reachextra-2-313x209.jpg 313w\" sizes=\"auto, (max-width: 700px) 100vw, 700px\" \/><\/figure>\n\n\n\n<p>Una de las im\u00e1genes de nuestro compa\u00f1ero,en la que se ve a un m\u00e9dico caminando, cabizbajo, por un largo pasillo del hospital Punta de Europa, al que coloquialmente llaman la \u201cT-4\u201d (como la terminal nueva del aeropuerto de  Barajas), simboliza, en cierto modo, que el camino est\u00e1 siendo largo, y que todav\u00eda queda recorrido por delante.<\/p>\n\n\n\n<figure class=\"wp-block-image size-large\"><img loading=\"lazy\" decoding=\"async\" width=\"700\" height=\"467\" src=\"https:\/\/www.reachextra.com\/wp-content\/uploads\/2021\/04\/algeciras-exposicion-sanitarios-fran-montes-erasmo-fenoy-reachextra-4.jpg\" alt=\"Algeciras Plaza Alta Exhibition Photography Frontline Health Covid Fran Montes Erasmo Fenoy\" class=\"wp-image-18854\" srcset=\"https:\/\/reachextra.com\/wp-content\/uploads\/2021\/04\/algeciras-exposicion-sanitarios-fran-montes-erasmo-fenoy-reachextra-4.jpg 700w, https:\/\/reachextra.com\/wp-content\/uploads\/2021\/04\/algeciras-exposicion-sanitarios-fran-montes-erasmo-fenoy-reachextra-4-300x200.jpg 300w, https:\/\/reachextra.com\/wp-content\/uploads\/2021\/04\/algeciras-exposicion-sanitarios-fran-montes-erasmo-fenoy-reachextra-4-180x120.jpg 180w, https:\/\/reachextra.com\/wp-content\/uploads\/2021\/04\/algeciras-exposicion-sanitarios-fran-montes-erasmo-fenoy-reachextra-4-561x374.jpg 561w, https:\/\/reachextra.com\/wp-content\/uploads\/2021\/04\/algeciras-exposicion-sanitarios-fran-montes-erasmo-fenoy-reachextra-4-364x243.jpg 364w, https:\/\/reachextra.com\/wp-content\/uploads\/2021\/04\/algeciras-exposicion-sanitarios-fran-montes-erasmo-fenoy-reachextra-4-608x406.jpg 608w, https:\/\/reachextra.com\/wp-content\/uploads\/2021\/04\/algeciras-exposicion-sanitarios-fran-montes-erasmo-fenoy-reachextra-4-72x48.jpg 72w, https:\/\/reachextra.com\/wp-content\/uploads\/2021\/04\/algeciras-exposicion-sanitarios-fran-montes-erasmo-fenoy-reachextra-4-144x96.jpg 144w, https:\/\/reachextra.com\/wp-content\/uploads\/2021\/04\/algeciras-exposicion-sanitarios-fran-montes-erasmo-fenoy-reachextra-4-313x209.jpg 313w\" sizes=\"auto, (max-width: 700px) 100vw, 700px\" \/><\/figure>\n\n\n\n<p>Adem\u00e1s de las fotograf\u00edas, los paneles recogen breves textos en los que pueden leerse emotivos mensajes de reconocimiento y agradecimiento hacia los m\u00e9dicos, enfermeras, auxiliares y dem\u00e1s personal sanitario, por su impagable labor. <\/p>\n\n\n\n<p>\u201cGracias por acompa\u00f1ar a nuestros familiares y darles la mano cuando nosotros no pudimos hacerlo\u201d, reza uno de esos mensajes. <\/p>\n\n\n\n<figure class=\"wp-block-image size-large\"><img loading=\"lazy\" decoding=\"async\" width=\"700\" height=\"467\" src=\"https:\/\/www.reachextra.com\/wp-content\/uploads\/2021\/04\/algeciras-exposicion-sanitarios-fran-montes-erasmo-fenoy-reachextra-5.jpg\" alt=\"Algeciras Plaza Alta Exhibition Photography Frontline Health Covid Fran Montes Erasmo Fenoy\" class=\"wp-image-18856\" srcset=\"https:\/\/reachextra.com\/wp-content\/uploads\/2021\/04\/algeciras-exposicion-sanitarios-fran-montes-erasmo-fenoy-reachextra-5.jpg 700w, https:\/\/reachextra.com\/wp-content\/uploads\/2021\/04\/algeciras-exposicion-sanitarios-fran-montes-erasmo-fenoy-reachextra-5-300x200.jpg 300w, https:\/\/reachextra.com\/wp-content\/uploads\/2021\/04\/algeciras-exposicion-sanitarios-fran-montes-erasmo-fenoy-reachextra-5-180x120.jpg 180w, https:\/\/reachextra.com\/wp-content\/uploads\/2021\/04\/algeciras-exposicion-sanitarios-fran-montes-erasmo-fenoy-reachextra-5-561x374.jpg 561w, https:\/\/reachextra.com\/wp-content\/uploads\/2021\/04\/algeciras-exposicion-sanitarios-fran-montes-erasmo-fenoy-reachextra-5-364x243.jpg 364w, https:\/\/reachextra.com\/wp-content\/uploads\/2021\/04\/algeciras-exposicion-sanitarios-fran-montes-erasmo-fenoy-reachextra-5-608x406.jpg 608w, https:\/\/reachextra.com\/wp-content\/uploads\/2021\/04\/algeciras-exposicion-sanitarios-fran-montes-erasmo-fenoy-reachextra-5-72x48.jpg 72w, https:\/\/reachextra.com\/wp-content\/uploads\/2021\/04\/algeciras-exposicion-sanitarios-fran-montes-erasmo-fenoy-reachextra-5-144x96.jpg 144w, https:\/\/reachextra.com\/wp-content\/uploads\/2021\/04\/algeciras-exposicion-sanitarios-fran-montes-erasmo-fenoy-reachextra-5-313x209.jpg 313w\" sizes=\"auto, (max-width: 700px) 100vw, 700px\" \/><\/figure>\n\n\n\n<p>\u201cVuestras batas son las alas de \u00e1ngeles que Dios ha enviado a este mundo para salvar vidas\u201d, se puede leer en otro.<\/p>\n\n\n\n<p>Las fotos de Montes y Fenoy muestran que, \u201ca pesar del cansancio\u201d, los sanitarios a\u00fan tienen fuerzas para \u201ctomar de la mano a sus pacientes\u201d, recordando que han demostrado, y siguen demostrando, \u201cuna profesionalidad y una humanidad excepcionales\u201d, y que \u201chay que ser muy valiente para luchar contra un enemigo que no se ve\u201d.<\/p>\n","protected":false},"excerpt":{"rendered":"<p>El Ayuntamiento de Algeciras ha querido homenajear este a\u00f1o a los sanitarios.. incluye im\u00e1genes del fot\u00f3grafo de Reach Fran Montes y Erasmo Fenoy.. <a class=\"g1-link g1-link-more\" href=\"https:\/\/reachextra.com\/es\/homenaje-algeciras-sanitarios\/\">More<\/a><\/p>\n","protected":false},"author":1,"featured_media":18860,"comment_status":"closed","ping_status":"closed","sticky":false,"template":"","format":"standard","meta":{"_jetpack_memberships_contains_paid_content":false,"footnotes":""},"categories":[1309,225],"tags":[270,451,11129,11131,956,957,832],"adace-sponsor":[],"class_list":{"0":"post-18871","1":"post","2":"type-post","3":"status-publish","4":"format-standard","5":"has-post-thumbnail","7":"category-arte","8":"category-tendencias","9":"tag-algeciras-es","10":"tag-arte","11":"tag-coronavirus-es","12":"tag-covid19-es","13":"tag-exhibicion","14":"tag-fotografia","15":"tag-fran-montes-es"},"yoast_head":"<!-- This site is optimized with the Yoast SEO Premium plugin v19.5 (Yoast SEO v26.7) - https:\/\/yoast.com\/wordpress\/plugins\/seo\/ -->\n<title>La Plaza Alta de Algeciras se convierte en una galer\u00eda de fotograf\u00eda al aire libre para homenajear a los sanitarios<\/title>\n<meta name=\"description\" content=\"El Ayuntamiento de Algeciras ha querido homenajear este a\u00f1o a los sanitarios.. incluye im\u00e1genes del fot\u00f3grafo de Reach Fran Montes y Erasmo Fenoy..\" \/>\n<meta name=\"robots\" content=\"index, follow, max-snippet:-1, max-image-preview:large, max-video-preview:-1\" \/>\n<link rel=\"canonical\" href=\"https:\/\/reachextra.com\/es\/homenaje-algeciras-sanitarios\/\" \/>\n<meta property=\"og:locale\" content=\"es_ES\" \/>\n<meta property=\"og:type\" content=\"article\" \/>\n<meta property=\"og:title\" content=\"La Plaza Alta de Algeciras se convierte en una galer\u00eda de fotograf\u00eda al aire libre para homenajear a los sanitarios\" \/>\n<meta property=\"og:description\" content=\"El Ayuntamiento de Algeciras ha querido homenajear este a\u00f1o a los sanitarios.. incluye im\u00e1genes del fot\u00f3grafo de Reach Fran Montes y Erasmo Fenoy..\" \/>\n<meta property=\"og:url\" content=\"https:\/\/reachextra.com\/es\/homenaje-algeciras-sanitarios\/\" \/>\n<meta property=\"og:site_name\" content=\"ReachExtra\" \/>\n<meta property=\"article:publisher\" content=\"http:\/\/www.facebook.com\/reachextra\" \/>\n<meta property=\"article:published_time\" content=\"2021-04-13T11:10:50+00:00\" \/>\n<meta property=\"article:modified_time\" content=\"2021-04-13T11:17:10+00:00\" \/>\n<meta property=\"og:image\" content=\"https:\/\/reachextra.com\/wp-content\/uploads\/2021\/04\/algeciras-exposicion-sanitarios-fran-montes-erasmo-fenoy-reachextra-7.jpg\" \/>\n\t<meta property=\"og:image:width\" content=\"1220\" \/>\n\t<meta property=\"og:image:height\" content=\"664\" \/>\n\t<meta property=\"og:image:type\" content=\"image\/jpeg\" \/>\n<meta name=\"author\" content=\"ReachExtra\" \/>\n<meta name=\"twitter:card\" content=\"summary_large_image\" \/>\n<meta name=\"twitter:creator\" content=\"@reachextra\" \/>\n<meta name=\"twitter:site\" content=\"@reachextra\" \/>\n<meta name=\"twitter:label1\" content=\"Escrito por\" \/>\n\t<meta name=\"twitter:data1\" content=\"ReachExtra\" \/>\n\t<meta name=\"twitter:label2\" content=\"Tiempo de lectura\" \/>\n\t<meta name=\"twitter:data2\" content=\"5 minutos\" \/>\n<script type=\"application\/ld+json\" class=\"yoast-schema-graph\">{\"@context\":\"https:\/\/schema.org\",\"@graph\":[{\"@type\":\"Article\",\"@id\":\"https:\/\/reachextra.com\/es\/homenaje-algeciras-sanitarios\/#article\",\"isPartOf\":{\"@id\":\"https:\/\/reachextra.com\/es\/homenaje-algeciras-sanitarios\/\"},\"author\":{\"name\":\"ReachExtra\",\"@id\":\"https:\/\/reachextra.com\/es\/#\/schema\/person\/5bf8196030cf130091162668b52085df\"},\"headline\":\"La Plaza Alta de Algeciras se convierte en una galer\u00eda de fotograf\u00eda al aire libre para homenajear a los sanitarios\",\"datePublished\":\"2021-04-13T11:10:50+00:00\",\"dateModified\":\"2021-04-13T11:17:10+00:00\",\"mainEntityOfPage\":{\"@id\":\"https:\/\/reachextra.com\/es\/homenaje-algeciras-sanitarios\/\"},\"wordCount\":676,\"publisher\":{\"@id\":\"https:\/\/reachextra.com\/es\/#organization\"},\"image\":{\"@id\":\"https:\/\/reachextra.com\/es\/homenaje-algeciras-sanitarios\/#primaryimage\"},\"thumbnailUrl\":\"https:\/\/reachextra.com\/wp-content\/uploads\/2021\/04\/algeciras-exposicion-sanitarios-fran-montes-erasmo-fenoy-reachextra-7.jpg\",\"keywords\":[\"algeciras\",\"arte\",\"Coronavirus\",\"covid19\",\"exhibici\u00f3n\",\"fotograf\u00eda\",\"Fran Montes\"],\"articleSection\":[\"Arte\",\"Tendencias\"],\"inLanguage\":\"es\"},{\"@type\":\"WebPage\",\"@id\":\"https:\/\/reachextra.com\/es\/homenaje-algeciras-sanitarios\/\",\"url\":\"https:\/\/reachextra.com\/es\/homenaje-algeciras-sanitarios\/\",\"name\":\"La Plaza Alta de Algeciras se convierte en una galer\u00eda de fotograf\u00eda al aire libre para homenajear a los sanitarios\",\"isPartOf\":{\"@id\":\"https:\/\/reachextra.com\/es\/#website\"},\"primaryImageOfPage\":{\"@id\":\"https:\/\/reachextra.com\/es\/homenaje-algeciras-sanitarios\/#primaryimage\"},\"image\":{\"@id\":\"https:\/\/reachextra.com\/es\/homenaje-algeciras-sanitarios\/#primaryimage\"},\"thumbnailUrl\":\"https:\/\/reachextra.com\/wp-content\/uploads\/2021\/04\/algeciras-exposicion-sanitarios-fran-montes-erasmo-fenoy-reachextra-7.jpg\",\"datePublished\":\"2021-04-13T11:10:50+00:00\",\"dateModified\":\"2021-04-13T11:17:10+00:00\",\"description\":\"El Ayuntamiento de Algeciras ha querido homenajear este a\u00f1o a los sanitarios.. incluye im\u00e1genes del fot\u00f3grafo de Reach Fran Montes y Erasmo Fenoy..\",\"breadcrumb\":{\"@id\":\"https:\/\/reachextra.com\/es\/homenaje-algeciras-sanitarios\/#breadcrumb\"},\"inLanguage\":\"es\",\"potentialAction\":[{\"@type\":\"ReadAction\",\"target\":[\"https:\/\/reachextra.com\/es\/homenaje-algeciras-sanitarios\/\"]}]},{\"@type\":\"ImageObject\",\"inLanguage\":\"es\",\"@id\":\"https:\/\/reachextra.com\/es\/homenaje-algeciras-sanitarios\/#primaryimage\",\"url\":\"https:\/\/reachextra.com\/wp-content\/uploads\/2021\/04\/algeciras-exposicion-sanitarios-fran-montes-erasmo-fenoy-reachextra-7.jpg\",\"contentUrl\":\"https:\/\/reachextra.com\/wp-content\/uploads\/2021\/04\/algeciras-exposicion-sanitarios-fran-montes-erasmo-fenoy-reachextra-7.jpg\",\"width\":1220,\"height\":664,\"caption\":\"Algeciras Plaza Alta Exposicion Fotografia Sanitarios Covid Fran Montes Erasmo Fenoy\"},{\"@type\":\"BreadcrumbList\",\"@id\":\"https:\/\/reachextra.com\/es\/homenaje-algeciras-sanitarios\/#breadcrumb\",\"itemListElement\":[{\"@type\":\"ListItem\",\"position\":1,\"name\":\"Home\",\"item\":\"https:\/\/reachextra.com\/es\/\"},{\"@type\":\"ListItem\",\"position\":2,\"name\":\"Arte\",\"item\":\"https:\/\/reachextra.com\/es\/category\/arte\/\"},{\"@type\":\"ListItem\",\"position\":3,\"name\":\"La Plaza Alta de Algeciras se convierte en una galer\u00eda de fotograf\u00eda al aire libre para homenajear a los sanitarios\"}]},{\"@type\":\"WebSite\",\"@id\":\"https:\/\/reachextra.com\/es\/#website\",\"url\":\"https:\/\/reachextra.com\/es\/\",\"name\":\"ReachExtra\",\"description\":\" Reach-Alcance en Espa\u00f1ol | Gibraltar | Campo de Gibraltar\",\"publisher\":{\"@id\":\"https:\/\/reachextra.com\/es\/#organization\"},\"potentialAction\":[{\"@type\":\"SearchAction\",\"target\":{\"@type\":\"EntryPoint\",\"urlTemplate\":\"https:\/\/reachextra.com\/es\/?s={search_term_string}\"},\"query-input\":{\"@type\":\"PropertyValueSpecification\",\"valueRequired\":true,\"valueName\":\"search_term_string\"}}],\"inLanguage\":\"es\"},{\"@type\":\"Organization\",\"@id\":\"https:\/\/reachextra.com\/es\/#organization\",\"name\":\"Reach-Alcance\",\"url\":\"https:\/\/reachextra.com\/es\/\",\"logo\":{\"@type\":\"ImageObject\",\"inLanguage\":\"es\",\"@id\":\"https:\/\/reachextra.com\/es\/#\/schema\/logo\/image\/\",\"url\":\"https:\/\/www.reachextra.com\/wp-content\/uploads\/2018\/12\/Reach-Alcance-LOGO-HDPI.jpg\",\"contentUrl\":\"https:\/\/www.reachextra.com\/wp-content\/uploads\/2018\/12\/Reach-Alcance-LOGO-HDPI.jpg\",\"width\":750,\"height\":474,\"caption\":\"Reach-Alcance\"},\"image\":{\"@id\":\"https:\/\/reachextra.com\/es\/#\/schema\/logo\/image\/\"},\"sameAs\":[\"http:\/\/www.facebook.com\/reachextra\",\"https:\/\/x.com\/reachextra\",\"http:\/\/reach.extra\",\"https:\/\/www.linkedin.com\/company\/reach-alcance\/\"]},{\"@type\":\"Person\",\"@id\":\"https:\/\/reachextra.com\/es\/#\/schema\/person\/5bf8196030cf130091162668b52085df\",\"name\":\"ReachExtra\",\"image\":{\"@type\":\"ImageObject\",\"inLanguage\":\"es\",\"@id\":\"https:\/\/reachextra.com\/es\/#\/schema\/person\/image\/\",\"url\":\"https:\/\/secure.gravatar.com\/avatar\/11e9f37f3773887633d17fdf580220857b1599038456e2f031ce0efd2f41a394?s=96&d=mm&r=g\",\"contentUrl\":\"https:\/\/secure.gravatar.com\/avatar\/11e9f37f3773887633d17fdf580220857b1599038456e2f031ce0efd2f41a394?s=96&d=mm&r=g\",\"caption\":\"ReachExtra\"},\"sameAs\":[\"http:\/\/www.reachextra.com\"]}]}<\/script>\n<!-- \/ Yoast SEO Premium plugin. -->","yoast_head_json":{"title":"La Plaza Alta de Algeciras se convierte en una galer\u00eda de fotograf\u00eda al aire libre para homenajear a los sanitarios","description":"El Ayuntamiento de Algeciras ha querido homenajear este a\u00f1o a los sanitarios.. incluye im\u00e1genes del fot\u00f3grafo de Reach Fran Montes y Erasmo Fenoy..","robots":{"index":"index","follow":"follow","max-snippet":"max-snippet:-1","max-image-preview":"max-image-preview:large","max-video-preview":"max-video-preview:-1"},"canonical":"https:\/\/reachextra.com\/es\/homenaje-algeciras-sanitarios\/","og_locale":"es_ES","og_type":"article","og_title":"La Plaza Alta de Algeciras se convierte en una galer\u00eda de fotograf\u00eda al aire libre para homenajear a los sanitarios","og_description":"El Ayuntamiento de Algeciras ha querido homenajear este a\u00f1o a los sanitarios.. incluye im\u00e1genes del fot\u00f3grafo de Reach Fran Montes y Erasmo Fenoy..","og_url":"https:\/\/reachextra.com\/es\/homenaje-algeciras-sanitarios\/","og_site_name":"ReachExtra","article_publisher":"http:\/\/www.facebook.com\/reachextra","article_published_time":"2021-04-13T11:10:50+00:00","article_modified_time":"2021-04-13T11:17:10+00:00","og_image":[{"width":1220,"height":664,"url":"https:\/\/reachextra.com\/wp-content\/uploads\/2021\/04\/algeciras-exposicion-sanitarios-fran-montes-erasmo-fenoy-reachextra-7.jpg","type":"image\/jpeg"}],"author":"ReachExtra","twitter_card":"summary_large_image","twitter_creator":"@reachextra","twitter_site":"@reachextra","twitter_misc":{"Escrito por":"ReachExtra","Tiempo de lectura":"5 minutos"},"schema":{"@context":"https:\/\/schema.org","@graph":[{"@type":"Article","@id":"https:\/\/reachextra.com\/es\/homenaje-algeciras-sanitarios\/#article","isPartOf":{"@id":"https:\/\/reachextra.com\/es\/homenaje-algeciras-sanitarios\/"},"author":{"name":"ReachExtra","@id":"https:\/\/reachextra.com\/es\/#\/schema\/person\/5bf8196030cf130091162668b52085df"},"headline":"La Plaza Alta de Algeciras se convierte en una galer\u00eda de fotograf\u00eda al aire libre para homenajear a los sanitarios","datePublished":"2021-04-13T11:10:50+00:00","dateModified":"2021-04-13T11:17:10+00:00","mainEntityOfPage":{"@id":"https:\/\/reachextra.com\/es\/homenaje-algeciras-sanitarios\/"},"wordCount":676,"publisher":{"@id":"https:\/\/reachextra.com\/es\/#organization"},"image":{"@id":"https:\/\/reachextra.com\/es\/homenaje-algeciras-sanitarios\/#primaryimage"},"thumbnailUrl":"https:\/\/reachextra.com\/wp-content\/uploads\/2021\/04\/algeciras-exposicion-sanitarios-fran-montes-erasmo-fenoy-reachextra-7.jpg","keywords":["algeciras","arte","Coronavirus","covid19","exhibici\u00f3n","fotograf\u00eda","Fran Montes"],"articleSection":["Arte","Tendencias"],"inLanguage":"es"},{"@type":"WebPage","@id":"https:\/\/reachextra.com\/es\/homenaje-algeciras-sanitarios\/","url":"https:\/\/reachextra.com\/es\/homenaje-algeciras-sanitarios\/","name":"La Plaza Alta de Algeciras se convierte en una galer\u00eda de fotograf\u00eda al aire libre para homenajear a los sanitarios","isPartOf":{"@id":"https:\/\/reachextra.com\/es\/#website"},"primaryImageOfPage":{"@id":"https:\/\/reachextra.com\/es\/homenaje-algeciras-sanitarios\/#primaryimage"},"image":{"@id":"https:\/\/reachextra.com\/es\/homenaje-algeciras-sanitarios\/#primaryimage"},"thumbnailUrl":"https:\/\/reachextra.com\/wp-content\/uploads\/2021\/04\/algeciras-exposicion-sanitarios-fran-montes-erasmo-fenoy-reachextra-7.jpg","datePublished":"2021-04-13T11:10:50+00:00","dateModified":"2021-04-13T11:17:10+00:00","description":"El Ayuntamiento de Algeciras ha querido homenajear este a\u00f1o a los sanitarios.. incluye im\u00e1genes del fot\u00f3grafo de Reach Fran Montes y Erasmo Fenoy..","breadcrumb":{"@id":"https:\/\/reachextra.com\/es\/homenaje-algeciras-sanitarios\/#breadcrumb"},"inLanguage":"es","potentialAction":[{"@type":"ReadAction","target":["https:\/\/reachextra.com\/es\/homenaje-algeciras-sanitarios\/"]}]},{"@type":"ImageObject","inLanguage":"es","@id":"https:\/\/reachextra.com\/es\/homenaje-algeciras-sanitarios\/#primaryimage","url":"https:\/\/reachextra.com\/wp-content\/uploads\/2021\/04\/algeciras-exposicion-sanitarios-fran-montes-erasmo-fenoy-reachextra-7.jpg","contentUrl":"https:\/\/reachextra.com\/wp-content\/uploads\/2021\/04\/algeciras-exposicion-sanitarios-fran-montes-erasmo-fenoy-reachextra-7.jpg","width":1220,"height":664,"caption":"Algeciras Plaza Alta Exposicion Fotografia Sanitarios Covid Fran Montes Erasmo Fenoy"},{"@type":"BreadcrumbList","@id":"https:\/\/reachextra.com\/es\/homenaje-algeciras-sanitarios\/#breadcrumb","itemListElement":[{"@type":"ListItem","position":1,"name":"Home","item":"https:\/\/reachextra.com\/es\/"},{"@type":"ListItem","position":2,"name":"Arte","item":"https:\/\/reachextra.com\/es\/category\/arte\/"},{"@type":"ListItem","position":3,"name":"La Plaza Alta de Algeciras se convierte en una galer\u00eda de fotograf\u00eda al aire libre para homenajear a los sanitarios"}]},{"@type":"WebSite","@id":"https:\/\/reachextra.com\/es\/#website","url":"https:\/\/reachextra.com\/es\/","name":"ReachExtra","description":" Reach-Alcance en Espa\u00f1ol | Gibraltar | Campo de Gibraltar","publisher":{"@id":"https:\/\/reachextra.com\/es\/#organization"},"potentialAction":[{"@type":"SearchAction","target":{"@type":"EntryPoint","urlTemplate":"https:\/\/reachextra.com\/es\/?s={search_term_string}"},"query-input":{"@type":"PropertyValueSpecification","valueRequired":true,"valueName":"search_term_string"}}],"inLanguage":"es"},{"@type":"Organization","@id":"https:\/\/reachextra.com\/es\/#organization","name":"Reach-Alcance","url":"https:\/\/reachextra.com\/es\/","logo":{"@type":"ImageObject","inLanguage":"es","@id":"https:\/\/reachextra.com\/es\/#\/schema\/logo\/image\/","url":"https:\/\/www.reachextra.com\/wp-content\/uploads\/2018\/12\/Reach-Alcance-LOGO-HDPI.jpg","contentUrl":"https:\/\/www.reachextra.com\/wp-content\/uploads\/2018\/12\/Reach-Alcance-LOGO-HDPI.jpg","width":750,"height":474,"caption":"Reach-Alcance"},"image":{"@id":"https:\/\/reachextra.com\/es\/#\/schema\/logo\/image\/"},"sameAs":["http:\/\/www.facebook.com\/reachextra","https:\/\/x.com\/reachextra","http:\/\/reach.extra","https:\/\/www.linkedin.com\/company\/reach-alcance\/"]},{"@type":"Person","@id":"https:\/\/reachextra.com\/es\/#\/schema\/person\/5bf8196030cf130091162668b52085df","name":"ReachExtra","image":{"@type":"ImageObject","inLanguage":"es","@id":"https:\/\/reachextra.com\/es\/#\/schema\/person\/image\/","url":"https:\/\/secure.gravatar.com\/avatar\/11e9f37f3773887633d17fdf580220857b1599038456e2f031ce0efd2f41a394?s=96&d=mm&r=g","contentUrl":"https:\/\/secure.gravatar.com\/avatar\/11e9f37f3773887633d17fdf580220857b1599038456e2f031ce0efd2f41a394?s=96&d=mm&r=g","caption":"ReachExtra"},"sameAs":["http:\/\/www.reachextra.com"]}]}},"jetpack_featured_media_url":"https:\/\/reachextra.com\/wp-content\/uploads\/2021\/04\/algeciras-exposicion-sanitarios-fran-montes-erasmo-fenoy-reachextra-7.jpg","wps_subtitle":"Rosario P\u00e9rez | Fotos: \u00a9Fran Montes, ReachExtra","jetpack_sharing_enabled":true,"_links":{"self":[{"href":"https:\/\/reachextra.com\/es\/wp-json\/wp\/v2\/posts\/18871","targetHints":{"allow":["GET"]}}],"collection":[{"href":"https:\/\/reachextra.com\/es\/wp-json\/wp\/v2\/posts"}],"about":[{"href":"https:\/\/reachextra.com\/es\/wp-json\/wp\/v2\/types\/post"}],"author":[{"embeddable":true,"href":"https:\/\/reachextra.com\/es\/wp-json\/wp\/v2\/users\/1"}],"replies":[{"embeddable":true,"href":"https:\/\/reachextra.com\/es\/wp-json\/wp\/v2\/comments?post=18871"}],"version-history":[{"count":5,"href":"https:\/\/reachextra.com\/es\/wp-json\/wp\/v2\/posts\/18871\/revisions"}],"predecessor-version":[{"id":18876,"href":"https:\/\/reachextra.com\/es\/wp-json\/wp\/v2\/posts\/18871\/revisions\/18876"}],"wp:featuredmedia":[{"embeddable":true,"href":"https:\/\/reachextra.com\/es\/wp-json\/wp\/v2\/media\/18860"}],"wp:attachment":[{"href":"https:\/\/reachextra.com\/es\/wp-json\/wp\/v2\/media?parent=18871"}],"wp:term":[{"taxonomy":"category","embeddable":true,"href":"https:\/\/reachextra.com\/es\/wp-json\/wp\/v2\/categories?post=18871"},{"taxonomy":"post_tag","embeddable":true,"href":"https:\/\/reachextra.com\/es\/wp-json\/wp\/v2\/tags?post=18871"},{"taxonomy":"adace-sponsor","embeddable":true,"href":"https:\/\/reachextra.com\/es\/wp-json\/wp\/v2\/adace-sponsor?post=18871"}],"curies":[{"name":"wp","href":"https:\/\/api.w.org\/{rel}","templated":true}]}}