{"id":18758,"date":"2021-04-07T17:26:48","date_gmt":"2021-04-07T15:26:48","guid":{"rendered":"https:\/\/www.reachextra.com\/la-linea-subestacion\/"},"modified":"2021-04-07T17:31:47","modified_gmt":"2021-04-07T15:31:47","slug":"la-linea-subestacion","status":"publish","type":"post","link":"https:\/\/reachextra.com\/es\/la-linea-subestacion\/","title":{"rendered":"La L\u00ednea se resiste a albergar una subestaci\u00f3n el\u00e9ctrica para abastecer a Ceuta"},"content":{"rendered":"\n<p><strong>El Ayuntamiento y el movimiento c\u00edvico rechazan las pretensiones de Red El\u00e9ctrica Espa\u00f1ola para construir estas instalaciones en la zona de Los Portichuelos, un enclave natural sin desarrollar, y piden que se busque otra ubicaci\u00f3n. La compa\u00f1\u00eda asegura que est\u00e1 abierta a reducir su superficie y a encontrar otro enclave.<\/strong><\/p>\n\n\n\n<figure class=\"wp-block-image size-large\"><img loading=\"lazy\" decoding=\"async\" width=\"700\" height=\"467\" src=\"https:\/\/www.reachextra.com\/wp-content\/uploads\/2021\/04\/la-linea-electricity-substation-ceuta-reachextra-5.jpg\" alt=\"Red Electrica Espanola La Linea Substation Ceuta Los Portichuelos\" class=\"wp-image-18749\" srcset=\"https:\/\/reachextra.com\/wp-content\/uploads\/2021\/04\/la-linea-electricity-substation-ceuta-reachextra-5.jpg 700w, https:\/\/reachextra.com\/wp-content\/uploads\/2021\/04\/la-linea-electricity-substation-ceuta-reachextra-5-300x200.jpg 300w, https:\/\/reachextra.com\/wp-content\/uploads\/2021\/04\/la-linea-electricity-substation-ceuta-reachextra-5-180x120.jpg 180w, https:\/\/reachextra.com\/wp-content\/uploads\/2021\/04\/la-linea-electricity-substation-ceuta-reachextra-5-561x374.jpg 561w, https:\/\/reachextra.com\/wp-content\/uploads\/2021\/04\/la-linea-electricity-substation-ceuta-reachextra-5-364x243.jpg 364w, https:\/\/reachextra.com\/wp-content\/uploads\/2021\/04\/la-linea-electricity-substation-ceuta-reachextra-5-608x406.jpg 608w, https:\/\/reachextra.com\/wp-content\/uploads\/2021\/04\/la-linea-electricity-substation-ceuta-reachextra-5-72x48.jpg 72w, https:\/\/reachextra.com\/wp-content\/uploads\/2021\/04\/la-linea-electricity-substation-ceuta-reachextra-5-144x96.jpg 144w, https:\/\/reachextra.com\/wp-content\/uploads\/2021\/04\/la-linea-electricity-substation-ceuta-reachextra-5-313x209.jpg 313w\" sizes=\"auto, (max-width: 700px) 100vw, 700px\" \/><\/figure>\n\n\n\n<p>Una subestaci\u00f3n el\u00e9ctrica para suministrar energ\u00eda mediante cableado submarino de 132 Kv a la Ciudad Aut\u00f3noma de Ceuta. En principio se trata de un proyecto m\u00e1s salvo por un peque\u00f1o detalle: su ubicaci\u00f3n. <\/p>\n\n\n\n<p>Red El\u00e9ctrica Espa\u00f1ola quiere construirla en la zona de Los Portichuelos, en La L\u00ednea, en un paraje natural situado entre Santa Margarita y La Alcaidesa, y claro, ha levantado ampollas. <\/p>\n\n\n\n<p>El Ayuntamiento de La L\u00ednea y el movimiento c\u00edvico y ecologista de esta ciudad se oponen frontalmente. Sostienen que no es el lugar adecuado y piden que se busque otro emplazamiento fuera del municipio. <\/p>\n\n\n\n<p>De hecho, inicialmente se barajaron tres posibles ubicaciones: Los Lances en Tarifa, Getares en Algeciras y Los Portichuelos-La Hacienda en La L\u00ednea.<\/p>\n\n\n\n<figure class=\"wp-block-image size-large\"><img loading=\"lazy\" decoding=\"async\" width=\"700\" height=\"467\" src=\"https:\/\/www.reachextra.com\/wp-content\/uploads\/2021\/04\/la-linea-electricity-substation-ceuta-reachextra-2.jpg\" alt=\"Red Electrica Espanola La Linea Substation Ceuta Los Portichuelos\" class=\"wp-image-18743\" srcset=\"https:\/\/reachextra.com\/wp-content\/uploads\/2021\/04\/la-linea-electricity-substation-ceuta-reachextra-2.jpg 700w, https:\/\/reachextra.com\/wp-content\/uploads\/2021\/04\/la-linea-electricity-substation-ceuta-reachextra-2-300x200.jpg 300w, https:\/\/reachextra.com\/wp-content\/uploads\/2021\/04\/la-linea-electricity-substation-ceuta-reachextra-2-180x120.jpg 180w, https:\/\/reachextra.com\/wp-content\/uploads\/2021\/04\/la-linea-electricity-substation-ceuta-reachextra-2-561x374.jpg 561w, https:\/\/reachextra.com\/wp-content\/uploads\/2021\/04\/la-linea-electricity-substation-ceuta-reachextra-2-364x243.jpg 364w, https:\/\/reachextra.com\/wp-content\/uploads\/2021\/04\/la-linea-electricity-substation-ceuta-reachextra-2-608x406.jpg 608w, https:\/\/reachextra.com\/wp-content\/uploads\/2021\/04\/la-linea-electricity-substation-ceuta-reachextra-2-72x48.jpg 72w, https:\/\/reachextra.com\/wp-content\/uploads\/2021\/04\/la-linea-electricity-substation-ceuta-reachextra-2-144x96.jpg 144w, https:\/\/reachextra.com\/wp-content\/uploads\/2021\/04\/la-linea-electricity-substation-ceuta-reachextra-2-313x209.jpg 313w\" sizes=\"auto, (max-width: 700px) 100vw, 700px\" \/><\/figure>\n\n\n\n<p>Las dimensiones asustan. Dicha subestaci\u00f3n, seg\u00fan los planes iniciales, ocupar\u00e1 cuatro hect\u00e1reas de terreno, el equivalente a casi cinco campos de f\u00fatbol. <\/p>\n\n\n\n<p>Desde el Ayuntamiento y el movimiento c\u00edvico se considera que condenar\u00e1n cualquier tipo de desarrollo en el \u00fanico espacio libre que tiene La L\u00ednea y generar\u00e1 un importante perjuicio medioambiental. <\/p>\n\n\n\n<p>Red El\u00e9ctrica, la compa\u00f1\u00eda encargada de su construcci\u00f3n, argumenta sin embargo que esta interconexi\u00f3n entre la Pen\u00ednsula y Ceuta supone \u201cuna oportunidad\u201d para el relanzamiento de las energ\u00edas limpias en el Campo de Gibraltar, que permitir\u00e1 mejorar los \u00edndices de generaci\u00f3n renovable en la zona y que dicha infraestructura \u201caumentar\u00e1 la fiabilidad y garant\u00eda del suministro el\u00e9ctrico al reforzar el mallado de la red de alta tensi\u00f3n de la pen\u00ednsula, y, especialmente en esta parte de la provincia, posibilitar\u00e1 la futura integraci\u00f3n de entre 390 y 520 MW de energ\u00eda renovable\u201d. <\/p>\n\n\n\n<figure class=\"wp-block-image size-large\"><img loading=\"lazy\" decoding=\"async\" width=\"700\" height=\"467\" src=\"https:\/\/www.reachextra.com\/wp-content\/uploads\/2021\/04\/la-linea-electricity-substation-ceuta-reachextra-4.jpg\" alt=\"\" class=\"wp-image-18747\" srcset=\"https:\/\/reachextra.com\/wp-content\/uploads\/2021\/04\/la-linea-electricity-substation-ceuta-reachextra-4.jpg 700w, https:\/\/reachextra.com\/wp-content\/uploads\/2021\/04\/la-linea-electricity-substation-ceuta-reachextra-4-300x200.jpg 300w, https:\/\/reachextra.com\/wp-content\/uploads\/2021\/04\/la-linea-electricity-substation-ceuta-reachextra-4-180x120.jpg 180w, https:\/\/reachextra.com\/wp-content\/uploads\/2021\/04\/la-linea-electricity-substation-ceuta-reachextra-4-561x374.jpg 561w, https:\/\/reachextra.com\/wp-content\/uploads\/2021\/04\/la-linea-electricity-substation-ceuta-reachextra-4-364x243.jpg 364w, https:\/\/reachextra.com\/wp-content\/uploads\/2021\/04\/la-linea-electricity-substation-ceuta-reachextra-4-608x406.jpg 608w, https:\/\/reachextra.com\/wp-content\/uploads\/2021\/04\/la-linea-electricity-substation-ceuta-reachextra-4-72x48.jpg 72w, https:\/\/reachextra.com\/wp-content\/uploads\/2021\/04\/la-linea-electricity-substation-ceuta-reachextra-4-144x96.jpg 144w, https:\/\/reachextra.com\/wp-content\/uploads\/2021\/04\/la-linea-electricity-substation-ceuta-reachextra-4-313x209.jpg 313w\" sizes=\"auto, (max-width: 700px) 100vw, 700px\" \/><\/figure>\n\n\n\n<p>Dicha capacidad, seg\u00fan a\u00f1ade la compa\u00f1\u00eda, cubrir\u00eda ampliamente su demanda el\u00e9ctrica y convertir\u00eda a La L\u00ednea en un municipio \u201c100% renovable e incluso le permitir\u00eda exportar energ\u00eda verde a otros colindantes\u201d.<\/p>\n\n\n\n<p>Red El\u00e9ctrica recuerda que se trata de un proyecto estrat\u00e9gico integrado en la planificaci\u00f3n de la red de transporte de energ\u00eda el\u00e9ctrica 2015-2020 aprobada por el Consejo de Ministros, tras consultas con las Comunidades aut\u00f3nomas.  <\/p>\n\n\n\n<p>Asimismo, destaca que esta interconexi\u00f3n permitir\u00e1 reemplazar el uso de combustibles f\u00f3siles para el suministro de la Ciudad Aut\u00f3noma de Ceuta, as\u00ed como paliar las consecuencias de la emergencia clim\u00e1tica en el Estrecho de Gibraltar, \u201cuno de los puntos con mayor impacto del planeta\u201d.<\/p>\n\n\n\n<p>\u00bfPor qu\u00e9 Los Portichuelos?. Seg\u00fan la compa\u00f1\u00eda, la elecci\u00f3n no es un capricho sino que han sido asesores cient\u00edficos y t\u00e9cnicos ambientales los que han concluido que se trata del enclave m\u00e1s adecuado para el origen de esta interconexi\u00f3n. <\/p>\n\n\n\n<p>\u201cDurante tres a\u00f1os, este proyecto ha sido objeto de minuciosos estudios y trabajos para determinar el trazado \u00f3ptimo desde el punto de vista ambiental, social, econ\u00f3mico y t\u00e9cnico, as\u00ed como para definir los criterios adecuados para el dise\u00f1o, instalaci\u00f3n, protecci\u00f3n y mantenimiento y operaci\u00f3n responsable del enlace con la sostenibilidad del medio marino\u201d, argumenta Red El\u00e9ctrica, que destaca que para el estudio de impacto ambiental se ha contado con catedr\u00e1ticos de  la fundaci\u00f3n CEIMAR, la Universidad de C\u00e1diz y la Universidad de Sevilla. <\/p>\n\n\n\n<figure class=\"wp-block-image size-large\"><img loading=\"lazy\" decoding=\"async\" width=\"700\" height=\"467\" src=\"https:\/\/www.reachextra.com\/wp-content\/uploads\/2021\/04\/la-linea-electricity-substation-ceuta-reachextra-6.jpg\" alt=\"Red Electrica Espanola La Linea Substation Ceuta Los Portichuelos\" class=\"wp-image-18751\" srcset=\"https:\/\/reachextra.com\/wp-content\/uploads\/2021\/04\/la-linea-electricity-substation-ceuta-reachextra-6.jpg 700w, https:\/\/reachextra.com\/wp-content\/uploads\/2021\/04\/la-linea-electricity-substation-ceuta-reachextra-6-300x200.jpg 300w, https:\/\/reachextra.com\/wp-content\/uploads\/2021\/04\/la-linea-electricity-substation-ceuta-reachextra-6-180x120.jpg 180w, https:\/\/reachextra.com\/wp-content\/uploads\/2021\/04\/la-linea-electricity-substation-ceuta-reachextra-6-561x374.jpg 561w, https:\/\/reachextra.com\/wp-content\/uploads\/2021\/04\/la-linea-electricity-substation-ceuta-reachextra-6-364x243.jpg 364w, https:\/\/reachextra.com\/wp-content\/uploads\/2021\/04\/la-linea-electricity-substation-ceuta-reachextra-6-608x406.jpg 608w, https:\/\/reachextra.com\/wp-content\/uploads\/2021\/04\/la-linea-electricity-substation-ceuta-reachextra-6-72x48.jpg 72w, https:\/\/reachextra.com\/wp-content\/uploads\/2021\/04\/la-linea-electricity-substation-ceuta-reachextra-6-144x96.jpg 144w, https:\/\/reachextra.com\/wp-content\/uploads\/2021\/04\/la-linea-electricity-substation-ceuta-reachextra-6-313x209.jpg 313w\" sizes=\"auto, (max-width: 700px) 100vw, 700px\" \/><\/figure>\n\n\n\n<p>Y abunda que permitir\u00e1 implantar parques de energ\u00edas renovables en este entorno y generar as\u00ed nuevas oportunidades econ\u00f3micas y puestos de trabajo durante la ejecuci\u00f3n de las obras y en la fase de operaci\u00f3n y mantenimiento. <\/p>\n\n\n\n<p>\u201cTambi\u00e9n se proponen medidas que garantizan la integraci\u00f3n paisaj\u00edstica y la seguridad desde el punto de vista medioambiental de las instalaciones\u201d, agrega.<\/p>\n\n\n\n<p>Los argumentos no han convencido y ha sido tanto el ruido medi\u00e1tico contra el proyecto que la presidenta de Red El\u00e9ctrica, Beatriz Corredor, ha visitado La L\u00ednea para mantener una reuni\u00f3n con el alcalde. <\/p>\n\n\n\n<p>Tras el encuentro, al que tambi\u00e9n asisti\u00f3 la presidenta de la Diputaci\u00f3n de C\u00e1diz, Irene Garc\u00eda, se dio a conocer que la compa\u00f1\u00eda est\u00e1 abierta a buscar otra alternativa para cambiar la ubicaci\u00f3n de dicha subestaci\u00f3n y reducir sus dimensiones. <\/p>\n\n\n\n<figure class=\"wp-block-image size-large\"><img loading=\"lazy\" decoding=\"async\" width=\"700\" height=\"435\" src=\"https:\/\/www.reachextra.com\/wp-content\/uploads\/2021\/04\/la-linea-electricity-substation-ceuta-reachextra-3.jpg\" alt=\"Red Electrica Espanola La Linea Substation Ceuta Los Portichuelos\" class=\"wp-image-18745\" srcset=\"https:\/\/reachextra.com\/wp-content\/uploads\/2021\/04\/la-linea-electricity-substation-ceuta-reachextra-3.jpg 700w, https:\/\/reachextra.com\/wp-content\/uploads\/2021\/04\/la-linea-electricity-substation-ceuta-reachextra-3-300x186.jpg 300w, https:\/\/reachextra.com\/wp-content\/uploads\/2021\/04\/la-linea-electricity-substation-ceuta-reachextra-3-561x349.jpg 561w, https:\/\/reachextra.com\/wp-content\/uploads\/2021\/04\/la-linea-electricity-substation-ceuta-reachextra-3-364x226.jpg 364w, https:\/\/reachextra.com\/wp-content\/uploads\/2021\/04\/la-linea-electricity-substation-ceuta-reachextra-3-608x378.jpg 608w, https:\/\/reachextra.com\/wp-content\/uploads\/2021\/04\/la-linea-electricity-substation-ceuta-reachextra-3-77x48.jpg 77w, https:\/\/reachextra.com\/wp-content\/uploads\/2021\/04\/la-linea-electricity-substation-ceuta-reachextra-3-154x96.jpg 154w, https:\/\/reachextra.com\/wp-content\/uploads\/2021\/04\/la-linea-electricity-substation-ceuta-reachextra-3-313x195.jpg 313w\" sizes=\"auto, (max-width: 700px) 100vw, 700px\" \/><\/figure>\n\n\n\n<p>Corredor expres\u00f3 su voluntad para colaborar en la b\u00fasqueda de acuerdos sobre un proyecto, al que ha calificado de incipiente y cuyas obras no se iniciar\u00e1n en los pr\u00f3ximos dos o tres a\u00f1os. Ha expresado el inter\u00e9s de la compa\u00f1\u00eda por encontrar una ubicaci\u00f3n adecuada con los usos que el Ayuntamiento pretende dar a este terreno.<\/p>\n\n\n\n<p>Al estar en una fase preliminar, permite incorporar sugerencias y una vez que se inicie su tramitaci\u00f3n se abrir\u00e1 una fase de informaci\u00f3n p\u00fablica que permitir\u00e1 la presentaci\u00f3n de alegaciones por parte de cualquier entidad o ciudadano que lo estime oportuno.<\/p>\n\n\n\n<h2 class=\"wp-block-heading\" id=\"h-movilizaci-n-ciudadana\">Movilizaci\u00f3n ciudadana<\/h2>\n\n\n\n<figure class=\"wp-block-embed is-type-rich is-provider-gestor-del-servicio wp-block-embed-gestor-del-servicio\"><div class=\"wp-block-embed__wrapper\">\n<div class=\"fb-video\" data-allowfullscreen=\"true\" data-href=\"https:\/\/www.facebook.com\/1418672661\/videos\/pcb.1655363284650281\/10224558506336325\" style=\"background-color: #fff; display: inline-block;\"><\/div>\n<\/div><\/figure>\n\n\n\n<p>Sin embargo, la inicial unidad entre el alcalde y el movimiento c\u00edvico se ha roto. La asociaci\u00f3n Verdemar-Ecologistas en Acci\u00f3n, la federaci\u00f3n vecinal Flavi y otras asociaciones se han unido en la plataforma c\u00edvica Unidad Linense para aunar fuerzas y hacer presi\u00f3n contra el proyecto. <\/p>\n\n\n\n<p>Bajo esta premisa, esta plataforma convoc\u00f3 una manifestaci\u00f3n en la zona el pasado d\u00eda 27 a la que no acudi\u00f3 ni el alcalde ni ninguna representaci\u00f3n del equipo de gobierno pese que Franco asegur\u00f3 que estaba dispuesto a acampar en Los Portichuelos si Red El\u00e9ctrica no daba marcha atr\u00e1s. Estas ausencias han generado un gran malestar. Red El\u00e9ctrica y el alcalde volver\u00e1n a reunirse tras la Semana Santa. <\/p>\n","protected":false},"excerpt":{"rendered":"<p>El Ayuntamiento y el movimiento c\u00edvico rechazan las pretensiones de Red El\u00e9ctrica Espa\u00f1ola para construir estas instalaciones en la zona&#8230; <a class=\"g1-link g1-link-more\" href=\"https:\/\/reachextra.com\/es\/la-linea-subestacion\/\">More<\/a><\/p>\n","protected":false},"author":1,"featured_media":18741,"comment_status":"closed","ping_status":"closed","sticky":false,"template":"","format":"standard","meta":{"_jetpack_memberships_contains_paid_content":false,"footnotes":""},"categories":[226,225],"tags":[1417,14945,14944],"adace-sponsor":[],"class_list":{"0":"post-18758","1":"post","2":"type-post","3":"status-publish","4":"format-standard","5":"has-post-thumbnail","7":"category-noticias-es","8":"category-tendencias","9":"tag-la-linea-de-la-concepcion-es","10":"tag-los-portichuelos-es","11":"tag-red-electrica-es"},"yoast_head":"<!-- This site is optimized with the Yoast SEO Premium plugin v19.5 (Yoast SEO v26.7) - https:\/\/yoast.com\/wordpress\/plugins\/seo\/ -->\n<title>La L\u00ednea se resiste a albergar una subestaci\u00f3n el\u00e9ctrica para abastecer a Ceuta<\/title>\n<meta name=\"description\" content=\"El Ayuntamiento y el movimiento c\u00edvico rechazan las pretensiones de Red El\u00e9ctrica Espa\u00f1ola para construir estas instalaciones en la zona...\" \/>\n<meta name=\"robots\" content=\"index, follow, max-snippet:-1, max-image-preview:large, max-video-preview:-1\" \/>\n<link rel=\"canonical\" href=\"https:\/\/reachextra.com\/es\/la-linea-subestacion\/\" \/>\n<meta property=\"og:locale\" content=\"es_ES\" \/>\n<meta property=\"og:type\" content=\"article\" \/>\n<meta property=\"og:title\" content=\"La L\u00ednea se resiste a albergar una subestaci\u00f3n el\u00e9ctrica para abastecer a Ceuta\" \/>\n<meta property=\"og:description\" content=\"El Ayuntamiento y el movimiento c\u00edvico rechazan las pretensiones de Red El\u00e9ctrica Espa\u00f1ola para construir estas instalaciones en la zona...\" \/>\n<meta property=\"og:url\" content=\"https:\/\/reachextra.com\/es\/la-linea-subestacion\/\" \/>\n<meta property=\"og:site_name\" content=\"ReachExtra\" \/>\n<meta property=\"article:publisher\" content=\"http:\/\/www.facebook.com\/reachextra\" \/>\n<meta property=\"article:published_time\" content=\"2021-04-07T15:26:48+00:00\" \/>\n<meta property=\"article:modified_time\" content=\"2021-04-07T15:31:47+00:00\" \/>\n<meta property=\"og:image\" content=\"https:\/\/reachextra.com\/wp-content\/uploads\/2021\/04\/la-linea-electricity-substation-ceuta-reachextra.jpg\" \/>\n\t<meta property=\"og:image:width\" content=\"1220\" \/>\n\t<meta property=\"og:image:height\" content=\"664\" \/>\n\t<meta property=\"og:image:type\" content=\"image\/jpeg\" \/>\n<meta name=\"author\" content=\"ReachExtra\" \/>\n<meta name=\"twitter:card\" content=\"summary_large_image\" \/>\n<meta name=\"twitter:creator\" content=\"@reachextra\" \/>\n<meta name=\"twitter:site\" content=\"@reachextra\" \/>\n<meta name=\"twitter:label1\" content=\"Escrito por\" \/>\n\t<meta name=\"twitter:data1\" content=\"ReachExtra\" \/>\n\t<meta name=\"twitter:label2\" content=\"Tiempo de lectura\" \/>\n\t<meta name=\"twitter:data2\" content=\"5 minutos\" \/>\n<script type=\"application\/ld+json\" class=\"yoast-schema-graph\">{\"@context\":\"https:\/\/schema.org\",\"@graph\":[{\"@type\":\"Article\",\"@id\":\"https:\/\/reachextra.com\/es\/la-linea-subestacion\/#article\",\"isPartOf\":{\"@id\":\"https:\/\/reachextra.com\/es\/la-linea-subestacion\/\"},\"author\":{\"name\":\"ReachExtra\",\"@id\":\"https:\/\/reachextra.com\/es\/#\/schema\/person\/5bf8196030cf130091162668b52085df\"},\"headline\":\"La L\u00ednea se resiste a albergar una subestaci\u00f3n el\u00e9ctrica para abastecer a Ceuta\",\"datePublished\":\"2021-04-07T15:26:48+00:00\",\"dateModified\":\"2021-04-07T15:31:47+00:00\",\"mainEntityOfPage\":{\"@id\":\"https:\/\/reachextra.com\/es\/la-linea-subestacion\/\"},\"wordCount\":1023,\"publisher\":{\"@id\":\"https:\/\/reachextra.com\/es\/#organization\"},\"image\":{\"@id\":\"https:\/\/reachextra.com\/es\/la-linea-subestacion\/#primaryimage\"},\"thumbnailUrl\":\"https:\/\/reachextra.com\/wp-content\/uploads\/2021\/04\/la-linea-electricity-substation-ceuta-reachextra.jpg\",\"keywords\":[\"La Linea de la concepcion\",\"Los portichuelos\",\"Red Electrica\"],\"articleSection\":[\"Noticias\",\"Tendencias\"],\"inLanguage\":\"es\"},{\"@type\":\"WebPage\",\"@id\":\"https:\/\/reachextra.com\/es\/la-linea-subestacion\/\",\"url\":\"https:\/\/reachextra.com\/es\/la-linea-subestacion\/\",\"name\":\"La L\u00ednea se resiste a albergar una subestaci\u00f3n el\u00e9ctrica para abastecer a Ceuta\",\"isPartOf\":{\"@id\":\"https:\/\/reachextra.com\/es\/#website\"},\"primaryImageOfPage\":{\"@id\":\"https:\/\/reachextra.com\/es\/la-linea-subestacion\/#primaryimage\"},\"image\":{\"@id\":\"https:\/\/reachextra.com\/es\/la-linea-subestacion\/#primaryimage\"},\"thumbnailUrl\":\"https:\/\/reachextra.com\/wp-content\/uploads\/2021\/04\/la-linea-electricity-substation-ceuta-reachextra.jpg\",\"datePublished\":\"2021-04-07T15:26:48+00:00\",\"dateModified\":\"2021-04-07T15:31:47+00:00\",\"description\":\"El Ayuntamiento y el movimiento c\u00edvico rechazan las pretensiones de Red El\u00e9ctrica Espa\u00f1ola para construir estas instalaciones en la zona...\",\"breadcrumb\":{\"@id\":\"https:\/\/reachextra.com\/es\/la-linea-subestacion\/#breadcrumb\"},\"inLanguage\":\"es\",\"potentialAction\":[{\"@type\":\"ReadAction\",\"target\":[\"https:\/\/reachextra.com\/es\/la-linea-subestacion\/\"]}]},{\"@type\":\"ImageObject\",\"inLanguage\":\"es\",\"@id\":\"https:\/\/reachextra.com\/es\/la-linea-subestacion\/#primaryimage\",\"url\":\"https:\/\/reachextra.com\/wp-content\/uploads\/2021\/04\/la-linea-electricity-substation-ceuta-reachextra.jpg\",\"contentUrl\":\"https:\/\/reachextra.com\/wp-content\/uploads\/2021\/04\/la-linea-electricity-substation-ceuta-reachextra.jpg\",\"width\":1220,\"height\":664,\"caption\":\"Red Electrica Espanola La Linea Substation Ceuta Los Portichuelos\"},{\"@type\":\"BreadcrumbList\",\"@id\":\"https:\/\/reachextra.com\/es\/la-linea-subestacion\/#breadcrumb\",\"itemListElement\":[{\"@type\":\"ListItem\",\"position\":1,\"name\":\"Home\",\"item\":\"https:\/\/reachextra.com\/es\/\"},{\"@type\":\"ListItem\",\"position\":2,\"name\":\"Tendencias\",\"item\":\"https:\/\/reachextra.com\/es\/category\/tendencias\/\"},{\"@type\":\"ListItem\",\"position\":3,\"name\":\"La L\u00ednea se resiste a albergar una subestaci\u00f3n el\u00e9ctrica para abastecer a Ceuta\"}]},{\"@type\":\"WebSite\",\"@id\":\"https:\/\/reachextra.com\/es\/#website\",\"url\":\"https:\/\/reachextra.com\/es\/\",\"name\":\"ReachExtra\",\"description\":\" Reach-Alcance en Espa\u00f1ol | Gibraltar | Campo de Gibraltar\",\"publisher\":{\"@id\":\"https:\/\/reachextra.com\/es\/#organization\"},\"potentialAction\":[{\"@type\":\"SearchAction\",\"target\":{\"@type\":\"EntryPoint\",\"urlTemplate\":\"https:\/\/reachextra.com\/es\/?s={search_term_string}\"},\"query-input\":{\"@type\":\"PropertyValueSpecification\",\"valueRequired\":true,\"valueName\":\"search_term_string\"}}],\"inLanguage\":\"es\"},{\"@type\":\"Organization\",\"@id\":\"https:\/\/reachextra.com\/es\/#organization\",\"name\":\"Reach-Alcance\",\"url\":\"https:\/\/reachextra.com\/es\/\",\"logo\":{\"@type\":\"ImageObject\",\"inLanguage\":\"es\",\"@id\":\"https:\/\/reachextra.com\/es\/#\/schema\/logo\/image\/\",\"url\":\"https:\/\/www.reachextra.com\/wp-content\/uploads\/2018\/12\/Reach-Alcance-LOGO-HDPI.jpg\",\"contentUrl\":\"https:\/\/www.reachextra.com\/wp-content\/uploads\/2018\/12\/Reach-Alcance-LOGO-HDPI.jpg\",\"width\":750,\"height\":474,\"caption\":\"Reach-Alcance\"},\"image\":{\"@id\":\"https:\/\/reachextra.com\/es\/#\/schema\/logo\/image\/\"},\"sameAs\":[\"http:\/\/www.facebook.com\/reachextra\",\"https:\/\/x.com\/reachextra\",\"http:\/\/reach.extra\",\"https:\/\/www.linkedin.com\/company\/reach-alcance\/\"]},{\"@type\":\"Person\",\"@id\":\"https:\/\/reachextra.com\/es\/#\/schema\/person\/5bf8196030cf130091162668b52085df\",\"name\":\"ReachExtra\",\"image\":{\"@type\":\"ImageObject\",\"inLanguage\":\"es\",\"@id\":\"https:\/\/reachextra.com\/es\/#\/schema\/person\/image\/\",\"url\":\"https:\/\/secure.gravatar.com\/avatar\/11e9f37f3773887633d17fdf580220857b1599038456e2f031ce0efd2f41a394?s=96&d=mm&r=g\",\"contentUrl\":\"https:\/\/secure.gravatar.com\/avatar\/11e9f37f3773887633d17fdf580220857b1599038456e2f031ce0efd2f41a394?s=96&d=mm&r=g\",\"caption\":\"ReachExtra\"},\"sameAs\":[\"http:\/\/www.reachextra.com\"]}]}<\/script>\n<!-- \/ Yoast SEO Premium plugin. -->","yoast_head_json":{"title":"La L\u00ednea se resiste a albergar una subestaci\u00f3n el\u00e9ctrica para abastecer a Ceuta","description":"El Ayuntamiento y el movimiento c\u00edvico rechazan las pretensiones de Red El\u00e9ctrica Espa\u00f1ola para construir estas instalaciones en la zona...","robots":{"index":"index","follow":"follow","max-snippet":"max-snippet:-1","max-image-preview":"max-image-preview:large","max-video-preview":"max-video-preview:-1"},"canonical":"https:\/\/reachextra.com\/es\/la-linea-subestacion\/","og_locale":"es_ES","og_type":"article","og_title":"La L\u00ednea se resiste a albergar una subestaci\u00f3n el\u00e9ctrica para abastecer a Ceuta","og_description":"El Ayuntamiento y el movimiento c\u00edvico rechazan las pretensiones de Red El\u00e9ctrica Espa\u00f1ola para construir estas instalaciones en la zona...","og_url":"https:\/\/reachextra.com\/es\/la-linea-subestacion\/","og_site_name":"ReachExtra","article_publisher":"http:\/\/www.facebook.com\/reachextra","article_published_time":"2021-04-07T15:26:48+00:00","article_modified_time":"2021-04-07T15:31:47+00:00","og_image":[{"width":1220,"height":664,"url":"https:\/\/reachextra.com\/wp-content\/uploads\/2021\/04\/la-linea-electricity-substation-ceuta-reachextra.jpg","type":"image\/jpeg"}],"author":"ReachExtra","twitter_card":"summary_large_image","twitter_creator":"@reachextra","twitter_site":"@reachextra","twitter_misc":{"Escrito por":"ReachExtra","Tiempo de lectura":"5 minutos"},"schema":{"@context":"https:\/\/schema.org","@graph":[{"@type":"Article","@id":"https:\/\/reachextra.com\/es\/la-linea-subestacion\/#article","isPartOf":{"@id":"https:\/\/reachextra.com\/es\/la-linea-subestacion\/"},"author":{"name":"ReachExtra","@id":"https:\/\/reachextra.com\/es\/#\/schema\/person\/5bf8196030cf130091162668b52085df"},"headline":"La L\u00ednea se resiste a albergar una subestaci\u00f3n el\u00e9ctrica para abastecer a Ceuta","datePublished":"2021-04-07T15:26:48+00:00","dateModified":"2021-04-07T15:31:47+00:00","mainEntityOfPage":{"@id":"https:\/\/reachextra.com\/es\/la-linea-subestacion\/"},"wordCount":1023,"publisher":{"@id":"https:\/\/reachextra.com\/es\/#organization"},"image":{"@id":"https:\/\/reachextra.com\/es\/la-linea-subestacion\/#primaryimage"},"thumbnailUrl":"https:\/\/reachextra.com\/wp-content\/uploads\/2021\/04\/la-linea-electricity-substation-ceuta-reachextra.jpg","keywords":["La Linea de la concepcion","Los portichuelos","Red Electrica"],"articleSection":["Noticias","Tendencias"],"inLanguage":"es"},{"@type":"WebPage","@id":"https:\/\/reachextra.com\/es\/la-linea-subestacion\/","url":"https:\/\/reachextra.com\/es\/la-linea-subestacion\/","name":"La L\u00ednea se resiste a albergar una subestaci\u00f3n el\u00e9ctrica para abastecer a Ceuta","isPartOf":{"@id":"https:\/\/reachextra.com\/es\/#website"},"primaryImageOfPage":{"@id":"https:\/\/reachextra.com\/es\/la-linea-subestacion\/#primaryimage"},"image":{"@id":"https:\/\/reachextra.com\/es\/la-linea-subestacion\/#primaryimage"},"thumbnailUrl":"https:\/\/reachextra.com\/wp-content\/uploads\/2021\/04\/la-linea-electricity-substation-ceuta-reachextra.jpg","datePublished":"2021-04-07T15:26:48+00:00","dateModified":"2021-04-07T15:31:47+00:00","description":"El Ayuntamiento y el movimiento c\u00edvico rechazan las pretensiones de Red El\u00e9ctrica Espa\u00f1ola para construir estas instalaciones en la zona...","breadcrumb":{"@id":"https:\/\/reachextra.com\/es\/la-linea-subestacion\/#breadcrumb"},"inLanguage":"es","potentialAction":[{"@type":"ReadAction","target":["https:\/\/reachextra.com\/es\/la-linea-subestacion\/"]}]},{"@type":"ImageObject","inLanguage":"es","@id":"https:\/\/reachextra.com\/es\/la-linea-subestacion\/#primaryimage","url":"https:\/\/reachextra.com\/wp-content\/uploads\/2021\/04\/la-linea-electricity-substation-ceuta-reachextra.jpg","contentUrl":"https:\/\/reachextra.com\/wp-content\/uploads\/2021\/04\/la-linea-electricity-substation-ceuta-reachextra.jpg","width":1220,"height":664,"caption":"Red Electrica Espanola La Linea Substation Ceuta Los Portichuelos"},{"@type":"BreadcrumbList","@id":"https:\/\/reachextra.com\/es\/la-linea-subestacion\/#breadcrumb","itemListElement":[{"@type":"ListItem","position":1,"name":"Home","item":"https:\/\/reachextra.com\/es\/"},{"@type":"ListItem","position":2,"name":"Tendencias","item":"https:\/\/reachextra.com\/es\/category\/tendencias\/"},{"@type":"ListItem","position":3,"name":"La L\u00ednea se resiste a albergar una subestaci\u00f3n el\u00e9ctrica para abastecer a Ceuta"}]},{"@type":"WebSite","@id":"https:\/\/reachextra.com\/es\/#website","url":"https:\/\/reachextra.com\/es\/","name":"ReachExtra","description":" Reach-Alcance en Espa\u00f1ol | Gibraltar | Campo de Gibraltar","publisher":{"@id":"https:\/\/reachextra.com\/es\/#organization"},"potentialAction":[{"@type":"SearchAction","target":{"@type":"EntryPoint","urlTemplate":"https:\/\/reachextra.com\/es\/?s={search_term_string}"},"query-input":{"@type":"PropertyValueSpecification","valueRequired":true,"valueName":"search_term_string"}}],"inLanguage":"es"},{"@type":"Organization","@id":"https:\/\/reachextra.com\/es\/#organization","name":"Reach-Alcance","url":"https:\/\/reachextra.com\/es\/","logo":{"@type":"ImageObject","inLanguage":"es","@id":"https:\/\/reachextra.com\/es\/#\/schema\/logo\/image\/","url":"https:\/\/www.reachextra.com\/wp-content\/uploads\/2018\/12\/Reach-Alcance-LOGO-HDPI.jpg","contentUrl":"https:\/\/www.reachextra.com\/wp-content\/uploads\/2018\/12\/Reach-Alcance-LOGO-HDPI.jpg","width":750,"height":474,"caption":"Reach-Alcance"},"image":{"@id":"https:\/\/reachextra.com\/es\/#\/schema\/logo\/image\/"},"sameAs":["http:\/\/www.facebook.com\/reachextra","https:\/\/x.com\/reachextra","http:\/\/reach.extra","https:\/\/www.linkedin.com\/company\/reach-alcance\/"]},{"@type":"Person","@id":"https:\/\/reachextra.com\/es\/#\/schema\/person\/5bf8196030cf130091162668b52085df","name":"ReachExtra","image":{"@type":"ImageObject","inLanguage":"es","@id":"https:\/\/reachextra.com\/es\/#\/schema\/person\/image\/","url":"https:\/\/secure.gravatar.com\/avatar\/11e9f37f3773887633d17fdf580220857b1599038456e2f031ce0efd2f41a394?s=96&d=mm&r=g","contentUrl":"https:\/\/secure.gravatar.com\/avatar\/11e9f37f3773887633d17fdf580220857b1599038456e2f031ce0efd2f41a394?s=96&d=mm&r=g","caption":"ReachExtra"},"sameAs":["http:\/\/www.reachextra.com"]}]}},"jetpack_featured_media_url":"https:\/\/reachextra.com\/wp-content\/uploads\/2021\/04\/la-linea-electricity-substation-ceuta-reachextra.jpg","wps_subtitle":"Soraya Fern\u00e1ndez | Fotos: Fran Montes","jetpack_sharing_enabled":true,"_links":{"self":[{"href":"https:\/\/reachextra.com\/es\/wp-json\/wp\/v2\/posts\/18758","targetHints":{"allow":["GET"]}}],"collection":[{"href":"https:\/\/reachextra.com\/es\/wp-json\/wp\/v2\/posts"}],"about":[{"href":"https:\/\/reachextra.com\/es\/wp-json\/wp\/v2\/types\/post"}],"author":[{"embeddable":true,"href":"https:\/\/reachextra.com\/es\/wp-json\/wp\/v2\/users\/1"}],"replies":[{"embeddable":true,"href":"https:\/\/reachextra.com\/es\/wp-json\/wp\/v2\/comments?post=18758"}],"version-history":[{"count":3,"href":"https:\/\/reachextra.com\/es\/wp-json\/wp\/v2\/posts\/18758\/revisions"}],"predecessor-version":[{"id":18761,"href":"https:\/\/reachextra.com\/es\/wp-json\/wp\/v2\/posts\/18758\/revisions\/18761"}],"wp:featuredmedia":[{"embeddable":true,"href":"https:\/\/reachextra.com\/es\/wp-json\/wp\/v2\/media\/18741"}],"wp:attachment":[{"href":"https:\/\/reachextra.com\/es\/wp-json\/wp\/v2\/media?parent=18758"}],"wp:term":[{"taxonomy":"category","embeddable":true,"href":"https:\/\/reachextra.com\/es\/wp-json\/wp\/v2\/categories?post=18758"},{"taxonomy":"post_tag","embeddable":true,"href":"https:\/\/reachextra.com\/es\/wp-json\/wp\/v2\/tags?post=18758"},{"taxonomy":"adace-sponsor","embeddable":true,"href":"https:\/\/reachextra.com\/es\/wp-json\/wp\/v2\/adace-sponsor?post=18758"}],"curies":[{"name":"wp","href":"https:\/\/api.w.org\/{rel}","templated":true}]}}