{"id":18726,"date":"2021-04-04T16:36:23","date_gmt":"2021-04-04T14:36:23","guid":{"rendered":"https:\/\/www.reachextra.com\/combatientes-gibraltarenos-parte-ii\/"},"modified":"2021-04-06T10:12:11","modified_gmt":"2021-04-06T08:12:11","slug":"combatientes-gibraltarenos-parte-ii","status":"publish","type":"post","link":"https:\/\/reachextra.com\/es\/combatientes-gibraltarenos-parte-ii\/","title":{"rendered":"Combatientes Gibraltare\u00f1os en la Primera Guerra Mundial: Segunda Parte"},"content":{"rendered":"\n<p><a href=\"https:\/\/www.reachextra.com\/es\/combatantes-gibraltarenos-parte-i\/\"><strong>Vea la primera parte aqu\u00ed<\/strong><\/a><\/p>\n\n\n\n<p>Cuando los dos batallones de infanter\u00eda brit\u00e1nicos residentes en la guarnici\u00f3n fueron retirados en agosto de 1914 y enviados al frente, se llevaron con ellos a muchos j\u00f3venes gibraltare\u00f1os, entre ellos los soldados Henry Balloqui; John Cerisola; Charles Picasso; Ernest Rice; Leonard Risso y Julio Wink quienes se alistaron en el Regimiento de Middlesex.<\/p>\n\n\n\n<figure class=\"wp-block-image size-large\"><img loading=\"lazy\" decoding=\"async\" width=\"700\" height=\"472\" src=\"https:\/\/www.reachextra.com\/wp-content\/uploads\/2021\/04\/Gibraltarians-world-war-one-reachextra-1.jpg\" alt=\"Battle of the Somme WWI\" class=\"wp-image-18718\" srcset=\"https:\/\/reachextra.com\/wp-content\/uploads\/2021\/04\/Gibraltarians-world-war-one-reachextra-1.jpg 700w, https:\/\/reachextra.com\/wp-content\/uploads\/2021\/04\/Gibraltarians-world-war-one-reachextra-1-300x202.jpg 300w, https:\/\/reachextra.com\/wp-content\/uploads\/2021\/04\/Gibraltarians-world-war-one-reachextra-1-180x120.jpg 180w, https:\/\/reachextra.com\/wp-content\/uploads\/2021\/04\/Gibraltarians-world-war-one-reachextra-1-561x378.jpg 561w, https:\/\/reachextra.com\/wp-content\/uploads\/2021\/04\/Gibraltarians-world-war-one-reachextra-1-364x245.jpg 364w, https:\/\/reachextra.com\/wp-content\/uploads\/2021\/04\/Gibraltarians-world-war-one-reachextra-1-608x410.jpg 608w, https:\/\/reachextra.com\/wp-content\/uploads\/2021\/04\/Gibraltarians-world-war-one-reachextra-1-71x48.jpg 71w, https:\/\/reachextra.com\/wp-content\/uploads\/2021\/04\/Gibraltarians-world-war-one-reachextra-1-142x96.jpg 142w, https:\/\/reachextra.com\/wp-content\/uploads\/2021\/04\/Gibraltarians-world-war-one-reachextra-1-313x211.jpg 313w\" sizes=\"auto, (max-width: 700px) 100vw, 700px\" \/><\/figure>\n\n\n\n<p>Los soldados Leopoldo Bossano y Francis Pirie, que se hab\u00edan alistado con el regimiento de Royal Fusiliers, murieron en combate. Leopoldo (t\u00edo del antiguo ministro principal Sir Joe Bossano) cay\u00f3 en septiembre de 1916 en la batalla del Somme y Francis un a\u00f1o despu\u00e9s en Arras.<\/p>\n\n\n\n<p>Felix Benzimra se alist\u00f3 inicialmente como escribano en el Cuerpo del Servicio del Ej\u00e9rcito en Gibraltar en febrero de 1915, pero pronto fue destinado a la Infanter\u00eda (Dorsets) y en 1916 fue ascendido a teniente en el cuerpo de ametralladoras donde gan\u00f3 la Cruz al M\u00e9rito Militar (MC).<\/p>\n\n\n\n<p>Otros se unieron a regimientos con conexiones a Gibraltar como los Regimientos de Dorsetshire o Bedfordshire que ten\u00edan el \u00abCastillo y la Llave\u00bb en sus escudos o la antigua unidad de sus padres como los hermanos Ross que se alistaron con los Seaforth Highlanders.<\/p>\n\n\n\n<p>El fusilero Kenneth Forbes fue otro. Se distingui\u00f3 mientras en combate con el 4to batall\u00f3n de la Brigada de Fusileros en Hooge del 9 al 11 de mayo de 1915 y fue galardonado con la Medalla de Conducta Distinguida (DCM), segunda solo a la Cruz de Victoria (Victoria Cross por su valent\u00eda.\r\n<\/p>\n\n\n\n<p>Forbes sobrevivi\u00f3 a la guerra y regres\u00f3 a Gibraltar, donde era bien conocido por su trabajo como proveedor \/ mayordomo y dentro de los c\u00edrculos mas\u00f3nicos locales. Muri\u00f3 en 1949 y tambi\u00e9n yace en el cementerio North Front.<\/p>\n\n\n\n<p>Muchos otros se unieron mientras trabajaban o estudiaban en Inglaterra como Joseph Patron (m\u00e1s tarde Sir Joseph Patron MC OBE JP, presidente de la Asamblea Legislativa de Gibraltar 1958-64) que se alist\u00f3 en la caballer\u00eda Imperial Yeomanry (London Rough Riders) cuando estudiaba en la universidad.<\/p>\n\n\n\n<figure class=\"wp-block-image size-large\"><img loading=\"lazy\" decoding=\"async\" width=\"664\" height=\"869\" src=\"https:\/\/www.reachextra.com\/wp-content\/uploads\/2021\/04\/Captain-Joseph-Patron-Gibraltar-world-war-one-reachextra.jpg\" alt=\"Captain Joseph Patron World War One WWI Gibraltarian\" class=\"wp-image-18714\" srcset=\"https:\/\/reachextra.com\/wp-content\/uploads\/2021\/04\/Captain-Joseph-Patron-Gibraltar-world-war-one-reachextra.jpg 664w, https:\/\/reachextra.com\/wp-content\/uploads\/2021\/04\/Captain-Joseph-Patron-Gibraltar-world-war-one-reachextra-229x300.jpg 229w, https:\/\/reachextra.com\/wp-content\/uploads\/2021\/04\/Captain-Joseph-Patron-Gibraltar-world-war-one-reachextra-561x734.jpg 561w, https:\/\/reachextra.com\/wp-content\/uploads\/2021\/04\/Captain-Joseph-Patron-Gibraltar-world-war-one-reachextra-364x476.jpg 364w, https:\/\/reachextra.com\/wp-content\/uploads\/2021\/04\/Captain-Joseph-Patron-Gibraltar-world-war-one-reachextra-608x796.jpg 608w, https:\/\/reachextra.com\/wp-content\/uploads\/2021\/04\/Captain-Joseph-Patron-Gibraltar-world-war-one-reachextra-37x48.jpg 37w, https:\/\/reachextra.com\/wp-content\/uploads\/2021\/04\/Captain-Joseph-Patron-Gibraltar-world-war-one-reachextra-73x96.jpg 73w, https:\/\/reachextra.com\/wp-content\/uploads\/2021\/04\/Captain-Joseph-Patron-Gibraltar-world-war-one-reachextra-313x410.jpg 313w\" sizes=\"auto, (max-width: 664px) 100vw, 664px\" \/><figcaption><strong>Captain Joseph Patron<\/strong><\/figcaption><\/figure>\n\n\n\n<p>M\u00e1s tarde fue comisionado y transferido al cuerpo de ametralladoras MGC. Fue galardonado con la MC mientras estaba al mando de un destacamento de ametralladoras montadas que proporcionaba fuego de cobertura para el avance de la caballer\u00eda en la batalla de El Mughar durante la campa\u00f1a de Palestina.<\/p>\n\n\n\n<p>Poco despu\u00e9s, un francotirador turco le dispar\u00f3 en la garganta, \u00a1pero sobrevivi\u00f3 para luchar otro d\u00eda! Por cierto, su hermano mayor Alfred, que era capit\u00e1n del Regimiento de Bedfordshire, estaba adscrito entonces en ej\u00e9rcito egipcio en El Cairo.<\/p>\n\n\n\n<p>La historia del teniente Solomon Benzecry Royal Fusiliers, el \u201ch\u00e9roe de Bourlon Wood\u201d es relativamente bien conocida y su monumento dentro del Lobby del Parlamento ocupa un lugar de honor en todas nuestras conmemoraciones del D\u00eda del Armisticio.<\/p>\n\n\n\n<p>Lo que no es tambi\u00e9n conocido es que su hermano menor, Abraham, tambi\u00e9n particip\u00f3 en la guerra y fue condecorado con la MC por su valent\u00eda e iniciativa al empujar su secci\u00f3n de ametralladoras hacia adelante bajo un intenso fuego para apoyar el avance de la infanter\u00eda en el enfrentamiento en El Tireh en Palestina en septiembre de 1918.<\/p>\n\n\n\n<figure class=\"wp-block-image size-large\"><img loading=\"lazy\" decoding=\"async\" width=\"664\" height=\"460\" src=\"https:\/\/www.reachextra.com\/wp-content\/uploads\/2021\/04\/Abraham-Solomon-Benzecry-brothers-Gibraltar-world-war-one.jpg\" alt=\"Abraham Solomon Benzacry World War One WWI Gibraltarian\" class=\"wp-image-18712\" srcset=\"https:\/\/reachextra.com\/wp-content\/uploads\/2021\/04\/Abraham-Solomon-Benzecry-brothers-Gibraltar-world-war-one.jpg 664w, https:\/\/reachextra.com\/wp-content\/uploads\/2021\/04\/Abraham-Solomon-Benzecry-brothers-Gibraltar-world-war-one-300x208.jpg 300w, https:\/\/reachextra.com\/wp-content\/uploads\/2021\/04\/Abraham-Solomon-Benzecry-brothers-Gibraltar-world-war-one-561x389.jpg 561w, https:\/\/reachextra.com\/wp-content\/uploads\/2021\/04\/Abraham-Solomon-Benzecry-brothers-Gibraltar-world-war-one-364x252.jpg 364w, https:\/\/reachextra.com\/wp-content\/uploads\/2021\/04\/Abraham-Solomon-Benzecry-brothers-Gibraltar-world-war-one-608x421.jpg 608w, https:\/\/reachextra.com\/wp-content\/uploads\/2021\/04\/Abraham-Solomon-Benzecry-brothers-Gibraltar-world-war-one-69x48.jpg 69w, https:\/\/reachextra.com\/wp-content\/uploads\/2021\/04\/Abraham-Solomon-Benzecry-brothers-Gibraltar-world-war-one-139x96.jpg 139w, https:\/\/reachextra.com\/wp-content\/uploads\/2021\/04\/Abraham-Solomon-Benzecry-brothers-Gibraltar-world-war-one-313x217.jpg 313w\" sizes=\"auto, (max-width: 664px) 100vw, 664px\" \/><figcaption><strong>Solomon and Abraham Benzecry<\/strong><\/figcaption><\/figure>\n\n\n\n<p>Cuando estall\u00f3 la guerra, Percy Baglietto Cottrell (de la familia propietaria de Saccone &amp; Speed), estaba en Atenas en ese momento (estudiaba los Cl\u00e1sicos en Oxford) e inmediatamente regres\u00f3 a casa en tren e intent\u00f3 alistarse como oficial, pero fue rechazado debido a su mala vista.<\/p>\n\n\n\n<p>Sin inmutarse, se alist\u00f3 como soldado raso en los Royal Fusiliers, pero luego fue ascendido a teniente en el mismo regimiento. Desplegado en Sal\u00f3nica como oficial de inteligencia e int\u00e9rprete griego (hab\u00eda nacido en Corf\u00fa, donde su padre era el c\u00f3nsul brit\u00e1nico), realiz\u00f3 numerosas misiones especiales por las que fue nombrado Caballero de la Orden del Redentor y recibi\u00f3 la Cruz Militar Griega por Su Majestad el Rey Constantino.<\/p>\n\n\n\n<figure class=\"wp-block-image size-large\"><img loading=\"lazy\" decoding=\"async\" width=\"664\" height=\"400\" src=\"https:\/\/www.reachextra.com\/wp-content\/uploads\/2021\/04\/Percy-Baglietto-Gibraltar-world-war-onereachextra.jpg\" alt=\"Percy Baglietto World War One WWI Gibraltarian\" class=\"wp-image-18720\" srcset=\"https:\/\/reachextra.com\/wp-content\/uploads\/2021\/04\/Percy-Baglietto-Gibraltar-world-war-onereachextra.jpg 664w, https:\/\/reachextra.com\/wp-content\/uploads\/2021\/04\/Percy-Baglietto-Gibraltar-world-war-onereachextra-300x181.jpg 300w, https:\/\/reachextra.com\/wp-content\/uploads\/2021\/04\/Percy-Baglietto-Gibraltar-world-war-onereachextra-561x338.jpg 561w, https:\/\/reachextra.com\/wp-content\/uploads\/2021\/04\/Percy-Baglietto-Gibraltar-world-war-onereachextra-364x219.jpg 364w, https:\/\/reachextra.com\/wp-content\/uploads\/2021\/04\/Percy-Baglietto-Gibraltar-world-war-onereachextra-608x366.jpg 608w, https:\/\/reachextra.com\/wp-content\/uploads\/2021\/04\/Percy-Baglietto-Gibraltar-world-war-onereachextra-80x48.jpg 80w, https:\/\/reachextra.com\/wp-content\/uploads\/2021\/04\/Percy-Baglietto-Gibraltar-world-war-onereachextra-159x96.jpg 159w, https:\/\/reachextra.com\/wp-content\/uploads\/2021\/04\/Percy-Baglietto-Gibraltar-world-war-onereachextra-313x189.jpg 313w\" sizes=\"auto, (max-width: 664px) 100vw, 664px\" \/><figcaption><strong>Percy Baglietto<\/strong><\/figcaption><\/figure>\n\n\n\n<p>El 18 de septiembre de 1918 fue alcanzado por una bala en el costado del pecho durante las operaciones al Este del Lago Doiran, en el frente de Sal\u00f3nica y muri\u00f3 posteriormente a causa de sus heridas. Fue galardonado p\u00f3stumamente con la MC.<\/p>\n\n\n\n<p>Yace enterrado en el cementerio militar de Sarygol en Grecia. Su hermano (Percy era menor de los tres hermanos Baglietto Cottrell) Edward, m\u00e1s tarde Sir Edward lleg\u00f3 a ser presidente de Saccone &amp; Speed y vicec\u00f3nsul brit\u00e1nico en Algeciras durante la Segunda Guerra Mundial) era un oficial regular en el servicio de artiller\u00eda real con la Fuerza Expedicionaria brit\u00e1nica en Francia y B\u00e9lgica y tambi\u00e9n en Gallipoli.<\/p>\n\n\n\n<figure class=\"wp-block-image size-large\"><img loading=\"lazy\" decoding=\"async\" width=\"700\" height=\"521\" src=\"https:\/\/www.reachextra.com\/wp-content\/uploads\/2021\/03\/Gibraltarians-world-war-one-wwi-reachextra-2.jpg\" alt=\"WWI\" class=\"wp-image-18261\" srcset=\"https:\/\/reachextra.com\/wp-content\/uploads\/2021\/03\/Gibraltarians-world-war-one-wwi-reachextra-2.jpg 700w, https:\/\/reachextra.com\/wp-content\/uploads\/2021\/03\/Gibraltarians-world-war-one-wwi-reachextra-2-300x223.jpg 300w, https:\/\/reachextra.com\/wp-content\/uploads\/2021\/03\/Gibraltarians-world-war-one-wwi-reachextra-2-192x144.jpg 192w, https:\/\/reachextra.com\/wp-content\/uploads\/2021\/03\/Gibraltarians-world-war-one-wwi-reachextra-2-90x67.jpg 90w, https:\/\/reachextra.com\/wp-content\/uploads\/2021\/03\/Gibraltarians-world-war-one-wwi-reachextra-2-180x135.jpg 180w, https:\/\/reachextra.com\/wp-content\/uploads\/2021\/03\/Gibraltarians-world-war-one-wwi-reachextra-2-561x418.jpg 561w, https:\/\/reachextra.com\/wp-content\/uploads\/2021\/03\/Gibraltarians-world-war-one-wwi-reachextra-2-364x271.jpg 364w, https:\/\/reachextra.com\/wp-content\/uploads\/2021\/03\/Gibraltarians-world-war-one-wwi-reachextra-2-608x453.jpg 608w, https:\/\/reachextra.com\/wp-content\/uploads\/2021\/03\/Gibraltarians-world-war-one-wwi-reachextra-2-64x48.jpg 64w, https:\/\/reachextra.com\/wp-content\/uploads\/2021\/03\/Gibraltarians-world-war-one-wwi-reachextra-2-129x96.jpg 129w, https:\/\/reachextra.com\/wp-content\/uploads\/2021\/03\/Gibraltarians-world-war-one-wwi-reachextra-2-313x233.jpg 313w\" sizes=\"auto, (max-width: 700px) 100vw, 700px\" \/><\/figure>\n\n\n\n<p>\u00a1Luego recibi\u00f3 el DSO y tres menciones en despachos, as\u00ed como la Orden del \u00c1guila Blanca Serbia con Espadas!<\/p>\n\n\n\n<p>El soldado Francis Arriza trabajaba como contable en Bradford (la casa de su familia en Gibraltar estaba en King Street, donde viv\u00edan sus padres) cuando se uni\u00f3 al regimiento de caballer\u00eda King Edwards\u2019 Horse (Royal Overseas Dominions Regiment) compuesto principalmente por \u00abExpatriados\u00bb de Australia, Canad\u00e1 y Sud\u00e1frica que viv\u00edan en Inglaterra y eran considerados una unidad de caballer\u00eda de \u00e9lite.<\/p>\n\n\n\n<p>Francis fue corneta del escuadr\u00f3n \u201cA\u201d con quien luch\u00f3 durante toda la guerra. Fue herido en acci\u00f3n en la batalla de Vielle Chapelle en abril de 1918, donde la unidad luch\u00f3 desmontada y derrot\u00f3 un asalto de la Guardia Imperial Prusiana.<\/p>\n\n\n\n<p>Los capitanes Frank Porral y Bobby Sheppard-Capurro tambi\u00e9n sirvieron con la caballer\u00eda, en su caso con el 22\u00ba Regimiento de Caballer\u00eda (Sam Browne), una prestigiosa unidad del Ej\u00e9rcito de la India. Bobby fue Ayudante de Campo honorario de muchos gobernadores de la posguerra y m\u00e1s tarde fue comisionado en la Fuerza de Defensa de Gibraltar (GDF) con el rango de comandante. Tambi\u00e9n fue Ayudante de Campo ADC honorario de Su Majestad la Reina Isabel II.<\/p>\n\n\n\n<p><a href=\"https:\/\/www.reachextra.com\/es\/combatantes-gibraltarenos-parte-i\/\"><strong>Vea la primera parte aqu\u00ed<\/strong><\/a><\/p>\n","protected":false},"excerpt":{"rendered":"<p>Cuando los dos batallones de infanter\u00eda brit\u00e1nicos residentes en la guarnici\u00f3n fueron retirados en agosto de 1914 y enviados al frente&#8230; <a class=\"g1-link g1-link-more\" href=\"https:\/\/reachextra.com\/es\/combatientes-gibraltarenos-parte-ii\/\">More<\/a><\/p>\n","protected":false},"author":1,"featured_media":18716,"comment_status":"closed","ping_status":"closed","sticky":false,"template":"","format":"standard","meta":{"_jetpack_memberships_contains_paid_content":false,"footnotes":""},"categories":[8128,225],"tags":[229,715,14939,14941,14826,14940,14938],"adace-sponsor":[],"class_list":{"0":"post-18726","1":"post","2":"type-post","3":"status-publish","4":"format-standard","5":"has-post-thumbnail","7":"category-historia","8":"category-tendencias","9":"tag-gibraltar-es","10":"tag-historia","11":"tag-joseph-patron-es","12":"tag-percy-baglietto-es","13":"tag-primera-guerra-mundial","14":"tag-solomon-abraham-benzecry-es","15":"tag-world-war-one-es"},"yoast_head":"<!-- This site is optimized with the Yoast SEO Premium plugin v19.5 (Yoast SEO v26.7) - https:\/\/yoast.com\/wordpress\/plugins\/seo\/ -->\n<title>Combatientes Gibraltare\u00f1os en la Primera Guerra Mundial: Segunda Parte<\/title>\n<meta name=\"description\" content=\"Cuando los dos batallones de infanter\u00eda brit\u00e1nicos residentes en la guarnici\u00f3n fueron retirados en agosto de 1914 y enviados al frente...\" \/>\n<meta name=\"robots\" content=\"index, follow, max-snippet:-1, max-image-preview:large, max-video-preview:-1\" \/>\n<link rel=\"canonical\" href=\"https:\/\/reachextra.com\/es\/combatientes-gibraltarenos-parte-ii\/\" \/>\n<meta property=\"og:locale\" content=\"es_ES\" \/>\n<meta property=\"og:type\" content=\"article\" \/>\n<meta property=\"og:title\" content=\"Combatientes Gibraltare\u00f1os en la Primera Guerra Mundial: Segunda Parte\" \/>\n<meta property=\"og:description\" content=\"Cuando los dos batallones de infanter\u00eda brit\u00e1nicos residentes en la guarnici\u00f3n fueron retirados en agosto de 1914 y enviados al frente...\" \/>\n<meta property=\"og:url\" content=\"https:\/\/reachextra.com\/es\/combatientes-gibraltarenos-parte-ii\/\" \/>\n<meta property=\"og:site_name\" content=\"ReachExtra\" \/>\n<meta property=\"article:publisher\" content=\"http:\/\/www.facebook.com\/reachextra\" \/>\n<meta property=\"article:published_time\" content=\"2021-04-04T14:36:23+00:00\" \/>\n<meta property=\"article:modified_time\" content=\"2021-04-06T08:12:11+00:00\" \/>\n<meta property=\"og:image\" content=\"https:\/\/reachextra.com\/wp-content\/uploads\/2021\/04\/Gibraltarians-world-war-one-reachextra.jpg\" \/>\n\t<meta property=\"og:image:width\" content=\"1220\" \/>\n\t<meta property=\"og:image:height\" content=\"664\" \/>\n\t<meta property=\"og:image:type\" content=\"image\/jpeg\" \/>\n<meta name=\"author\" content=\"ReachExtra\" \/>\n<meta name=\"twitter:card\" content=\"summary_large_image\" \/>\n<meta name=\"twitter:creator\" content=\"@reachextra\" \/>\n<meta name=\"twitter:site\" content=\"@reachextra\" \/>\n<meta name=\"twitter:label1\" content=\"Escrito por\" \/>\n\t<meta name=\"twitter:data1\" content=\"ReachExtra\" \/>\n\t<meta name=\"twitter:label2\" content=\"Tiempo de lectura\" \/>\n\t<meta name=\"twitter:data2\" content=\"6 minutos\" \/>\n<script type=\"application\/ld+json\" class=\"yoast-schema-graph\">{\"@context\":\"https:\/\/schema.org\",\"@graph\":[{\"@type\":\"Article\",\"@id\":\"https:\/\/reachextra.com\/es\/combatientes-gibraltarenos-parte-ii\/#article\",\"isPartOf\":{\"@id\":\"https:\/\/reachextra.com\/es\/combatientes-gibraltarenos-parte-ii\/\"},\"author\":{\"name\":\"ReachExtra\",\"@id\":\"https:\/\/reachextra.com\/es\/#\/schema\/person\/5bf8196030cf130091162668b52085df\"},\"headline\":\"Combatientes Gibraltare\u00f1os en la Primera Guerra Mundial: Segunda Parte\",\"datePublished\":\"2021-04-04T14:36:23+00:00\",\"dateModified\":\"2021-04-06T08:12:11+00:00\",\"mainEntityOfPage\":{\"@id\":\"https:\/\/reachextra.com\/es\/combatientes-gibraltarenos-parte-ii\/\"},\"wordCount\":1007,\"publisher\":{\"@id\":\"https:\/\/reachextra.com\/es\/#organization\"},\"image\":{\"@id\":\"https:\/\/reachextra.com\/es\/combatientes-gibraltarenos-parte-ii\/#primaryimage\"},\"thumbnailUrl\":\"https:\/\/reachextra.com\/wp-content\/uploads\/2021\/04\/Gibraltarians-world-war-one-reachextra.jpg\",\"keywords\":[\"Gibraltar\",\"Historia\",\"Joseph Patron\",\"Percy Baglietto\",\"primera guerra mundial\",\"Solomon Abraham Benzecry\",\"World War one\"],\"articleSection\":[\"Historia\",\"Tendencias\"],\"inLanguage\":\"es\"},{\"@type\":\"WebPage\",\"@id\":\"https:\/\/reachextra.com\/es\/combatientes-gibraltarenos-parte-ii\/\",\"url\":\"https:\/\/reachextra.com\/es\/combatientes-gibraltarenos-parte-ii\/\",\"name\":\"Combatientes Gibraltare\u00f1os en la Primera Guerra Mundial: Segunda Parte\",\"isPartOf\":{\"@id\":\"https:\/\/reachextra.com\/es\/#website\"},\"primaryImageOfPage\":{\"@id\":\"https:\/\/reachextra.com\/es\/combatientes-gibraltarenos-parte-ii\/#primaryimage\"},\"image\":{\"@id\":\"https:\/\/reachextra.com\/es\/combatientes-gibraltarenos-parte-ii\/#primaryimage\"},\"thumbnailUrl\":\"https:\/\/reachextra.com\/wp-content\/uploads\/2021\/04\/Gibraltarians-world-war-one-reachextra.jpg\",\"datePublished\":\"2021-04-04T14:36:23+00:00\",\"dateModified\":\"2021-04-06T08:12:11+00:00\",\"description\":\"Cuando los dos batallones de infanter\u00eda brit\u00e1nicos residentes en la guarnici\u00f3n fueron retirados en agosto de 1914 y enviados al frente...\",\"breadcrumb\":{\"@id\":\"https:\/\/reachextra.com\/es\/combatientes-gibraltarenos-parte-ii\/#breadcrumb\"},\"inLanguage\":\"es\",\"potentialAction\":[{\"@type\":\"ReadAction\",\"target\":[\"https:\/\/reachextra.com\/es\/combatientes-gibraltarenos-parte-ii\/\"]}]},{\"@type\":\"ImageObject\",\"inLanguage\":\"es\",\"@id\":\"https:\/\/reachextra.com\/es\/combatientes-gibraltarenos-parte-ii\/#primaryimage\",\"url\":\"https:\/\/reachextra.com\/wp-content\/uploads\/2021\/04\/Gibraltarians-world-war-one-reachextra.jpg\",\"contentUrl\":\"https:\/\/reachextra.com\/wp-content\/uploads\/2021\/04\/Gibraltarians-world-war-one-reachextra.jpg\",\"width\":1220,\"height\":664,\"caption\":\"Gibraltarians World War One WWI\"},{\"@type\":\"BreadcrumbList\",\"@id\":\"https:\/\/reachextra.com\/es\/combatientes-gibraltarenos-parte-ii\/#breadcrumb\",\"itemListElement\":[{\"@type\":\"ListItem\",\"position\":1,\"name\":\"Home\",\"item\":\"https:\/\/reachextra.com\/es\/\"},{\"@type\":\"ListItem\",\"position\":2,\"name\":\"Historia\",\"item\":\"https:\/\/reachextra.com\/es\/category\/historia\/\"},{\"@type\":\"ListItem\",\"position\":3,\"name\":\"Combatientes Gibraltare\u00f1os en la Primera Guerra Mundial: Segunda Parte\"}]},{\"@type\":\"WebSite\",\"@id\":\"https:\/\/reachextra.com\/es\/#website\",\"url\":\"https:\/\/reachextra.com\/es\/\",\"name\":\"ReachExtra\",\"description\":\" Reach-Alcance en Espa\u00f1ol | Gibraltar | Campo de Gibraltar\",\"publisher\":{\"@id\":\"https:\/\/reachextra.com\/es\/#organization\"},\"potentialAction\":[{\"@type\":\"SearchAction\",\"target\":{\"@type\":\"EntryPoint\",\"urlTemplate\":\"https:\/\/reachextra.com\/es\/?s={search_term_string}\"},\"query-input\":{\"@type\":\"PropertyValueSpecification\",\"valueRequired\":true,\"valueName\":\"search_term_string\"}}],\"inLanguage\":\"es\"},{\"@type\":\"Organization\",\"@id\":\"https:\/\/reachextra.com\/es\/#organization\",\"name\":\"Reach-Alcance\",\"url\":\"https:\/\/reachextra.com\/es\/\",\"logo\":{\"@type\":\"ImageObject\",\"inLanguage\":\"es\",\"@id\":\"https:\/\/reachextra.com\/es\/#\/schema\/logo\/image\/\",\"url\":\"https:\/\/www.reachextra.com\/wp-content\/uploads\/2018\/12\/Reach-Alcance-LOGO-HDPI.jpg\",\"contentUrl\":\"https:\/\/www.reachextra.com\/wp-content\/uploads\/2018\/12\/Reach-Alcance-LOGO-HDPI.jpg\",\"width\":750,\"height\":474,\"caption\":\"Reach-Alcance\"},\"image\":{\"@id\":\"https:\/\/reachextra.com\/es\/#\/schema\/logo\/image\/\"},\"sameAs\":[\"http:\/\/www.facebook.com\/reachextra\",\"https:\/\/x.com\/reachextra\",\"http:\/\/reach.extra\",\"https:\/\/www.linkedin.com\/company\/reach-alcance\/\"]},{\"@type\":\"Person\",\"@id\":\"https:\/\/reachextra.com\/es\/#\/schema\/person\/5bf8196030cf130091162668b52085df\",\"name\":\"ReachExtra\",\"image\":{\"@type\":\"ImageObject\",\"inLanguage\":\"es\",\"@id\":\"https:\/\/reachextra.com\/es\/#\/schema\/person\/image\/\",\"url\":\"https:\/\/secure.gravatar.com\/avatar\/11e9f37f3773887633d17fdf580220857b1599038456e2f031ce0efd2f41a394?s=96&d=mm&r=g\",\"contentUrl\":\"https:\/\/secure.gravatar.com\/avatar\/11e9f37f3773887633d17fdf580220857b1599038456e2f031ce0efd2f41a394?s=96&d=mm&r=g\",\"caption\":\"ReachExtra\"},\"sameAs\":[\"http:\/\/www.reachextra.com\"]}]}<\/script>\n<!-- \/ Yoast SEO Premium plugin. -->","yoast_head_json":{"title":"Combatientes Gibraltare\u00f1os en la Primera Guerra Mundial: Segunda Parte","description":"Cuando los dos batallones de infanter\u00eda brit\u00e1nicos residentes en la guarnici\u00f3n fueron retirados en agosto de 1914 y enviados al frente...","robots":{"index":"index","follow":"follow","max-snippet":"max-snippet:-1","max-image-preview":"max-image-preview:large","max-video-preview":"max-video-preview:-1"},"canonical":"https:\/\/reachextra.com\/es\/combatientes-gibraltarenos-parte-ii\/","og_locale":"es_ES","og_type":"article","og_title":"Combatientes Gibraltare\u00f1os en la Primera Guerra Mundial: Segunda Parte","og_description":"Cuando los dos batallones de infanter\u00eda brit\u00e1nicos residentes en la guarnici\u00f3n fueron retirados en agosto de 1914 y enviados al frente...","og_url":"https:\/\/reachextra.com\/es\/combatientes-gibraltarenos-parte-ii\/","og_site_name":"ReachExtra","article_publisher":"http:\/\/www.facebook.com\/reachextra","article_published_time":"2021-04-04T14:36:23+00:00","article_modified_time":"2021-04-06T08:12:11+00:00","og_image":[{"width":1220,"height":664,"url":"https:\/\/reachextra.com\/wp-content\/uploads\/2021\/04\/Gibraltarians-world-war-one-reachextra.jpg","type":"image\/jpeg"}],"author":"ReachExtra","twitter_card":"summary_large_image","twitter_creator":"@reachextra","twitter_site":"@reachextra","twitter_misc":{"Escrito por":"ReachExtra","Tiempo de lectura":"6 minutos"},"schema":{"@context":"https:\/\/schema.org","@graph":[{"@type":"Article","@id":"https:\/\/reachextra.com\/es\/combatientes-gibraltarenos-parte-ii\/#article","isPartOf":{"@id":"https:\/\/reachextra.com\/es\/combatientes-gibraltarenos-parte-ii\/"},"author":{"name":"ReachExtra","@id":"https:\/\/reachextra.com\/es\/#\/schema\/person\/5bf8196030cf130091162668b52085df"},"headline":"Combatientes Gibraltare\u00f1os en la Primera Guerra Mundial: Segunda Parte","datePublished":"2021-04-04T14:36:23+00:00","dateModified":"2021-04-06T08:12:11+00:00","mainEntityOfPage":{"@id":"https:\/\/reachextra.com\/es\/combatientes-gibraltarenos-parte-ii\/"},"wordCount":1007,"publisher":{"@id":"https:\/\/reachextra.com\/es\/#organization"},"image":{"@id":"https:\/\/reachextra.com\/es\/combatientes-gibraltarenos-parte-ii\/#primaryimage"},"thumbnailUrl":"https:\/\/reachextra.com\/wp-content\/uploads\/2021\/04\/Gibraltarians-world-war-one-reachextra.jpg","keywords":["Gibraltar","Historia","Joseph Patron","Percy Baglietto","primera guerra mundial","Solomon Abraham Benzecry","World War one"],"articleSection":["Historia","Tendencias"],"inLanguage":"es"},{"@type":"WebPage","@id":"https:\/\/reachextra.com\/es\/combatientes-gibraltarenos-parte-ii\/","url":"https:\/\/reachextra.com\/es\/combatientes-gibraltarenos-parte-ii\/","name":"Combatientes Gibraltare\u00f1os en la Primera Guerra Mundial: Segunda Parte","isPartOf":{"@id":"https:\/\/reachextra.com\/es\/#website"},"primaryImageOfPage":{"@id":"https:\/\/reachextra.com\/es\/combatientes-gibraltarenos-parte-ii\/#primaryimage"},"image":{"@id":"https:\/\/reachextra.com\/es\/combatientes-gibraltarenos-parte-ii\/#primaryimage"},"thumbnailUrl":"https:\/\/reachextra.com\/wp-content\/uploads\/2021\/04\/Gibraltarians-world-war-one-reachextra.jpg","datePublished":"2021-04-04T14:36:23+00:00","dateModified":"2021-04-06T08:12:11+00:00","description":"Cuando los dos batallones de infanter\u00eda brit\u00e1nicos residentes en la guarnici\u00f3n fueron retirados en agosto de 1914 y enviados al frente...","breadcrumb":{"@id":"https:\/\/reachextra.com\/es\/combatientes-gibraltarenos-parte-ii\/#breadcrumb"},"inLanguage":"es","potentialAction":[{"@type":"ReadAction","target":["https:\/\/reachextra.com\/es\/combatientes-gibraltarenos-parte-ii\/"]}]},{"@type":"ImageObject","inLanguage":"es","@id":"https:\/\/reachextra.com\/es\/combatientes-gibraltarenos-parte-ii\/#primaryimage","url":"https:\/\/reachextra.com\/wp-content\/uploads\/2021\/04\/Gibraltarians-world-war-one-reachextra.jpg","contentUrl":"https:\/\/reachextra.com\/wp-content\/uploads\/2021\/04\/Gibraltarians-world-war-one-reachextra.jpg","width":1220,"height":664,"caption":"Gibraltarians World War One WWI"},{"@type":"BreadcrumbList","@id":"https:\/\/reachextra.com\/es\/combatientes-gibraltarenos-parte-ii\/#breadcrumb","itemListElement":[{"@type":"ListItem","position":1,"name":"Home","item":"https:\/\/reachextra.com\/es\/"},{"@type":"ListItem","position":2,"name":"Historia","item":"https:\/\/reachextra.com\/es\/category\/historia\/"},{"@type":"ListItem","position":3,"name":"Combatientes Gibraltare\u00f1os en la Primera Guerra Mundial: Segunda Parte"}]},{"@type":"WebSite","@id":"https:\/\/reachextra.com\/es\/#website","url":"https:\/\/reachextra.com\/es\/","name":"ReachExtra","description":" Reach-Alcance en Espa\u00f1ol | Gibraltar | Campo de Gibraltar","publisher":{"@id":"https:\/\/reachextra.com\/es\/#organization"},"potentialAction":[{"@type":"SearchAction","target":{"@type":"EntryPoint","urlTemplate":"https:\/\/reachextra.com\/es\/?s={search_term_string}"},"query-input":{"@type":"PropertyValueSpecification","valueRequired":true,"valueName":"search_term_string"}}],"inLanguage":"es"},{"@type":"Organization","@id":"https:\/\/reachextra.com\/es\/#organization","name":"Reach-Alcance","url":"https:\/\/reachextra.com\/es\/","logo":{"@type":"ImageObject","inLanguage":"es","@id":"https:\/\/reachextra.com\/es\/#\/schema\/logo\/image\/","url":"https:\/\/www.reachextra.com\/wp-content\/uploads\/2018\/12\/Reach-Alcance-LOGO-HDPI.jpg","contentUrl":"https:\/\/www.reachextra.com\/wp-content\/uploads\/2018\/12\/Reach-Alcance-LOGO-HDPI.jpg","width":750,"height":474,"caption":"Reach-Alcance"},"image":{"@id":"https:\/\/reachextra.com\/es\/#\/schema\/logo\/image\/"},"sameAs":["http:\/\/www.facebook.com\/reachextra","https:\/\/x.com\/reachextra","http:\/\/reach.extra","https:\/\/www.linkedin.com\/company\/reach-alcance\/"]},{"@type":"Person","@id":"https:\/\/reachextra.com\/es\/#\/schema\/person\/5bf8196030cf130091162668b52085df","name":"ReachExtra","image":{"@type":"ImageObject","inLanguage":"es","@id":"https:\/\/reachextra.com\/es\/#\/schema\/person\/image\/","url":"https:\/\/secure.gravatar.com\/avatar\/11e9f37f3773887633d17fdf580220857b1599038456e2f031ce0efd2f41a394?s=96&d=mm&r=g","contentUrl":"https:\/\/secure.gravatar.com\/avatar\/11e9f37f3773887633d17fdf580220857b1599038456e2f031ce0efd2f41a394?s=96&d=mm&r=g","caption":"ReachExtra"},"sameAs":["http:\/\/www.reachextra.com"]}]}},"jetpack_featured_media_url":"https:\/\/reachextra.com\/wp-content\/uploads\/2021\/04\/Gibraltarians-world-war-one-reachextra.jpg","wps_subtitle":"Teniente Coronel F Brancato OBE JP","jetpack_sharing_enabled":true,"_links":{"self":[{"href":"https:\/\/reachextra.com\/es\/wp-json\/wp\/v2\/posts\/18726","targetHints":{"allow":["GET"]}}],"collection":[{"href":"https:\/\/reachextra.com\/es\/wp-json\/wp\/v2\/posts"}],"about":[{"href":"https:\/\/reachextra.com\/es\/wp-json\/wp\/v2\/types\/post"}],"author":[{"embeddable":true,"href":"https:\/\/reachextra.com\/es\/wp-json\/wp\/v2\/users\/1"}],"replies":[{"embeddable":true,"href":"https:\/\/reachextra.com\/es\/wp-json\/wp\/v2\/comments?post=18726"}],"version-history":[{"count":3,"href":"https:\/\/reachextra.com\/es\/wp-json\/wp\/v2\/posts\/18726\/revisions"}],"predecessor-version":[{"id":18729,"href":"https:\/\/reachextra.com\/es\/wp-json\/wp\/v2\/posts\/18726\/revisions\/18729"}],"wp:featuredmedia":[{"embeddable":true,"href":"https:\/\/reachextra.com\/es\/wp-json\/wp\/v2\/media\/18716"}],"wp:attachment":[{"href":"https:\/\/reachextra.com\/es\/wp-json\/wp\/v2\/media?parent=18726"}],"wp:term":[{"taxonomy":"category","embeddable":true,"href":"https:\/\/reachextra.com\/es\/wp-json\/wp\/v2\/categories?post=18726"},{"taxonomy":"post_tag","embeddable":true,"href":"https:\/\/reachextra.com\/es\/wp-json\/wp\/v2\/tags?post=18726"},{"taxonomy":"adace-sponsor","embeddable":true,"href":"https:\/\/reachextra.com\/es\/wp-json\/wp\/v2\/adace-sponsor?post=18726"}],"curies":[{"name":"wp","href":"https:\/\/api.w.org\/{rel}","templated":true}]}}