{"id":18697,"date":"2021-04-01T10:49:30","date_gmt":"2021-04-01T08:49:30","guid":{"rendered":"https:\/\/www.reachextra.com\/la-linea-satelites\/"},"modified":"2021-04-01T12:02:46","modified_gmt":"2021-04-01T10:02:46","slug":"la-linea-satelites","status":"publish","type":"post","link":"https:\/\/reachextra.com\/es\/la-linea-satelites\/","title":{"rendered":"La L\u00ednea se prepara para acoger un centro de excelencia tecnol\u00f3gica de sat\u00e9lites de comunicaci\u00f3n de bajo coste"},"content":{"rendered":"\n<p><strong>Dos empresarios linenses, Carlos Moreira (fundador de WISeKey) y Juli\u00e1n Fern\u00e1ndez (CEO de Fossa Systems) proyectan ubicar en su ciudad natal un centro de manufactura de WISeSat y una estaci\u00f3n terrestre.<\/strong><\/p>\n\n\n\n<figure class=\"wp-block-image size-large\"><img loading=\"lazy\" decoding=\"async\" width=\"700\" height=\"450\" src=\"https:\/\/www.reachextra.com\/wp-content\/uploads\/2021\/04\/juan-fernandez-carlos-moreira-la-linea-de-la-concepcion-reachextra.jpg\" alt=\"Carlos Moreira Juli\u00e1n Fern\u00e1ndez WiseSat La Linea Fossa\" class=\"wp-image-18686\" srcset=\"https:\/\/reachextra.com\/wp-content\/uploads\/2021\/04\/juan-fernandez-carlos-moreira-la-linea-de-la-concepcion-reachextra.jpg 700w, https:\/\/reachextra.com\/wp-content\/uploads\/2021\/04\/juan-fernandez-carlos-moreira-la-linea-de-la-concepcion-reachextra-300x193.jpg 300w, https:\/\/reachextra.com\/wp-content\/uploads\/2021\/04\/juan-fernandez-carlos-moreira-la-linea-de-la-concepcion-reachextra-561x361.jpg 561w, https:\/\/reachextra.com\/wp-content\/uploads\/2021\/04\/juan-fernandez-carlos-moreira-la-linea-de-la-concepcion-reachextra-364x234.jpg 364w, https:\/\/reachextra.com\/wp-content\/uploads\/2021\/04\/juan-fernandez-carlos-moreira-la-linea-de-la-concepcion-reachextra-608x391.jpg 608w, https:\/\/reachextra.com\/wp-content\/uploads\/2021\/04\/juan-fernandez-carlos-moreira-la-linea-de-la-concepcion-reachextra-75x48.jpg 75w, https:\/\/reachextra.com\/wp-content\/uploads\/2021\/04\/juan-fernandez-carlos-moreira-la-linea-de-la-concepcion-reachextra-149x96.jpg 149w, https:\/\/reachextra.com\/wp-content\/uploads\/2021\/04\/juan-fernandez-carlos-moreira-la-linea-de-la-concepcion-reachextra-313x201.jpg 313w\" sizes=\"auto, (max-width: 700px) 100vw, 700px\" \/><figcaption><strong>Carlos Moreira (fundador de WISeKey) y Juli\u00e1n Fern\u00e1ndez (CEO de Fossa Systems)<\/strong><\/figcaption><\/figure>\n\n\n\n<p>La L\u00ednea de la Concepci\u00f3n podr\u00eda convertirse, en un futuro no muy lejano, en un centro de excelencia tecnol\u00f3gica para la manufactura y comercializaci\u00f3n de sat\u00e9lites de comunicaci\u00f3n \u201clow cost\u201d. Al menos, as\u00ed lo han anunciado durante este mes de marzo los dos impulsores del proyecto, los emprendedores linenses Carlos Moreira, fundador de WISeKey, y Juli\u00e1n Fern\u00e1ndez, CEO de Fossa Systems. <\/p>\n\n\n\n<p>En el acto de presentaci\u00f3n del proyecto, celebrado de forma telem\u00e1tica, participaron tambien el alcalde de esta ciudad gaditana, Juan Franco, y David Abad, sistente en la zona del fundador de WISeKey.<\/p>\n\n\n\n<p>El acuerdo empresarial entre Moreira y Fern\u00e1ndez pretende aprovechar las potencialidades que ofrece \u201cla ubicaci\u00f3n estrat\u00e9gica de La L\u00ednea, sus componentes geogr\u00e1ficos y la cercan\u00eda con Gibraltar\u201d, lo que, en opini\u00f3n de estos invesores, le permitir\u00edan posicionarse como \u201ccentro de conexi\u00f3n en este campo entre Europa y \u00c1frica\u201d. <\/p>\n\n\n\n<figure class=\"wp-block-image size-large\"><img loading=\"lazy\" decoding=\"async\" width=\"700\" height=\"560\" src=\"https:\/\/www.reachextra.com\/wp-content\/uploads\/2021\/04\/fossa-satelite-la-linea-3.jpg\" alt=\"\" class=\"wp-image-18705\" srcset=\"https:\/\/reachextra.com\/wp-content\/uploads\/2021\/04\/fossa-satelite-la-linea-3.jpg 700w, https:\/\/reachextra.com\/wp-content\/uploads\/2021\/04\/fossa-satelite-la-linea-3-300x240.jpg 300w, https:\/\/reachextra.com\/wp-content\/uploads\/2021\/04\/fossa-satelite-la-linea-3-561x449.jpg 561w, https:\/\/reachextra.com\/wp-content\/uploads\/2021\/04\/fossa-satelite-la-linea-3-364x291.jpg 364w, https:\/\/reachextra.com\/wp-content\/uploads\/2021\/04\/fossa-satelite-la-linea-3-608x486.jpg 608w, https:\/\/reachextra.com\/wp-content\/uploads\/2021\/04\/fossa-satelite-la-linea-3-60x48.jpg 60w, https:\/\/reachextra.com\/wp-content\/uploads\/2021\/04\/fossa-satelite-la-linea-3-120x96.jpg 120w, https:\/\/reachextra.com\/wp-content\/uploads\/2021\/04\/fossa-satelite-la-linea-3-313x250.jpg 313w\" sizes=\"auto, (max-width: 700px) 100vw, 700px\" \/><\/figure>\n\n\n\n<p>As\u00ed lo defendi\u00f3 en el referido acto online Carlos Moreira, que detall\u00f3 ante los medios de comunicaci\u00f3n el importante acuerdo al que ha llegado con Juli\u00e1n Fern\u00e1ndez y la decisi\u00f3n de invertir en su empresa, al tratarse, seg\u00fan sus propias palabras, de \u201cun joven innovador con grandes visiones de futuro\u201d.<\/p>\n\n\n\n<figure class=\"wp-block-image size-large\"><img loading=\"lazy\" decoding=\"async\" width=\"700\" height=\"475\" src=\"https:\/\/www.reachextra.com\/wp-content\/uploads\/2021\/04\/fossa-1-satellite-spain-la-linea-reachextra-2.jpg\" alt=\"Carlos Moreira Juli\u00e1n Fern\u00e1ndez WiseSat La Linea Fossa\" class=\"wp-image-18682\" srcset=\"https:\/\/reachextra.com\/wp-content\/uploads\/2021\/04\/fossa-1-satellite-spain-la-linea-reachextra-2.jpg 700w, https:\/\/reachextra.com\/wp-content\/uploads\/2021\/04\/fossa-1-satellite-spain-la-linea-reachextra-2-300x204.jpg 300w, https:\/\/reachextra.com\/wp-content\/uploads\/2021\/04\/fossa-1-satellite-spain-la-linea-reachextra-2-561x381.jpg 561w, https:\/\/reachextra.com\/wp-content\/uploads\/2021\/04\/fossa-1-satellite-spain-la-linea-reachextra-2-364x247.jpg 364w, https:\/\/reachextra.com\/wp-content\/uploads\/2021\/04\/fossa-1-satellite-spain-la-linea-reachextra-2-608x413.jpg 608w, https:\/\/reachextra.com\/wp-content\/uploads\/2021\/04\/fossa-1-satellite-spain-la-linea-reachextra-2-71x48.jpg 71w, https:\/\/reachextra.com\/wp-content\/uploads\/2021\/04\/fossa-1-satellite-spain-la-linea-reachextra-2-141x96.jpg 141w, https:\/\/reachextra.com\/wp-content\/uploads\/2021\/04\/fossa-1-satellite-spain-la-linea-reachextra-2-313x212.jpg 313w\" sizes=\"auto, (max-width: 700px) 100vw, 700px\" \/><\/figure>\n\n\n\n<p>Tal y como recogi\u00f3 posteriormente el propio Ayuntamiento en un comunicado de prensa, el objetivo es concentrar la inversi\u00f3n en La L\u00ednea mediante el desarrollo de \u201cun plan de viabilidad en varias etapas, contando con una planificaci\u00f3n estrat\u00e9gica a nivel municipal, un trabajo previo de desarrollo, denominaci\u00f3n del proyecto para poder internacionalizarlo y la creaci\u00f3n de redes de conexi\u00f3n con otras grandes empresas, que permitieran crear una f\u00e1brica de microsat\u00e9lites IoT (Internet Of Things), con la aportaci\u00f3n de WISekey como motor de atracci\u00f3n para otros inversores\u201d.<\/p>\n\n\n\n<p>Inicialmente, se plantea incluso la posibilidad de que el municipio pueda llegar a disponer de una estaci\u00f3n terrestre para los WiseSat, como centro receptor para conectarse a los sat\u00e9lites WISeSat, que, seg\u00fan se ha anunciado, van a ser enviados al espacio a finales de este mismo a\u00f1o, 2021. \n<\/p>\n\n\n\n<p>Seg\u00fan detall\u00f3 Carlos Moreira, este receptor sat\u00e9lite ser\u00eda la \u201cpiedra angular\u201d para la creaci\u00f3n de un Hub Technologico, que m\u00e1s tarde ser\u00eda conectado con Gibraltar y \u00c1frica.<\/p>\n\n\n\n<figure class=\"wp-block-image size-large\"><img loading=\"lazy\" decoding=\"async\" width=\"700\" height=\"394\" src=\"https:\/\/www.reachextra.com\/wp-content\/uploads\/2021\/04\/fossa-satelite-la-linea-2.jpg\" alt=\"\" class=\"wp-image-18703\" srcset=\"https:\/\/reachextra.com\/wp-content\/uploads\/2021\/04\/fossa-satelite-la-linea-2.jpg 700w, https:\/\/reachextra.com\/wp-content\/uploads\/2021\/04\/fossa-satelite-la-linea-2-300x169.jpg 300w, https:\/\/reachextra.com\/wp-content\/uploads\/2021\/04\/fossa-satelite-la-linea-2-192x108.jpg 192w, https:\/\/reachextra.com\/wp-content\/uploads\/2021\/04\/fossa-satelite-la-linea-2-384x216.jpg 384w, https:\/\/reachextra.com\/wp-content\/uploads\/2021\/04\/fossa-satelite-la-linea-2-364x205.jpg 364w, https:\/\/reachextra.com\/wp-content\/uploads\/2021\/04\/fossa-satelite-la-linea-2-561x316.jpg 561w, https:\/\/reachextra.com\/wp-content\/uploads\/2021\/04\/fossa-satelite-la-linea-2-608x342.jpg 608w, https:\/\/reachextra.com\/wp-content\/uploads\/2021\/04\/fossa-satelite-la-linea-2-85x48.jpg 85w, https:\/\/reachextra.com\/wp-content\/uploads\/2021\/04\/fossa-satelite-la-linea-2-171x96.jpg 171w, https:\/\/reachextra.com\/wp-content\/uploads\/2021\/04\/fossa-satelite-la-linea-2-313x176.jpg 313w\" sizes=\"auto, (max-width: 700px) 100vw, 700px\" \/><\/figure>\n\n\n\n<p>WISeKey, empresa que cotiza en el NASDAQ, ser\u00e1 la responsable de la primera inversi\u00f3n, tanto para el lanzamiento de la constelaci\u00f3n de sat\u00e9lites como para la construcci\u00f3n del centro receptor en La L\u00ednea de la Concepci\u00f3n, aunque tambi\u00e9n se buscar\u00e1 el apoyo de otros inversores y de potenciales importantes clientes.<\/p>\n\n\n\n<h2 class=\"wp-block-heading\" id=\"h-contactos-con-el-gobierno-de-gibraltar\">Contactos con el Gobierno de Gibraltar<\/h2>\n\n\n\n<figure class=\"wp-block-image size-large\"><img loading=\"lazy\" decoding=\"async\" width=\"664\" height=\"443\" src=\"https:\/\/www.reachextra.com\/wp-content\/uploads\/2020\/05\/la-linea-2020-Reach-alcance.jpg\" alt=\"La L\u00ednea Faces the Economic Crisis Caused by COVID19\" class=\"wp-image-14436\" srcset=\"https:\/\/reachextra.com\/wp-content\/uploads\/2020\/05\/la-linea-2020-Reach-alcance.jpg 664w, https:\/\/reachextra.com\/wp-content\/uploads\/2020\/05\/la-linea-2020-Reach-alcance-300x200.jpg 300w, https:\/\/reachextra.com\/wp-content\/uploads\/2020\/05\/la-linea-2020-Reach-alcance-180x120.jpg 180w, https:\/\/reachextra.com\/wp-content\/uploads\/2020\/05\/la-linea-2020-Reach-alcance-561x374.jpg 561w, https:\/\/reachextra.com\/wp-content\/uploads\/2020\/05\/la-linea-2020-Reach-alcance-364x243.jpg 364w, https:\/\/reachextra.com\/wp-content\/uploads\/2020\/05\/la-linea-2020-Reach-alcance-608x406.jpg 608w, https:\/\/reachextra.com\/wp-content\/uploads\/2020\/05\/la-linea-2020-Reach-alcance-72x48.jpg 72w, https:\/\/reachextra.com\/wp-content\/uploads\/2020\/05\/la-linea-2020-Reach-alcance-144x96.jpg 144w, https:\/\/reachextra.com\/wp-content\/uploads\/2020\/05\/la-linea-2020-Reach-alcance-313x209.jpg 313w\" sizes=\"auto, (max-width: 664px) 100vw, 664px\" \/><\/figure>\n\n\n\n<p>Con respecto a los contactos llevados a cabo en los \u00faltimos a\u00f1os para poder sacar adelante este sorprendente proyecto, durante la rueda de prensa online se destacaron las \u201cconversaciones\u201d que, seg\u00fan explic\u00f3 Moreira, ya se han mantenido con el gobierno de Gibraltar para lograr su inclusi\u00f3n, \u201cen base a las necesidades de la colonia para disponer de esta tecnolog\u00eda y las dificultades que afronta actualmente ante las consecuencias derivadas del Brexit, en el caso de la concesi\u00f3n de certificaciones europeas en este \u00e1mbito\u201d.<\/p>\n\n\n\n<p>La decisi\u00f3n de crear un centro de construcci\u00f3n de sat\u00e9lites a nivel local podr\u00eda suponer tambi\u00e9n el desarrollo, por parte de WISekey, de un centro de ciberseguridad, un proyecto de a\u00fan m\u00e1s envergadura para el que ser\u00eda necesario generar en el municipio una serie de \u201ccondiciones b\u00e1sicas\u201d, en aspectos tales como la formaci\u00f3n, la creaci\u00f3n de plataformas y centros de difusi\u00f3n en el \u00e1mbito universitario, as\u00ed como la siempre imprescindible implicaci\u00f3n pol\u00edtica.<\/p>\n\n\n\n<figure class=\"wp-block-image size-large\"><img loading=\"lazy\" decoding=\"async\" width=\"700\" height=\"467\" src=\"https:\/\/www.reachextra.com\/wp-content\/uploads\/2020\/09\/Rock-of-gibraltar-2020-tourism-travel-covid-3.jpg\" alt=\"Gibraltar Tourism Industry 2020 Travel restrictions regulations\" class=\"wp-image-15659\" srcset=\"https:\/\/reachextra.com\/wp-content\/uploads\/2020\/09\/Rock-of-gibraltar-2020-tourism-travel-covid-3.jpg 700w, https:\/\/reachextra.com\/wp-content\/uploads\/2020\/09\/Rock-of-gibraltar-2020-tourism-travel-covid-3-300x200.jpg 300w, https:\/\/reachextra.com\/wp-content\/uploads\/2020\/09\/Rock-of-gibraltar-2020-tourism-travel-covid-3-180x120.jpg 180w, https:\/\/reachextra.com\/wp-content\/uploads\/2020\/09\/Rock-of-gibraltar-2020-tourism-travel-covid-3-561x374.jpg 561w, https:\/\/reachextra.com\/wp-content\/uploads\/2020\/09\/Rock-of-gibraltar-2020-tourism-travel-covid-3-364x243.jpg 364w, https:\/\/reachextra.com\/wp-content\/uploads\/2020\/09\/Rock-of-gibraltar-2020-tourism-travel-covid-3-608x406.jpg 608w, https:\/\/reachextra.com\/wp-content\/uploads\/2020\/09\/Rock-of-gibraltar-2020-tourism-travel-covid-3-72x48.jpg 72w, https:\/\/reachextra.com\/wp-content\/uploads\/2020\/09\/Rock-of-gibraltar-2020-tourism-travel-covid-3-144x96.jpg 144w, https:\/\/reachextra.com\/wp-content\/uploads\/2020\/09\/Rock-of-gibraltar-2020-tourism-travel-covid-3-313x209.jpg 313w\" sizes=\"auto, (max-width: 700px) 100vw, 700px\" \/><\/figure>\n\n\n\n<p>\u201cEl objetivo es desarrollar una constelaci\u00f3n de sat\u00e9lites de bajo coste que permitan todo tipo de comunicaciones seguras\u201d, un segmento de comunicaciones por sat\u00e9lite que, seg\u00fan Carlos Moreira, cuenta en la actualidad \u201ccon un enorme potencial de crecimiento\u201d. <\/p>\n\n\n\n<p>En este sentido, el fundador de WISeKey ha destacado su participaci\u00f3n, desde los inicios, en el proyecto del \u201cM\u00e1laga Valley\u201d, cuyo desarrollo se ha prolongado durante diez a\u00f1os hasta posibilitar la creaci\u00f3n del Parque Tecnol\u00f3gico y que \u00e9ste ya ofrezca, en estos momentos, una visi\u00f3n m\u00e1s internacional.<\/p>\n\n\n\n<h2 class=\"wp-block-heading\" id=\"h-el-primer-mini-sat-lite-fossasat-1-enviado-al-espacio-en-diciembre-de-2019\">El primer mini sat\u00e9lite FossaSat-1, enviado al espacio en diciembre de 2019<\/h2>\n\n\n\n<figure class=\"wp-block-image size-large\"><img loading=\"lazy\" decoding=\"async\" width=\"700\" height=\"465\" src=\"https:\/\/www.reachextra.com\/wp-content\/uploads\/2021\/04\/fossa-1-satellite-spain-la-linea-reachextra-3.jpg\" alt=\"Carlos Moreira Juli\u00e1n Fern\u00e1ndez WiseSat La Linea Fossa\" class=\"wp-image-18684\" srcset=\"https:\/\/reachextra.com\/wp-content\/uploads\/2021\/04\/fossa-1-satellite-spain-la-linea-reachextra-3.jpg 700w, https:\/\/reachextra.com\/wp-content\/uploads\/2021\/04\/fossa-1-satellite-spain-la-linea-reachextra-3-300x199.jpg 300w, https:\/\/reachextra.com\/wp-content\/uploads\/2021\/04\/fossa-1-satellite-spain-la-linea-reachextra-3-180x120.jpg 180w, https:\/\/reachextra.com\/wp-content\/uploads\/2021\/04\/fossa-1-satellite-spain-la-linea-reachextra-3-561x373.jpg 561w, https:\/\/reachextra.com\/wp-content\/uploads\/2021\/04\/fossa-1-satellite-spain-la-linea-reachextra-3-364x242.jpg 364w, https:\/\/reachextra.com\/wp-content\/uploads\/2021\/04\/fossa-1-satellite-spain-la-linea-reachextra-3-608x404.jpg 608w, https:\/\/reachextra.com\/wp-content\/uploads\/2021\/04\/fossa-1-satellite-spain-la-linea-reachextra-3-72x48.jpg 72w, https:\/\/reachextra.com\/wp-content\/uploads\/2021\/04\/fossa-1-satellite-spain-la-linea-reachextra-3-145x96.jpg 145w, https:\/\/reachextra.com\/wp-content\/uploads\/2021\/04\/fossa-1-satellite-spain-la-linea-reachextra-3-313x208.jpg 313w\" sizes=\"auto, (max-width: 700px) 100vw, 700px\" \/><\/figure>\n\n\n\n<p>Juli\u00e1n Fern\u00e1ndez ha destcado lo que supone, para una empresa joven como la suya, la creaci\u00f3n de \u201csinergias\u201d entre empresarios del mismo entorno, poniendo como ejemplo el acuerdo al que ha llegado con el fundador de WISekey, al que ha querido agradecer p\u00fablicamente su implicaci\u00f3n en el proyecto y la experiencia aportada.<\/p>\n\n\n\n<p>Fern\u00e1ndez envi\u00f3 al espacio, en diciembre de 2019, un mini sat\u00e9lite FossaSat-1 dise\u00f1ado por \u00e9l y sus socios de la organizaci\u00f3n Fossa Systems, mediante el cual la se\u00f1al de internet puede llegar a los lugares m\u00e1s rec\u00f3nditos del planeta. Algo que, seg\u00fan destac\u00f3 Moreira, hizo \u201ccon muy pocos medios\u201d, antes incluso de terminar la carrera universitaria, y utilizando para ello materiales accesibles, que iba consiguiendo por internet.<\/p>\n\n\n\n<figure class=\"wp-block-image size-large\"><img loading=\"lazy\" decoding=\"async\" width=\"700\" height=\"700\" src=\"https:\/\/www.reachextra.com\/wp-content\/uploads\/2021\/04\/julian-fernandez-fossa.jpg\" alt=\"\" class=\"wp-image-18688\" srcset=\"https:\/\/reachextra.com\/wp-content\/uploads\/2021\/04\/julian-fernandez-fossa.jpg 700w, https:\/\/reachextra.com\/wp-content\/uploads\/2021\/04\/julian-fernandez-fossa-300x300.jpg 300w, https:\/\/reachextra.com\/wp-content\/uploads\/2021\/04\/julian-fernandez-fossa-150x150.jpg 150w, https:\/\/reachextra.com\/wp-content\/uploads\/2021\/04\/julian-fernandez-fossa-192x192.jpg 192w, https:\/\/reachextra.com\/wp-content\/uploads\/2021\/04\/julian-fernandez-fossa-384x384.jpg 384w, https:\/\/reachextra.com\/wp-content\/uploads\/2021\/04\/julian-fernandez-fossa-110x110.jpg 110w, https:\/\/reachextra.com\/wp-content\/uploads\/2021\/04\/julian-fernandez-fossa-220x220.jpg 220w, https:\/\/reachextra.com\/wp-content\/uploads\/2021\/04\/julian-fernandez-fossa-561x561.jpg 561w, https:\/\/reachextra.com\/wp-content\/uploads\/2021\/04\/julian-fernandez-fossa-364x364.jpg 364w, https:\/\/reachextra.com\/wp-content\/uploads\/2021\/04\/julian-fernandez-fossa-608x608.jpg 608w, https:\/\/reachextra.com\/wp-content\/uploads\/2021\/04\/julian-fernandez-fossa-440x440.jpg 440w, https:\/\/reachextra.com\/wp-content\/uploads\/2021\/04\/julian-fernandez-fossa-48x48.jpg 48w, https:\/\/reachextra.com\/wp-content\/uploads\/2021\/04\/julian-fernandez-fossa-96x96.jpg 96w, https:\/\/reachextra.com\/wp-content\/uploads\/2021\/04\/julian-fernandez-fossa-311x311.jpg 311w, https:\/\/reachextra.com\/wp-content\/uploads\/2021\/04\/julian-fernandez-fossa-313x313.jpg 313w\" sizes=\"auto, (max-width: 700px) 100vw, 700px\" \/><figcaption><strong>Juli\u00e1n Fern\u00e1ndez (CEO of Fossa Systems)<\/strong><\/figcaption><\/figure>\n\n\n\n<p>Por su parte, elcalde de La L\u00ednea, Juan Franco, se ha mostrado encantado con el proyecto y ha declarado tambi\u00e9 sentirse \u201cmuy orgulloso de poder contar con dos linenses, actualmente figuras en el campo de la tecnolog\u00eda\u201d, agradeci\u00e9ndoles su \u201cactitud decidida\u201d por invertir en la ciudad. De sus palabras se desprende que el proyecta cuenta con todo el apoyo e implicaci\u00f3n del Ayuntamiento de La L\u00ednea\u2026 un factor m\u00e1s para que pueda convertirse, dentro de no mucho tiempo, en una realidad.<\/p>\n","protected":false},"excerpt":{"rendered":"<p>Linenses, Carlos Moreira (fundador de WISeKey) y Juli\u00e1n Fern\u00e1ndez (CEO de Fossa Systems) proyectan ubicar en su ciudad&#8230; <a class=\"g1-link g1-link-more\" href=\"https:\/\/reachextra.com\/es\/la-linea-satelites\/\">More<\/a><\/p>\n","protected":false},"author":1,"featured_media":18680,"comment_status":"closed","ping_status":"closed","sticky":false,"template":"","format":"standard","meta":{"_jetpack_memberships_contains_paid_content":false,"footnotes":""},"categories":[226,225],"tags":[14932,14930,4922,14933,1417,242,14931],"adace-sponsor":[],"class_list":{"0":"post-18697","1":"post","2":"type-post","3":"status-publish","4":"format-standard","5":"has-post-thumbnail","7":"category-noticias-es","8":"category-tendencias","9":"tag-carlos-moreira-es","10":"tag-fossa-es","11":"tag-juan-franco-es","12":"tag-julian-fernandez-es","13":"tag-la-linea-de-la-concepcion-es","14":"tag-rosario-perez-es","15":"tag-wisekey-es"},"yoast_head":"<!-- This site is optimized with the Yoast SEO Premium plugin v19.5 (Yoast SEO v26.7) - https:\/\/yoast.com\/wordpress\/plugins\/seo\/ -->\n<title>La L\u00ednea se prepara para acoger un centro de excelencia tecnol\u00f3gica de sat\u00e9lites de comunicaci\u00f3n de bajo coste<\/title>\n<meta name=\"description\" content=\"Linenses, Carlos Moreira (fundador de WISeKey) y Juli\u00e1n Fern\u00e1ndez (CEO de Fossa Systems) proyectan ubicar en su ciudad...\" \/>\n<meta name=\"robots\" content=\"index, follow, max-snippet:-1, max-image-preview:large, max-video-preview:-1\" \/>\n<link rel=\"canonical\" href=\"https:\/\/reachextra.com\/es\/la-linea-satelites\/\" \/>\n<meta property=\"og:locale\" content=\"es_ES\" \/>\n<meta property=\"og:type\" content=\"article\" \/>\n<meta property=\"og:title\" content=\"La L\u00ednea se prepara para acoger un centro de excelencia tecnol\u00f3gica de sat\u00e9lites de comunicaci\u00f3n de bajo coste\" \/>\n<meta property=\"og:description\" content=\"Linenses, Carlos Moreira (fundador de WISeKey) y Juli\u00e1n Fern\u00e1ndez (CEO de Fossa Systems) proyectan ubicar en su ciudad...\" \/>\n<meta property=\"og:url\" content=\"https:\/\/reachextra.com\/es\/la-linea-satelites\/\" \/>\n<meta property=\"og:site_name\" content=\"ReachExtra\" \/>\n<meta property=\"article:publisher\" content=\"http:\/\/www.facebook.com\/reachextra\" \/>\n<meta property=\"article:published_time\" content=\"2021-04-01T08:49:30+00:00\" \/>\n<meta property=\"article:modified_time\" content=\"2021-04-01T10:02:46+00:00\" \/>\n<meta property=\"og:image\" content=\"https:\/\/reachextra.com\/wp-content\/uploads\/2021\/04\/fossa-1-satellite-spain-la-linea-reachextra.jpg\" \/>\n\t<meta property=\"og:image:width\" content=\"1220\" \/>\n\t<meta property=\"og:image:height\" content=\"664\" \/>\n\t<meta property=\"og:image:type\" content=\"image\/jpeg\" \/>\n<meta name=\"author\" content=\"ReachExtra\" \/>\n<meta name=\"twitter:card\" content=\"summary_large_image\" \/>\n<meta name=\"twitter:creator\" content=\"@reachextra\" \/>\n<meta name=\"twitter:site\" content=\"@reachextra\" \/>\n<meta name=\"twitter:label1\" content=\"Escrito por\" \/>\n\t<meta name=\"twitter:data1\" content=\"ReachExtra\" \/>\n\t<meta name=\"twitter:label2\" content=\"Tiempo de lectura\" \/>\n\t<meta name=\"twitter:data2\" content=\"6 minutos\" \/>\n<script type=\"application\/ld+json\" class=\"yoast-schema-graph\">{\"@context\":\"https:\/\/schema.org\",\"@graph\":[{\"@type\":\"Article\",\"@id\":\"https:\/\/reachextra.com\/es\/la-linea-satelites\/#article\",\"isPartOf\":{\"@id\":\"https:\/\/reachextra.com\/es\/la-linea-satelites\/\"},\"author\":{\"name\":\"ReachExtra\",\"@id\":\"https:\/\/reachextra.com\/es\/#\/schema\/person\/5bf8196030cf130091162668b52085df\"},\"headline\":\"La L\u00ednea se prepara para acoger un centro de excelencia tecnol\u00f3gica de sat\u00e9lites de comunicaci\u00f3n de bajo coste\",\"datePublished\":\"2021-04-01T08:49:30+00:00\",\"dateModified\":\"2021-04-01T10:02:46+00:00\",\"mainEntityOfPage\":{\"@id\":\"https:\/\/reachextra.com\/es\/la-linea-satelites\/\"},\"wordCount\":1038,\"publisher\":{\"@id\":\"https:\/\/reachextra.com\/es\/#organization\"},\"image\":{\"@id\":\"https:\/\/reachextra.com\/es\/la-linea-satelites\/#primaryimage\"},\"thumbnailUrl\":\"https:\/\/reachextra.com\/wp-content\/uploads\/2021\/04\/fossa-1-satellite-spain-la-linea-reachextra.jpg\",\"keywords\":[\"Carlos Moreira\",\"Fossa\",\"Juan Franco\",\"Julian Fernandez\",\"La Linea de la concepcion\",\"Rosario Perez\",\"Wisekey\"],\"articleSection\":[\"Noticias\",\"Tendencias\"],\"inLanguage\":\"es\"},{\"@type\":\"WebPage\",\"@id\":\"https:\/\/reachextra.com\/es\/la-linea-satelites\/\",\"url\":\"https:\/\/reachextra.com\/es\/la-linea-satelites\/\",\"name\":\"La L\u00ednea se prepara para acoger un centro de excelencia tecnol\u00f3gica de sat\u00e9lites de comunicaci\u00f3n de bajo coste\",\"isPartOf\":{\"@id\":\"https:\/\/reachextra.com\/es\/#website\"},\"primaryImageOfPage\":{\"@id\":\"https:\/\/reachextra.com\/es\/la-linea-satelites\/#primaryimage\"},\"image\":{\"@id\":\"https:\/\/reachextra.com\/es\/la-linea-satelites\/#primaryimage\"},\"thumbnailUrl\":\"https:\/\/reachextra.com\/wp-content\/uploads\/2021\/04\/fossa-1-satellite-spain-la-linea-reachextra.jpg\",\"datePublished\":\"2021-04-01T08:49:30+00:00\",\"dateModified\":\"2021-04-01T10:02:46+00:00\",\"description\":\"Linenses, Carlos Moreira (fundador de WISeKey) y Juli\u00e1n Fern\u00e1ndez (CEO de Fossa Systems) proyectan ubicar en su ciudad...\",\"breadcrumb\":{\"@id\":\"https:\/\/reachextra.com\/es\/la-linea-satelites\/#breadcrumb\"},\"inLanguage\":\"es\",\"potentialAction\":[{\"@type\":\"ReadAction\",\"target\":[\"https:\/\/reachextra.com\/es\/la-linea-satelites\/\"]}]},{\"@type\":\"ImageObject\",\"inLanguage\":\"es\",\"@id\":\"https:\/\/reachextra.com\/es\/la-linea-satelites\/#primaryimage\",\"url\":\"https:\/\/reachextra.com\/wp-content\/uploads\/2021\/04\/fossa-1-satellite-spain-la-linea-reachextra.jpg\",\"contentUrl\":\"https:\/\/reachextra.com\/wp-content\/uploads\/2021\/04\/fossa-1-satellite-spain-la-linea-reachextra.jpg\",\"width\":1220,\"height\":664,\"caption\":\"Carlos Moreira Juli\u00e1n Fern\u00e1ndez WiseSat La Linea Fossa\"},{\"@type\":\"BreadcrumbList\",\"@id\":\"https:\/\/reachextra.com\/es\/la-linea-satelites\/#breadcrumb\",\"itemListElement\":[{\"@type\":\"ListItem\",\"position\":1,\"name\":\"Home\",\"item\":\"https:\/\/reachextra.com\/es\/\"},{\"@type\":\"ListItem\",\"position\":2,\"name\":\"Noticias\",\"item\":\"https:\/\/reachextra.com\/es\/category\/noticias-es\/\"},{\"@type\":\"ListItem\",\"position\":3,\"name\":\"La L\u00ednea se prepara para acoger un centro de excelencia tecnol\u00f3gica de sat\u00e9lites de comunicaci\u00f3n de bajo coste\"}]},{\"@type\":\"WebSite\",\"@id\":\"https:\/\/reachextra.com\/es\/#website\",\"url\":\"https:\/\/reachextra.com\/es\/\",\"name\":\"ReachExtra\",\"description\":\" Reach-Alcance en Espa\u00f1ol | Gibraltar | Campo de Gibraltar\",\"publisher\":{\"@id\":\"https:\/\/reachextra.com\/es\/#organization\"},\"potentialAction\":[{\"@type\":\"SearchAction\",\"target\":{\"@type\":\"EntryPoint\",\"urlTemplate\":\"https:\/\/reachextra.com\/es\/?s={search_term_string}\"},\"query-input\":{\"@type\":\"PropertyValueSpecification\",\"valueRequired\":true,\"valueName\":\"search_term_string\"}}],\"inLanguage\":\"es\"},{\"@type\":\"Organization\",\"@id\":\"https:\/\/reachextra.com\/es\/#organization\",\"name\":\"Reach-Alcance\",\"url\":\"https:\/\/reachextra.com\/es\/\",\"logo\":{\"@type\":\"ImageObject\",\"inLanguage\":\"es\",\"@id\":\"https:\/\/reachextra.com\/es\/#\/schema\/logo\/image\/\",\"url\":\"https:\/\/www.reachextra.com\/wp-content\/uploads\/2018\/12\/Reach-Alcance-LOGO-HDPI.jpg\",\"contentUrl\":\"https:\/\/www.reachextra.com\/wp-content\/uploads\/2018\/12\/Reach-Alcance-LOGO-HDPI.jpg\",\"width\":750,\"height\":474,\"caption\":\"Reach-Alcance\"},\"image\":{\"@id\":\"https:\/\/reachextra.com\/es\/#\/schema\/logo\/image\/\"},\"sameAs\":[\"http:\/\/www.facebook.com\/reachextra\",\"https:\/\/x.com\/reachextra\",\"http:\/\/reach.extra\",\"https:\/\/www.linkedin.com\/company\/reach-alcance\/\"]},{\"@type\":\"Person\",\"@id\":\"https:\/\/reachextra.com\/es\/#\/schema\/person\/5bf8196030cf130091162668b52085df\",\"name\":\"ReachExtra\",\"image\":{\"@type\":\"ImageObject\",\"inLanguage\":\"es\",\"@id\":\"https:\/\/reachextra.com\/es\/#\/schema\/person\/image\/\",\"url\":\"https:\/\/secure.gravatar.com\/avatar\/11e9f37f3773887633d17fdf580220857b1599038456e2f031ce0efd2f41a394?s=96&d=mm&r=g\",\"contentUrl\":\"https:\/\/secure.gravatar.com\/avatar\/11e9f37f3773887633d17fdf580220857b1599038456e2f031ce0efd2f41a394?s=96&d=mm&r=g\",\"caption\":\"ReachExtra\"},\"sameAs\":[\"http:\/\/www.reachextra.com\"]}]}<\/script>\n<!-- \/ Yoast SEO Premium plugin. -->","yoast_head_json":{"title":"La L\u00ednea se prepara para acoger un centro de excelencia tecnol\u00f3gica de sat\u00e9lites de comunicaci\u00f3n de bajo coste","description":"Linenses, Carlos Moreira (fundador de WISeKey) y Juli\u00e1n Fern\u00e1ndez (CEO de Fossa Systems) proyectan ubicar en su ciudad...","robots":{"index":"index","follow":"follow","max-snippet":"max-snippet:-1","max-image-preview":"max-image-preview:large","max-video-preview":"max-video-preview:-1"},"canonical":"https:\/\/reachextra.com\/es\/la-linea-satelites\/","og_locale":"es_ES","og_type":"article","og_title":"La L\u00ednea se prepara para acoger un centro de excelencia tecnol\u00f3gica de sat\u00e9lites de comunicaci\u00f3n de bajo coste","og_description":"Linenses, Carlos Moreira (fundador de WISeKey) y Juli\u00e1n Fern\u00e1ndez (CEO de Fossa Systems) proyectan ubicar en su ciudad...","og_url":"https:\/\/reachextra.com\/es\/la-linea-satelites\/","og_site_name":"ReachExtra","article_publisher":"http:\/\/www.facebook.com\/reachextra","article_published_time":"2021-04-01T08:49:30+00:00","article_modified_time":"2021-04-01T10:02:46+00:00","og_image":[{"width":1220,"height":664,"url":"https:\/\/reachextra.com\/wp-content\/uploads\/2021\/04\/fossa-1-satellite-spain-la-linea-reachextra.jpg","type":"image\/jpeg"}],"author":"ReachExtra","twitter_card":"summary_large_image","twitter_creator":"@reachextra","twitter_site":"@reachextra","twitter_misc":{"Escrito por":"ReachExtra","Tiempo de lectura":"6 minutos"},"schema":{"@context":"https:\/\/schema.org","@graph":[{"@type":"Article","@id":"https:\/\/reachextra.com\/es\/la-linea-satelites\/#article","isPartOf":{"@id":"https:\/\/reachextra.com\/es\/la-linea-satelites\/"},"author":{"name":"ReachExtra","@id":"https:\/\/reachextra.com\/es\/#\/schema\/person\/5bf8196030cf130091162668b52085df"},"headline":"La L\u00ednea se prepara para acoger un centro de excelencia tecnol\u00f3gica de sat\u00e9lites de comunicaci\u00f3n de bajo coste","datePublished":"2021-04-01T08:49:30+00:00","dateModified":"2021-04-01T10:02:46+00:00","mainEntityOfPage":{"@id":"https:\/\/reachextra.com\/es\/la-linea-satelites\/"},"wordCount":1038,"publisher":{"@id":"https:\/\/reachextra.com\/es\/#organization"},"image":{"@id":"https:\/\/reachextra.com\/es\/la-linea-satelites\/#primaryimage"},"thumbnailUrl":"https:\/\/reachextra.com\/wp-content\/uploads\/2021\/04\/fossa-1-satellite-spain-la-linea-reachextra.jpg","keywords":["Carlos Moreira","Fossa","Juan Franco","Julian Fernandez","La Linea de la concepcion","Rosario Perez","Wisekey"],"articleSection":["Noticias","Tendencias"],"inLanguage":"es"},{"@type":"WebPage","@id":"https:\/\/reachextra.com\/es\/la-linea-satelites\/","url":"https:\/\/reachextra.com\/es\/la-linea-satelites\/","name":"La L\u00ednea se prepara para acoger un centro de excelencia tecnol\u00f3gica de sat\u00e9lites de comunicaci\u00f3n de bajo coste","isPartOf":{"@id":"https:\/\/reachextra.com\/es\/#website"},"primaryImageOfPage":{"@id":"https:\/\/reachextra.com\/es\/la-linea-satelites\/#primaryimage"},"image":{"@id":"https:\/\/reachextra.com\/es\/la-linea-satelites\/#primaryimage"},"thumbnailUrl":"https:\/\/reachextra.com\/wp-content\/uploads\/2021\/04\/fossa-1-satellite-spain-la-linea-reachextra.jpg","datePublished":"2021-04-01T08:49:30+00:00","dateModified":"2021-04-01T10:02:46+00:00","description":"Linenses, Carlos Moreira (fundador de WISeKey) y Juli\u00e1n Fern\u00e1ndez (CEO de Fossa Systems) proyectan ubicar en su ciudad...","breadcrumb":{"@id":"https:\/\/reachextra.com\/es\/la-linea-satelites\/#breadcrumb"},"inLanguage":"es","potentialAction":[{"@type":"ReadAction","target":["https:\/\/reachextra.com\/es\/la-linea-satelites\/"]}]},{"@type":"ImageObject","inLanguage":"es","@id":"https:\/\/reachextra.com\/es\/la-linea-satelites\/#primaryimage","url":"https:\/\/reachextra.com\/wp-content\/uploads\/2021\/04\/fossa-1-satellite-spain-la-linea-reachextra.jpg","contentUrl":"https:\/\/reachextra.com\/wp-content\/uploads\/2021\/04\/fossa-1-satellite-spain-la-linea-reachextra.jpg","width":1220,"height":664,"caption":"Carlos Moreira Juli\u00e1n Fern\u00e1ndez WiseSat La Linea Fossa"},{"@type":"BreadcrumbList","@id":"https:\/\/reachextra.com\/es\/la-linea-satelites\/#breadcrumb","itemListElement":[{"@type":"ListItem","position":1,"name":"Home","item":"https:\/\/reachextra.com\/es\/"},{"@type":"ListItem","position":2,"name":"Noticias","item":"https:\/\/reachextra.com\/es\/category\/noticias-es\/"},{"@type":"ListItem","position":3,"name":"La L\u00ednea se prepara para acoger un centro de excelencia tecnol\u00f3gica de sat\u00e9lites de comunicaci\u00f3n de bajo coste"}]},{"@type":"WebSite","@id":"https:\/\/reachextra.com\/es\/#website","url":"https:\/\/reachextra.com\/es\/","name":"ReachExtra","description":" Reach-Alcance en Espa\u00f1ol | Gibraltar | Campo de Gibraltar","publisher":{"@id":"https:\/\/reachextra.com\/es\/#organization"},"potentialAction":[{"@type":"SearchAction","target":{"@type":"EntryPoint","urlTemplate":"https:\/\/reachextra.com\/es\/?s={search_term_string}"},"query-input":{"@type":"PropertyValueSpecification","valueRequired":true,"valueName":"search_term_string"}}],"inLanguage":"es"},{"@type":"Organization","@id":"https:\/\/reachextra.com\/es\/#organization","name":"Reach-Alcance","url":"https:\/\/reachextra.com\/es\/","logo":{"@type":"ImageObject","inLanguage":"es","@id":"https:\/\/reachextra.com\/es\/#\/schema\/logo\/image\/","url":"https:\/\/www.reachextra.com\/wp-content\/uploads\/2018\/12\/Reach-Alcance-LOGO-HDPI.jpg","contentUrl":"https:\/\/www.reachextra.com\/wp-content\/uploads\/2018\/12\/Reach-Alcance-LOGO-HDPI.jpg","width":750,"height":474,"caption":"Reach-Alcance"},"image":{"@id":"https:\/\/reachextra.com\/es\/#\/schema\/logo\/image\/"},"sameAs":["http:\/\/www.facebook.com\/reachextra","https:\/\/x.com\/reachextra","http:\/\/reach.extra","https:\/\/www.linkedin.com\/company\/reach-alcance\/"]},{"@type":"Person","@id":"https:\/\/reachextra.com\/es\/#\/schema\/person\/5bf8196030cf130091162668b52085df","name":"ReachExtra","image":{"@type":"ImageObject","inLanguage":"es","@id":"https:\/\/reachextra.com\/es\/#\/schema\/person\/image\/","url":"https:\/\/secure.gravatar.com\/avatar\/11e9f37f3773887633d17fdf580220857b1599038456e2f031ce0efd2f41a394?s=96&d=mm&r=g","contentUrl":"https:\/\/secure.gravatar.com\/avatar\/11e9f37f3773887633d17fdf580220857b1599038456e2f031ce0efd2f41a394?s=96&d=mm&r=g","caption":"ReachExtra"},"sameAs":["http:\/\/www.reachextra.com"]}]}},"jetpack_featured_media_url":"https:\/\/reachextra.com\/wp-content\/uploads\/2021\/04\/fossa-1-satellite-spain-la-linea-reachextra.jpg","wps_subtitle":"Rosario P\u00e9rez ","jetpack_sharing_enabled":true,"_links":{"self":[{"href":"https:\/\/reachextra.com\/es\/wp-json\/wp\/v2\/posts\/18697","targetHints":{"allow":["GET"]}}],"collection":[{"href":"https:\/\/reachextra.com\/es\/wp-json\/wp\/v2\/posts"}],"about":[{"href":"https:\/\/reachextra.com\/es\/wp-json\/wp\/v2\/types\/post"}],"author":[{"embeddable":true,"href":"https:\/\/reachextra.com\/es\/wp-json\/wp\/v2\/users\/1"}],"replies":[{"embeddable":true,"href":"https:\/\/reachextra.com\/es\/wp-json\/wp\/v2\/comments?post=18697"}],"version-history":[{"count":5,"href":"https:\/\/reachextra.com\/es\/wp-json\/wp\/v2\/posts\/18697\/revisions"}],"predecessor-version":[{"id":18709,"href":"https:\/\/reachextra.com\/es\/wp-json\/wp\/v2\/posts\/18697\/revisions\/18709"}],"wp:featuredmedia":[{"embeddable":true,"href":"https:\/\/reachextra.com\/es\/wp-json\/wp\/v2\/media\/18680"}],"wp:attachment":[{"href":"https:\/\/reachextra.com\/es\/wp-json\/wp\/v2\/media?parent=18697"}],"wp:term":[{"taxonomy":"category","embeddable":true,"href":"https:\/\/reachextra.com\/es\/wp-json\/wp\/v2\/categories?post=18697"},{"taxonomy":"post_tag","embeddable":true,"href":"https:\/\/reachextra.com\/es\/wp-json\/wp\/v2\/tags?post=18697"},{"taxonomy":"adace-sponsor","embeddable":true,"href":"https:\/\/reachextra.com\/es\/wp-json\/wp\/v2\/adace-sponsor?post=18697"}],"curies":[{"name":"wp","href":"https:\/\/api.w.org\/{rel}","templated":true}]}}