{"id":18523,"date":"2021-03-19T09:45:49","date_gmt":"2021-03-19T08:45:49","guid":{"rendered":"https:\/\/www.reachextra.com\/casa-corralete-castellar\/"},"modified":"2021-03-19T09:55:13","modified_gmt":"2021-03-19T08:55:13","slug":"casa-corralete-castellar","status":"publish","type":"post","link":"https:\/\/reachextra.com\/es\/casa-corralete-castellar\/","title":{"rendered":"Una familia recupera en Castellar la casa que el primer alcalde franquista del pueblo les quit\u00f3 en 1936"},"content":{"rendered":"\n<p><strong>La Justicia da la raz\u00f3n a los descendientes de Salvador Ruiz Jim\u00e9nez, que viven desde este verano en una de las muchas casas de las que, seg\u00fan denuncia el Foro por la Memoria, se apropiaron los golpistas en el verano en que empez\u00f3 la Guerra Civil.<\/strong><\/p>\n\n\n\n<figure class=\"wp-block-image size-large\"><img loading=\"lazy\" decoding=\"async\" width=\"700\" height=\"467\" src=\"https:\/\/www.reachextra.com\/wp-content\/uploads\/2021\/03\/casa-corralete-castellar-ruiz-moya-reachextra-2.jpg\" alt=\"Ana Juan Ruiz Moya Castellar Corralete Salvador Ruiz Jim\u00e9nez Civil War\" class=\"wp-image-18505\" srcset=\"https:\/\/reachextra.com\/wp-content\/uploads\/2021\/03\/casa-corralete-castellar-ruiz-moya-reachextra-2.jpg 700w, https:\/\/reachextra.com\/wp-content\/uploads\/2021\/03\/casa-corralete-castellar-ruiz-moya-reachextra-2-300x200.jpg 300w, https:\/\/reachextra.com\/wp-content\/uploads\/2021\/03\/casa-corralete-castellar-ruiz-moya-reachextra-2-180x120.jpg 180w, https:\/\/reachextra.com\/wp-content\/uploads\/2021\/03\/casa-corralete-castellar-ruiz-moya-reachextra-2-561x374.jpg 561w, https:\/\/reachextra.com\/wp-content\/uploads\/2021\/03\/casa-corralete-castellar-ruiz-moya-reachextra-2-364x243.jpg 364w, https:\/\/reachextra.com\/wp-content\/uploads\/2021\/03\/casa-corralete-castellar-ruiz-moya-reachextra-2-608x406.jpg 608w, https:\/\/reachextra.com\/wp-content\/uploads\/2021\/03\/casa-corralete-castellar-ruiz-moya-reachextra-2-72x48.jpg 72w, https:\/\/reachextra.com\/wp-content\/uploads\/2021\/03\/casa-corralete-castellar-ruiz-moya-reachextra-2-144x96.jpg 144w, https:\/\/reachextra.com\/wp-content\/uploads\/2021\/03\/casa-corralete-castellar-ruiz-moya-reachextra-2-313x209.jpg 313w\" sizes=\"auto, (max-width: 700px) 100vw, 700px\" \/><\/figure>\n\n\n\n<p>En 1936, tras la sublevaci\u00f3n militar contra la Rep\u00fablica espa\u00f1ola, en Castellar de la Frontera, como en muchos otros pueblos de la zona, la mayor parte de la poblaci\u00f3n huy\u00f3 en direcci\u00f3n a M\u00e1laga, y, de all\u00ed, a Valencia, en un periplo migratorio que hicieron entonces miles de andaluces. <\/p>\n\n\n\n<p>Entre ellos, Salvador Ruiz Jim\u00e9nez, padre de Ana y Juan Ruiz Moya, propietario de una casa ubicada en el numero 9 de la calle Corralete, en el entorno del <a href=\"https:\/\/www.reachextra.com\/es\/castellar-de-la-frontera\/\"><strong>Castillo<\/strong><\/a>, que fue \u201cocupada y robada\u201d por Francisco Ruiz Pi\u00f1a, reci\u00e9n nombrado por los sublevados primer alcalde franquista de Castellar.<\/p>\n\n\n\n<p>Salvador Ruiz Jim\u00e9nez nunca volvi\u00f3 a Castellar, pero sus bisnietos viven desde finales de agosto de 2020 en aquella casa que la \u201crapi\u00f1a\u201d de la guerra arrebat\u00f3 a sus mayores y que, seg\u00fan certifican las escrituras y el Registro de la Propiedad, nunca ha dejado, desde 1820, de pertener legalmente a esta familia, aunque s\u00ed haya tenido otros \u201cocupantes\u201d.<\/p>\n\n\n\n<figure class=\"wp-block-image size-large\"><img loading=\"lazy\" decoding=\"async\" width=\"700\" height=\"420\" src=\"https:\/\/www.reachextra.com\/wp-content\/uploads\/2021\/03\/casa-corralete-castellar-ruiz-moya-reachextra-5.jpg\" alt=\"Ana Juan Ruiz Moya Castellar Corralete Salvador Ruiz Jim\u00e9nez Civil War\" class=\"wp-image-18511\" srcset=\"https:\/\/reachextra.com\/wp-content\/uploads\/2021\/03\/casa-corralete-castellar-ruiz-moya-reachextra-5.jpg 700w, https:\/\/reachextra.com\/wp-content\/uploads\/2021\/03\/casa-corralete-castellar-ruiz-moya-reachextra-5-300x180.jpg 300w, https:\/\/reachextra.com\/wp-content\/uploads\/2021\/03\/casa-corralete-castellar-ruiz-moya-reachextra-5-561x337.jpg 561w, https:\/\/reachextra.com\/wp-content\/uploads\/2021\/03\/casa-corralete-castellar-ruiz-moya-reachextra-5-364x218.jpg 364w, https:\/\/reachextra.com\/wp-content\/uploads\/2021\/03\/casa-corralete-castellar-ruiz-moya-reachextra-5-608x365.jpg 608w, https:\/\/reachextra.com\/wp-content\/uploads\/2021\/03\/casa-corralete-castellar-ruiz-moya-reachextra-5-80x48.jpg 80w, https:\/\/reachextra.com\/wp-content\/uploads\/2021\/03\/casa-corralete-castellar-ruiz-moya-reachextra-5-160x96.jpg 160w, https:\/\/reachextra.com\/wp-content\/uploads\/2021\/03\/casa-corralete-castellar-ruiz-moya-reachextra-5-313x188.jpg 313w\" sizes=\"auto, (max-width: 700px) 100vw, 700px\" \/><\/figure>\n\n\n\n<p>Tras este descubrimiento familiar, fruto del azar, los tres j\u00f3venes decidieron recuperar este pasado verano la que fuera en su d\u00eda la casa de su abuela, Ana Ruiz (hija de Salvador), que se encontraba en aquellos momentos desocupada y en estado de deterioro. <\/p>\n\n\n\n<p>Sin embargo, cinco hombres llegados de Madrid y Catalu\u00f1a, contratados por quien afirmaba ser el propietario de la vivienda, intentaron a mitad de septiembre echar de la casa a los j\u00f3venes, seg\u00fan ha relatabado el padre de uno de ellos, Juan Miguel Le\u00f3n Moriche, periodista algecire\u00f1o y miembro del <a href=\"https:\/\/www.reachextra.com\/es\/el-foro-por-la-memoria-reivindica-a-los-vencidos-del-39\/\"><strong>Foro por la Memoria del Campo de Gibraltar<\/strong><\/a>.<\/p>\n\n\n\n<h2 class=\"wp-block-heading\" id=\"h-threats-and-coercion\">Amenazas y coacciones<\/h2>\n\n\n\n<figure class=\"wp-block-image size-large\"><img loading=\"lazy\" decoding=\"async\" width=\"700\" height=\"467\" src=\"https:\/\/www.reachextra.com\/wp-content\/uploads\/2021\/03\/casa-corralete-castellar-ruiz-moya-reachextra-3.jpg\" alt=\"Ana Juan Ruiz Moya Castellar Corralete Salvador Ruiz Jim\u00e9nez Civil War\" class=\"wp-image-18507\" srcset=\"https:\/\/reachextra.com\/wp-content\/uploads\/2021\/03\/casa-corralete-castellar-ruiz-moya-reachextra-3.jpg 700w, https:\/\/reachextra.com\/wp-content\/uploads\/2021\/03\/casa-corralete-castellar-ruiz-moya-reachextra-3-300x200.jpg 300w, https:\/\/reachextra.com\/wp-content\/uploads\/2021\/03\/casa-corralete-castellar-ruiz-moya-reachextra-3-180x120.jpg 180w, https:\/\/reachextra.com\/wp-content\/uploads\/2021\/03\/casa-corralete-castellar-ruiz-moya-reachextra-3-561x374.jpg 561w, https:\/\/reachextra.com\/wp-content\/uploads\/2021\/03\/casa-corralete-castellar-ruiz-moya-reachextra-3-364x243.jpg 364w, https:\/\/reachextra.com\/wp-content\/uploads\/2021\/03\/casa-corralete-castellar-ruiz-moya-reachextra-3-608x406.jpg 608w, https:\/\/reachextra.com\/wp-content\/uploads\/2021\/03\/casa-corralete-castellar-ruiz-moya-reachextra-3-72x48.jpg 72w, https:\/\/reachextra.com\/wp-content\/uploads\/2021\/03\/casa-corralete-castellar-ruiz-moya-reachextra-3-144x96.jpg 144w, https:\/\/reachextra.com\/wp-content\/uploads\/2021\/03\/casa-corralete-castellar-ruiz-moya-reachextra-3-313x209.jpg 313w\" sizes=\"auto, (max-width: 700px) 100vw, 700px\" \/><\/figure>\n\n\n\n<p>\u201cCinco individuos, musculados y uniformados, que dec\u00edan ser de la empresa Desokupamos.com, llegaron a la puerta de nuestra casa el mi\u00e9rcoles 16 de septiembre por la ma\u00f1ana, afirmando que por muchos papeles que tuvi\u00e9ramos nos iban a sacar de aqu\u00ed\u201d. <\/p>\n\n\n\n<p>\u201cAvisado por mi hijo, llam\u00e9 a la Polic\u00eda Local y a la Guardia Civil de Castellar, pidiendo protecci\u00f3n para estos j\u00f3venes de nuestra familia frente a las amenazas de aquellos sujetos. La conclusi\u00f3n del sargento de la Guardia Civil que se present\u00f3 en el lugar, junto con un cabo de la Polic\u00eda Local, fue clara: nada ten\u00edan que hacer esos individuos aqu\u00ed porque no se estaba cometiendo ning\u00fan delito, ni hab\u00eda tipo penal alguno que perseguir, ya que los habitantes de la casa argumentaban con documentaci\u00f3n ser propietarios de la misma\u201d. <\/p>\n\n\n\n<figure class=\"wp-block-image size-large\"><img loading=\"lazy\" decoding=\"async\" width=\"700\" height=\"467\" src=\"https:\/\/www.reachextra.com\/wp-content\/uploads\/2021\/03\/casa-corralete-castellar-ruiz-moya-reachextra-6.jpg\" alt=\"\" class=\"wp-image-18513\" srcset=\"https:\/\/reachextra.com\/wp-content\/uploads\/2021\/03\/casa-corralete-castellar-ruiz-moya-reachextra-6.jpg 700w, https:\/\/reachextra.com\/wp-content\/uploads\/2021\/03\/casa-corralete-castellar-ruiz-moya-reachextra-6-300x200.jpg 300w, https:\/\/reachextra.com\/wp-content\/uploads\/2021\/03\/casa-corralete-castellar-ruiz-moya-reachextra-6-180x120.jpg 180w, https:\/\/reachextra.com\/wp-content\/uploads\/2021\/03\/casa-corralete-castellar-ruiz-moya-reachextra-6-561x374.jpg 561w, https:\/\/reachextra.com\/wp-content\/uploads\/2021\/03\/casa-corralete-castellar-ruiz-moya-reachextra-6-364x243.jpg 364w, https:\/\/reachextra.com\/wp-content\/uploads\/2021\/03\/casa-corralete-castellar-ruiz-moya-reachextra-6-608x406.jpg 608w, https:\/\/reachextra.com\/wp-content\/uploads\/2021\/03\/casa-corralete-castellar-ruiz-moya-reachextra-6-72x48.jpg 72w, https:\/\/reachextra.com\/wp-content\/uploads\/2021\/03\/casa-corralete-castellar-ruiz-moya-reachextra-6-144x96.jpg 144w, https:\/\/reachextra.com\/wp-content\/uploads\/2021\/03\/casa-corralete-castellar-ruiz-moya-reachextra-6-313x209.jpg 313w\" sizes=\"auto, (max-width: 700px) 100vw, 700px\" \/><\/figure>\n\n\n\n<p>\u201cDespu\u00e9s, advirti\u00f3 a los matones que se fueran del pueblo, y que si volv\u00edan por aqu\u00ed estabar\u00edan cometiendo ellos un delito de desobediencia a la autoridad\u201d, relata.<\/p>\n\n\n\n<p>El mismo mi\u00e9rcoles 16 de septiembre, esta familia puso una denuncia en el cuartel de la Guardia Civil de Castellar contra los cinco hombres que hab\u00edan ido a amedrentarles y contra la inmobiliaria de Madrid que los hab\u00eda contratado y que afirmaba ser due\u00f1a de la casa. \u201cTodos ellos son responsables de los delitos de amenazas y coacciones\u201d, explicaba Le\u00f3n Moriche.<\/p>\n\n\n\n<p>Seis meses despu\u00e9s de aquel incidente, el pasado 2 de marzo, el hijo de Le\u00f3n Moriche y su sobrina estaban citados a juicio en la vecina ciudad de San Roque, acusados, por la empresa que dec\u00eda ser actual propietaria, de un delito leve de usurpaci\u00f3n. \r\n<\/p>\n\n\n\n<figure class=\"wp-block-image size-large\"><img loading=\"lazy\" decoding=\"async\" width=\"1024\" height=\"557\" src=\"https:\/\/www.reachextra.com\/wp-content\/uploads\/2021\/03\/casa-corralete-castellar-ruiz-moya-reachextra-1024x557.jpg\" alt=\"Ana Juan Ruiz Moya Castellar Corralete Salvador Ruiz Jim\u00e9nez Civil War\" class=\"wp-image-18502\" srcset=\"https:\/\/reachextra.com\/wp-content\/uploads\/2021\/03\/casa-corralete-castellar-ruiz-moya-reachextra-1024x557.jpg 1024w, https:\/\/reachextra.com\/wp-content\/uploads\/2021\/03\/casa-corralete-castellar-ruiz-moya-reachextra-300x163.jpg 300w, https:\/\/reachextra.com\/wp-content\/uploads\/2021\/03\/casa-corralete-castellar-ruiz-moya-reachextra-768x418.jpg 768w, https:\/\/reachextra.com\/wp-content\/uploads\/2021\/03\/casa-corralete-castellar-ruiz-moya-reachextra-561x305.jpg 561w, https:\/\/reachextra.com\/wp-content\/uploads\/2021\/03\/casa-corralete-castellar-ruiz-moya-reachextra-1122x611.jpg 1122w, https:\/\/reachextra.com\/wp-content\/uploads\/2021\/03\/casa-corralete-castellar-ruiz-moya-reachextra-364x198.jpg 364w, https:\/\/reachextra.com\/wp-content\/uploads\/2021\/03\/casa-corralete-castellar-ruiz-moya-reachextra-728x396.jpg 728w, https:\/\/reachextra.com\/wp-content\/uploads\/2021\/03\/casa-corralete-castellar-ruiz-moya-reachextra-608x331.jpg 608w, https:\/\/reachextra.com\/wp-content\/uploads\/2021\/03\/casa-corralete-castellar-ruiz-moya-reachextra-758x413.jpg 758w, https:\/\/reachextra.com\/wp-content\/uploads\/2021\/03\/casa-corralete-castellar-ruiz-moya-reachextra-1152x627.jpg 1152w, https:\/\/reachextra.com\/wp-content\/uploads\/2021\/03\/casa-corralete-castellar-ruiz-moya-reachextra-88x48.jpg 88w, https:\/\/reachextra.com\/wp-content\/uploads\/2021\/03\/casa-corralete-castellar-ruiz-moya-reachextra-176x96.jpg 176w, https:\/\/reachextra.com\/wp-content\/uploads\/2021\/03\/casa-corralete-castellar-ruiz-moya-reachextra-313x170.jpg 313w, https:\/\/reachextra.com\/wp-content\/uploads\/2021\/03\/casa-corralete-castellar-ruiz-moya-reachextra.jpg 1220w\" sizes=\"auto, (max-width: 1024px) 100vw, 1024px\" \/><\/figure>\n\n\n\n<p>\u201cSin embargo, antes de que comenzara el juicio, el titular del juzgado mixto n\u00famero 3 de San Roque y el fiscal, a la vista de las escrituras y dem\u00e1s documentaci\u00f3n que llevaba el abogado de la familia, Marcos Quesada, llam\u00f3 al abogado de la acusaci\u00f3n y le explic\u00f3 que en este caso no hab\u00eda delito posible alguno, porque est\u00e1bamos presentando pruebas contundentes de nuestra condici\u00f3n de propietarios\u201d.  <\/p>\n\n\n\n<h2 class=\"wp-block-heading\" id=\"h-a-surprising-family-discovery\">Un sorprendente descubrimiento familiar<\/h2>\n\n\n\n<p>Seg\u00fan explica Le\u00f3n Moriche, la casa usurpada en el 36 hab\u00eda sido posteriormente vendida, pero aquello nunca lleg\u00f3 a constar en el Registro de la Propiedad. Ante esta evidencia, el letrado de la acusaci\u00f3n retir\u00f3 la denuncia y no ha llegado a haber juicio.<\/p>\n\n\n\n<p>\u201cEl ocupante y ladr\u00f3n de la casa, Francisco Ruiz Pi\u00f1a, que hab\u00eda participado con las tropas sublevadas en la invasi\u00f3n del pueblo en agosto de 1936, hizo en el registro de la propiedad de San Roque, en mayo de 1945, una nota marginal que luego usar\u00eda para hacer una segunda inscripci\u00f3n registral con la que dar apariencia de legalidad a la posesi\u00f3n de una casa que hab\u00eda robado por la fuerza a sus leg\u00edtimos propietarios\u201d. <\/p>\n\n\n\n<p>\u201cEsto lo hizo en connivencia con el duque de Medinaceli, Luis Jes\u00fas Fern\u00e1ndez de C\u00f3rdoba y Salabert, propietario de 18.000 hect\u00e1reas de Castellar, m\u00e1s del 90 por ciento de su t\u00e9rmino municipal. Antes de fallecer, el usurpador cedi\u00f3 ilegalmente la propiedad de la casa a sus dos sobrinas, ambas solteras y sin descendencia. Desde entonces, esta casa ha sido vendida y comprada, bas\u00e1ndose en aquella nota marginal ilegal que se hizo en 1945\u201d, detalla Le\u00f3n Moriche en un comunicado.<\/p>\n\n\n\n<p>Ana Ruiz Moya muri\u00f3 en 1997, sin decir nunca a su hijo y cinco hijas que era copropietaria de la casa de la calle Corralete 9 en el castillo de Castellar. En 2001, cuando se fue a vender la propiedad de la casa de Ana Ruiz en Castellar Nuevo, sus hijos y herederos descubrieron que, adem\u00e1s, eran copropietarios de la casa de Corralete 9 en el castillo. <\/p>\n\n\n\n<figure class=\"wp-block-image size-large\"><img loading=\"lazy\" decoding=\"async\" width=\"700\" height=\"467\" src=\"https:\/\/www.reachextra.com\/wp-content\/uploads\/2021\/03\/casa-corralete-castellar-ruiz-moya-reachextra-7.jpg\" alt=\"Ana Juan Ruiz Moya Castellar Corralete Salvador Ruiz Jim\u00e9nez Civil War\" class=\"wp-image-18515\" srcset=\"https:\/\/reachextra.com\/wp-content\/uploads\/2021\/03\/casa-corralete-castellar-ruiz-moya-reachextra-7.jpg 700w, https:\/\/reachextra.com\/wp-content\/uploads\/2021\/03\/casa-corralete-castellar-ruiz-moya-reachextra-7-300x200.jpg 300w, https:\/\/reachextra.com\/wp-content\/uploads\/2021\/03\/casa-corralete-castellar-ruiz-moya-reachextra-7-180x120.jpg 180w, https:\/\/reachextra.com\/wp-content\/uploads\/2021\/03\/casa-corralete-castellar-ruiz-moya-reachextra-7-561x374.jpg 561w, https:\/\/reachextra.com\/wp-content\/uploads\/2021\/03\/casa-corralete-castellar-ruiz-moya-reachextra-7-364x243.jpg 364w, https:\/\/reachextra.com\/wp-content\/uploads\/2021\/03\/casa-corralete-castellar-ruiz-moya-reachextra-7-608x406.jpg 608w, https:\/\/reachextra.com\/wp-content\/uploads\/2021\/03\/casa-corralete-castellar-ruiz-moya-reachextra-7-72x48.jpg 72w, https:\/\/reachextra.com\/wp-content\/uploads\/2021\/03\/casa-corralete-castellar-ruiz-moya-reachextra-7-144x96.jpg 144w, https:\/\/reachextra.com\/wp-content\/uploads\/2021\/03\/casa-corralete-castellar-ruiz-moya-reachextra-7-313x209.jpg 313w\" sizes=\"auto, (max-width: 700px) 100vw, 700px\" \/><\/figure>\n\n\n\n<p>Contactaron en aquellas fechas con un abogado que, tras a\u00f1os de idas y venidas, expres\u00f3 su pesimismo respecto a las acciones legales que se pod\u00edan emprender para recuperar la casa.<\/p>\n\n\n\n<p>Sin embargo, \u201cel d\u00eda 24 de agosto de 2020, mi hijo, Miguel Le\u00f3n Gonz\u00e1lez, y mi sobrina Paloma Le\u00f3n Fern\u00e1ndez, con mi apoyo y el de m\u00e1s familiares, hicimos justicia. Hemos recuperado para la familia una casa que le fue robada por la violencia. <\/p>\n\n\n\n<p>El terror que sent\u00edan sus leg\u00edtimos propietarios despojados, el miedo de sus hijos, y la injusticia radical del orden jur\u00eddico vigente han perpetuado durante d\u00e9cadas este crimen que ahora nosotros reparamos. La casa de Corralete 9 vuelve a estar habitada por los herederos leg\u00edtimos de Juan Ruiz Pro, Salvador Ruiz Jim\u00e9nez y Ana Ruiz Moya\u201d, explica Juan Le\u00f3n Moriche.<\/p>\n\n\n\n<figure class=\"wp-block-image size-large\"><img loading=\"lazy\" decoding=\"async\" width=\"700\" height=\"467\" src=\"https:\/\/www.reachextra.com\/wp-content\/uploads\/2021\/03\/casa-corralete-castellar-ruiz-moya-reachextra-4.jpg\" alt=\"Ana Juan Ruiz Moya Castellar Corralete Salvador Ruiz Jim\u00e9nez Civil War\" class=\"wp-image-18509\" srcset=\"https:\/\/reachextra.com\/wp-content\/uploads\/2021\/03\/casa-corralete-castellar-ruiz-moya-reachextra-4.jpg 700w, https:\/\/reachextra.com\/wp-content\/uploads\/2021\/03\/casa-corralete-castellar-ruiz-moya-reachextra-4-300x200.jpg 300w, https:\/\/reachextra.com\/wp-content\/uploads\/2021\/03\/casa-corralete-castellar-ruiz-moya-reachextra-4-180x120.jpg 180w, https:\/\/reachextra.com\/wp-content\/uploads\/2021\/03\/casa-corralete-castellar-ruiz-moya-reachextra-4-561x374.jpg 561w, https:\/\/reachextra.com\/wp-content\/uploads\/2021\/03\/casa-corralete-castellar-ruiz-moya-reachextra-4-364x243.jpg 364w, https:\/\/reachextra.com\/wp-content\/uploads\/2021\/03\/casa-corralete-castellar-ruiz-moya-reachextra-4-608x406.jpg 608w, https:\/\/reachextra.com\/wp-content\/uploads\/2021\/03\/casa-corralete-castellar-ruiz-moya-reachextra-4-72x48.jpg 72w, https:\/\/reachextra.com\/wp-content\/uploads\/2021\/03\/casa-corralete-castellar-ruiz-moya-reachextra-4-144x96.jpg 144w, https:\/\/reachextra.com\/wp-content\/uploads\/2021\/03\/casa-corralete-castellar-ruiz-moya-reachextra-4-313x209.jpg 313w\" sizes=\"auto, (max-width: 700px) 100vw, 700px\" \/><\/figure>\n\n\n\n<p>La casa de Corralete 9 no hab\u00eda estado habitada desde hac\u00eda d\u00e9cadas, y estos j\u00f3venes se la encontraron abandonada, sin luz, sin agua y con sus paredes deterioradas y goteras en los techos. <\/p>\n\n\n\n<p>\u201cQuienes la compraron y vendieron cuando fallecieron el ladr\u00f3n y sus descendientes lo hicieron en base a una artima\u00f1a legal de origen luego repetida. Y desde los a\u00f1os ochenta para ac\u00e1 s\u00f3lo para ganar dinero, no para vivir en ella. Nosotros lo tenemos claro: Nuestro prop\u00f3sito es quedarnos en la casa de nuestra familia todo el tiempo que haga falta para que todos los descendientes de Ana y Juan Ruiz Moya disfruten de ella\u201d, concluye el portavoz de la familia.<\/p>\n\n\n\n<p>\u201cHemos contratado electricidad, agua e Internet, hemos saneado y pintado paredes, y toda la familia estamos esperando a que acaben las restricciones sanitarias para celebrar juntos la recuperaci\u00f3n de la casa. Lo haremos en el patio, junto a la torre almenada que vigila desde lo alto todo el Campo de Gibraltar\u201d, a\u00f1ade este integrante del Foro por la Memoria, resumiendo en un comunicado el final feliz de esta sorprendente historia.<\/p>\n\n\n\n<h2 class=\"wp-block-heading\" id=\"h-this-is-one-case-out-of-around-60-000\">Una historia entre 60.000, pero con final feliz<\/h2>\n\n\n\n<figure class=\"wp-block-image size-large\"><img loading=\"lazy\" decoding=\"async\" width=\"700\" height=\"467\" src=\"https:\/\/www.reachextra.com\/wp-content\/uploads\/2021\/03\/casa-corralete-castellar-ruiz-moya-reachextra-8.jpg\" alt=\"\" class=\"wp-image-18518\" srcset=\"https:\/\/reachextra.com\/wp-content\/uploads\/2021\/03\/casa-corralete-castellar-ruiz-moya-reachextra-8.jpg 700w, https:\/\/reachextra.com\/wp-content\/uploads\/2021\/03\/casa-corralete-castellar-ruiz-moya-reachextra-8-300x200.jpg 300w, https:\/\/reachextra.com\/wp-content\/uploads\/2021\/03\/casa-corralete-castellar-ruiz-moya-reachextra-8-180x120.jpg 180w, https:\/\/reachextra.com\/wp-content\/uploads\/2021\/03\/casa-corralete-castellar-ruiz-moya-reachextra-8-561x374.jpg 561w, https:\/\/reachextra.com\/wp-content\/uploads\/2021\/03\/casa-corralete-castellar-ruiz-moya-reachextra-8-364x243.jpg 364w, https:\/\/reachextra.com\/wp-content\/uploads\/2021\/03\/casa-corralete-castellar-ruiz-moya-reachextra-8-608x406.jpg 608w, https:\/\/reachextra.com\/wp-content\/uploads\/2021\/03\/casa-corralete-castellar-ruiz-moya-reachextra-8-72x48.jpg 72w, https:\/\/reachextra.com\/wp-content\/uploads\/2021\/03\/casa-corralete-castellar-ruiz-moya-reachextra-8-144x96.jpg 144w, https:\/\/reachextra.com\/wp-content\/uploads\/2021\/03\/casa-corralete-castellar-ruiz-moya-reachextra-8-313x209.jpg 313w\" sizes=\"auto, (max-width: 700px) 100vw, 700px\" \/><\/figure>\n\n\n\n<p>Actualmente, y seg\u00fan explica Le\u00f3n Moriche, los investigadores de las universidades andaluzas calculan, despu\u00e9s de revisar 302.000 documentos, que \u201cm\u00e1s de 60.000 personas sufrieron parecidos o peores cr\u00edmenes que nuestra familia en Andaluc\u00eda durante la guerra de 1936 y despu\u00e9s. <\/p>\n\n\n\n<p>Se puede comprobar en el libro \u2018El bot\u00edn de guerra en Andaluc\u00eda\u2019, en cuya investigaci\u00f3n participaron 44 profesores de todo el territorio andaluz y que fue publicado en 2015\u201d.<\/p>\n\n\n\n<p>Y estos 60.000, seg\u00fan advierten desde el Foro por la Memoria del Campo de Gibraltar, a\u00fan pueden ser m\u00e1s. <\/p>\n\n\n\n<p>\u201cNos lo dijo el coordinador de la investigaci\u00f3n en la provincia de C\u00e1diz, Diego Caro Cancela, cuando le preguntamos por qu\u00e9 en el listado de Castellar que aparece en el CD adjunto al libro no figuran los nombres de Juan, Salvador o Ana Ruiz. Muy sencillo, dijo, igual que mataron sin papeles, robaron sin papeles. Y a\u00f1adi\u00f3: como la vuestra hay muchas familias en la misma situaci\u00f3n en toda Andaluc\u00eda. Es decir, que se queda corta la cifra de 28 vecinos de Castellar, un pueblo que no llegaba entonces a los 1.500 habitantes, a los que, seg\u00fan el libro, se les quitaron \u2018documentalmente\u2019 propiedades de todo tipo\u201d.<\/p>\n","protected":false},"excerpt":{"rendered":"<p>La Justicia da la raz\u00f3n a los descendientes de Salvador Ruiz Jim\u00e9nez, que viven desde este verano en Casa 9 Corralete Castellar de la Frontera <a class=\"g1-link g1-link-more\" href=\"https:\/\/reachextra.com\/es\/casa-corralete-castellar\/\">More<\/a><\/p>\n","protected":false},"author":1,"featured_media":18503,"comment_status":"closed","ping_status":"closed","sticky":false,"template":"","format":"standard","meta":{"_jetpack_memberships_contains_paid_content":false,"footnotes":""},"categories":[226,225],"tags":[13840,271,14535,14905,14906,1590,241,14903,14907,242,14904,14902],"adace-sponsor":[],"class_list":{"0":"post-18523","1":"post","2":"type-post","3":"status-publish","4":"format-standard","5":"has-post-thumbnail","7":"category-noticias-es","8":"category-tendencias","9":"tag-andalucia-es-2","10":"tag-campo-de-gibraltar-es","11":"tag-castellar-es","12":"tag-corralete-es","13":"tag-francisco-ruiz-pina-es","14":"tag-franco-es","15":"tag-guerra-civil","16":"tag-juan-es","17":"tag-juan-miguel-leon-moriche-es","18":"tag-rosario-perez-es","19":"tag-ruiz-moya-es","20":"tag-salvador-ruiz-jimenez-es"},"yoast_head":"<!-- This site is optimized with the Yoast SEO Premium plugin v19.5 (Yoast SEO v26.7) - https:\/\/yoast.com\/wordpress\/plugins\/seo\/ -->\n<title>Una familia recupera en Castellar la casa que el primer alcalde franquista del pueblo les quit\u00f3 en 1936<\/title>\n<meta name=\"description\" content=\"La Justicia da la raz\u00f3n a los descendientes de Salvador Ruiz Jim\u00e9nez, que viven desde este verano en Casa 9 Corralete Castellar de la Frontera\" \/>\n<meta name=\"robots\" content=\"index, follow, max-snippet:-1, max-image-preview:large, max-video-preview:-1\" \/>\n<link rel=\"canonical\" href=\"https:\/\/reachextra.com\/es\/casa-corralete-castellar\/\" \/>\n<meta property=\"og:locale\" content=\"es_ES\" \/>\n<meta property=\"og:type\" content=\"article\" \/>\n<meta property=\"og:title\" content=\"Una familia recupera en Castellar la casa que el primer alcalde franquista del pueblo les quit\u00f3 en 1936\" \/>\n<meta property=\"og:description\" content=\"La Justicia da la raz\u00f3n a los descendientes de Salvador Ruiz Jim\u00e9nez, que viven desde este verano en Casa 9 Corralete Castellar de la Frontera\" \/>\n<meta property=\"og:url\" content=\"https:\/\/reachextra.com\/es\/casa-corralete-castellar\/\" \/>\n<meta property=\"og:site_name\" content=\"ReachExtra\" \/>\n<meta property=\"article:publisher\" content=\"http:\/\/www.facebook.com\/reachextra\" \/>\n<meta property=\"article:published_time\" content=\"2021-03-19T08:45:49+00:00\" \/>\n<meta property=\"article:modified_time\" content=\"2021-03-19T08:55:13+00:00\" \/>\n<meta property=\"og:image\" content=\"https:\/\/reachextra.com\/wp-content\/uploads\/2021\/03\/casa-corralete-castellar-ruiz-moya-reachextra.jpg\" \/>\n\t<meta property=\"og:image:width\" content=\"1220\" \/>\n\t<meta property=\"og:image:height\" content=\"664\" \/>\n\t<meta property=\"og:image:type\" content=\"image\/jpeg\" \/>\n<meta name=\"author\" content=\"ReachExtra\" \/>\n<meta name=\"twitter:card\" content=\"summary_large_image\" \/>\n<meta name=\"twitter:creator\" content=\"@reachextra\" \/>\n<meta name=\"twitter:site\" content=\"@reachextra\" \/>\n<meta name=\"twitter:label1\" content=\"Escrito por\" \/>\n\t<meta name=\"twitter:data1\" content=\"ReachExtra\" \/>\n\t<meta name=\"twitter:label2\" content=\"Tiempo de lectura\" \/>\n\t<meta name=\"twitter:data2\" content=\"8 minutos\" \/>\n<script type=\"application\/ld+json\" class=\"yoast-schema-graph\">{\"@context\":\"https:\/\/schema.org\",\"@graph\":[{\"@type\":\"Article\",\"@id\":\"https:\/\/reachextra.com\/es\/casa-corralete-castellar\/#article\",\"isPartOf\":{\"@id\":\"https:\/\/reachextra.com\/es\/casa-corralete-castellar\/\"},\"author\":{\"name\":\"ReachExtra\",\"@id\":\"https:\/\/reachextra.com\/es\/#\/schema\/person\/5bf8196030cf130091162668b52085df\"},\"headline\":\"Una familia recupera en Castellar la casa que el primer alcalde franquista del pueblo les quit\u00f3 en 1936\",\"datePublished\":\"2021-03-19T08:45:49+00:00\",\"dateModified\":\"2021-03-19T08:55:13+00:00\",\"mainEntityOfPage\":{\"@id\":\"https:\/\/reachextra.com\/es\/casa-corralete-castellar\/\"},\"wordCount\":1533,\"publisher\":{\"@id\":\"https:\/\/reachextra.com\/es\/#organization\"},\"image\":{\"@id\":\"https:\/\/reachextra.com\/es\/casa-corralete-castellar\/#primaryimage\"},\"thumbnailUrl\":\"https:\/\/reachextra.com\/wp-content\/uploads\/2021\/03\/casa-corralete-castellar-ruiz-moya-reachextra.jpg\",\"keywords\":[\"Andalucia\",\"Campo de Gibraltar\",\"Castellar\",\"Corralete\",\"Francisco Ruiz Pina\",\"Franco\",\"Guerra civil Espa\u00f1ola\",\"Juan\",\"Juan Miguel Leon Moriche\",\"Rosario Perez\",\"Ruiz Moya\",\"Salvador Ruiz Jimenez\"],\"articleSection\":[\"Noticias\",\"Tendencias\"],\"inLanguage\":\"es\"},{\"@type\":\"WebPage\",\"@id\":\"https:\/\/reachextra.com\/es\/casa-corralete-castellar\/\",\"url\":\"https:\/\/reachextra.com\/es\/casa-corralete-castellar\/\",\"name\":\"Una familia recupera en Castellar la casa que el primer alcalde franquista del pueblo les quit\u00f3 en 1936\",\"isPartOf\":{\"@id\":\"https:\/\/reachextra.com\/es\/#website\"},\"primaryImageOfPage\":{\"@id\":\"https:\/\/reachextra.com\/es\/casa-corralete-castellar\/#primaryimage\"},\"image\":{\"@id\":\"https:\/\/reachextra.com\/es\/casa-corralete-castellar\/#primaryimage\"},\"thumbnailUrl\":\"https:\/\/reachextra.com\/wp-content\/uploads\/2021\/03\/casa-corralete-castellar-ruiz-moya-reachextra.jpg\",\"datePublished\":\"2021-03-19T08:45:49+00:00\",\"dateModified\":\"2021-03-19T08:55:13+00:00\",\"description\":\"La Justicia da la raz\u00f3n a los descendientes de Salvador Ruiz Jim\u00e9nez, que viven desde este verano en Casa 9 Corralete Castellar de la Frontera\",\"breadcrumb\":{\"@id\":\"https:\/\/reachextra.com\/es\/casa-corralete-castellar\/#breadcrumb\"},\"inLanguage\":\"es\",\"potentialAction\":[{\"@type\":\"ReadAction\",\"target\":[\"https:\/\/reachextra.com\/es\/casa-corralete-castellar\/\"]}]},{\"@type\":\"ImageObject\",\"inLanguage\":\"es\",\"@id\":\"https:\/\/reachextra.com\/es\/casa-corralete-castellar\/#primaryimage\",\"url\":\"https:\/\/reachextra.com\/wp-content\/uploads\/2021\/03\/casa-corralete-castellar-ruiz-moya-reachextra.jpg\",\"contentUrl\":\"https:\/\/reachextra.com\/wp-content\/uploads\/2021\/03\/casa-corralete-castellar-ruiz-moya-reachextra.jpg\",\"width\":1220,\"height\":664,\"caption\":\"Ana Juan Ruiz Moya Castellar casa 9 Corralete Salvador Ruiz Jim\u00e9nez guerra civil espana\"},{\"@type\":\"BreadcrumbList\",\"@id\":\"https:\/\/reachextra.com\/es\/casa-corralete-castellar\/#breadcrumb\",\"itemListElement\":[{\"@type\":\"ListItem\",\"position\":1,\"name\":\"Home\",\"item\":\"https:\/\/reachextra.com\/es\/\"},{\"@type\":\"ListItem\",\"position\":2,\"name\":\"Tendencias\",\"item\":\"https:\/\/reachextra.com\/es\/category\/tendencias\/\"},{\"@type\":\"ListItem\",\"position\":3,\"name\":\"Una familia recupera en Castellar la casa que el primer alcalde franquista del pueblo les quit\u00f3 en 1936\"}]},{\"@type\":\"WebSite\",\"@id\":\"https:\/\/reachextra.com\/es\/#website\",\"url\":\"https:\/\/reachextra.com\/es\/\",\"name\":\"ReachExtra\",\"description\":\" Reach-Alcance en Espa\u00f1ol | Gibraltar | Campo de Gibraltar\",\"publisher\":{\"@id\":\"https:\/\/reachextra.com\/es\/#organization\"},\"potentialAction\":[{\"@type\":\"SearchAction\",\"target\":{\"@type\":\"EntryPoint\",\"urlTemplate\":\"https:\/\/reachextra.com\/es\/?s={search_term_string}\"},\"query-input\":{\"@type\":\"PropertyValueSpecification\",\"valueRequired\":true,\"valueName\":\"search_term_string\"}}],\"inLanguage\":\"es\"},{\"@type\":\"Organization\",\"@id\":\"https:\/\/reachextra.com\/es\/#organization\",\"name\":\"Reach-Alcance\",\"url\":\"https:\/\/reachextra.com\/es\/\",\"logo\":{\"@type\":\"ImageObject\",\"inLanguage\":\"es\",\"@id\":\"https:\/\/reachextra.com\/es\/#\/schema\/logo\/image\/\",\"url\":\"https:\/\/www.reachextra.com\/wp-content\/uploads\/2018\/12\/Reach-Alcance-LOGO-HDPI.jpg\",\"contentUrl\":\"https:\/\/www.reachextra.com\/wp-content\/uploads\/2018\/12\/Reach-Alcance-LOGO-HDPI.jpg\",\"width\":750,\"height\":474,\"caption\":\"Reach-Alcance\"},\"image\":{\"@id\":\"https:\/\/reachextra.com\/es\/#\/schema\/logo\/image\/\"},\"sameAs\":[\"http:\/\/www.facebook.com\/reachextra\",\"https:\/\/x.com\/reachextra\",\"http:\/\/reach.extra\",\"https:\/\/www.linkedin.com\/company\/reach-alcance\/\"]},{\"@type\":\"Person\",\"@id\":\"https:\/\/reachextra.com\/es\/#\/schema\/person\/5bf8196030cf130091162668b52085df\",\"name\":\"ReachExtra\",\"image\":{\"@type\":\"ImageObject\",\"inLanguage\":\"es\",\"@id\":\"https:\/\/reachextra.com\/es\/#\/schema\/person\/image\/\",\"url\":\"https:\/\/secure.gravatar.com\/avatar\/11e9f37f3773887633d17fdf580220857b1599038456e2f031ce0efd2f41a394?s=96&d=mm&r=g\",\"contentUrl\":\"https:\/\/secure.gravatar.com\/avatar\/11e9f37f3773887633d17fdf580220857b1599038456e2f031ce0efd2f41a394?s=96&d=mm&r=g\",\"caption\":\"ReachExtra\"},\"sameAs\":[\"http:\/\/www.reachextra.com\"]}]}<\/script>\n<!-- \/ Yoast SEO Premium plugin. -->","yoast_head_json":{"title":"Una familia recupera en Castellar la casa que el primer alcalde franquista del pueblo les quit\u00f3 en 1936","description":"La Justicia da la raz\u00f3n a los descendientes de Salvador Ruiz Jim\u00e9nez, que viven desde este verano en Casa 9 Corralete Castellar de la Frontera","robots":{"index":"index","follow":"follow","max-snippet":"max-snippet:-1","max-image-preview":"max-image-preview:large","max-video-preview":"max-video-preview:-1"},"canonical":"https:\/\/reachextra.com\/es\/casa-corralete-castellar\/","og_locale":"es_ES","og_type":"article","og_title":"Una familia recupera en Castellar la casa que el primer alcalde franquista del pueblo les quit\u00f3 en 1936","og_description":"La Justicia da la raz\u00f3n a los descendientes de Salvador Ruiz Jim\u00e9nez, que viven desde este verano en Casa 9 Corralete Castellar de la Frontera","og_url":"https:\/\/reachextra.com\/es\/casa-corralete-castellar\/","og_site_name":"ReachExtra","article_publisher":"http:\/\/www.facebook.com\/reachextra","article_published_time":"2021-03-19T08:45:49+00:00","article_modified_time":"2021-03-19T08:55:13+00:00","og_image":[{"width":1220,"height":664,"url":"https:\/\/reachextra.com\/wp-content\/uploads\/2021\/03\/casa-corralete-castellar-ruiz-moya-reachextra.jpg","type":"image\/jpeg"}],"author":"ReachExtra","twitter_card":"summary_large_image","twitter_creator":"@reachextra","twitter_site":"@reachextra","twitter_misc":{"Escrito por":"ReachExtra","Tiempo de lectura":"8 minutos"},"schema":{"@context":"https:\/\/schema.org","@graph":[{"@type":"Article","@id":"https:\/\/reachextra.com\/es\/casa-corralete-castellar\/#article","isPartOf":{"@id":"https:\/\/reachextra.com\/es\/casa-corralete-castellar\/"},"author":{"name":"ReachExtra","@id":"https:\/\/reachextra.com\/es\/#\/schema\/person\/5bf8196030cf130091162668b52085df"},"headline":"Una familia recupera en Castellar la casa que el primer alcalde franquista del pueblo les quit\u00f3 en 1936","datePublished":"2021-03-19T08:45:49+00:00","dateModified":"2021-03-19T08:55:13+00:00","mainEntityOfPage":{"@id":"https:\/\/reachextra.com\/es\/casa-corralete-castellar\/"},"wordCount":1533,"publisher":{"@id":"https:\/\/reachextra.com\/es\/#organization"},"image":{"@id":"https:\/\/reachextra.com\/es\/casa-corralete-castellar\/#primaryimage"},"thumbnailUrl":"https:\/\/reachextra.com\/wp-content\/uploads\/2021\/03\/casa-corralete-castellar-ruiz-moya-reachextra.jpg","keywords":["Andalucia","Campo de Gibraltar","Castellar","Corralete","Francisco Ruiz Pina","Franco","Guerra civil Espa\u00f1ola","Juan","Juan Miguel Leon Moriche","Rosario Perez","Ruiz Moya","Salvador Ruiz Jimenez"],"articleSection":["Noticias","Tendencias"],"inLanguage":"es"},{"@type":"WebPage","@id":"https:\/\/reachextra.com\/es\/casa-corralete-castellar\/","url":"https:\/\/reachextra.com\/es\/casa-corralete-castellar\/","name":"Una familia recupera en Castellar la casa que el primer alcalde franquista del pueblo les quit\u00f3 en 1936","isPartOf":{"@id":"https:\/\/reachextra.com\/es\/#website"},"primaryImageOfPage":{"@id":"https:\/\/reachextra.com\/es\/casa-corralete-castellar\/#primaryimage"},"image":{"@id":"https:\/\/reachextra.com\/es\/casa-corralete-castellar\/#primaryimage"},"thumbnailUrl":"https:\/\/reachextra.com\/wp-content\/uploads\/2021\/03\/casa-corralete-castellar-ruiz-moya-reachextra.jpg","datePublished":"2021-03-19T08:45:49+00:00","dateModified":"2021-03-19T08:55:13+00:00","description":"La Justicia da la raz\u00f3n a los descendientes de Salvador Ruiz Jim\u00e9nez, que viven desde este verano en Casa 9 Corralete Castellar de la Frontera","breadcrumb":{"@id":"https:\/\/reachextra.com\/es\/casa-corralete-castellar\/#breadcrumb"},"inLanguage":"es","potentialAction":[{"@type":"ReadAction","target":["https:\/\/reachextra.com\/es\/casa-corralete-castellar\/"]}]},{"@type":"ImageObject","inLanguage":"es","@id":"https:\/\/reachextra.com\/es\/casa-corralete-castellar\/#primaryimage","url":"https:\/\/reachextra.com\/wp-content\/uploads\/2021\/03\/casa-corralete-castellar-ruiz-moya-reachextra.jpg","contentUrl":"https:\/\/reachextra.com\/wp-content\/uploads\/2021\/03\/casa-corralete-castellar-ruiz-moya-reachextra.jpg","width":1220,"height":664,"caption":"Ana Juan Ruiz Moya Castellar casa 9 Corralete Salvador Ruiz Jim\u00e9nez guerra civil espana"},{"@type":"BreadcrumbList","@id":"https:\/\/reachextra.com\/es\/casa-corralete-castellar\/#breadcrumb","itemListElement":[{"@type":"ListItem","position":1,"name":"Home","item":"https:\/\/reachextra.com\/es\/"},{"@type":"ListItem","position":2,"name":"Tendencias","item":"https:\/\/reachextra.com\/es\/category\/tendencias\/"},{"@type":"ListItem","position":3,"name":"Una familia recupera en Castellar la casa que el primer alcalde franquista del pueblo les quit\u00f3 en 1936"}]},{"@type":"WebSite","@id":"https:\/\/reachextra.com\/es\/#website","url":"https:\/\/reachextra.com\/es\/","name":"ReachExtra","description":" Reach-Alcance en Espa\u00f1ol | Gibraltar | Campo de Gibraltar","publisher":{"@id":"https:\/\/reachextra.com\/es\/#organization"},"potentialAction":[{"@type":"SearchAction","target":{"@type":"EntryPoint","urlTemplate":"https:\/\/reachextra.com\/es\/?s={search_term_string}"},"query-input":{"@type":"PropertyValueSpecification","valueRequired":true,"valueName":"search_term_string"}}],"inLanguage":"es"},{"@type":"Organization","@id":"https:\/\/reachextra.com\/es\/#organization","name":"Reach-Alcance","url":"https:\/\/reachextra.com\/es\/","logo":{"@type":"ImageObject","inLanguage":"es","@id":"https:\/\/reachextra.com\/es\/#\/schema\/logo\/image\/","url":"https:\/\/www.reachextra.com\/wp-content\/uploads\/2018\/12\/Reach-Alcance-LOGO-HDPI.jpg","contentUrl":"https:\/\/www.reachextra.com\/wp-content\/uploads\/2018\/12\/Reach-Alcance-LOGO-HDPI.jpg","width":750,"height":474,"caption":"Reach-Alcance"},"image":{"@id":"https:\/\/reachextra.com\/es\/#\/schema\/logo\/image\/"},"sameAs":["http:\/\/www.facebook.com\/reachextra","https:\/\/x.com\/reachextra","http:\/\/reach.extra","https:\/\/www.linkedin.com\/company\/reach-alcance\/"]},{"@type":"Person","@id":"https:\/\/reachextra.com\/es\/#\/schema\/person\/5bf8196030cf130091162668b52085df","name":"ReachExtra","image":{"@type":"ImageObject","inLanguage":"es","@id":"https:\/\/reachextra.com\/es\/#\/schema\/person\/image\/","url":"https:\/\/secure.gravatar.com\/avatar\/11e9f37f3773887633d17fdf580220857b1599038456e2f031ce0efd2f41a394?s=96&d=mm&r=g","contentUrl":"https:\/\/secure.gravatar.com\/avatar\/11e9f37f3773887633d17fdf580220857b1599038456e2f031ce0efd2f41a394?s=96&d=mm&r=g","caption":"ReachExtra"},"sameAs":["http:\/\/www.reachextra.com"]}]}},"jetpack_featured_media_url":"https:\/\/reachextra.com\/wp-content\/uploads\/2021\/03\/casa-corralete-castellar-ruiz-moya-reachextra.jpg","wps_subtitle":"","jetpack_sharing_enabled":true,"_links":{"self":[{"href":"https:\/\/reachextra.com\/es\/wp-json\/wp\/v2\/posts\/18523","targetHints":{"allow":["GET"]}}],"collection":[{"href":"https:\/\/reachextra.com\/es\/wp-json\/wp\/v2\/posts"}],"about":[{"href":"https:\/\/reachextra.com\/es\/wp-json\/wp\/v2\/types\/post"}],"author":[{"embeddable":true,"href":"https:\/\/reachextra.com\/es\/wp-json\/wp\/v2\/users\/1"}],"replies":[{"embeddable":true,"href":"https:\/\/reachextra.com\/es\/wp-json\/wp\/v2\/comments?post=18523"}],"version-history":[{"count":2,"href":"https:\/\/reachextra.com\/es\/wp-json\/wp\/v2\/posts\/18523\/revisions"}],"predecessor-version":[{"id":18525,"href":"https:\/\/reachextra.com\/es\/wp-json\/wp\/v2\/posts\/18523\/revisions\/18525"}],"wp:featuredmedia":[{"embeddable":true,"href":"https:\/\/reachextra.com\/es\/wp-json\/wp\/v2\/media\/18503"}],"wp:attachment":[{"href":"https:\/\/reachextra.com\/es\/wp-json\/wp\/v2\/media?parent=18523"}],"wp:term":[{"taxonomy":"category","embeddable":true,"href":"https:\/\/reachextra.com\/es\/wp-json\/wp\/v2\/categories?post=18523"},{"taxonomy":"post_tag","embeddable":true,"href":"https:\/\/reachextra.com\/es\/wp-json\/wp\/v2\/tags?post=18523"},{"taxonomy":"adace-sponsor","embeddable":true,"href":"https:\/\/reachextra.com\/es\/wp-json\/wp\/v2\/adace-sponsor?post=18523"}],"curies":[{"name":"wp","href":"https:\/\/api.w.org\/{rel}","templated":true}]}}