{"id":18274,"date":"2021-03-07T11:55:20","date_gmt":"2021-03-07T10:55:20","guid":{"rendered":"https:\/\/www.reachextra.com\/combatantes-gibraltarenos-parte-i\/"},"modified":"2021-03-07T12:00:49","modified_gmt":"2021-03-07T11:00:49","slug":"combatantes-gibraltarenos-parte-i","status":"publish","type":"post","link":"https:\/\/reachextra.com\/es\/combatantes-gibraltarenos-parte-i\/","title":{"rendered":"Combatientes Gibraltare\u00f1os en la Primera Guerra Mundial: Primera Parte"},"content":{"rendered":"\n<p><strong>Cada once de noviembre, conmemoramos en Gibraltar el D\u00eda del Armisticio. En lat\u00edn, \u201cArmisticio\u201d quiere decir \u201cbajar las armas\u201d y fue un acuerdo para poner fin a los combates de la Primera Guerra Mundial como preludio de las negociaciones de paz, que comenzaron a las 11 de la ma\u00f1ana del 11 de noviembre de 1918. <\/strong><\/p>\n\n\n\n<figure class=\"wp-block-image size-large\"><img loading=\"lazy\" decoding=\"async\" width=\"700\" height=\"521\" src=\"https:\/\/www.reachextra.com\/wp-content\/uploads\/2021\/03\/Gibraltarians-world-war-one-wwi-reachextra-2.jpg\" alt=\"\" class=\"wp-image-18261\" srcset=\"https:\/\/reachextra.com\/wp-content\/uploads\/2021\/03\/Gibraltarians-world-war-one-wwi-reachextra-2.jpg 700w, https:\/\/reachextra.com\/wp-content\/uploads\/2021\/03\/Gibraltarians-world-war-one-wwi-reachextra-2-300x223.jpg 300w, https:\/\/reachextra.com\/wp-content\/uploads\/2021\/03\/Gibraltarians-world-war-one-wwi-reachextra-2-192x144.jpg 192w, https:\/\/reachextra.com\/wp-content\/uploads\/2021\/03\/Gibraltarians-world-war-one-wwi-reachextra-2-90x67.jpg 90w, https:\/\/reachextra.com\/wp-content\/uploads\/2021\/03\/Gibraltarians-world-war-one-wwi-reachextra-2-180x135.jpg 180w, https:\/\/reachextra.com\/wp-content\/uploads\/2021\/03\/Gibraltarians-world-war-one-wwi-reachextra-2-561x418.jpg 561w, https:\/\/reachextra.com\/wp-content\/uploads\/2021\/03\/Gibraltarians-world-war-one-wwi-reachextra-2-364x271.jpg 364w, https:\/\/reachextra.com\/wp-content\/uploads\/2021\/03\/Gibraltarians-world-war-one-wwi-reachextra-2-608x453.jpg 608w, https:\/\/reachextra.com\/wp-content\/uploads\/2021\/03\/Gibraltarians-world-war-one-wwi-reachextra-2-64x48.jpg 64w, https:\/\/reachextra.com\/wp-content\/uploads\/2021\/03\/Gibraltarians-world-war-one-wwi-reachextra-2-129x96.jpg 129w, https:\/\/reachextra.com\/wp-content\/uploads\/2021\/03\/Gibraltarians-world-war-one-wwi-reachextra-2-313x233.jpg 313w\" sizes=\"auto, (max-width: 700px) 100vw, 700px\" \/><\/figure>\n\n\n\n<p>Por tanto, conviene recordar el servicio y el sacrificio que hicieron los numerosos Gibraltare\u00f1os que lucharon y murieron en todos los teatros de operaciones por tierra, mar y aire durante la \u201cGran Guerra\u201d.<\/p>\n\n\n\n<p>Perm\u00edtanme comenzar corrigiendo la idea err\u00f3nea de que la participaci\u00f3n Gibraltare\u00f1a en la Primera Guerra Mundial se limit\u00f3 a unas pocas personas.<\/p>\n\n\n\n<p>Sin tener en cuenta a los que se ofrecieron como voluntarios para servir en el Cuerpo de Voluntarios de Gibraltar (cerca de 500), he documentado m\u00e1s de 170 otros, la mayor\u00eda de los cuales hicieron servicio en el Ej\u00e9rcito, pero tambi\u00e9n en la Royal Navy y algunos incluso en la naciente Fuerza A\u00e9rea.<\/p>\n\n\n\n<p>8 sirvieron en la Fuerza Expedicionaria Canadiense; 4 con los australianos (el soldado Alfred Ruggier muri\u00f3 en combate en Francia), 1 con las fuerzas de Nueva Zelanda y Sud\u00e1frica y 7 con el Ej\u00e9rcito de los Estados Unidos.  <\/p>\n\n\n\n<figure class=\"wp-block-image size-large\"><img loading=\"lazy\" decoding=\"async\" width=\"700\" height=\"557\" src=\"https:\/\/www.reachextra.com\/wp-content\/uploads\/2021\/03\/Gibraltarians-world-war-one-wwi-reachextra-5.jpg\" alt=\"\" class=\"wp-image-18265\" srcset=\"https:\/\/reachextra.com\/wp-content\/uploads\/2021\/03\/Gibraltarians-world-war-one-wwi-reachextra-5.jpg 700w, https:\/\/reachextra.com\/wp-content\/uploads\/2021\/03\/Gibraltarians-world-war-one-wwi-reachextra-5-300x239.jpg 300w, https:\/\/reachextra.com\/wp-content\/uploads\/2021\/03\/Gibraltarians-world-war-one-wwi-reachextra-5-561x446.jpg 561w, https:\/\/reachextra.com\/wp-content\/uploads\/2021\/03\/Gibraltarians-world-war-one-wwi-reachextra-5-364x290.jpg 364w, https:\/\/reachextra.com\/wp-content\/uploads\/2021\/03\/Gibraltarians-world-war-one-wwi-reachextra-5-608x484.jpg 608w, https:\/\/reachextra.com\/wp-content\/uploads\/2021\/03\/Gibraltarians-world-war-one-wwi-reachextra-5-60x48.jpg 60w, https:\/\/reachextra.com\/wp-content\/uploads\/2021\/03\/Gibraltarians-world-war-one-wwi-reachextra-5-121x96.jpg 121w, https:\/\/reachextra.com\/wp-content\/uploads\/2021\/03\/Gibraltarians-world-war-one-wwi-reachextra-5-313x249.jpg 313w\" sizes=\"auto, (max-width: 700px) 100vw, 700px\" \/><\/figure>\n\n\n\n<p>Todos estos nacieron y fueron criados en Gibraltar de uno o ambos padres tambi\u00e9n nacidos aqu\u00ed. Ese es un porcentaje muy alto de hombres en \u00abedad de servicio\u00bb en una poblaci\u00f3n de algo menos de 18.000 en ese momento. <\/p>\n\n\n\n<p>Si incluimos a los nacidos en Gibraltar, pero de ascendencia brit\u00e1nica, la mayor\u00eda de los cuales eran hijos de militares destinados aqu\u00ed, el n\u00famero aumentar\u00eda en otros 200.<\/p>\n\n\n\n<p>Al estallar la guerra, ya hab\u00eda Gibraltare\u00f1os que prestaban servicio tanto en el Ej\u00e9rcito o en la Royal Navy; en su mayor\u00eda, eran oficiales o suboficiales todos militares profesionales, muchos de los cuales eran veteranos de las guerras de Sud\u00e1frica (B\u00f3er) del comienzo del siglo 20. <\/p>\n\n\n\n<figure class=\"wp-block-image size-large\"><img loading=\"lazy\" decoding=\"async\" width=\"700\" height=\"486\" src=\"https:\/\/www.reachextra.com\/wp-content\/uploads\/2020\/12\/gibraltar-wwii-search-lights.jpg\" alt=\"\" class=\"wp-image-17044\" srcset=\"https:\/\/reachextra.com\/wp-content\/uploads\/2020\/12\/gibraltar-wwii-search-lights.jpg 700w, https:\/\/reachextra.com\/wp-content\/uploads\/2020\/12\/gibraltar-wwii-search-lights-300x208.jpg 300w, https:\/\/reachextra.com\/wp-content\/uploads\/2020\/12\/gibraltar-wwii-search-lights-561x389.jpg 561w, https:\/\/reachextra.com\/wp-content\/uploads\/2020\/12\/gibraltar-wwii-search-lights-364x253.jpg 364w, https:\/\/reachextra.com\/wp-content\/uploads\/2020\/12\/gibraltar-wwii-search-lights-608x422.jpg 608w, https:\/\/reachextra.com\/wp-content\/uploads\/2020\/12\/gibraltar-wwii-search-lights-69x48.jpg 69w, https:\/\/reachextra.com\/wp-content\/uploads\/2020\/12\/gibraltar-wwii-search-lights-138x96.jpg 138w, https:\/\/reachextra.com\/wp-content\/uploads\/2020\/12\/gibraltar-wwii-search-lights-313x217.jpg 313w\" sizes=\"auto, (max-width: 700px) 100vw, 700px\" \/><\/figure>\n\n\n\n<p>Entre ellos se encontraba el Capit\u00e1n (luego Teniente Coronel) Wilfred Mosley. V\u00e1stago de una influyente familia local (su padre era Sir Alexander Mosley, comerciante de carb\u00f3n y banquero, Comisionado Sanitario, y Presidente de la C\u00e1mara de Comercio y su madre Mar\u00eda de las Mercedes Francia). <\/p>\n\n\n\n<p>Oficial en el Regimiento de Wiltshire, Wilfred estuvo al mando de una compa\u00f1\u00eda de fusileros cuando fue desplegado en la primera ola de la Fuerza Expedicionaria Brit\u00e1nica (BEF) a Francia en Agosto de 1914. Sirvi\u00f3 durante la guerra, transfiri\u00e9ndose primero al Cuerpo de Ametralladoras (MGC), una unidad que parece haber sido muy popular entre los Gibraltare\u00f1os, y m\u00e1s tarde en el incipiente Cuerpo de Tanques. <\/p>\n\n\n\n<figure class=\"wp-block-image size-large\"><img loading=\"lazy\" decoding=\"async\" width=\"664\" height=\"664\" src=\"https:\/\/www.reachextra.com\/wp-content\/uploads\/2021\/03\/Gibraltarians-world-war-one-wwi-wilfred-mosely-reachextra-5.jpg\" alt=\"\" class=\"wp-image-18267\" srcset=\"https:\/\/reachextra.com\/wp-content\/uploads\/2021\/03\/Gibraltarians-world-war-one-wwi-wilfred-mosely-reachextra-5.jpg 664w, https:\/\/reachextra.com\/wp-content\/uploads\/2021\/03\/Gibraltarians-world-war-one-wwi-wilfred-mosely-reachextra-5-300x300.jpg 300w, https:\/\/reachextra.com\/wp-content\/uploads\/2021\/03\/Gibraltarians-world-war-one-wwi-wilfred-mosely-reachextra-5-150x150.jpg 150w, https:\/\/reachextra.com\/wp-content\/uploads\/2021\/03\/Gibraltarians-world-war-one-wwi-wilfred-mosely-reachextra-5-192x192.jpg 192w, https:\/\/reachextra.com\/wp-content\/uploads\/2021\/03\/Gibraltarians-world-war-one-wwi-wilfred-mosely-reachextra-5-384x384.jpg 384w, https:\/\/reachextra.com\/wp-content\/uploads\/2021\/03\/Gibraltarians-world-war-one-wwi-wilfred-mosely-reachextra-5-110x110.jpg 110w, https:\/\/reachextra.com\/wp-content\/uploads\/2021\/03\/Gibraltarians-world-war-one-wwi-wilfred-mosely-reachextra-5-220x220.jpg 220w, https:\/\/reachextra.com\/wp-content\/uploads\/2021\/03\/Gibraltarians-world-war-one-wwi-wilfred-mosely-reachextra-5-561x561.jpg 561w, https:\/\/reachextra.com\/wp-content\/uploads\/2021\/03\/Gibraltarians-world-war-one-wwi-wilfred-mosely-reachextra-5-364x364.jpg 364w, https:\/\/reachextra.com\/wp-content\/uploads\/2021\/03\/Gibraltarians-world-war-one-wwi-wilfred-mosely-reachextra-5-608x608.jpg 608w, https:\/\/reachextra.com\/wp-content\/uploads\/2021\/03\/Gibraltarians-world-war-one-wwi-wilfred-mosely-reachextra-5-440x440.jpg 440w, https:\/\/reachextra.com\/wp-content\/uploads\/2021\/03\/Gibraltarians-world-war-one-wwi-wilfred-mosely-reachextra-5-48x48.jpg 48w, https:\/\/reachextra.com\/wp-content\/uploads\/2021\/03\/Gibraltarians-world-war-one-wwi-wilfred-mosely-reachextra-5-96x96.jpg 96w, https:\/\/reachextra.com\/wp-content\/uploads\/2021\/03\/Gibraltarians-world-war-one-wwi-wilfred-mosely-reachextra-5-311x311.jpg 311w, https:\/\/reachextra.com\/wp-content\/uploads\/2021\/03\/Gibraltarians-world-war-one-wwi-wilfred-mosely-reachextra-5-313x313.jpg 313w\" sizes=\"auto, (max-width: 664px) 100vw, 664px\" \/><\/figure>\n\n\n\n<p>Fue galardonado con la Cruz Militar (MC) por sus acciones en la Batalla de Ypres (junio de 1915), tres m\u00e9ritos de guerra (MiD) y m\u00e1s tarde con la Orden de Servicio Distinguido (DSO) mientras estaba al mando del 11o Batall\u00f3n, The Northumberland Fusiliers durante la batalla de Vittorio Veneto y el paso del r\u00edo Piave en el Frente Italiano. <\/p>\n\n\n\n<p>Se jubil\u00f3 por razones de salud que contrajo durante el servicio en 1922 y volvi\u00f3 a vivir en Gibraltar, donde muri\u00f3 en su casa (Marble House, 15 Bomb House Lane) en marzo de 1949. Mosley sigue siendo nuestro soldado m\u00e1s condecorado hasta la fecha y yace enterrado en Cementerio de Gibraltar.<\/p>\n\n\n\n<p>Un primo de Wilfred, Louis Francis Sprague (hijo del c\u00f3nsul estadounidense Horatio Sprague y Antonia Francia) tambi\u00e9n fue oficial del ej\u00e9rcito regular con los Royal Irish Rifles con servicio en Sud\u00e1frica y Ad\u00e9n. Graduado de la Escuela de Estado Mayor del Ej\u00e9rcito, asumi\u00f3 el mando del 2do Batall\u00f3n en las trincheras en las cercan\u00edas de Hooge y el lago Bellewaarde en Octubre de 1915, dirigi\u00e9ndolo en las batallas de Vimy Ridge y Sommem. <\/p>\n\n\n\n<figure class=\"wp-block-image size-large\"><img loading=\"lazy\" decoding=\"async\" width=\"700\" height=\"565\" src=\"https:\/\/www.reachextra.com\/wp-content\/uploads\/2021\/03\/battle-vittorio-venetto-reachextra.jpg\" alt=\"\" class=\"wp-image-18257\" srcset=\"https:\/\/reachextra.com\/wp-content\/uploads\/2021\/03\/battle-vittorio-venetto-reachextra.jpg 700w, https:\/\/reachextra.com\/wp-content\/uploads\/2021\/03\/battle-vittorio-venetto-reachextra-300x242.jpg 300w, https:\/\/reachextra.com\/wp-content\/uploads\/2021\/03\/battle-vittorio-venetto-reachextra-561x453.jpg 561w, https:\/\/reachextra.com\/wp-content\/uploads\/2021\/03\/battle-vittorio-venetto-reachextra-364x294.jpg 364w, https:\/\/reachextra.com\/wp-content\/uploads\/2021\/03\/battle-vittorio-venetto-reachextra-608x491.jpg 608w, https:\/\/reachextra.com\/wp-content\/uploads\/2021\/03\/battle-vittorio-venetto-reachextra-59x48.jpg 59w, https:\/\/reachextra.com\/wp-content\/uploads\/2021\/03\/battle-vittorio-venetto-reachextra-119x96.jpg 119w, https:\/\/reachextra.com\/wp-content\/uploads\/2021\/03\/battle-vittorio-venetto-reachextra-313x253.jpg 313w\" sizes=\"auto, (max-width: 700px) 100vw, 700px\" \/><figcaption><strong>Battle of Vittorio Veneto<\/strong><\/figcaption><\/figure>\n\n\n\n<p>Estuvo al mando temporal de la 74.a Brigada de Infanter\u00eda durante las batallas de los Altos de Ancre y en la captura de los montes de Regina en Septiembre de 1916, que yo sepa, el \u00fanico Gibraltare\u00f1o que ha comandado una formaci\u00f3n de nivel operativo (Brigada) en combate. <\/p>\n\n\n\n<p>Desafortunadamente, fue severamente gaseado en Noviembre de ese a\u00f1o e invalidado de regreso a Inglaterra. Nunca se recuper\u00f3 de sus heridas y muri\u00f3 en diciembre de 1924 en el Hospital Militar Queen Alexandra de Londres.<\/p>\n\n\n\n<p>Tanto el Sargento Mayor de Battery  (BQMS) Thomas Mannion como el Sargento Michael Pitman, eran veteranos experimentados que serv\u00edan en la Artiller\u00eda Real (Royal Artillery) al comienzo de la guerra. <\/p>\n\n\n\n<figure class=\"wp-block-image size-large\"><img loading=\"lazy\" decoding=\"async\" width=\"1024\" height=\"557\" src=\"https:\/\/www.reachextra.com\/wp-content\/uploads\/2021\/03\/Gibraltarians-world-war-one-wwi-reachextra-1024x557.jpg\" alt=\"Gibraltarians WWI world war Gibraltar\" class=\"wp-image-18258\" srcset=\"https:\/\/reachextra.com\/wp-content\/uploads\/2021\/03\/Gibraltarians-world-war-one-wwi-reachextra-1024x557.jpg 1024w, https:\/\/reachextra.com\/wp-content\/uploads\/2021\/03\/Gibraltarians-world-war-one-wwi-reachextra-300x163.jpg 300w, https:\/\/reachextra.com\/wp-content\/uploads\/2021\/03\/Gibraltarians-world-war-one-wwi-reachextra-768x418.jpg 768w, https:\/\/reachextra.com\/wp-content\/uploads\/2021\/03\/Gibraltarians-world-war-one-wwi-reachextra-561x305.jpg 561w, https:\/\/reachextra.com\/wp-content\/uploads\/2021\/03\/Gibraltarians-world-war-one-wwi-reachextra-1122x611.jpg 1122w, https:\/\/reachextra.com\/wp-content\/uploads\/2021\/03\/Gibraltarians-world-war-one-wwi-reachextra-364x198.jpg 364w, https:\/\/reachextra.com\/wp-content\/uploads\/2021\/03\/Gibraltarians-world-war-one-wwi-reachextra-728x396.jpg 728w, https:\/\/reachextra.com\/wp-content\/uploads\/2021\/03\/Gibraltarians-world-war-one-wwi-reachextra-608x331.jpg 608w, https:\/\/reachextra.com\/wp-content\/uploads\/2021\/03\/Gibraltarians-world-war-one-wwi-reachextra-758x413.jpg 758w, https:\/\/reachextra.com\/wp-content\/uploads\/2021\/03\/Gibraltarians-world-war-one-wwi-reachextra-1152x627.jpg 1152w, https:\/\/reachextra.com\/wp-content\/uploads\/2021\/03\/Gibraltarians-world-war-one-wwi-reachextra-88x48.jpg 88w, https:\/\/reachextra.com\/wp-content\/uploads\/2021\/03\/Gibraltarians-world-war-one-wwi-reachextra-176x96.jpg 176w, https:\/\/reachextra.com\/wp-content\/uploads\/2021\/03\/Gibraltarians-world-war-one-wwi-reachextra-313x170.jpg 313w, https:\/\/reachextra.com\/wp-content\/uploads\/2021\/03\/Gibraltarians-world-war-one-wwi-reachextra.jpg 1220w\" sizes=\"auto, (max-width: 1024px) 100vw, 1024px\" \/><\/figure>\n\n\n\n<p>Mannion (su hermano Frederick tambi\u00e9n era un oficial en la artiller\u00eda) recibi\u00f3 un MiD por sus acciones en Mesopotamia (actual Irak), mientras que Pitman (de Pitmans Alley) muri\u00f3 en acci\u00f3n mientras serv\u00eda con la 89 bater\u00eda de Asalto en Francia en Agosto de 1917 y esta enterrado en el cementerio de Trois Arbes. \r\n<\/p>\n\n\n\n<p>Otro soldado regular, John Undery (hijo de William Undery, oficial del puerto) se alist\u00f3 en los Royal Fusiliers 1901 y era sargento mayor de una compa\u00f1\u00eda de infanter\u00eda al estallar la guerra. Fue elevado al rango de oficial en el teatro de operaciones y m\u00e1s tarde ese a\u00f1o muri\u00f3 mientras lideraba a sus hombres en Octubre de 1914.<\/p>\n\n\n\n<figure class=\"wp-block-image size-large\"><img loading=\"lazy\" decoding=\"async\" width=\"700\" height=\"518\" src=\"https:\/\/www.reachextra.com\/wp-content\/uploads\/2021\/03\/Gibraltarians-world-war-one-wwi-reachextra-4.jpg\" alt=\"Gibraltarians WWI world war Gibraltar\" class=\"wp-image-18263\" srcset=\"https:\/\/reachextra.com\/wp-content\/uploads\/2021\/03\/Gibraltarians-world-war-one-wwi-reachextra-4.jpg 700w, https:\/\/reachextra.com\/wp-content\/uploads\/2021\/03\/Gibraltarians-world-war-one-wwi-reachextra-4-300x222.jpg 300w, https:\/\/reachextra.com\/wp-content\/uploads\/2021\/03\/Gibraltarians-world-war-one-wwi-reachextra-4-90x67.jpg 90w, https:\/\/reachextra.com\/wp-content\/uploads\/2021\/03\/Gibraltarians-world-war-one-wwi-reachextra-4-561x415.jpg 561w, https:\/\/reachextra.com\/wp-content\/uploads\/2021\/03\/Gibraltarians-world-war-one-wwi-reachextra-4-364x269.jpg 364w, https:\/\/reachextra.com\/wp-content\/uploads\/2021\/03\/Gibraltarians-world-war-one-wwi-reachextra-4-608x450.jpg 608w, https:\/\/reachextra.com\/wp-content\/uploads\/2021\/03\/Gibraltarians-world-war-one-wwi-reachextra-4-65x48.jpg 65w, https:\/\/reachextra.com\/wp-content\/uploads\/2021\/03\/Gibraltarians-world-war-one-wwi-reachextra-4-130x96.jpg 130w, https:\/\/reachextra.com\/wp-content\/uploads\/2021\/03\/Gibraltarians-world-war-one-wwi-reachextra-4-313x232.jpg 313w\" sizes=\"auto, (max-width: 700px) 100vw, 700px\" \/><figcaption><strong>William Undery, Port Officer<\/strong><\/figcaption><\/figure>\n\n\n\n<p>Se le conmemora en el memorial de Menin Gate, Ypres. El cabo Albert Jones del Lancashire Fusiliers (hijo de Henry y Louisa Jones de Lopez Ramp) fue desplegado en Francia el 20 de agosto de 1914 con la BEF. Luch\u00f3 en las Batallas del Marne y Aisne y muri\u00f3 en las trincheras en octubre de 1914.<\/p>\n\n\n\n<p>Por supuesto, la gran mayor\u00eda de los que se alistaron eran voluntarios, arrastrados por la gran oleada de fervor patri\u00f3tico y af\u00e1n por demostrar su lealtad a la Corona. <\/p>\n\n\n\n<p><strong>Watch out for part 2 coming soon!<\/strong><\/p>\n","protected":false},"excerpt":{"rendered":"<p>F Brancato: Corrigiendo la idea err\u00f3nea de que la participaci\u00f3n Gibraltare\u00f1a en la Primera Guerra Mundial se limit\u00f3 a unas pocas personas&#8230; <a class=\"g1-link g1-link-more\" href=\"https:\/\/reachextra.com\/es\/combatantes-gibraltarenos-parte-i\/\">More<\/a><\/p>\n","protected":false},"author":1,"featured_media":18259,"comment_status":"closed","ping_status":"closed","sticky":false,"template":"","format":"standard","meta":{"_jetpack_memberships_contains_paid_content":false,"footnotes":""},"categories":[8128,225],"tags":[14829,229,14828,14831,14826,14830,14827,14832],"adace-sponsor":[],"class_list":{"0":"post-18274","1":"post","2":"type-post","3":"status-publish","4":"format-standard","5":"has-post-thumbnail","7":"category-historia","8":"category-tendencias","9":"tag-alexander-mosely-es","10":"tag-gibraltar-es","11":"tag-louis-francis-sprague-es","12":"tag-michael-pitman-es","13":"tag-primera-guerra-mundial","14":"tag-thomas-mannion-es","15":"tag-wilfred-mosely-es","16":"tag-william-undery-es"},"yoast_head":"<!-- This site is optimized with the Yoast SEO Premium plugin v19.5 (Yoast SEO v26.7) - https:\/\/yoast.com\/wordpress\/plugins\/seo\/ -->\n<title>Combatientes Gibraltare\u00f1os en la Primera Guerra Mundial: Primera Parte<\/title>\n<meta name=\"description\" content=\"F Brancato: Corrigiendo la idea err\u00f3nea de que la participaci\u00f3n Gibraltare\u00f1a en la Primera Guerra Mundial se limit\u00f3 a unas pocas personas...\" \/>\n<meta name=\"robots\" content=\"index, follow, max-snippet:-1, max-image-preview:large, max-video-preview:-1\" \/>\n<link rel=\"canonical\" href=\"https:\/\/reachextra.com\/es\/combatantes-gibraltarenos-parte-i\/\" \/>\n<meta property=\"og:locale\" content=\"es_ES\" \/>\n<meta property=\"og:type\" content=\"article\" \/>\n<meta property=\"og:title\" content=\"Combatientes Gibraltare\u00f1os en la Primera Guerra Mundial: Primera Parte\" \/>\n<meta property=\"og:description\" content=\"F Brancato: Corrigiendo la idea err\u00f3nea de que la participaci\u00f3n Gibraltare\u00f1a en la Primera Guerra Mundial se limit\u00f3 a unas pocas personas...\" \/>\n<meta property=\"og:url\" content=\"https:\/\/reachextra.com\/es\/combatantes-gibraltarenos-parte-i\/\" \/>\n<meta property=\"og:site_name\" content=\"ReachExtra\" \/>\n<meta property=\"article:publisher\" content=\"http:\/\/www.facebook.com\/reachextra\" \/>\n<meta property=\"article:published_time\" content=\"2021-03-07T10:55:20+00:00\" \/>\n<meta property=\"article:modified_time\" content=\"2021-03-07T11:00:49+00:00\" \/>\n<meta property=\"og:image\" content=\"https:\/\/reachextra.com\/wp-content\/uploads\/2021\/03\/Gibraltarians-world-war-one-wwi-reachextra.jpg\" \/>\n\t<meta property=\"og:image:width\" content=\"1220\" \/>\n\t<meta property=\"og:image:height\" content=\"664\" \/>\n\t<meta property=\"og:image:type\" content=\"image\/jpeg\" \/>\n<meta name=\"author\" content=\"ReachExtra\" \/>\n<meta name=\"twitter:card\" content=\"summary_large_image\" \/>\n<meta name=\"twitter:creator\" content=\"@reachextra\" \/>\n<meta name=\"twitter:site\" content=\"@reachextra\" \/>\n<meta name=\"twitter:label1\" content=\"Escrito por\" \/>\n\t<meta name=\"twitter:data1\" content=\"ReachExtra\" \/>\n\t<meta name=\"twitter:label2\" content=\"Tiempo de lectura\" \/>\n\t<meta name=\"twitter:data2\" content=\"6 minutos\" \/>\n<script type=\"application\/ld+json\" class=\"yoast-schema-graph\">{\"@context\":\"https:\/\/schema.org\",\"@graph\":[{\"@type\":\"Article\",\"@id\":\"https:\/\/reachextra.com\/es\/combatantes-gibraltarenos-parte-i\/#article\",\"isPartOf\":{\"@id\":\"https:\/\/reachextra.com\/es\/combatantes-gibraltarenos-parte-i\/\"},\"author\":{\"name\":\"ReachExtra\",\"@id\":\"https:\/\/reachextra.com\/es\/#\/schema\/person\/5bf8196030cf130091162668b52085df\"},\"headline\":\"Combatientes Gibraltare\u00f1os en la Primera Guerra Mundial: Primera Parte\",\"datePublished\":\"2021-03-07T10:55:20+00:00\",\"dateModified\":\"2021-03-07T11:00:49+00:00\",\"mainEntityOfPage\":{\"@id\":\"https:\/\/reachextra.com\/es\/combatantes-gibraltarenos-parte-i\/\"},\"wordCount\":982,\"publisher\":{\"@id\":\"https:\/\/reachextra.com\/es\/#organization\"},\"image\":{\"@id\":\"https:\/\/reachextra.com\/es\/combatantes-gibraltarenos-parte-i\/#primaryimage\"},\"thumbnailUrl\":\"https:\/\/reachextra.com\/wp-content\/uploads\/2021\/03\/Gibraltarians-world-war-one-wwi-reachextra.jpg\",\"keywords\":[\"Alexander Mosely\",\"Gibraltar\",\"Louis Francis Sprague\",\"Michael Pitman\",\"primera guerra mundial\",\"Thomas Mannion\",\"Wilfred Mosely\",\"William Undery\"],\"articleSection\":[\"Historia\",\"Tendencias\"],\"inLanguage\":\"es\"},{\"@type\":\"WebPage\",\"@id\":\"https:\/\/reachextra.com\/es\/combatantes-gibraltarenos-parte-i\/\",\"url\":\"https:\/\/reachextra.com\/es\/combatantes-gibraltarenos-parte-i\/\",\"name\":\"Combatientes Gibraltare\u00f1os en la Primera Guerra Mundial: Primera Parte\",\"isPartOf\":{\"@id\":\"https:\/\/reachextra.com\/es\/#website\"},\"primaryImageOfPage\":{\"@id\":\"https:\/\/reachextra.com\/es\/combatantes-gibraltarenos-parte-i\/#primaryimage\"},\"image\":{\"@id\":\"https:\/\/reachextra.com\/es\/combatantes-gibraltarenos-parte-i\/#primaryimage\"},\"thumbnailUrl\":\"https:\/\/reachextra.com\/wp-content\/uploads\/2021\/03\/Gibraltarians-world-war-one-wwi-reachextra.jpg\",\"datePublished\":\"2021-03-07T10:55:20+00:00\",\"dateModified\":\"2021-03-07T11:00:49+00:00\",\"description\":\"F Brancato: Corrigiendo la idea err\u00f3nea de que la participaci\u00f3n Gibraltare\u00f1a en la Primera Guerra Mundial se limit\u00f3 a unas pocas personas...\",\"breadcrumb\":{\"@id\":\"https:\/\/reachextra.com\/es\/combatantes-gibraltarenos-parte-i\/#breadcrumb\"},\"inLanguage\":\"es\",\"potentialAction\":[{\"@type\":\"ReadAction\",\"target\":[\"https:\/\/reachextra.com\/es\/combatantes-gibraltarenos-parte-i\/\"]}]},{\"@type\":\"ImageObject\",\"inLanguage\":\"es\",\"@id\":\"https:\/\/reachextra.com\/es\/combatantes-gibraltarenos-parte-i\/#primaryimage\",\"url\":\"https:\/\/reachextra.com\/wp-content\/uploads\/2021\/03\/Gibraltarians-world-war-one-wwi-reachextra.jpg\",\"contentUrl\":\"https:\/\/reachextra.com\/wp-content\/uploads\/2021\/03\/Gibraltarians-world-war-one-wwi-reachextra.jpg\",\"width\":1220,\"height\":664,\"caption\":\"Gibraltarians WWI world war Gibraltar\"},{\"@type\":\"BreadcrumbList\",\"@id\":\"https:\/\/reachextra.com\/es\/combatantes-gibraltarenos-parte-i\/#breadcrumb\",\"itemListElement\":[{\"@type\":\"ListItem\",\"position\":1,\"name\":\"Home\",\"item\":\"https:\/\/reachextra.com\/es\/\"},{\"@type\":\"ListItem\",\"position\":2,\"name\":\"Tendencias\",\"item\":\"https:\/\/reachextra.com\/es\/category\/tendencias\/\"},{\"@type\":\"ListItem\",\"position\":3,\"name\":\"Combatientes Gibraltare\u00f1os en la Primera Guerra Mundial: Primera Parte\"}]},{\"@type\":\"WebSite\",\"@id\":\"https:\/\/reachextra.com\/es\/#website\",\"url\":\"https:\/\/reachextra.com\/es\/\",\"name\":\"ReachExtra\",\"description\":\" Reach-Alcance en Espa\u00f1ol | Gibraltar | Campo de Gibraltar\",\"publisher\":{\"@id\":\"https:\/\/reachextra.com\/es\/#organization\"},\"potentialAction\":[{\"@type\":\"SearchAction\",\"target\":{\"@type\":\"EntryPoint\",\"urlTemplate\":\"https:\/\/reachextra.com\/es\/?s={search_term_string}\"},\"query-input\":{\"@type\":\"PropertyValueSpecification\",\"valueRequired\":true,\"valueName\":\"search_term_string\"}}],\"inLanguage\":\"es\"},{\"@type\":\"Organization\",\"@id\":\"https:\/\/reachextra.com\/es\/#organization\",\"name\":\"Reach-Alcance\",\"url\":\"https:\/\/reachextra.com\/es\/\",\"logo\":{\"@type\":\"ImageObject\",\"inLanguage\":\"es\",\"@id\":\"https:\/\/reachextra.com\/es\/#\/schema\/logo\/image\/\",\"url\":\"https:\/\/www.reachextra.com\/wp-content\/uploads\/2018\/12\/Reach-Alcance-LOGO-HDPI.jpg\",\"contentUrl\":\"https:\/\/www.reachextra.com\/wp-content\/uploads\/2018\/12\/Reach-Alcance-LOGO-HDPI.jpg\",\"width\":750,\"height\":474,\"caption\":\"Reach-Alcance\"},\"image\":{\"@id\":\"https:\/\/reachextra.com\/es\/#\/schema\/logo\/image\/\"},\"sameAs\":[\"http:\/\/www.facebook.com\/reachextra\",\"https:\/\/x.com\/reachextra\",\"http:\/\/reach.extra\",\"https:\/\/www.linkedin.com\/company\/reach-alcance\/\"]},{\"@type\":\"Person\",\"@id\":\"https:\/\/reachextra.com\/es\/#\/schema\/person\/5bf8196030cf130091162668b52085df\",\"name\":\"ReachExtra\",\"image\":{\"@type\":\"ImageObject\",\"inLanguage\":\"es\",\"@id\":\"https:\/\/reachextra.com\/es\/#\/schema\/person\/image\/\",\"url\":\"https:\/\/secure.gravatar.com\/avatar\/11e9f37f3773887633d17fdf580220857b1599038456e2f031ce0efd2f41a394?s=96&d=mm&r=g\",\"contentUrl\":\"https:\/\/secure.gravatar.com\/avatar\/11e9f37f3773887633d17fdf580220857b1599038456e2f031ce0efd2f41a394?s=96&d=mm&r=g\",\"caption\":\"ReachExtra\"},\"sameAs\":[\"http:\/\/www.reachextra.com\"]}]}<\/script>\n<!-- \/ Yoast SEO Premium plugin. -->","yoast_head_json":{"title":"Combatientes Gibraltare\u00f1os en la Primera Guerra Mundial: Primera Parte","description":"F Brancato: Corrigiendo la idea err\u00f3nea de que la participaci\u00f3n Gibraltare\u00f1a en la Primera Guerra Mundial se limit\u00f3 a unas pocas personas...","robots":{"index":"index","follow":"follow","max-snippet":"max-snippet:-1","max-image-preview":"max-image-preview:large","max-video-preview":"max-video-preview:-1"},"canonical":"https:\/\/reachextra.com\/es\/combatantes-gibraltarenos-parte-i\/","og_locale":"es_ES","og_type":"article","og_title":"Combatientes Gibraltare\u00f1os en la Primera Guerra Mundial: Primera Parte","og_description":"F Brancato: Corrigiendo la idea err\u00f3nea de que la participaci\u00f3n Gibraltare\u00f1a en la Primera Guerra Mundial se limit\u00f3 a unas pocas personas...","og_url":"https:\/\/reachextra.com\/es\/combatantes-gibraltarenos-parte-i\/","og_site_name":"ReachExtra","article_publisher":"http:\/\/www.facebook.com\/reachextra","article_published_time":"2021-03-07T10:55:20+00:00","article_modified_time":"2021-03-07T11:00:49+00:00","og_image":[{"width":1220,"height":664,"url":"https:\/\/reachextra.com\/wp-content\/uploads\/2021\/03\/Gibraltarians-world-war-one-wwi-reachextra.jpg","type":"image\/jpeg"}],"author":"ReachExtra","twitter_card":"summary_large_image","twitter_creator":"@reachextra","twitter_site":"@reachextra","twitter_misc":{"Escrito por":"ReachExtra","Tiempo de lectura":"6 minutos"},"schema":{"@context":"https:\/\/schema.org","@graph":[{"@type":"Article","@id":"https:\/\/reachextra.com\/es\/combatantes-gibraltarenos-parte-i\/#article","isPartOf":{"@id":"https:\/\/reachextra.com\/es\/combatantes-gibraltarenos-parte-i\/"},"author":{"name":"ReachExtra","@id":"https:\/\/reachextra.com\/es\/#\/schema\/person\/5bf8196030cf130091162668b52085df"},"headline":"Combatientes Gibraltare\u00f1os en la Primera Guerra Mundial: Primera Parte","datePublished":"2021-03-07T10:55:20+00:00","dateModified":"2021-03-07T11:00:49+00:00","mainEntityOfPage":{"@id":"https:\/\/reachextra.com\/es\/combatantes-gibraltarenos-parte-i\/"},"wordCount":982,"publisher":{"@id":"https:\/\/reachextra.com\/es\/#organization"},"image":{"@id":"https:\/\/reachextra.com\/es\/combatantes-gibraltarenos-parte-i\/#primaryimage"},"thumbnailUrl":"https:\/\/reachextra.com\/wp-content\/uploads\/2021\/03\/Gibraltarians-world-war-one-wwi-reachextra.jpg","keywords":["Alexander Mosely","Gibraltar","Louis Francis Sprague","Michael Pitman","primera guerra mundial","Thomas Mannion","Wilfred Mosely","William Undery"],"articleSection":["Historia","Tendencias"],"inLanguage":"es"},{"@type":"WebPage","@id":"https:\/\/reachextra.com\/es\/combatantes-gibraltarenos-parte-i\/","url":"https:\/\/reachextra.com\/es\/combatantes-gibraltarenos-parte-i\/","name":"Combatientes Gibraltare\u00f1os en la Primera Guerra Mundial: Primera Parte","isPartOf":{"@id":"https:\/\/reachextra.com\/es\/#website"},"primaryImageOfPage":{"@id":"https:\/\/reachextra.com\/es\/combatantes-gibraltarenos-parte-i\/#primaryimage"},"image":{"@id":"https:\/\/reachextra.com\/es\/combatantes-gibraltarenos-parte-i\/#primaryimage"},"thumbnailUrl":"https:\/\/reachextra.com\/wp-content\/uploads\/2021\/03\/Gibraltarians-world-war-one-wwi-reachextra.jpg","datePublished":"2021-03-07T10:55:20+00:00","dateModified":"2021-03-07T11:00:49+00:00","description":"F Brancato: Corrigiendo la idea err\u00f3nea de que la participaci\u00f3n Gibraltare\u00f1a en la Primera Guerra Mundial se limit\u00f3 a unas pocas personas...","breadcrumb":{"@id":"https:\/\/reachextra.com\/es\/combatantes-gibraltarenos-parte-i\/#breadcrumb"},"inLanguage":"es","potentialAction":[{"@type":"ReadAction","target":["https:\/\/reachextra.com\/es\/combatantes-gibraltarenos-parte-i\/"]}]},{"@type":"ImageObject","inLanguage":"es","@id":"https:\/\/reachextra.com\/es\/combatantes-gibraltarenos-parte-i\/#primaryimage","url":"https:\/\/reachextra.com\/wp-content\/uploads\/2021\/03\/Gibraltarians-world-war-one-wwi-reachextra.jpg","contentUrl":"https:\/\/reachextra.com\/wp-content\/uploads\/2021\/03\/Gibraltarians-world-war-one-wwi-reachextra.jpg","width":1220,"height":664,"caption":"Gibraltarians WWI world war Gibraltar"},{"@type":"BreadcrumbList","@id":"https:\/\/reachextra.com\/es\/combatantes-gibraltarenos-parte-i\/#breadcrumb","itemListElement":[{"@type":"ListItem","position":1,"name":"Home","item":"https:\/\/reachextra.com\/es\/"},{"@type":"ListItem","position":2,"name":"Tendencias","item":"https:\/\/reachextra.com\/es\/category\/tendencias\/"},{"@type":"ListItem","position":3,"name":"Combatientes Gibraltare\u00f1os en la Primera Guerra Mundial: Primera Parte"}]},{"@type":"WebSite","@id":"https:\/\/reachextra.com\/es\/#website","url":"https:\/\/reachextra.com\/es\/","name":"ReachExtra","description":" Reach-Alcance en Espa\u00f1ol | Gibraltar | Campo de Gibraltar","publisher":{"@id":"https:\/\/reachextra.com\/es\/#organization"},"potentialAction":[{"@type":"SearchAction","target":{"@type":"EntryPoint","urlTemplate":"https:\/\/reachextra.com\/es\/?s={search_term_string}"},"query-input":{"@type":"PropertyValueSpecification","valueRequired":true,"valueName":"search_term_string"}}],"inLanguage":"es"},{"@type":"Organization","@id":"https:\/\/reachextra.com\/es\/#organization","name":"Reach-Alcance","url":"https:\/\/reachextra.com\/es\/","logo":{"@type":"ImageObject","inLanguage":"es","@id":"https:\/\/reachextra.com\/es\/#\/schema\/logo\/image\/","url":"https:\/\/www.reachextra.com\/wp-content\/uploads\/2018\/12\/Reach-Alcance-LOGO-HDPI.jpg","contentUrl":"https:\/\/www.reachextra.com\/wp-content\/uploads\/2018\/12\/Reach-Alcance-LOGO-HDPI.jpg","width":750,"height":474,"caption":"Reach-Alcance"},"image":{"@id":"https:\/\/reachextra.com\/es\/#\/schema\/logo\/image\/"},"sameAs":["http:\/\/www.facebook.com\/reachextra","https:\/\/x.com\/reachextra","http:\/\/reach.extra","https:\/\/www.linkedin.com\/company\/reach-alcance\/"]},{"@type":"Person","@id":"https:\/\/reachextra.com\/es\/#\/schema\/person\/5bf8196030cf130091162668b52085df","name":"ReachExtra","image":{"@type":"ImageObject","inLanguage":"es","@id":"https:\/\/reachextra.com\/es\/#\/schema\/person\/image\/","url":"https:\/\/secure.gravatar.com\/avatar\/11e9f37f3773887633d17fdf580220857b1599038456e2f031ce0efd2f41a394?s=96&d=mm&r=g","contentUrl":"https:\/\/secure.gravatar.com\/avatar\/11e9f37f3773887633d17fdf580220857b1599038456e2f031ce0efd2f41a394?s=96&d=mm&r=g","caption":"ReachExtra"},"sameAs":["http:\/\/www.reachextra.com"]}]}},"jetpack_featured_media_url":"https:\/\/reachextra.com\/wp-content\/uploads\/2021\/03\/Gibraltarians-world-war-one-wwi-reachextra.jpg","wps_subtitle":"Teniente Coronel F Brancato OBE JP","jetpack_sharing_enabled":true,"_links":{"self":[{"href":"https:\/\/reachextra.com\/es\/wp-json\/wp\/v2\/posts\/18274","targetHints":{"allow":["GET"]}}],"collection":[{"href":"https:\/\/reachextra.com\/es\/wp-json\/wp\/v2\/posts"}],"about":[{"href":"https:\/\/reachextra.com\/es\/wp-json\/wp\/v2\/types\/post"}],"author":[{"embeddable":true,"href":"https:\/\/reachextra.com\/es\/wp-json\/wp\/v2\/users\/1"}],"replies":[{"embeddable":true,"href":"https:\/\/reachextra.com\/es\/wp-json\/wp\/v2\/comments?post=18274"}],"version-history":[{"count":3,"href":"https:\/\/reachextra.com\/es\/wp-json\/wp\/v2\/posts\/18274\/revisions"}],"predecessor-version":[{"id":18277,"href":"https:\/\/reachextra.com\/es\/wp-json\/wp\/v2\/posts\/18274\/revisions\/18277"}],"wp:featuredmedia":[{"embeddable":true,"href":"https:\/\/reachextra.com\/es\/wp-json\/wp\/v2\/media\/18259"}],"wp:attachment":[{"href":"https:\/\/reachextra.com\/es\/wp-json\/wp\/v2\/media?parent=18274"}],"wp:term":[{"taxonomy":"category","embeddable":true,"href":"https:\/\/reachextra.com\/es\/wp-json\/wp\/v2\/categories?post=18274"},{"taxonomy":"post_tag","embeddable":true,"href":"https:\/\/reachextra.com\/es\/wp-json\/wp\/v2\/tags?post=18274"},{"taxonomy":"adace-sponsor","embeddable":true,"href":"https:\/\/reachextra.com\/es\/wp-json\/wp\/v2\/adace-sponsor?post=18274"}],"curies":[{"name":"wp","href":"https:\/\/api.w.org\/{rel}","templated":true}]}}