{"id":18206,"date":"2021-03-01T16:13:00","date_gmt":"2021-03-01T15:13:00","guid":{"rendered":"https:\/\/www.reachextra.com\/hotel-universal-la-linea\/"},"modified":"2021-03-01T18:59:59","modified_gmt":"2021-03-01T17:59:59","slug":"hotel-universal-la-linea","status":"publish","type":"post","link":"https:\/\/reachextra.com\/es\/hotel-universal-la-linea\/","title":{"rendered":"Hotel Universal: un establecimiento de categor\u00eda que se convirti\u00f3 en un referente en Andaluc\u00eda"},"content":{"rendered":"\n<p><strong>Forma parte de la historia de La L\u00ednea de la Concepci\u00f3n. Situado en la calle Clavel, muy cerca de la plaza de toros, el Hotel Universal fue un referente en el mundo del toro y uno de los mejores de Andaluc\u00eda. El edificio, hoy reconvertido en viviendas y en una cl\u00ednica privada, nos recuerda el se\u00f1or\u00edo y la importancia que lleg\u00f3 a tener esta ciudad.<\/strong><\/p>\n\n\n\n<figure class=\"wp-block-image size-large\"><img loading=\"lazy\" decoding=\"async\" width=\"700\" height=\"414\" src=\"https:\/\/www.reachextra.com\/wp-content\/uploads\/2021\/03\/hotel-universal-la-linea-history-reachextra-2.jpg\" alt=\"Hotel Universal Biagio D\u2019Amato La Linea de la concepcion bullfight\" class=\"wp-image-18187\" srcset=\"https:\/\/reachextra.com\/wp-content\/uploads\/2021\/03\/hotel-universal-la-linea-history-reachextra-2.jpg 700w, https:\/\/reachextra.com\/wp-content\/uploads\/2021\/03\/hotel-universal-la-linea-history-reachextra-2-300x177.jpg 300w, https:\/\/reachextra.com\/wp-content\/uploads\/2021\/03\/hotel-universal-la-linea-history-reachextra-2-561x332.jpg 561w, https:\/\/reachextra.com\/wp-content\/uploads\/2021\/03\/hotel-universal-la-linea-history-reachextra-2-364x215.jpg 364w, https:\/\/reachextra.com\/wp-content\/uploads\/2021\/03\/hotel-universal-la-linea-history-reachextra-2-608x360.jpg 608w, https:\/\/reachextra.com\/wp-content\/uploads\/2021\/03\/hotel-universal-la-linea-history-reachextra-2-81x48.jpg 81w, https:\/\/reachextra.com\/wp-content\/uploads\/2021\/03\/hotel-universal-la-linea-history-reachextra-2-162x96.jpg 162w, https:\/\/reachextra.com\/wp-content\/uploads\/2021\/03\/hotel-universal-la-linea-history-reachextra-2-313x185.jpg 313w\" sizes=\"auto, (max-width: 700px) 100vw, 700px\" \/><figcaption><strong>Hotel Universal, La Linea | Alberto Velasco: <a href=\"https:\/\/www.facebook.com\/groups\/lalineaimagenesysentimientos\" target=\"_blank\" rel=\"noreferrer noopener\">La Linea a trav\u00e9s del tiempo<\/a><\/strong><\/figcaption><\/figure>\n\n\n\n<p>La L\u00ednea atesora edificios se\u00f1oriales que evidencian la importancia que lleg\u00f3 a tener la ciudad. Uno de ellos es sin duda el edificio Universal, un inmueble de viviendas que alberga una cl\u00ednica m\u00e9dica privada del mismo nombre y que en su d\u00eda fue uno de los hoteles m\u00e1s importantes de Andaluc\u00eda, el Hotel Universal.<\/p>\n\n\n\n<p>Como otras importantes edificaciones de La L\u00ednea, el hotel Universal fue iniciativa del empresario Biagio d\u2019Amato, un hombre de negocios nacido en Malta que tras dirigir numerosos negocios en Gibraltar se traslad\u00f3 a La L\u00ednea. <\/p>\n\n\n\n<p>En 1939 compr\u00f3 el ruinoso edificio de lo que en su d\u00eda fue en teatro Pascualini, al final de la calle Clavel, que reform\u00f3 para convertirlo en su residencia y que hoy acoge la sede de la Universidad Internacional Men\u00e9ndez Pelayo, el conocido Chal\u00e9 D\u2019Amato.<\/p>\n\n\n\n<p>Compr\u00f3 distintos solares donde edific\u00f3 inmuebles modernos para la \u00e9poca y en 1947, tras adquirir y demoler lo que fue el Patio Qui\u00f1ones, en la calle Clavel, donde hab\u00eda un alambique de aguardientes, comenz\u00f3 a construir el Hotel Universal, unas obras que contaron con el auspicio del Patronato Nacional de Turismo.<\/p>\n\n\n\n<figure class=\"wp-block-image size-large\"><img loading=\"lazy\" decoding=\"async\" width=\"700\" height=\"467\" src=\"https:\/\/www.reachextra.com\/wp-content\/uploads\/2021\/03\/hotel-universal-la-linea-history-reachextra-8.jpg\" alt=\"Hotel Universal Biagio D\u2019Amato La Linea de la concepcion bullfight\" class=\"wp-image-18199\" srcset=\"https:\/\/reachextra.com\/wp-content\/uploads\/2021\/03\/hotel-universal-la-linea-history-reachextra-8.jpg 700w, https:\/\/reachextra.com\/wp-content\/uploads\/2021\/03\/hotel-universal-la-linea-history-reachextra-8-300x200.jpg 300w, https:\/\/reachextra.com\/wp-content\/uploads\/2021\/03\/hotel-universal-la-linea-history-reachextra-8-180x120.jpg 180w, https:\/\/reachextra.com\/wp-content\/uploads\/2021\/03\/hotel-universal-la-linea-history-reachextra-8-561x374.jpg 561w, https:\/\/reachextra.com\/wp-content\/uploads\/2021\/03\/hotel-universal-la-linea-history-reachextra-8-364x243.jpg 364w, https:\/\/reachextra.com\/wp-content\/uploads\/2021\/03\/hotel-universal-la-linea-history-reachextra-8-608x406.jpg 608w, https:\/\/reachextra.com\/wp-content\/uploads\/2021\/03\/hotel-universal-la-linea-history-reachextra-8-72x48.jpg 72w, https:\/\/reachextra.com\/wp-content\/uploads\/2021\/03\/hotel-universal-la-linea-history-reachextra-8-144x96.jpg 144w, https:\/\/reachextra.com\/wp-content\/uploads\/2021\/03\/hotel-universal-la-linea-history-reachextra-8-313x209.jpg 313w\" sizes=\"auto, (max-width: 700px) 100vw, 700px\" \/><figcaption><strong>Hotel Universal 2021 | Fran Montes, ReachExtra<\/strong><\/figcaption><\/figure>\n\n\n\n<p>Seg\u00fan una publicaci\u00f3n de la \u00e9poca facilitada a ReachExtra por el archivero municipal, Jos\u00e9 Mart\u00ednez T\u00e9llez, el hotel se alza sobre \u201cun enorme dado\u201d entre las calles Clavel, Sagunto y Paseo 18 de julio. <\/p>\n\n\n\n<p>\u201cPor su suntuosidad, dimensiones y las comodidades por las que est\u00e1 rodeado, puede afirmarse que ser\u00e1 el mejor de todos los conocidos en los pueblos de la provincia de C\u00e1diz y quiz\u00e1 tambi\u00e9n de Andaluc\u00eda\u201d, se\u00f1alaba dicha publicaci\u00f3n.<\/p>\n\n\n\n<p>En la misma, se cont\u00f3 que en las obras trabajaban sin interrupci\u00f3n unos 150 obreros. \u201cEl hotel, de cinco plantas \u2013en realidad eran cuatro- tendr\u00e1 dos categor\u00edas a fin de que puedan hospedarse en \u00e9l personas de todas las clase sociales\u201d, a\u00f1ad\u00eda.<\/p>\n\n\n\n<figure class=\"wp-block-image size-large\"><img loading=\"lazy\" decoding=\"async\" width=\"700\" height=\"527\" src=\"https:\/\/www.reachextra.com\/wp-content\/uploads\/2021\/03\/hotel-universal-la-linea-history-reachextra-6.jpg\" alt=\"\" class=\"wp-image-18195\" srcset=\"https:\/\/reachextra.com\/wp-content\/uploads\/2021\/03\/hotel-universal-la-linea-history-reachextra-6.jpg 700w, https:\/\/reachextra.com\/wp-content\/uploads\/2021\/03\/hotel-universal-la-linea-history-reachextra-6-300x226.jpg 300w, https:\/\/reachextra.com\/wp-content\/uploads\/2021\/03\/hotel-universal-la-linea-history-reachextra-6-192x144.jpg 192w, https:\/\/reachextra.com\/wp-content\/uploads\/2021\/03\/hotel-universal-la-linea-history-reachextra-6-384x288.jpg 384w, https:\/\/reachextra.com\/wp-content\/uploads\/2021\/03\/hotel-universal-la-linea-history-reachextra-6-90x67.jpg 90w, https:\/\/reachextra.com\/wp-content\/uploads\/2021\/03\/hotel-universal-la-linea-history-reachextra-6-180x135.jpg 180w, https:\/\/reachextra.com\/wp-content\/uploads\/2021\/03\/hotel-universal-la-linea-history-reachextra-6-561x422.jpg 561w, https:\/\/reachextra.com\/wp-content\/uploads\/2021\/03\/hotel-universal-la-linea-history-reachextra-6-364x274.jpg 364w, https:\/\/reachextra.com\/wp-content\/uploads\/2021\/03\/hotel-universal-la-linea-history-reachextra-6-608x458.jpg 608w, https:\/\/reachextra.com\/wp-content\/uploads\/2021\/03\/hotel-universal-la-linea-history-reachextra-6-64x48.jpg 64w, https:\/\/reachextra.com\/wp-content\/uploads\/2021\/03\/hotel-universal-la-linea-history-reachextra-6-128x96.jpg 128w, https:\/\/reachextra.com\/wp-content\/uploads\/2021\/03\/hotel-universal-la-linea-history-reachextra-6-313x236.jpg 313w\" sizes=\"auto, (max-width: 700px) 100vw, 700px\" \/><figcaption><strong>Hotel Universal, La Linea | Alberto Velasco: <a href=\"https:\/\/www.facebook.com\/groups\/lalineaimagenesysentimientos\" target=\"_blank\" rel=\"noreferrer noopener\">La Linea a trav\u00e9s del tiempo<\/a><\/strong><\/figcaption><\/figure>\n\n\n\n<p>Cien habitaciones, la mayor\u00eda con ba\u00f1o individual, un espacioso hall, tel\u00e9fonos \u201cmuebles riqu\u00edsimos, excelente tapicer\u00eda y un servicio a tono con la categor\u00eda de este hotel\u201d conformaban el resto de la descripci\u00f3n del Universal en dicha publicaci\u00f3n.<\/p>\n\n\n\n<p>La cr\u00f3nica finalizaba con el siguiente p\u00e1rrafo: \u201cCon esta construcci\u00f3n queda resuelto el hospedaje de La L\u00ednea, que hasta ahora estaba insuficientemente atendido. Lo explotar\u00e1 una empresa que en contacto con el propietario del edificio le dedicar\u00e1 la mejor atenci\u00f3n para que los servicios mantengan las debidas condiciones de confort y comodidad\u201d.<\/p>\n\n\n\n<p>El Hotel Universal fue inaugurado el 9 de julio de 1948 y fue todo un \u00e9xito. La proximidad del edificio con la plaza de toros hizo que se convirtiera adem\u00e1s en el alojamiento habitual de los toreros y sus cuadrillas, por lo que alberg\u00f3 a grandes figuras del toreo de la \u00e9poca cuando la plaza de toros de La L\u00ednea tambi\u00e9n era un referente en este sector.<\/p>\n\n\n\n<p>Para entender c\u00f3mo era la zona entonces, resulta muy interesante el art\u00edculo de Mar\u00eda Jes\u00fas Garc\u00eda Granja en la revista Almoraima, del Instituto de Estudios Campogibralrare\u00f1os, publicado en 2014 bajo el t\u00edtulo \u201cApuntes sobre la arquitectura racionalista en el Campo de Gibraltar. Obras racionalistas en La L\u00ednea de la Concepci\u00f3n\u201d.<\/p>\n\n\n\n<figure class=\"wp-block-image size-large\"><img loading=\"lazy\" decoding=\"async\" width=\"700\" height=\"467\" src=\"https:\/\/www.reachextra.com\/wp-content\/uploads\/2021\/03\/hotel-universal-la-linea-history-reachextra-7.jpg\" alt=\"Hotel Universal Biagio D\u2019Amato La Linea de la concepcion bullfight\" class=\"wp-image-18197\" srcset=\"https:\/\/reachextra.com\/wp-content\/uploads\/2021\/03\/hotel-universal-la-linea-history-reachextra-7.jpg 700w, https:\/\/reachextra.com\/wp-content\/uploads\/2021\/03\/hotel-universal-la-linea-history-reachextra-7-300x200.jpg 300w, https:\/\/reachextra.com\/wp-content\/uploads\/2021\/03\/hotel-universal-la-linea-history-reachextra-7-180x120.jpg 180w, https:\/\/reachextra.com\/wp-content\/uploads\/2021\/03\/hotel-universal-la-linea-history-reachextra-7-561x374.jpg 561w, https:\/\/reachextra.com\/wp-content\/uploads\/2021\/03\/hotel-universal-la-linea-history-reachextra-7-364x243.jpg 364w, https:\/\/reachextra.com\/wp-content\/uploads\/2021\/03\/hotel-universal-la-linea-history-reachextra-7-608x406.jpg 608w, https:\/\/reachextra.com\/wp-content\/uploads\/2021\/03\/hotel-universal-la-linea-history-reachextra-7-72x48.jpg 72w, https:\/\/reachextra.com\/wp-content\/uploads\/2021\/03\/hotel-universal-la-linea-history-reachextra-7-144x96.jpg 144w, https:\/\/reachextra.com\/wp-content\/uploads\/2021\/03\/hotel-universal-la-linea-history-reachextra-7-313x209.jpg 313w\" sizes=\"auto, (max-width: 700px) 100vw, 700px\" \/><figcaption><strong>Hotel Universal 2021 | Fran Montes, ReachExtra<\/strong><\/figcaption><\/figure>\n\n\n\n<p>En el mismo, su autora destaca que el crecimiento de la poblaci\u00f3n en el arco de la Bah\u00eda de Algeciras fue superior a la media de Andaluc\u00eda entre 1900 y 2006. De hecho, seg\u00fan recoge en dicha publicaci\u00f3n, La L\u00ednea pas\u00f3 de tener 330 vecinos censados y 2.506 habitantes reales, cuando se produjo su segregaci\u00f3n de San Roque en 1870, a tener una poblaci\u00f3n censada de 11.884 habitantes en 1900, hasta alcanzar, en 1920, los 61.078 habitantes. Es decir, multiplic\u00f3 por 25 su poblaci\u00f3n en tan s\u00f3lo 50 a\u00f1os.<\/p>\n\n\n\n<figure class=\"wp-block-image size-large\"><img loading=\"lazy\" decoding=\"async\" width=\"700\" height=\"409\" src=\"https:\/\/www.reachextra.com\/wp-content\/uploads\/2021\/03\/hotel-universal-la-linea-history-reachextra-4.jpg\" alt=\"Hotel Universal Biagio D\u2019Amato La Linea de la concepcion bullfight\" class=\"wp-image-18191\" srcset=\"https:\/\/reachextra.com\/wp-content\/uploads\/2021\/03\/hotel-universal-la-linea-history-reachextra-4.jpg 700w, https:\/\/reachextra.com\/wp-content\/uploads\/2021\/03\/hotel-universal-la-linea-history-reachextra-4-300x175.jpg 300w, https:\/\/reachextra.com\/wp-content\/uploads\/2021\/03\/hotel-universal-la-linea-history-reachextra-4-561x328.jpg 561w, https:\/\/reachextra.com\/wp-content\/uploads\/2021\/03\/hotel-universal-la-linea-history-reachextra-4-364x213.jpg 364w, https:\/\/reachextra.com\/wp-content\/uploads\/2021\/03\/hotel-universal-la-linea-history-reachextra-4-608x355.jpg 608w, https:\/\/reachextra.com\/wp-content\/uploads\/2021\/03\/hotel-universal-la-linea-history-reachextra-4-82x48.jpg 82w, https:\/\/reachextra.com\/wp-content\/uploads\/2021\/03\/hotel-universal-la-linea-history-reachextra-4-164x96.jpg 164w, https:\/\/reachextra.com\/wp-content\/uploads\/2021\/03\/hotel-universal-la-linea-history-reachextra-4-313x183.jpg 313w\" sizes=\"auto, (max-width: 700px) 100vw, 700px\" \/><figcaption><strong>Hotel Universal, La Linea | Alberto Velasco: <a href=\"https:\/\/www.facebook.com\/groups\/lalineaimagenesysentimientos\" target=\"_blank\" rel=\"noreferrer noopener\">La Linea a trav\u00e9s del tiempo<\/a><\/strong><\/figcaption><\/figure>\n\n\n\n<p>Sobre el edificio del Hotel Universal, explica que el inmueble, exento de volumetr\u00eda c\u00fabica, tiene la composici\u00f3n de sus tres fachadas a calle Teatro, pasaje Universal y calle Clavel claramente racionalistas, y que la fachada principal a calle Clavel est\u00e1 marcada por el estilo regionalista de los recercados de sus huecos, alicatados sevillanos y petos de celos\u00edas. <\/p>\n\n\n\n<p>\u201cParece que a pesar de pertenecer a los mismos autores que el resto de promociones de D\u00b4Amato, en la fachada de esta intervenci\u00f3n buscan acercarse m\u00e1s al gusto popular andaluz, dado el uso hotelero al que se destina\u201d.<\/p>\n\n\n\n<figure class=\"wp-block-image size-large\"><img loading=\"lazy\" decoding=\"async\" width=\"780\" height=\"518\" src=\"https:\/\/www.reachextra.com\/wp-content\/uploads\/2021\/03\/hotel-universal-la-linea-history-reachextra-3.jpg\" alt=\"\" class=\"wp-image-18189\" srcset=\"https:\/\/reachextra.com\/wp-content\/uploads\/2021\/03\/hotel-universal-la-linea-history-reachextra-3.jpg 780w, https:\/\/reachextra.com\/wp-content\/uploads\/2021\/03\/hotel-universal-la-linea-history-reachextra-3-300x199.jpg 300w, https:\/\/reachextra.com\/wp-content\/uploads\/2021\/03\/hotel-universal-la-linea-history-reachextra-3-768x510.jpg 768w, https:\/\/reachextra.com\/wp-content\/uploads\/2021\/03\/hotel-universal-la-linea-history-reachextra-3-180x120.jpg 180w, https:\/\/reachextra.com\/wp-content\/uploads\/2021\/03\/hotel-universal-la-linea-history-reachextra-3-561x373.jpg 561w, https:\/\/reachextra.com\/wp-content\/uploads\/2021\/03\/hotel-universal-la-linea-history-reachextra-3-364x242.jpg 364w, https:\/\/reachextra.com\/wp-content\/uploads\/2021\/03\/hotel-universal-la-linea-history-reachextra-3-728x483.jpg 728w, https:\/\/reachextra.com\/wp-content\/uploads\/2021\/03\/hotel-universal-la-linea-history-reachextra-3-608x404.jpg 608w, https:\/\/reachextra.com\/wp-content\/uploads\/2021\/03\/hotel-universal-la-linea-history-reachextra-3-758x503.jpg 758w, https:\/\/reachextra.com\/wp-content\/uploads\/2021\/03\/hotel-universal-la-linea-history-reachextra-3-72x48.jpg 72w, https:\/\/reachextra.com\/wp-content\/uploads\/2021\/03\/hotel-universal-la-linea-history-reachextra-3-145x96.jpg 145w, https:\/\/reachextra.com\/wp-content\/uploads\/2021\/03\/hotel-universal-la-linea-history-reachextra-3-313x208.jpg 313w\" sizes=\"auto, (max-width: 780px) 100vw, 780px\" \/><figcaption><strong>Hotel Universal, La Linea | Alberto Velasco: <a href=\"https:\/\/www.facebook.com\/groups\/lalineaimagenesysentimientos\" target=\"_blank\" rel=\"noreferrer noopener\">La Linea a trav\u00e9s del tiempo<\/a><\/strong><\/figcaption><\/figure>\n\n\n\n<p>Esta autora destaca tambi\u00e9n el importante papel que desempe\u00f1\u00f3 Biagio d\u00b4Amato en el crecimiento urbano de La L\u00ednea de la Concepci\u00f3n, a cuya iniciativa se debe que la poblaci\u00f3n \u201ccuente con varios edificios importantes que destacaban en su \u00e9poca sobre la altura media de las viviendas linenses, y c\u00f3mo su construcci\u00f3n de viviendas contribuy\u00f3 a paliar el grav\u00edsimo problema que planteaba la escasez de viviendas en esa \u00e9poca en La L\u00ednea\u201d.<\/p>\n\n\n\n<figure class=\"wp-block-image size-large\"><img loading=\"lazy\" decoding=\"async\" width=\"700\" height=\"419\" src=\"https:\/\/www.reachextra.com\/wp-content\/uploads\/2021\/03\/hotel-universal-la-linea-history-reachextra-9.jpg\" alt=\"\" class=\"wp-image-18203\" srcset=\"https:\/\/reachextra.com\/wp-content\/uploads\/2021\/03\/hotel-universal-la-linea-history-reachextra-9.jpg 700w, https:\/\/reachextra.com\/wp-content\/uploads\/2021\/03\/hotel-universal-la-linea-history-reachextra-9-300x180.jpg 300w, https:\/\/reachextra.com\/wp-content\/uploads\/2021\/03\/hotel-universal-la-linea-history-reachextra-9-561x336.jpg 561w, https:\/\/reachextra.com\/wp-content\/uploads\/2021\/03\/hotel-universal-la-linea-history-reachextra-9-364x218.jpg 364w, https:\/\/reachextra.com\/wp-content\/uploads\/2021\/03\/hotel-universal-la-linea-history-reachextra-9-608x364.jpg 608w, https:\/\/reachextra.com\/wp-content\/uploads\/2021\/03\/hotel-universal-la-linea-history-reachextra-9-80x48.jpg 80w, https:\/\/reachextra.com\/wp-content\/uploads\/2021\/03\/hotel-universal-la-linea-history-reachextra-9-160x96.jpg 160w, https:\/\/reachextra.com\/wp-content\/uploads\/2021\/03\/hotel-universal-la-linea-history-reachextra-9-313x187.jpg 313w\" sizes=\"auto, (max-width: 700px) 100vw, 700px\" \/><figcaption><strong>Hotel Universal, La Linea | Alberto Velasco: <a href=\"https:\/\/www.facebook.com\/groups\/lalineaimagenesysentimientos\" target=\"_blank\" rel=\"noreferrer noopener\">La Linea a trav\u00e9s del tiempo<\/a><\/strong><\/figcaption><\/figure>\n\n\n\n<p>Baggio D\u2019Amato eligi\u00f3 adem\u00e1s para edificar su residencia y este hotel una de las principales arterias de La L\u00ednea. As\u00ed lo recoge tambi\u00e9n Pepe Mart\u00ednez en un art\u00edculo de la secci\u00f3n Arquitectura Linense que public\u00f3 hace unos a\u00f1os el desaparecido diario La Verdad del Campo de Gibraltar: <\/p>\n\n\n\n<p>\u201cEl chalet D\u00b4 Amato, actual sede de la Universidad Internacional Men\u00e9ndez Pelayo de La L\u00ednea de la Concepci\u00f3n, es la m\u00e1s singular de las edificaciones unifamiliares del estilo racionalista de nuestro municipio. Arquitect\u00f3nicamente podr\u00edamos decir que gracias al se\u00f1or  D\u00b4 Amato, la calle Clavel es donde se concentran gran parte de los edificios del estilo arquitect\u00f3nico anteriormente mencionado financiados en su mayor\u00eda por la misma persona\u201d.<\/p>\n","protected":false},"excerpt":{"rendered":"<p>Forma parte de la historia de La L\u00ednea de la Concepci\u00f3n. Situado en la calle Clavel, muy cerca de la plaza de toros, el Hotel Universal&#8230; <a class=\"g1-link g1-link-more\" href=\"https:\/\/reachextra.com\/es\/hotel-universal-la-linea\/\">More<\/a><\/p>\n","protected":false},"author":1,"featured_media":18185,"comment_status":"closed","ping_status":"closed","sticky":false,"template":"","format":"standard","meta":{"_jetpack_memberships_contains_paid_content":false,"footnotes":""},"categories":[244,8128,225],"tags":[],"adace-sponsor":[],"class_list":{"0":"post-18206","1":"post","2":"type-post","3":"status-publish","4":"format-standard","5":"has-post-thumbnail","7":"category-explorar-es","8":"category-historia","9":"category-tendencias"},"yoast_head":"<!-- This site is optimized with the Yoast SEO Premium plugin v19.5 (Yoast SEO v26.7) - https:\/\/yoast.com\/wordpress\/plugins\/seo\/ -->\n<title>Hotel Universal: un establecimiento de categor\u00eda que se convirti\u00f3 en un referente en Andaluc\u00eda<\/title>\n<meta name=\"description\" content=\"Forma parte de la historia de La L\u00ednea de la Concepci\u00f3n. Situado en la calle Clavel, muy cerca de la plaza de toros, el Hotel Universal...\" \/>\n<meta name=\"robots\" content=\"index, follow, max-snippet:-1, max-image-preview:large, max-video-preview:-1\" \/>\n<link rel=\"canonical\" href=\"https:\/\/reachextra.com\/es\/hotel-universal-la-linea\/\" \/>\n<meta property=\"og:locale\" content=\"es_ES\" \/>\n<meta property=\"og:type\" content=\"article\" \/>\n<meta property=\"og:title\" content=\"Hotel Universal: un establecimiento de categor\u00eda que se convirti\u00f3 en un referente en Andaluc\u00eda\" \/>\n<meta property=\"og:description\" content=\"Forma parte de la historia de La L\u00ednea de la Concepci\u00f3n. Situado en la calle Clavel, muy cerca de la plaza de toros, el Hotel Universal...\" \/>\n<meta property=\"og:url\" content=\"https:\/\/reachextra.com\/es\/hotel-universal-la-linea\/\" \/>\n<meta property=\"og:site_name\" content=\"ReachExtra\" \/>\n<meta property=\"article:publisher\" content=\"http:\/\/www.facebook.com\/reachextra\" \/>\n<meta property=\"article:published_time\" content=\"2021-03-01T15:13:00+00:00\" \/>\n<meta property=\"article:modified_time\" content=\"2021-03-01T17:59:59+00:00\" \/>\n<meta property=\"og:image\" content=\"https:\/\/reachextra.com\/wp-content\/uploads\/2021\/03\/hotel-universal-la-linea-history-reachextra.jpg\" \/>\n\t<meta property=\"og:image:width\" content=\"1220\" \/>\n\t<meta property=\"og:image:height\" content=\"664\" \/>\n\t<meta property=\"og:image:type\" content=\"image\/jpeg\" \/>\n<meta name=\"author\" content=\"ReachExtra\" \/>\n<meta name=\"twitter:card\" content=\"summary_large_image\" \/>\n<meta name=\"twitter:creator\" content=\"@reachextra\" \/>\n<meta name=\"twitter:site\" content=\"@reachextra\" \/>\n<meta name=\"twitter:label1\" content=\"Escrito por\" \/>\n\t<meta name=\"twitter:data1\" content=\"ReachExtra\" \/>\n\t<meta name=\"twitter:label2\" content=\"Tiempo de lectura\" \/>\n\t<meta name=\"twitter:data2\" content=\"6 minutos\" \/>\n<script type=\"application\/ld+json\" class=\"yoast-schema-graph\">{\"@context\":\"https:\/\/schema.org\",\"@graph\":[{\"@type\":\"Article\",\"@id\":\"https:\/\/reachextra.com\/es\/hotel-universal-la-linea\/#article\",\"isPartOf\":{\"@id\":\"https:\/\/reachextra.com\/es\/hotel-universal-la-linea\/\"},\"author\":{\"name\":\"ReachExtra\",\"@id\":\"https:\/\/reachextra.com\/es\/#\/schema\/person\/5bf8196030cf130091162668b52085df\"},\"headline\":\"Hotel Universal: un establecimiento de categor\u00eda que se convirti\u00f3 en un referente en Andaluc\u00eda\",\"datePublished\":\"2021-03-01T15:13:00+00:00\",\"dateModified\":\"2021-03-01T17:59:59+00:00\",\"mainEntityOfPage\":{\"@id\":\"https:\/\/reachextra.com\/es\/hotel-universal-la-linea\/\"},\"wordCount\":1114,\"publisher\":{\"@id\":\"https:\/\/reachextra.com\/es\/#organization\"},\"image\":{\"@id\":\"https:\/\/reachextra.com\/es\/hotel-universal-la-linea\/#primaryimage\"},\"thumbnailUrl\":\"https:\/\/reachextra.com\/wp-content\/uploads\/2021\/03\/hotel-universal-la-linea-history-reachextra.jpg\",\"articleSection\":[\"Explorar\",\"Historia\",\"Tendencias\"],\"inLanguage\":\"es\"},{\"@type\":\"WebPage\",\"@id\":\"https:\/\/reachextra.com\/es\/hotel-universal-la-linea\/\",\"url\":\"https:\/\/reachextra.com\/es\/hotel-universal-la-linea\/\",\"name\":\"Hotel Universal: un establecimiento de categor\u00eda que se convirti\u00f3 en un referente en Andaluc\u00eda\",\"isPartOf\":{\"@id\":\"https:\/\/reachextra.com\/es\/#website\"},\"primaryImageOfPage\":{\"@id\":\"https:\/\/reachextra.com\/es\/hotel-universal-la-linea\/#primaryimage\"},\"image\":{\"@id\":\"https:\/\/reachextra.com\/es\/hotel-universal-la-linea\/#primaryimage\"},\"thumbnailUrl\":\"https:\/\/reachextra.com\/wp-content\/uploads\/2021\/03\/hotel-universal-la-linea-history-reachextra.jpg\",\"datePublished\":\"2021-03-01T15:13:00+00:00\",\"dateModified\":\"2021-03-01T17:59:59+00:00\",\"description\":\"Forma parte de la historia de La L\u00ednea de la Concepci\u00f3n. Situado en la calle Clavel, muy cerca de la plaza de toros, el Hotel Universal...\",\"breadcrumb\":{\"@id\":\"https:\/\/reachextra.com\/es\/hotel-universal-la-linea\/#breadcrumb\"},\"inLanguage\":\"es\",\"potentialAction\":[{\"@type\":\"ReadAction\",\"target\":[\"https:\/\/reachextra.com\/es\/hotel-universal-la-linea\/\"]}]},{\"@type\":\"ImageObject\",\"inLanguage\":\"es\",\"@id\":\"https:\/\/reachextra.com\/es\/hotel-universal-la-linea\/#primaryimage\",\"url\":\"https:\/\/reachextra.com\/wp-content\/uploads\/2021\/03\/hotel-universal-la-linea-history-reachextra.jpg\",\"contentUrl\":\"https:\/\/reachextra.com\/wp-content\/uploads\/2021\/03\/hotel-universal-la-linea-history-reachextra.jpg\",\"width\":1220,\"height\":664,\"caption\":\"Hotel Universal Biagio D\u2019Amato La Linea de la concepcion torro\"},{\"@type\":\"BreadcrumbList\",\"@id\":\"https:\/\/reachextra.com\/es\/hotel-universal-la-linea\/#breadcrumb\",\"itemListElement\":[{\"@type\":\"ListItem\",\"position\":1,\"name\":\"Home\",\"item\":\"https:\/\/reachextra.com\/es\/\"},{\"@type\":\"ListItem\",\"position\":2,\"name\":\"Historia\",\"item\":\"https:\/\/reachextra.com\/es\/category\/historia\/\"},{\"@type\":\"ListItem\",\"position\":3,\"name\":\"Hotel Universal: un establecimiento de categor\u00eda que se convirti\u00f3 en un referente en Andaluc\u00eda\"}]},{\"@type\":\"WebSite\",\"@id\":\"https:\/\/reachextra.com\/es\/#website\",\"url\":\"https:\/\/reachextra.com\/es\/\",\"name\":\"ReachExtra\",\"description\":\" Reach-Alcance en Espa\u00f1ol | Gibraltar | Campo de Gibraltar\",\"publisher\":{\"@id\":\"https:\/\/reachextra.com\/es\/#organization\"},\"potentialAction\":[{\"@type\":\"SearchAction\",\"target\":{\"@type\":\"EntryPoint\",\"urlTemplate\":\"https:\/\/reachextra.com\/es\/?s={search_term_string}\"},\"query-input\":{\"@type\":\"PropertyValueSpecification\",\"valueRequired\":true,\"valueName\":\"search_term_string\"}}],\"inLanguage\":\"es\"},{\"@type\":\"Organization\",\"@id\":\"https:\/\/reachextra.com\/es\/#organization\",\"name\":\"Reach-Alcance\",\"url\":\"https:\/\/reachextra.com\/es\/\",\"logo\":{\"@type\":\"ImageObject\",\"inLanguage\":\"es\",\"@id\":\"https:\/\/reachextra.com\/es\/#\/schema\/logo\/image\/\",\"url\":\"https:\/\/www.reachextra.com\/wp-content\/uploads\/2018\/12\/Reach-Alcance-LOGO-HDPI.jpg\",\"contentUrl\":\"https:\/\/www.reachextra.com\/wp-content\/uploads\/2018\/12\/Reach-Alcance-LOGO-HDPI.jpg\",\"width\":750,\"height\":474,\"caption\":\"Reach-Alcance\"},\"image\":{\"@id\":\"https:\/\/reachextra.com\/es\/#\/schema\/logo\/image\/\"},\"sameAs\":[\"http:\/\/www.facebook.com\/reachextra\",\"https:\/\/x.com\/reachextra\",\"http:\/\/reach.extra\",\"https:\/\/www.linkedin.com\/company\/reach-alcance\/\"]},{\"@type\":\"Person\",\"@id\":\"https:\/\/reachextra.com\/es\/#\/schema\/person\/5bf8196030cf130091162668b52085df\",\"name\":\"ReachExtra\",\"image\":{\"@type\":\"ImageObject\",\"inLanguage\":\"es\",\"@id\":\"https:\/\/reachextra.com\/es\/#\/schema\/person\/image\/\",\"url\":\"https:\/\/secure.gravatar.com\/avatar\/11e9f37f3773887633d17fdf580220857b1599038456e2f031ce0efd2f41a394?s=96&d=mm&r=g\",\"contentUrl\":\"https:\/\/secure.gravatar.com\/avatar\/11e9f37f3773887633d17fdf580220857b1599038456e2f031ce0efd2f41a394?s=96&d=mm&r=g\",\"caption\":\"ReachExtra\"},\"sameAs\":[\"http:\/\/www.reachextra.com\"]}]}<\/script>\n<!-- \/ Yoast SEO Premium plugin. -->","yoast_head_json":{"title":"Hotel Universal: un establecimiento de categor\u00eda que se convirti\u00f3 en un referente en Andaluc\u00eda","description":"Forma parte de la historia de La L\u00ednea de la Concepci\u00f3n. Situado en la calle Clavel, muy cerca de la plaza de toros, el Hotel Universal...","robots":{"index":"index","follow":"follow","max-snippet":"max-snippet:-1","max-image-preview":"max-image-preview:large","max-video-preview":"max-video-preview:-1"},"canonical":"https:\/\/reachextra.com\/es\/hotel-universal-la-linea\/","og_locale":"es_ES","og_type":"article","og_title":"Hotel Universal: un establecimiento de categor\u00eda que se convirti\u00f3 en un referente en Andaluc\u00eda","og_description":"Forma parte de la historia de La L\u00ednea de la Concepci\u00f3n. Situado en la calle Clavel, muy cerca de la plaza de toros, el Hotel Universal...","og_url":"https:\/\/reachextra.com\/es\/hotel-universal-la-linea\/","og_site_name":"ReachExtra","article_publisher":"http:\/\/www.facebook.com\/reachextra","article_published_time":"2021-03-01T15:13:00+00:00","article_modified_time":"2021-03-01T17:59:59+00:00","og_image":[{"width":1220,"height":664,"url":"https:\/\/reachextra.com\/wp-content\/uploads\/2021\/03\/hotel-universal-la-linea-history-reachextra.jpg","type":"image\/jpeg"}],"author":"ReachExtra","twitter_card":"summary_large_image","twitter_creator":"@reachextra","twitter_site":"@reachextra","twitter_misc":{"Escrito por":"ReachExtra","Tiempo de lectura":"6 minutos"},"schema":{"@context":"https:\/\/schema.org","@graph":[{"@type":"Article","@id":"https:\/\/reachextra.com\/es\/hotel-universal-la-linea\/#article","isPartOf":{"@id":"https:\/\/reachextra.com\/es\/hotel-universal-la-linea\/"},"author":{"name":"ReachExtra","@id":"https:\/\/reachextra.com\/es\/#\/schema\/person\/5bf8196030cf130091162668b52085df"},"headline":"Hotel Universal: un establecimiento de categor\u00eda que se convirti\u00f3 en un referente en Andaluc\u00eda","datePublished":"2021-03-01T15:13:00+00:00","dateModified":"2021-03-01T17:59:59+00:00","mainEntityOfPage":{"@id":"https:\/\/reachextra.com\/es\/hotel-universal-la-linea\/"},"wordCount":1114,"publisher":{"@id":"https:\/\/reachextra.com\/es\/#organization"},"image":{"@id":"https:\/\/reachextra.com\/es\/hotel-universal-la-linea\/#primaryimage"},"thumbnailUrl":"https:\/\/reachextra.com\/wp-content\/uploads\/2021\/03\/hotel-universal-la-linea-history-reachextra.jpg","articleSection":["Explorar","Historia","Tendencias"],"inLanguage":"es"},{"@type":"WebPage","@id":"https:\/\/reachextra.com\/es\/hotel-universal-la-linea\/","url":"https:\/\/reachextra.com\/es\/hotel-universal-la-linea\/","name":"Hotel Universal: un establecimiento de categor\u00eda que se convirti\u00f3 en un referente en Andaluc\u00eda","isPartOf":{"@id":"https:\/\/reachextra.com\/es\/#website"},"primaryImageOfPage":{"@id":"https:\/\/reachextra.com\/es\/hotel-universal-la-linea\/#primaryimage"},"image":{"@id":"https:\/\/reachextra.com\/es\/hotel-universal-la-linea\/#primaryimage"},"thumbnailUrl":"https:\/\/reachextra.com\/wp-content\/uploads\/2021\/03\/hotel-universal-la-linea-history-reachextra.jpg","datePublished":"2021-03-01T15:13:00+00:00","dateModified":"2021-03-01T17:59:59+00:00","description":"Forma parte de la historia de La L\u00ednea de la Concepci\u00f3n. Situado en la calle Clavel, muy cerca de la plaza de toros, el Hotel Universal...","breadcrumb":{"@id":"https:\/\/reachextra.com\/es\/hotel-universal-la-linea\/#breadcrumb"},"inLanguage":"es","potentialAction":[{"@type":"ReadAction","target":["https:\/\/reachextra.com\/es\/hotel-universal-la-linea\/"]}]},{"@type":"ImageObject","inLanguage":"es","@id":"https:\/\/reachextra.com\/es\/hotel-universal-la-linea\/#primaryimage","url":"https:\/\/reachextra.com\/wp-content\/uploads\/2021\/03\/hotel-universal-la-linea-history-reachextra.jpg","contentUrl":"https:\/\/reachextra.com\/wp-content\/uploads\/2021\/03\/hotel-universal-la-linea-history-reachextra.jpg","width":1220,"height":664,"caption":"Hotel Universal Biagio D\u2019Amato La Linea de la concepcion torro"},{"@type":"BreadcrumbList","@id":"https:\/\/reachextra.com\/es\/hotel-universal-la-linea\/#breadcrumb","itemListElement":[{"@type":"ListItem","position":1,"name":"Home","item":"https:\/\/reachextra.com\/es\/"},{"@type":"ListItem","position":2,"name":"Historia","item":"https:\/\/reachextra.com\/es\/category\/historia\/"},{"@type":"ListItem","position":3,"name":"Hotel Universal: un establecimiento de categor\u00eda que se convirti\u00f3 en un referente en Andaluc\u00eda"}]},{"@type":"WebSite","@id":"https:\/\/reachextra.com\/es\/#website","url":"https:\/\/reachextra.com\/es\/","name":"ReachExtra","description":" Reach-Alcance en Espa\u00f1ol | Gibraltar | Campo de Gibraltar","publisher":{"@id":"https:\/\/reachextra.com\/es\/#organization"},"potentialAction":[{"@type":"SearchAction","target":{"@type":"EntryPoint","urlTemplate":"https:\/\/reachextra.com\/es\/?s={search_term_string}"},"query-input":{"@type":"PropertyValueSpecification","valueRequired":true,"valueName":"search_term_string"}}],"inLanguage":"es"},{"@type":"Organization","@id":"https:\/\/reachextra.com\/es\/#organization","name":"Reach-Alcance","url":"https:\/\/reachextra.com\/es\/","logo":{"@type":"ImageObject","inLanguage":"es","@id":"https:\/\/reachextra.com\/es\/#\/schema\/logo\/image\/","url":"https:\/\/www.reachextra.com\/wp-content\/uploads\/2018\/12\/Reach-Alcance-LOGO-HDPI.jpg","contentUrl":"https:\/\/www.reachextra.com\/wp-content\/uploads\/2018\/12\/Reach-Alcance-LOGO-HDPI.jpg","width":750,"height":474,"caption":"Reach-Alcance"},"image":{"@id":"https:\/\/reachextra.com\/es\/#\/schema\/logo\/image\/"},"sameAs":["http:\/\/www.facebook.com\/reachextra","https:\/\/x.com\/reachextra","http:\/\/reach.extra","https:\/\/www.linkedin.com\/company\/reach-alcance\/"]},{"@type":"Person","@id":"https:\/\/reachextra.com\/es\/#\/schema\/person\/5bf8196030cf130091162668b52085df","name":"ReachExtra","image":{"@type":"ImageObject","inLanguage":"es","@id":"https:\/\/reachextra.com\/es\/#\/schema\/person\/image\/","url":"https:\/\/secure.gravatar.com\/avatar\/11e9f37f3773887633d17fdf580220857b1599038456e2f031ce0efd2f41a394?s=96&d=mm&r=g","contentUrl":"https:\/\/secure.gravatar.com\/avatar\/11e9f37f3773887633d17fdf580220857b1599038456e2f031ce0efd2f41a394?s=96&d=mm&r=g","caption":"ReachExtra"},"sameAs":["http:\/\/www.reachextra.com"]}]}},"jetpack_featured_media_url":"https:\/\/reachextra.com\/wp-content\/uploads\/2021\/03\/hotel-universal-la-linea-history-reachextra.jpg","wps_subtitle":"Soraya Fern\u00e1ndez | Fotos: Alberto Velasco y Fran Montes, ReachExtra","jetpack_sharing_enabled":true,"_links":{"self":[{"href":"https:\/\/reachextra.com\/es\/wp-json\/wp\/v2\/posts\/18206","targetHints":{"allow":["GET"]}}],"collection":[{"href":"https:\/\/reachextra.com\/es\/wp-json\/wp\/v2\/posts"}],"about":[{"href":"https:\/\/reachextra.com\/es\/wp-json\/wp\/v2\/types\/post"}],"author":[{"embeddable":true,"href":"https:\/\/reachextra.com\/es\/wp-json\/wp\/v2\/users\/1"}],"replies":[{"embeddable":true,"href":"https:\/\/reachextra.com\/es\/wp-json\/wp\/v2\/comments?post=18206"}],"version-history":[{"count":5,"href":"https:\/\/reachextra.com\/es\/wp-json\/wp\/v2\/posts\/18206\/revisions"}],"predecessor-version":[{"id":18214,"href":"https:\/\/reachextra.com\/es\/wp-json\/wp\/v2\/posts\/18206\/revisions\/18214"}],"wp:featuredmedia":[{"embeddable":true,"href":"https:\/\/reachextra.com\/es\/wp-json\/wp\/v2\/media\/18185"}],"wp:attachment":[{"href":"https:\/\/reachextra.com\/es\/wp-json\/wp\/v2\/media?parent=18206"}],"wp:term":[{"taxonomy":"category","embeddable":true,"href":"https:\/\/reachextra.com\/es\/wp-json\/wp\/v2\/categories?post=18206"},{"taxonomy":"post_tag","embeddable":true,"href":"https:\/\/reachextra.com\/es\/wp-json\/wp\/v2\/tags?post=18206"},{"taxonomy":"adace-sponsor","embeddable":true,"href":"https:\/\/reachextra.com\/es\/wp-json\/wp\/v2\/adace-sponsor?post=18206"}],"curies":[{"name":"wp","href":"https:\/\/api.w.org\/{rel}","templated":true}]}}