{"id":18092,"date":"2021-02-23T15:06:49","date_gmt":"2021-02-23T14:06:49","guid":{"rendered":"https:\/\/www.reachextra.com\/dos-orillas\/"},"modified":"2021-02-23T15:11:44","modified_gmt":"2021-02-23T14:11:44","slug":"dos-orillas","status":"publish","type":"post","link":"https:\/\/reachextra.com\/es\/dos-orillas\/","title":{"rendered":"\u201cDos Orillas\u201d, una puerta abierta a la cultura en el Estrecho"},"content":{"rendered":"\n<p><strong>La revista de divulgaci\u00f3n cultural, dirigida desde Algeciras por la escritora Paloma Fern\u00e1ndez Gom\u00e1, ha recibido el VII Premio Mecenas de la Literatura Andaluza \u201cManuel Altolaguirre\u201d.<\/strong><\/p>\n\n\n\n<figure class=\"wp-block-image size-large\"><img loading=\"lazy\" decoding=\"async\" width=\"700\" height=\"467\" src=\"https:\/\/www.reachextra.com\/wp-content\/uploads\/2021\/02\/dos-orillas-revista-algeciras-paloma-fernandez-goma-reachextra-5.jpg\" alt=\"\" class=\"wp-image-18085\" srcset=\"https:\/\/reachextra.com\/wp-content\/uploads\/2021\/02\/dos-orillas-revista-algeciras-paloma-fernandez-goma-reachextra-5.jpg 700w, https:\/\/reachextra.com\/wp-content\/uploads\/2021\/02\/dos-orillas-revista-algeciras-paloma-fernandez-goma-reachextra-5-300x200.jpg 300w, https:\/\/reachextra.com\/wp-content\/uploads\/2021\/02\/dos-orillas-revista-algeciras-paloma-fernandez-goma-reachextra-5-180x120.jpg 180w, https:\/\/reachextra.com\/wp-content\/uploads\/2021\/02\/dos-orillas-revista-algeciras-paloma-fernandez-goma-reachextra-5-561x374.jpg 561w, https:\/\/reachextra.com\/wp-content\/uploads\/2021\/02\/dos-orillas-revista-algeciras-paloma-fernandez-goma-reachextra-5-364x243.jpg 364w, https:\/\/reachextra.com\/wp-content\/uploads\/2021\/02\/dos-orillas-revista-algeciras-paloma-fernandez-goma-reachextra-5-608x406.jpg 608w, https:\/\/reachextra.com\/wp-content\/uploads\/2021\/02\/dos-orillas-revista-algeciras-paloma-fernandez-goma-reachextra-5-72x48.jpg 72w, https:\/\/reachextra.com\/wp-content\/uploads\/2021\/02\/dos-orillas-revista-algeciras-paloma-fernandez-goma-reachextra-5-144x96.jpg 144w, https:\/\/reachextra.com\/wp-content\/uploads\/2021\/02\/dos-orillas-revista-algeciras-paloma-fernandez-goma-reachextra-5-313x209.jpg 313w\" sizes=\"auto, (max-width: 700px) 100vw, 700px\" \/><\/figure>\n\n\n\n<p>La publicaci\u00f3n, en el a\u00f1o 2000, de la antolog\u00eda \u201cArribar a la Bah\u00eda\u201d, que un\u00eda las voces de un pu\u00f1ado de poetas de Espa\u00f1a, Gibraltar y Marruecos, fue el germen de lo que luego ser\u00eda la revista \u201cTres Orillas\u201d\u2026 Una publicaci\u00f3n literaria e intercultural, rebautizada en 2012 como \u201cDos Orillas\u201d (\u201cpues al final eso somos, la orilla norte y la sur de un territorio com\u00fan, el del Estrecho\u201d), que en estos d\u00edas acaba de recibir el VII Premio Mecenas de la Literatura Andaluza \u201cManuel Altolaguirre\u201d.<\/p>\n\n\n\n<p>Su impulsora y directora, la poeta, profesora y divulgadora cultural Paloma Fernandez Gom\u00e1, no puede estar m\u00e1s feliz con la noticia, que recibi\u00f3 en su casa de campo, muy cerca de Jimena, donde pas\u00f3 el confinamiento y desde donde todav\u00eda espera, como tantos de nosotros, que su vida vuelva a la normalidad.<\/p>\n\n\n\n<p>\u201cEste premio, que lo concede la Asociaci\u00f3n Colegial de Escritores de Espa\u00f1a en su secci\u00f3n de Andaluc\u00eda, ha sido totalmente inesperado, y lo he recibido como lo que es, un regalo: supone un espaldarazo para la revista, una especie de medalla literaria, y, para m\u00ed, un est\u00edmulo para seguir luchando por ella, despu\u00e9s de tanto tiempo y tantos momentos de incertidumbre, como la crisis econ\u00f3mica de 2011, que tambi\u00e9n afect\u00f3 mucho al sector de la cultura\u201d, reconoce.<\/p>\n\n\n\n<figure class=\"wp-block-image size-large\"><img loading=\"lazy\" decoding=\"async\" width=\"700\" height=\"599\" src=\"https:\/\/www.reachextra.com\/wp-content\/uploads\/2021\/02\/dos-orillas-revista-algeciras-paloma-fernandez-goma-reachextra-2.jpg\" alt=\"Paloma Fernandez Goma Dos Orillas\" class=\"wp-image-18079\" srcset=\"https:\/\/reachextra.com\/wp-content\/uploads\/2021\/02\/dos-orillas-revista-algeciras-paloma-fernandez-goma-reachextra-2.jpg 700w, https:\/\/reachextra.com\/wp-content\/uploads\/2021\/02\/dos-orillas-revista-algeciras-paloma-fernandez-goma-reachextra-2-300x257.jpg 300w, https:\/\/reachextra.com\/wp-content\/uploads\/2021\/02\/dos-orillas-revista-algeciras-paloma-fernandez-goma-reachextra-2-561x480.jpg 561w, https:\/\/reachextra.com\/wp-content\/uploads\/2021\/02\/dos-orillas-revista-algeciras-paloma-fernandez-goma-reachextra-2-364x311.jpg 364w, https:\/\/reachextra.com\/wp-content\/uploads\/2021\/02\/dos-orillas-revista-algeciras-paloma-fernandez-goma-reachextra-2-608x520.jpg 608w, https:\/\/reachextra.com\/wp-content\/uploads\/2021\/02\/dos-orillas-revista-algeciras-paloma-fernandez-goma-reachextra-2-56x48.jpg 56w, https:\/\/reachextra.com\/wp-content\/uploads\/2021\/02\/dos-orillas-revista-algeciras-paloma-fernandez-goma-reachextra-2-112x96.jpg 112w, https:\/\/reachextra.com\/wp-content\/uploads\/2021\/02\/dos-orillas-revista-algeciras-paloma-fernandez-goma-reachextra-2-313x268.jpg 313w\" sizes=\"auto, (max-width: 700px) 100vw, 700px\" \/><figcaption>Editor of the Dos Orillas, Paloma Fern\u00e1ndez Gom\u00e1<\/figcaption><\/figure>\n\n\n\n<p>Agradecida y a\u00fan emocionada por la noticia, la conocida escritora, nacida en Madrid pero afincada en Algeciras desde su juventud, no sabe a\u00fan cu\u00e1ndo ni d\u00f3nde se llevar\u00e1 a cabo la entrega del galard\u00f3n, aunque conf\u00eda en que sea, \u201ccuando se pueda\u201d, en esta ciudad del Estrecho, en la que ha pasado la mayor parte de su vida y desde la que, durante estos \u00faltimos 20 a\u00f1os, ha ido coordinando, con mimo, dedicaci\u00f3n y sabidur\u00eda literaria, las p\u00e1ginas de \u201cDos Orillas\u201d.<\/p>\n\n\n\n<h2 class=\"wp-block-heading\" id=\"h-algeciras-merece-que-se-reconozca-su-importancia-cultural\">\u201cAlgeciras merece que se reconozca su importancia cultural\u201d<\/h2>\n\n\n\n<p>\u201cAlgeciras es una ciudad con una gran importancia cultural, por su historia y por su presente, pero lamentablemente s\u00f3lo solemos ser noticia por titulares que nos estigmatizan, como si el problema de la droga no existiera tambi\u00e9n en otras partes\u2026 A m\u00ed eso me parece una verg\u00fcenza, y me duele, porque esta ciudad no se merece que no se le reconozca todo lo bueno que tiene\u201d, comenta la escritora, que recuerda que&#8230;\r\n<\/p>\n\n\n\n<p>\u201cel puente de uni\u00f3n con \u00c1frica est\u00e1 aqu\u00ed, en el Estrecho, con todo lo que eso supone, tambi\u00e9n de intercambio cultural, de diversidad y de riqueza\u201d.<\/p>\n\n\n\n<p>La publicaci\u00f3n, que mantiene el esp\u00edritu de sus inicios, en los que cont\u00f3 con apoyos como los del Instituto Cervantes en T\u00e1nger y Tetu\u00e1n y el ya desaparecido Instituto Transfronterizo, ha dado cabida en sus p\u00e1ginas a un buen n\u00famero de firmas, tanto de creadores como de investigadores e historiadores, de ambas orillas del Estrecho. Y mantiene su apuesta no s\u00f3lo por la divulgaci\u00f3n cultural, sino tambi\u00e9n por dar espacio y voz a numerosos hispanistas, con la mirada especialmente puesta en Marruecos y firmas que se han convertido en habituales, como las de Mohamed Bouissef o Le\u00f3n Cohen.<\/p>\n\n\n\n<figure class=\"wp-block-image size-large\"><img loading=\"lazy\" decoding=\"async\" width=\"700\" height=\"687\" src=\"https:\/\/www.reachextra.com\/wp-content\/uploads\/2021\/02\/dos-orillas-revista-algeciras-paloma-fernandez-goma-reachextra-4.jpg\" alt=\"Paloma Fernandez Goma Dos Orillas\" class=\"wp-image-18083\" srcset=\"https:\/\/reachextra.com\/wp-content\/uploads\/2021\/02\/dos-orillas-revista-algeciras-paloma-fernandez-goma-reachextra-4.jpg 700w, https:\/\/reachextra.com\/wp-content\/uploads\/2021\/02\/dos-orillas-revista-algeciras-paloma-fernandez-goma-reachextra-4-300x294.jpg 300w, https:\/\/reachextra.com\/wp-content\/uploads\/2021\/02\/dos-orillas-revista-algeciras-paloma-fernandez-goma-reachextra-4-561x551.jpg 561w, https:\/\/reachextra.com\/wp-content\/uploads\/2021\/02\/dos-orillas-revista-algeciras-paloma-fernandez-goma-reachextra-4-364x357.jpg 364w, https:\/\/reachextra.com\/wp-content\/uploads\/2021\/02\/dos-orillas-revista-algeciras-paloma-fernandez-goma-reachextra-4-608x597.jpg 608w, https:\/\/reachextra.com\/wp-content\/uploads\/2021\/02\/dos-orillas-revista-algeciras-paloma-fernandez-goma-reachextra-4-49x48.jpg 49w, https:\/\/reachextra.com\/wp-content\/uploads\/2021\/02\/dos-orillas-revista-algeciras-paloma-fernandez-goma-reachextra-4-98x96.jpg 98w, https:\/\/reachextra.com\/wp-content\/uploads\/2021\/02\/dos-orillas-revista-algeciras-paloma-fernandez-goma-reachextra-4-313x307.jpg 313w\" sizes=\"auto, (max-width: 700px) 100vw, 700px\" \/><\/figure>\n\n\n\n<p>\u201cTodav\u00eda tengo la correspondencia guardada de aquellos primeros a\u00f1os, despu\u00e9s de conseguir, preguntando en las sedes del Cervantes en T\u00e1nger y Tetu\u00e1n, los nombres de los tres primeros hispanistas marroqu\u00edes con los que pudimos contactar\u2026 Por aquel entonces no era como ahora, que con un wasap hablas gratis con quien sea; en el a\u00f1o 2000 las llamadas internacionales eran caras y el correo tardaba mucho en llegar\u201d, recuerda Fern\u00e1ndez Gom\u00e1, confiando en que \u201ccuando todo esto pase\u201d, se pueda volver a presentar la revista en la otra orilla, como ya se ha hecho otras veces, la \u00faltima en 2018.<\/p>\n\n\n\n<p>El pr\u00f3ximo n\u00famero de \u201cDos Orillas\u201d, que seg\u00fan nos avanza su directora estar\u00e1 en la calle en un par de meses, ir\u00e1 dedicado, precisamente, a la figura de Trina Mercader, una escritora que vivi\u00f3 en el Protectorado de Marruecos, de la que se cumplen ahora 100 a\u00f1os de su nacimiento, y que fund\u00f3 tambi\u00e9n, a mediados del siglo XX, la revista biling\u00fce en \u00e1rabe y espa\u00f1ol \u201cAl-Motamid\u201d.<\/p>\n\n\n\n<h2 class=\"wp-block-heading\" id=\"h-apostando-por-el-papel-en-tiempos-de-internet\">Apostando por el papel en tiempos de internet<\/h2>\n\n\n\n<figure class=\"wp-block-image size-large\"><img loading=\"lazy\" decoding=\"async\" width=\"664\" height=\"442\" src=\"https:\/\/www.reachextra.com\/wp-content\/uploads\/2021\/02\/dos-orillas-revista-algeciras-paloma-fernandez-goma-reachextra-3.jpg\" alt=\"Paloma Fernandez Goma Dos Orillas\" class=\"wp-image-18081\" srcset=\"https:\/\/reachextra.com\/wp-content\/uploads\/2021\/02\/dos-orillas-revista-algeciras-paloma-fernandez-goma-reachextra-3.jpg 664w, https:\/\/reachextra.com\/wp-content\/uploads\/2021\/02\/dos-orillas-revista-algeciras-paloma-fernandez-goma-reachextra-3-300x200.jpg 300w, https:\/\/reachextra.com\/wp-content\/uploads\/2021\/02\/dos-orillas-revista-algeciras-paloma-fernandez-goma-reachextra-3-180x120.jpg 180w, https:\/\/reachextra.com\/wp-content\/uploads\/2021\/02\/dos-orillas-revista-algeciras-paloma-fernandez-goma-reachextra-3-561x373.jpg 561w, https:\/\/reachextra.com\/wp-content\/uploads\/2021\/02\/dos-orillas-revista-algeciras-paloma-fernandez-goma-reachextra-3-364x242.jpg 364w, https:\/\/reachextra.com\/wp-content\/uploads\/2021\/02\/dos-orillas-revista-algeciras-paloma-fernandez-goma-reachextra-3-608x405.jpg 608w, https:\/\/reachextra.com\/wp-content\/uploads\/2021\/02\/dos-orillas-revista-algeciras-paloma-fernandez-goma-reachextra-3-72x48.jpg 72w, https:\/\/reachextra.com\/wp-content\/uploads\/2021\/02\/dos-orillas-revista-algeciras-paloma-fernandez-goma-reachextra-3-144x96.jpg 144w, https:\/\/reachextra.com\/wp-content\/uploads\/2021\/02\/dos-orillas-revista-algeciras-paloma-fernandez-goma-reachextra-3-313x208.jpg 313w\" sizes=\"auto, (max-width: 664px) 100vw, 664px\" \/><\/figure>\n\n\n\n<p>Tal y como recuerda Fern\u00e1ndez Gom\u00e1, la publicaci\u00f3n sigue manteniendo tambi\u00e9n su v\u00ednculo con Gibraltar, y una apuesta \u201cdecidida y convencida\u201d por el papel, aunque en los \u00faltimos a\u00f1os internet y las redes sociales se hayan convertido, sin duda, en \u201cuna ventana para abrirla a\u00fan m\u00e1s al mundo, y hacerla llegar a lectores que, de otra forma, no tendr\u00edan la oportunidad de conocerla y disfrutarla\u201d.<\/p>\n\n\n\n<p>Al fin y al cabo, de lo que se trata es de eso: de seguir tendiendo puentes a la cultura, entendida como la mejor forma de acercamiento entre los seres humanos, independientemente del lugar donde vivan, o donde hayan nacido. <\/p>\n\n\n\n<p>\u201cLa cultura abre la mente, derriba prejuicios, te ense\u00f1a, dignifica a la persona\u2026 Adem\u00e1s, en estos tiempos convulsos que vivimos es un b\u00e1lsamo, una puerta abierta, un territorio com\u00fan donde ponder encontrarnos, aunque sea en la distancia\u201d.\r\n<\/p>\n","protected":false},"excerpt":{"rendered":"<p>Dos Orillas: La revista de divulgaci\u00f3n cultural, dirigida desde Algeciras por la escritora Paloma Fern\u00e1ndez Gom\u00e1, ha recibido el VII&#8230; <a class=\"g1-link g1-link-more\" href=\"https:\/\/reachextra.com\/es\/dos-orillas\/\">More<\/a><\/p>\n","protected":false},"author":1,"featured_media":18087,"comment_status":"closed","ping_status":"closed","sticky":false,"template":"","format":"standard","meta":{"_jetpack_memberships_contains_paid_content":false,"footnotes":""},"categories":[1309,226],"tags":[270,13840,14787,403,14788,242],"adace-sponsor":[],"class_list":{"0":"post-18092","1":"post","2":"type-post","3":"status-publish","4":"format-standard","5":"has-post-thumbnail","7":"category-arte","8":"category-noticias-es","9":"tag-algeciras-es","10":"tag-andalucia-es-2","11":"tag-dos-orillas-es","12":"tag-jimena-es","13":"tag-paloma-fernandez-goma-es","14":"tag-rosario-perez-es"},"yoast_head":"<!-- This site is optimized with the Yoast SEO Premium plugin v19.5 (Yoast SEO v26.7) - https:\/\/yoast.com\/wordpress\/plugins\/seo\/ -->\n<title>\u201cDos Orillas\u201d, una puerta abierta a la cultura en el Estrecho - ReachExtra<\/title>\n<meta name=\"description\" content=\"Dos Orillas: La revista de divulgaci\u00f3n cultural, dirigida desde Algeciras por la escritora Paloma Fern\u00e1ndez Gom\u00e1, ha recibido el VII...\" \/>\n<meta name=\"robots\" content=\"index, follow, max-snippet:-1, max-image-preview:large, max-video-preview:-1\" \/>\n<link rel=\"canonical\" href=\"https:\/\/reachextra.com\/es\/dos-orillas\/\" \/>\n<meta property=\"og:locale\" content=\"es_ES\" \/>\n<meta property=\"og:type\" content=\"article\" \/>\n<meta property=\"og:title\" content=\"\u201cDos Orillas\u201d, una puerta abierta a la cultura en el Estrecho\" \/>\n<meta property=\"og:description\" content=\"Dos Orillas: La revista de divulgaci\u00f3n cultural, dirigida desde Algeciras por la escritora Paloma Fern\u00e1ndez Gom\u00e1, ha recibido el VII...\" \/>\n<meta property=\"og:url\" content=\"https:\/\/reachextra.com\/es\/dos-orillas\/\" \/>\n<meta property=\"og:site_name\" content=\"ReachExtra\" \/>\n<meta property=\"article:publisher\" content=\"http:\/\/www.facebook.com\/reachextra\" \/>\n<meta property=\"article:published_time\" content=\"2021-02-23T14:06:49+00:00\" \/>\n<meta property=\"article:modified_time\" content=\"2021-02-23T14:11:44+00:00\" \/>\n<meta property=\"og:image\" content=\"https:\/\/reachextra.com\/wp-content\/uploads\/2021\/02\/dos-orillas-revista-algeciras-paloma-fernandez-goma-reachextra.jpg\" \/>\n\t<meta property=\"og:image:width\" content=\"1220\" \/>\n\t<meta property=\"og:image:height\" content=\"664\" \/>\n\t<meta property=\"og:image:type\" content=\"image\/jpeg\" \/>\n<meta name=\"author\" content=\"ReachExtra\" \/>\n<meta name=\"twitter:card\" content=\"summary_large_image\" \/>\n<meta name=\"twitter:creator\" content=\"@reachextra\" \/>\n<meta name=\"twitter:site\" content=\"@reachextra\" \/>\n<meta name=\"twitter:label1\" content=\"Escrito por\" \/>\n\t<meta name=\"twitter:data1\" content=\"ReachExtra\" \/>\n\t<meta name=\"twitter:label2\" content=\"Tiempo de lectura\" \/>\n\t<meta name=\"twitter:data2\" content=\"5 minutos\" \/>\n<script type=\"application\/ld+json\" class=\"yoast-schema-graph\">{\"@context\":\"https:\/\/schema.org\",\"@graph\":[{\"@type\":\"Article\",\"@id\":\"https:\/\/reachextra.com\/es\/dos-orillas\/#article\",\"isPartOf\":{\"@id\":\"https:\/\/reachextra.com\/es\/dos-orillas\/\"},\"author\":{\"name\":\"ReachExtra\",\"@id\":\"https:\/\/reachextra.com\/es\/#\/schema\/person\/5bf8196030cf130091162668b52085df\"},\"headline\":\"\u201cDos Orillas\u201d, una puerta abierta a la cultura en el Estrecho\",\"datePublished\":\"2021-02-23T14:06:49+00:00\",\"dateModified\":\"2021-02-23T14:11:44+00:00\",\"mainEntityOfPage\":{\"@id\":\"https:\/\/reachextra.com\/es\/dos-orillas\/\"},\"wordCount\":929,\"publisher\":{\"@id\":\"https:\/\/reachextra.com\/es\/#organization\"},\"image\":{\"@id\":\"https:\/\/reachextra.com\/es\/dos-orillas\/#primaryimage\"},\"thumbnailUrl\":\"https:\/\/reachextra.com\/wp-content\/uploads\/2021\/02\/dos-orillas-revista-algeciras-paloma-fernandez-goma-reachextra.jpg\",\"keywords\":[\"algeciras\",\"Andalucia\",\"Dos Orillas\",\"Jimena\",\"Paloma Fernandez Goma\",\"Rosario Perez\"],\"articleSection\":[\"Arte\",\"Noticias\"],\"inLanguage\":\"es\"},{\"@type\":\"WebPage\",\"@id\":\"https:\/\/reachextra.com\/es\/dos-orillas\/\",\"url\":\"https:\/\/reachextra.com\/es\/dos-orillas\/\",\"name\":\"\u201cDos Orillas\u201d, una puerta abierta a la cultura en el Estrecho - ReachExtra\",\"isPartOf\":{\"@id\":\"https:\/\/reachextra.com\/es\/#website\"},\"primaryImageOfPage\":{\"@id\":\"https:\/\/reachextra.com\/es\/dos-orillas\/#primaryimage\"},\"image\":{\"@id\":\"https:\/\/reachextra.com\/es\/dos-orillas\/#primaryimage\"},\"thumbnailUrl\":\"https:\/\/reachextra.com\/wp-content\/uploads\/2021\/02\/dos-orillas-revista-algeciras-paloma-fernandez-goma-reachextra.jpg\",\"datePublished\":\"2021-02-23T14:06:49+00:00\",\"dateModified\":\"2021-02-23T14:11:44+00:00\",\"description\":\"Dos Orillas: La revista de divulgaci\u00f3n cultural, dirigida desde Algeciras por la escritora Paloma Fern\u00e1ndez Gom\u00e1, ha recibido el VII...\",\"breadcrumb\":{\"@id\":\"https:\/\/reachextra.com\/es\/dos-orillas\/#breadcrumb\"},\"inLanguage\":\"es\",\"potentialAction\":[{\"@type\":\"ReadAction\",\"target\":[\"https:\/\/reachextra.com\/es\/dos-orillas\/\"]}]},{\"@type\":\"ImageObject\",\"inLanguage\":\"es\",\"@id\":\"https:\/\/reachextra.com\/es\/dos-orillas\/#primaryimage\",\"url\":\"https:\/\/reachextra.com\/wp-content\/uploads\/2021\/02\/dos-orillas-revista-algeciras-paloma-fernandez-goma-reachextra.jpg\",\"contentUrl\":\"https:\/\/reachextra.com\/wp-content\/uploads\/2021\/02\/dos-orillas-revista-algeciras-paloma-fernandez-goma-reachextra.jpg\",\"width\":1220,\"height\":664,\"caption\":\"Paloma Fernandez Goma Dos Orillas\"},{\"@type\":\"BreadcrumbList\",\"@id\":\"https:\/\/reachextra.com\/es\/dos-orillas\/#breadcrumb\",\"itemListElement\":[{\"@type\":\"ListItem\",\"position\":1,\"name\":\"Home\",\"item\":\"https:\/\/reachextra.com\/es\/\"},{\"@type\":\"ListItem\",\"position\":2,\"name\":\"Arte\",\"item\":\"https:\/\/reachextra.com\/es\/category\/arte\/\"},{\"@type\":\"ListItem\",\"position\":3,\"name\":\"\u201cDos Orillas\u201d, una puerta abierta a la cultura en el Estrecho\"}]},{\"@type\":\"WebSite\",\"@id\":\"https:\/\/reachextra.com\/es\/#website\",\"url\":\"https:\/\/reachextra.com\/es\/\",\"name\":\"ReachExtra\",\"description\":\" Reach-Alcance en Espa\u00f1ol | Gibraltar | Campo de Gibraltar\",\"publisher\":{\"@id\":\"https:\/\/reachextra.com\/es\/#organization\"},\"potentialAction\":[{\"@type\":\"SearchAction\",\"target\":{\"@type\":\"EntryPoint\",\"urlTemplate\":\"https:\/\/reachextra.com\/es\/?s={search_term_string}\"},\"query-input\":{\"@type\":\"PropertyValueSpecification\",\"valueRequired\":true,\"valueName\":\"search_term_string\"}}],\"inLanguage\":\"es\"},{\"@type\":\"Organization\",\"@id\":\"https:\/\/reachextra.com\/es\/#organization\",\"name\":\"Reach-Alcance\",\"url\":\"https:\/\/reachextra.com\/es\/\",\"logo\":{\"@type\":\"ImageObject\",\"inLanguage\":\"es\",\"@id\":\"https:\/\/reachextra.com\/es\/#\/schema\/logo\/image\/\",\"url\":\"https:\/\/www.reachextra.com\/wp-content\/uploads\/2018\/12\/Reach-Alcance-LOGO-HDPI.jpg\",\"contentUrl\":\"https:\/\/www.reachextra.com\/wp-content\/uploads\/2018\/12\/Reach-Alcance-LOGO-HDPI.jpg\",\"width\":750,\"height\":474,\"caption\":\"Reach-Alcance\"},\"image\":{\"@id\":\"https:\/\/reachextra.com\/es\/#\/schema\/logo\/image\/\"},\"sameAs\":[\"http:\/\/www.facebook.com\/reachextra\",\"https:\/\/x.com\/reachextra\",\"http:\/\/reach.extra\",\"https:\/\/www.linkedin.com\/company\/reach-alcance\/\"]},{\"@type\":\"Person\",\"@id\":\"https:\/\/reachextra.com\/es\/#\/schema\/person\/5bf8196030cf130091162668b52085df\",\"name\":\"ReachExtra\",\"image\":{\"@type\":\"ImageObject\",\"inLanguage\":\"es\",\"@id\":\"https:\/\/reachextra.com\/es\/#\/schema\/person\/image\/\",\"url\":\"https:\/\/secure.gravatar.com\/avatar\/11e9f37f3773887633d17fdf580220857b1599038456e2f031ce0efd2f41a394?s=96&d=mm&r=g\",\"contentUrl\":\"https:\/\/secure.gravatar.com\/avatar\/11e9f37f3773887633d17fdf580220857b1599038456e2f031ce0efd2f41a394?s=96&d=mm&r=g\",\"caption\":\"ReachExtra\"},\"sameAs\":[\"http:\/\/www.reachextra.com\"]}]}<\/script>\n<!-- \/ Yoast SEO Premium plugin. -->","yoast_head_json":{"title":"\u201cDos Orillas\u201d, una puerta abierta a la cultura en el Estrecho - ReachExtra","description":"Dos Orillas: La revista de divulgaci\u00f3n cultural, dirigida desde Algeciras por la escritora Paloma Fern\u00e1ndez Gom\u00e1, ha recibido el VII...","robots":{"index":"index","follow":"follow","max-snippet":"max-snippet:-1","max-image-preview":"max-image-preview:large","max-video-preview":"max-video-preview:-1"},"canonical":"https:\/\/reachextra.com\/es\/dos-orillas\/","og_locale":"es_ES","og_type":"article","og_title":"\u201cDos Orillas\u201d, una puerta abierta a la cultura en el Estrecho","og_description":"Dos Orillas: La revista de divulgaci\u00f3n cultural, dirigida desde Algeciras por la escritora Paloma Fern\u00e1ndez Gom\u00e1, ha recibido el VII...","og_url":"https:\/\/reachextra.com\/es\/dos-orillas\/","og_site_name":"ReachExtra","article_publisher":"http:\/\/www.facebook.com\/reachextra","article_published_time":"2021-02-23T14:06:49+00:00","article_modified_time":"2021-02-23T14:11:44+00:00","og_image":[{"width":1220,"height":664,"url":"https:\/\/reachextra.com\/wp-content\/uploads\/2021\/02\/dos-orillas-revista-algeciras-paloma-fernandez-goma-reachextra.jpg","type":"image\/jpeg"}],"author":"ReachExtra","twitter_card":"summary_large_image","twitter_creator":"@reachextra","twitter_site":"@reachextra","twitter_misc":{"Escrito por":"ReachExtra","Tiempo de lectura":"5 minutos"},"schema":{"@context":"https:\/\/schema.org","@graph":[{"@type":"Article","@id":"https:\/\/reachextra.com\/es\/dos-orillas\/#article","isPartOf":{"@id":"https:\/\/reachextra.com\/es\/dos-orillas\/"},"author":{"name":"ReachExtra","@id":"https:\/\/reachextra.com\/es\/#\/schema\/person\/5bf8196030cf130091162668b52085df"},"headline":"\u201cDos Orillas\u201d, una puerta abierta a la cultura en el Estrecho","datePublished":"2021-02-23T14:06:49+00:00","dateModified":"2021-02-23T14:11:44+00:00","mainEntityOfPage":{"@id":"https:\/\/reachextra.com\/es\/dos-orillas\/"},"wordCount":929,"publisher":{"@id":"https:\/\/reachextra.com\/es\/#organization"},"image":{"@id":"https:\/\/reachextra.com\/es\/dos-orillas\/#primaryimage"},"thumbnailUrl":"https:\/\/reachextra.com\/wp-content\/uploads\/2021\/02\/dos-orillas-revista-algeciras-paloma-fernandez-goma-reachextra.jpg","keywords":["algeciras","Andalucia","Dos Orillas","Jimena","Paloma Fernandez Goma","Rosario Perez"],"articleSection":["Arte","Noticias"],"inLanguage":"es"},{"@type":"WebPage","@id":"https:\/\/reachextra.com\/es\/dos-orillas\/","url":"https:\/\/reachextra.com\/es\/dos-orillas\/","name":"\u201cDos Orillas\u201d, una puerta abierta a la cultura en el Estrecho - ReachExtra","isPartOf":{"@id":"https:\/\/reachextra.com\/es\/#website"},"primaryImageOfPage":{"@id":"https:\/\/reachextra.com\/es\/dos-orillas\/#primaryimage"},"image":{"@id":"https:\/\/reachextra.com\/es\/dos-orillas\/#primaryimage"},"thumbnailUrl":"https:\/\/reachextra.com\/wp-content\/uploads\/2021\/02\/dos-orillas-revista-algeciras-paloma-fernandez-goma-reachextra.jpg","datePublished":"2021-02-23T14:06:49+00:00","dateModified":"2021-02-23T14:11:44+00:00","description":"Dos Orillas: La revista de divulgaci\u00f3n cultural, dirigida desde Algeciras por la escritora Paloma Fern\u00e1ndez Gom\u00e1, ha recibido el VII...","breadcrumb":{"@id":"https:\/\/reachextra.com\/es\/dos-orillas\/#breadcrumb"},"inLanguage":"es","potentialAction":[{"@type":"ReadAction","target":["https:\/\/reachextra.com\/es\/dos-orillas\/"]}]},{"@type":"ImageObject","inLanguage":"es","@id":"https:\/\/reachextra.com\/es\/dos-orillas\/#primaryimage","url":"https:\/\/reachextra.com\/wp-content\/uploads\/2021\/02\/dos-orillas-revista-algeciras-paloma-fernandez-goma-reachextra.jpg","contentUrl":"https:\/\/reachextra.com\/wp-content\/uploads\/2021\/02\/dos-orillas-revista-algeciras-paloma-fernandez-goma-reachextra.jpg","width":1220,"height":664,"caption":"Paloma Fernandez Goma Dos Orillas"},{"@type":"BreadcrumbList","@id":"https:\/\/reachextra.com\/es\/dos-orillas\/#breadcrumb","itemListElement":[{"@type":"ListItem","position":1,"name":"Home","item":"https:\/\/reachextra.com\/es\/"},{"@type":"ListItem","position":2,"name":"Arte","item":"https:\/\/reachextra.com\/es\/category\/arte\/"},{"@type":"ListItem","position":3,"name":"\u201cDos Orillas\u201d, una puerta abierta a la cultura en el Estrecho"}]},{"@type":"WebSite","@id":"https:\/\/reachextra.com\/es\/#website","url":"https:\/\/reachextra.com\/es\/","name":"ReachExtra","description":" Reach-Alcance en Espa\u00f1ol | Gibraltar | Campo de Gibraltar","publisher":{"@id":"https:\/\/reachextra.com\/es\/#organization"},"potentialAction":[{"@type":"SearchAction","target":{"@type":"EntryPoint","urlTemplate":"https:\/\/reachextra.com\/es\/?s={search_term_string}"},"query-input":{"@type":"PropertyValueSpecification","valueRequired":true,"valueName":"search_term_string"}}],"inLanguage":"es"},{"@type":"Organization","@id":"https:\/\/reachextra.com\/es\/#organization","name":"Reach-Alcance","url":"https:\/\/reachextra.com\/es\/","logo":{"@type":"ImageObject","inLanguage":"es","@id":"https:\/\/reachextra.com\/es\/#\/schema\/logo\/image\/","url":"https:\/\/www.reachextra.com\/wp-content\/uploads\/2018\/12\/Reach-Alcance-LOGO-HDPI.jpg","contentUrl":"https:\/\/www.reachextra.com\/wp-content\/uploads\/2018\/12\/Reach-Alcance-LOGO-HDPI.jpg","width":750,"height":474,"caption":"Reach-Alcance"},"image":{"@id":"https:\/\/reachextra.com\/es\/#\/schema\/logo\/image\/"},"sameAs":["http:\/\/www.facebook.com\/reachextra","https:\/\/x.com\/reachextra","http:\/\/reach.extra","https:\/\/www.linkedin.com\/company\/reach-alcance\/"]},{"@type":"Person","@id":"https:\/\/reachextra.com\/es\/#\/schema\/person\/5bf8196030cf130091162668b52085df","name":"ReachExtra","image":{"@type":"ImageObject","inLanguage":"es","@id":"https:\/\/reachextra.com\/es\/#\/schema\/person\/image\/","url":"https:\/\/secure.gravatar.com\/avatar\/11e9f37f3773887633d17fdf580220857b1599038456e2f031ce0efd2f41a394?s=96&d=mm&r=g","contentUrl":"https:\/\/secure.gravatar.com\/avatar\/11e9f37f3773887633d17fdf580220857b1599038456e2f031ce0efd2f41a394?s=96&d=mm&r=g","caption":"ReachExtra"},"sameAs":["http:\/\/www.reachextra.com"]}]}},"jetpack_featured_media_url":"https:\/\/reachextra.com\/wp-content\/uploads\/2021\/02\/dos-orillas-revista-algeciras-paloma-fernandez-goma-reachextra.jpg","wps_subtitle":"Rosario P\u00e9rez ","jetpack_sharing_enabled":true,"_links":{"self":[{"href":"https:\/\/reachextra.com\/es\/wp-json\/wp\/v2\/posts\/18092","targetHints":{"allow":["GET"]}}],"collection":[{"href":"https:\/\/reachextra.com\/es\/wp-json\/wp\/v2\/posts"}],"about":[{"href":"https:\/\/reachextra.com\/es\/wp-json\/wp\/v2\/types\/post"}],"author":[{"embeddable":true,"href":"https:\/\/reachextra.com\/es\/wp-json\/wp\/v2\/users\/1"}],"replies":[{"embeddable":true,"href":"https:\/\/reachextra.com\/es\/wp-json\/wp\/v2\/comments?post=18092"}],"version-history":[{"count":3,"href":"https:\/\/reachextra.com\/es\/wp-json\/wp\/v2\/posts\/18092\/revisions"}],"predecessor-version":[{"id":18095,"href":"https:\/\/reachextra.com\/es\/wp-json\/wp\/v2\/posts\/18092\/revisions\/18095"}],"wp:featuredmedia":[{"embeddable":true,"href":"https:\/\/reachextra.com\/es\/wp-json\/wp\/v2\/media\/18087"}],"wp:attachment":[{"href":"https:\/\/reachextra.com\/es\/wp-json\/wp\/v2\/media?parent=18092"}],"wp:term":[{"taxonomy":"category","embeddable":true,"href":"https:\/\/reachextra.com\/es\/wp-json\/wp\/v2\/categories?post=18092"},{"taxonomy":"post_tag","embeddable":true,"href":"https:\/\/reachextra.com\/es\/wp-json\/wp\/v2\/tags?post=18092"},{"taxonomy":"adace-sponsor","embeddable":true,"href":"https:\/\/reachextra.com\/es\/wp-json\/wp\/v2\/adace-sponsor?post=18092"}],"curies":[{"name":"wp","href":"https:\/\/api.w.org\/{rel}","templated":true}]}}