{"id":17837,"date":"2021-01-29T10:04:34","date_gmt":"2021-01-29T09:04:34","guid":{"rendered":"https:\/\/www.reachextra.com\/lago-maritimo-algeciras\/"},"modified":"2021-01-29T10:09:49","modified_gmt":"2021-01-29T09:09:49","slug":"lago-maritimo-algeciras","status":"publish","type":"post","link":"https:\/\/reachextra.com\/es\/lago-maritimo-algeciras\/","title":{"rendered":"El Lago Mar\u00edtimo, un proyecto destinado a cambiar parte del paisaje de Algeciras"},"content":{"rendered":"\n<p><strong>Algeciras podr\u00e1 presumir, en un futuro que se espera no muy lejano, de un Lago Mar\u00edtimo que cambiar\u00e1 por completo la imagen de buena parte de su frente litoral. Al menos, as\u00ed se desprende de los pasos que se han ido dando en los \u00faltimos meses para avanzar en este proyecto, que desde el Ayuntamiento se considera de \u201cvital importancia\u201d para el desarrollo de la ciudad.<\/strong><\/p>\n\n\n\n<figure class=\"wp-block-image size-large\"><img loading=\"lazy\" decoding=\"async\" width=\"700\" height=\"467\" src=\"https:\/\/www.reachextra.com\/wp-content\/uploads\/2021\/01\/lago-maritimo-algeciras-puerto-reachextra-2.jpg\" alt=\"Lago Maritimo Algeciras Andalucia Jose Luis Cano Llano Amarillo\" class=\"wp-image-17821\" srcset=\"https:\/\/reachextra.com\/wp-content\/uploads\/2021\/01\/lago-maritimo-algeciras-puerto-reachextra-2.jpg 700w, https:\/\/reachextra.com\/wp-content\/uploads\/2021\/01\/lago-maritimo-algeciras-puerto-reachextra-2-300x200.jpg 300w, https:\/\/reachextra.com\/wp-content\/uploads\/2021\/01\/lago-maritimo-algeciras-puerto-reachextra-2-180x120.jpg 180w, https:\/\/reachextra.com\/wp-content\/uploads\/2021\/01\/lago-maritimo-algeciras-puerto-reachextra-2-561x374.jpg 561w, https:\/\/reachextra.com\/wp-content\/uploads\/2021\/01\/lago-maritimo-algeciras-puerto-reachextra-2-364x243.jpg 364w, https:\/\/reachextra.com\/wp-content\/uploads\/2021\/01\/lago-maritimo-algeciras-puerto-reachextra-2-608x406.jpg 608w, https:\/\/reachextra.com\/wp-content\/uploads\/2021\/01\/lago-maritimo-algeciras-puerto-reachextra-2-72x48.jpg 72w, https:\/\/reachextra.com\/wp-content\/uploads\/2021\/01\/lago-maritimo-algeciras-puerto-reachextra-2-144x96.jpg 144w, https:\/\/reachextra.com\/wp-content\/uploads\/2021\/01\/lago-maritimo-algeciras-puerto-reachextra-2-313x209.jpg 313w\" sizes=\"auto, (max-width: 700px) 100vw, 700px\" \/><\/figure>\n\n\n\n<p>El ambicioso proyecto dise\u00f1ado en torno al Lago, que ser\u00e1 la parte m\u00e1s emblem\u00e1tica y \u201cvistosa\u201d, pero no la \u00fanica, es fruto de un acuerdo con la Junta de Andaluc\u00eda y la Autoridad Portuaria de la Bah\u00eda de Algeciras (APBA), y pretende dar respuesta a una reclamaci\u00f3n \u201chist\u00f3rica\u201d y desbloquear una actuaci\u00f3n \u201cenquistada\u201d desde hace m\u00e1s de 15 a\u00f1os: <\/p>\n\n\n\n<p>La de recuperar para el uso ciudadano los espacios portuarios ubicados en la parte norte del llamado \u201cLlano Amarillo\u201d, y, adem\u00e1s, acabar con los malos olores de la zona donde antiguamente se ubicaba la playa de los Ladrillos, en las inmediaciones de El Corte Ingl\u00e9s.<\/p>\n\n\n\n<p>Hace ahora casi un a\u00f1o, el 14 de febrero de 2020, la consejera de Fomento, Infraestructuras y Ordenaci\u00f3n del Territorio del Gobierno andaluz, Marifr\u00e1n Carazo; el alcalde de Algeciras, Jos\u00e9 Ignacio Landaluce, y el presidente de la APBA, Gerardo Landaluce, firmaron en el Centro Documental Jos\u00e9 Luis Cano un protocolo de colaboraci\u00f3n para el desarrollo de este proyecto, denominado \u201cLago Mar\u00edtimo de Integraci\u00f3n Puerto-Ciudad\u201d.<\/p>\n\n\n\n<figure class=\"wp-block-image size-large\"><img loading=\"lazy\" decoding=\"async\" width=\"700\" height=\"467\" src=\"https:\/\/www.reachextra.com\/wp-content\/uploads\/2021\/01\/lago-maritimo-algeciras-puerto-reachextra-6.jpg\" alt=\"\" class=\"wp-image-17827\" srcset=\"https:\/\/reachextra.com\/wp-content\/uploads\/2021\/01\/lago-maritimo-algeciras-puerto-reachextra-6.jpg 700w, https:\/\/reachextra.com\/wp-content\/uploads\/2021\/01\/lago-maritimo-algeciras-puerto-reachextra-6-300x200.jpg 300w, https:\/\/reachextra.com\/wp-content\/uploads\/2021\/01\/lago-maritimo-algeciras-puerto-reachextra-6-180x120.jpg 180w, https:\/\/reachextra.com\/wp-content\/uploads\/2021\/01\/lago-maritimo-algeciras-puerto-reachextra-6-561x374.jpg 561w, https:\/\/reachextra.com\/wp-content\/uploads\/2021\/01\/lago-maritimo-algeciras-puerto-reachextra-6-364x243.jpg 364w, https:\/\/reachextra.com\/wp-content\/uploads\/2021\/01\/lago-maritimo-algeciras-puerto-reachextra-6-608x406.jpg 608w, https:\/\/reachextra.com\/wp-content\/uploads\/2021\/01\/lago-maritimo-algeciras-puerto-reachextra-6-72x48.jpg 72w, https:\/\/reachextra.com\/wp-content\/uploads\/2021\/01\/lago-maritimo-algeciras-puerto-reachextra-6-144x96.jpg 144w, https:\/\/reachextra.com\/wp-content\/uploads\/2021\/01\/lago-maritimo-algeciras-puerto-reachextra-6-313x209.jpg 313w\" sizes=\"auto, (max-width: 700px) 100vw, 700px\" \/><\/figure>\n\n\n\n<p>Entre las actuaciones previstas se incluyen el traslado, a unas nuevas instalaciones, de los usos deportivos existentes en el Llano Amarillo, la resoluci\u00f3n definitiva de los vertidos de aguas residuales a la l\u00e1mina de mar ubicada junto al Paseo de la Cornisa, y la ejecuci\u00f3n de un nuevo dragado \u201cecol\u00f3gico\u201d de toda esta \u00e1rea mar\u00edtima por parte de la Autoridad Portuaria, lo que deber\u00eda permitir acabar, por fin, con los lodos y malos olores habituales en esta zona de Algeciras.<\/p>\n\n\n\n<h2 class=\"wp-block-heading\" id=\"h-centro-portuario-de-innovaci-n-y-edificio-multiusos\">Centro Portuario de Innovaci\u00f3n y edificio multiusos<\/h2>\n\n\n\n<figure class=\"wp-block-image size-large\"><img loading=\"lazy\" decoding=\"async\" width=\"700\" height=\"467\" src=\"https:\/\/www.reachextra.com\/wp-content\/uploads\/2021\/01\/lago-maritimo-algeciras-puerto-reachextra-4.jpg\" alt=\"Lago Maritimo Algeciras Andalucia Jose Luis Cano Llano Amarillo\" class=\"wp-image-17825\" srcset=\"https:\/\/reachextra.com\/wp-content\/uploads\/2021\/01\/lago-maritimo-algeciras-puerto-reachextra-4.jpg 700w, https:\/\/reachextra.com\/wp-content\/uploads\/2021\/01\/lago-maritimo-algeciras-puerto-reachextra-4-300x200.jpg 300w, https:\/\/reachextra.com\/wp-content\/uploads\/2021\/01\/lago-maritimo-algeciras-puerto-reachextra-4-180x120.jpg 180w, https:\/\/reachextra.com\/wp-content\/uploads\/2021\/01\/lago-maritimo-algeciras-puerto-reachextra-4-561x374.jpg 561w, https:\/\/reachextra.com\/wp-content\/uploads\/2021\/01\/lago-maritimo-algeciras-puerto-reachextra-4-364x243.jpg 364w, https:\/\/reachextra.com\/wp-content\/uploads\/2021\/01\/lago-maritimo-algeciras-puerto-reachextra-4-608x406.jpg 608w, https:\/\/reachextra.com\/wp-content\/uploads\/2021\/01\/lago-maritimo-algeciras-puerto-reachextra-4-72x48.jpg 72w, https:\/\/reachextra.com\/wp-content\/uploads\/2021\/01\/lago-maritimo-algeciras-puerto-reachextra-4-144x96.jpg 144w, https:\/\/reachextra.com\/wp-content\/uploads\/2021\/01\/lago-maritimo-algeciras-puerto-reachextra-4-313x209.jpg 313w\" sizes=\"auto, (max-width: 700px) 100vw, 700px\" \/><\/figure>\n\n\n\n<p>Adem\u00e1s, se pretende dotar al \u00faltimo tercio del Llano Amarillo, que no se ve afectado por la Operaci\u00f3n Paso del Estrecho (OPE), de un edificio multifunci\u00f3n que vendr\u00e1 a atender las necesidades de futuro de la Autoridad Portuaria y otras de la propia ciudad. Entre esas funciones destacan un espacio para congresos expositivos como el Port Center y el futuro Centro Portuario de Innovaci\u00f3n.<\/p>\n\n\n\n<figure class=\"wp-block-image size-large\"><img loading=\"lazy\" decoding=\"async\" width=\"700\" height=\"467\" src=\"https:\/\/www.reachextra.com\/wp-content\/uploads\/2021\/01\/lago-maritimo-algeciras-puerto-reachextra-7.jpg\" alt=\"\" class=\"wp-image-17829\" srcset=\"https:\/\/reachextra.com\/wp-content\/uploads\/2021\/01\/lago-maritimo-algeciras-puerto-reachextra-7.jpg 700w, https:\/\/reachextra.com\/wp-content\/uploads\/2021\/01\/lago-maritimo-algeciras-puerto-reachextra-7-300x200.jpg 300w, https:\/\/reachextra.com\/wp-content\/uploads\/2021\/01\/lago-maritimo-algeciras-puerto-reachextra-7-180x120.jpg 180w, https:\/\/reachextra.com\/wp-content\/uploads\/2021\/01\/lago-maritimo-algeciras-puerto-reachextra-7-561x374.jpg 561w, https:\/\/reachextra.com\/wp-content\/uploads\/2021\/01\/lago-maritimo-algeciras-puerto-reachextra-7-364x243.jpg 364w, https:\/\/reachextra.com\/wp-content\/uploads\/2021\/01\/lago-maritimo-algeciras-puerto-reachextra-7-608x406.jpg 608w, https:\/\/reachextra.com\/wp-content\/uploads\/2021\/01\/lago-maritimo-algeciras-puerto-reachextra-7-72x48.jpg 72w, https:\/\/reachextra.com\/wp-content\/uploads\/2021\/01\/lago-maritimo-algeciras-puerto-reachextra-7-144x96.jpg 144w, https:\/\/reachextra.com\/wp-content\/uploads\/2021\/01\/lago-maritimo-algeciras-puerto-reachextra-7-313x209.jpg 313w\" sizes=\"auto, (max-width: 700px) 100vw, 700px\" \/><\/figure>\n\n\n\n<p>El objetivo del protocolo firmado en su d\u00eda permiti\u00f3 \u201caunar\u201d los esfuerzos de Junta, Ayuntamiento y Puerto de Algeciras para iniciar los tr\u00e1mites legales necesarios, en el \u00e1mbito de las competencias de cada uno de ellos, para hacer realidad el proyecto bautizado como \u201cLago Mar\u00edtimo\u201d, establecer el grado de implicaci\u00f3n de cada administraci\u00f3n y planificar un calendario de actuaciones.<\/p>\n\n\n\n<p>Seg\u00fan destacaba ya entonces el presidente de la Autoridad Portuaria, Gerardo Landaluce, \u201cun puerto de \u00faltima generaci\u00f3n, como el de Algeciras, debe compatibilizar su liderazgo econ\u00f3mico y de actividad con una especial sensibilidad con su entorno, promoviendo un desarrollo sostenible\u201d, y anunciaba que el proyecto de Lago Mar\u00edtimo permitir\u00e1 la \u201ctransformaci\u00f3n, integraci\u00f3n y puesta en valor del borde litoral de una ciudad portuaria por excelencia, como es Algeciras\u201d.<\/p>\n\n\n\n<p>Asimismo, el alcalde de Algeciras tambi\u00e9n ha defendido durante todo este tiempo este \u201cimportante proyecto\u201d que, seg\u00fans sus propias palabras, \u201cva a suponer un salto de gigante para la ciudad, dot\u00e1ndola de nuevos espacios de esparcimiento, deporte, formaci\u00f3n e investigaci\u00f3n\u201d.<\/p>\n\n\n\n<h2 class=\"wp-block-heading\" id=\"h-una-hist-rica-reivindicaci-n-dilatada-en-el-tiempo\">Una \u201chist\u00f3rica\u201d reivindicaci\u00f3n, dilatada en el tiempo<\/h2>\n\n\n\n<figure class=\"wp-block-image size-large\"><img loading=\"lazy\" decoding=\"async\" width=\"700\" height=\"467\" src=\"https:\/\/www.reachextra.com\/wp-content\/uploads\/2021\/01\/lago-maritimo-algeciras-puerto-reachextra-3.jpg\" alt=\"Lago Maritimo Algeciras Andalucia Jose Luis Cano Llano Amarillo\" class=\"wp-image-17823\" srcset=\"https:\/\/reachextra.com\/wp-content\/uploads\/2021\/01\/lago-maritimo-algeciras-puerto-reachextra-3.jpg 700w, https:\/\/reachextra.com\/wp-content\/uploads\/2021\/01\/lago-maritimo-algeciras-puerto-reachextra-3-300x200.jpg 300w, https:\/\/reachextra.com\/wp-content\/uploads\/2021\/01\/lago-maritimo-algeciras-puerto-reachextra-3-180x120.jpg 180w, https:\/\/reachextra.com\/wp-content\/uploads\/2021\/01\/lago-maritimo-algeciras-puerto-reachextra-3-561x374.jpg 561w, https:\/\/reachextra.com\/wp-content\/uploads\/2021\/01\/lago-maritimo-algeciras-puerto-reachextra-3-364x243.jpg 364w, https:\/\/reachextra.com\/wp-content\/uploads\/2021\/01\/lago-maritimo-algeciras-puerto-reachextra-3-608x406.jpg 608w, https:\/\/reachextra.com\/wp-content\/uploads\/2021\/01\/lago-maritimo-algeciras-puerto-reachextra-3-72x48.jpg 72w, https:\/\/reachextra.com\/wp-content\/uploads\/2021\/01\/lago-maritimo-algeciras-puerto-reachextra-3-144x96.jpg 144w, https:\/\/reachextra.com\/wp-content\/uploads\/2021\/01\/lago-maritimo-algeciras-puerto-reachextra-3-313x209.jpg 313w\" sizes=\"auto, (max-width: 700px) 100vw, 700px\" \/><\/figure>\n\n\n\n<p>El desarrollo del Llano Amarillo y la mejora paisaj\u00edstica, urban\u00edstica y medioambiental de esta parte de Algeciras, que se extender\u00eda hasta la zona del puente de Acceso Norte al puerto, obedece a una \u201chist\u00f3rica reivindicaci\u00f3n\u201d de la ciudad, que se ha ido dilatando en el tiempo.<\/p>\n\n\n\n<p>Tal y como recuerdan las hemerotecas, el 28 de julio de 2004 ya se hab\u00eda firmado un primer protocolo de intenciones para el desarrollo de esta actuaci\u00f3n, aunque no fue hasta julio de 2005 cuando las tres partes implicadas suscribieron un convenio para fijar las fases de colaboraci\u00f3n y realizar trabajos de programaci\u00f3n y estudio. Cuatro a\u00f1os m\u00e1s tarde, en 2009, se firm\u00f3 un convenio marco de colaboraci\u00f3n en el que ya se defin\u00edan compromisos y actuaciones, pero que no lleg\u00f3 a materializarse.<\/p>\n\n\n\n<figure class=\"wp-block-image size-large\"><img loading=\"lazy\" decoding=\"async\" width=\"700\" height=\"467\" src=\"https:\/\/www.reachextra.com\/wp-content\/uploads\/2021\/01\/lago-maritimo-algeciras-puerto-reachextra-3.jpg\" alt=\"Lago Maritimo Algeciras Andalucia Jose Luis Cano Llano Amarillo\" class=\"wp-image-17823\" srcset=\"https:\/\/reachextra.com\/wp-content\/uploads\/2021\/01\/lago-maritimo-algeciras-puerto-reachextra-3.jpg 700w, https:\/\/reachextra.com\/wp-content\/uploads\/2021\/01\/lago-maritimo-algeciras-puerto-reachextra-3-300x200.jpg 300w, https:\/\/reachextra.com\/wp-content\/uploads\/2021\/01\/lago-maritimo-algeciras-puerto-reachextra-3-180x120.jpg 180w, https:\/\/reachextra.com\/wp-content\/uploads\/2021\/01\/lago-maritimo-algeciras-puerto-reachextra-3-561x374.jpg 561w, https:\/\/reachextra.com\/wp-content\/uploads\/2021\/01\/lago-maritimo-algeciras-puerto-reachextra-3-364x243.jpg 364w, https:\/\/reachextra.com\/wp-content\/uploads\/2021\/01\/lago-maritimo-algeciras-puerto-reachextra-3-608x406.jpg 608w, https:\/\/reachextra.com\/wp-content\/uploads\/2021\/01\/lago-maritimo-algeciras-puerto-reachextra-3-72x48.jpg 72w, https:\/\/reachextra.com\/wp-content\/uploads\/2021\/01\/lago-maritimo-algeciras-puerto-reachextra-3-144x96.jpg 144w, https:\/\/reachextra.com\/wp-content\/uploads\/2021\/01\/lago-maritimo-algeciras-puerto-reachextra-3-313x209.jpg 313w\" sizes=\"auto, (max-width: 700px) 100vw, 700px\" \/><\/figure>\n\n\n\n<p>Ahora, tras retomar el proyecto, Junta de Andaluc\u00eda, Ayuntamiento y Autoridad Portuaria parecen estar \u201cen sinton\u00eda\u201d y decididas a garantizar el ritmo y la inversi\u00f3n necesarios para que el proyecto del Lago Mar\u00edtimo salga adelante, para uso y disfrute no s\u00f3lo de los algecire\u00f1os, sino tambi\u00e9n de cuantos visiten la ciudad. <\/p>\n\n\n\n<p>La reciente visita del presidente de la Junta de Andaluc\u00eda, Juanma Moreno, en plena tercera ola de la pandemia de la Covid-19, para hablar de \u00e9sta y otras \u201cnoticias positivas\u201d para Algeciras, ha sido interpretada por muchos como la confirmaci\u00f3n de que lo que hoy s\u00f3lo es una maqueta, pronto ser\u00e1 una realidad.<\/p>\n\n\n\n<figure class=\"wp-block-embed is-type-wp-embed is-provider-reachextra wp-block-embed-reachextra\"><div class=\"wp-block-embed__wrapper\">\n<blockquote class=\"wp-embedded-content\" data-secret=\"2WkBwBjWSL\"><a href=\"https:\/\/reachextra.com\/treasures-bay-gibraltar-algeciras\/\">Sunken Treasures in the Bay of Gibraltar \/ Algeciras<\/a><\/blockquote><iframe loading=\"lazy\" class=\"wp-embedded-content\" sandbox=\"allow-scripts\" security=\"restricted\" style=\"position: absolute; clip: rect(1px, 1px, 1px, 1px);\" title=\"&#8220;Sunken Treasures in the Bay of Gibraltar \/ Algeciras&#8221; &#8212; ReachExtra\" src=\"https:\/\/reachextra.com\/treasures-bay-gibraltar-algeciras\/embed\/#?secret=H0xlb2kxUI#?secret=2WkBwBjWSL\" data-secret=\"2WkBwBjWSL\" width=\"600\" height=\"338\" frameborder=\"0\" marginwidth=\"0\" marginheight=\"0\" scrolling=\"no\"><\/iframe>\n<\/div><\/figure>\n","protected":false},"excerpt":{"rendered":"<p>Algeciras podr\u00e1 presumir, en un futuro que se espera no muy lejano, de un Lago Mar\u00edtimo que cambiar\u00e1 por completo la imagen.. <a class=\"g1-link g1-link-more\" href=\"https:\/\/reachextra.com\/es\/lago-maritimo-algeciras\/\">More<\/a><\/p>\n","protected":false},"author":1,"featured_media":17819,"comment_status":"closed","ping_status":"closed","sticky":false,"template":"","format":"standard","meta":{"_jetpack_memberships_contains_paid_content":false,"footnotes":""},"categories":[244,226,225],"tags":[270,13840,13946,14749,14747,14748,14750,14751,561],"adace-sponsor":[],"class_list":{"0":"post-17837","1":"post","2":"type-post","3":"status-publish","4":"format-standard","5":"has-post-thumbnail","7":"category-explorar-es","8":"category-noticias-es","9":"category-tendencias","10":"tag-algeciras-es","11":"tag-andalucia-es-2","12":"tag-jose-ignacio-landaluce-es","13":"tag-jose-luis-cano-es-2","14":"tag-lago-maritimo-es","15":"tag-llano-amarillo-es","16":"tag-marifran-carazo-es","17":"tag-paseo-de-la-cornisa-es","18":"tag-rosario-perez-villanueva-es"},"yoast_head":"<!-- This site is optimized with the Yoast SEO Premium plugin v19.5 (Yoast SEO v26.7) - https:\/\/yoast.com\/wordpress\/plugins\/seo\/ -->\n<title>El Lago Mar\u00edtimo, un proyecto destinado a cambiar parte del paisaje de Algeciras<\/title>\n<meta name=\"description\" content=\"Algeciras podr\u00e1 presumir, en un futuro que se espera no muy lejano, de un Lago Mar\u00edtimo que cambiar\u00e1 por completo la imagen..\" \/>\n<meta name=\"robots\" content=\"index, follow, max-snippet:-1, max-image-preview:large, max-video-preview:-1\" \/>\n<link rel=\"canonical\" href=\"https:\/\/reachextra.com\/es\/lago-maritimo-algeciras\/\" \/>\n<meta property=\"og:locale\" content=\"es_ES\" \/>\n<meta property=\"og:type\" content=\"article\" \/>\n<meta property=\"og:title\" content=\"El Lago Mar\u00edtimo, un proyecto destinado a cambiar parte del paisaje de Algeciras\" \/>\n<meta property=\"og:description\" content=\"Algeciras podr\u00e1 presumir, en un futuro que se espera no muy lejano, de un Lago Mar\u00edtimo que cambiar\u00e1 por completo la imagen..\" \/>\n<meta property=\"og:url\" content=\"https:\/\/reachextra.com\/es\/lago-maritimo-algeciras\/\" \/>\n<meta property=\"og:site_name\" content=\"ReachExtra\" \/>\n<meta property=\"article:publisher\" content=\"http:\/\/www.facebook.com\/reachextra\" \/>\n<meta property=\"article:published_time\" content=\"2021-01-29T09:04:34+00:00\" \/>\n<meta property=\"article:modified_time\" content=\"2021-01-29T09:09:49+00:00\" \/>\n<meta property=\"og:image\" content=\"https:\/\/reachextra.com\/wp-content\/uploads\/2021\/01\/lago-maritimo-algeciras-puerto-reachextra.jpg\" \/>\n\t<meta property=\"og:image:width\" content=\"1220\" \/>\n\t<meta property=\"og:image:height\" content=\"664\" \/>\n\t<meta property=\"og:image:type\" content=\"image\/jpeg\" \/>\n<meta name=\"author\" content=\"ReachExtra\" \/>\n<meta name=\"twitter:card\" content=\"summary_large_image\" \/>\n<meta name=\"twitter:creator\" content=\"@reachextra\" \/>\n<meta name=\"twitter:site\" content=\"@reachextra\" \/>\n<meta name=\"twitter:label1\" content=\"Escrito por\" \/>\n\t<meta name=\"twitter:data1\" content=\"ReachExtra\" \/>\n\t<meta name=\"twitter:label2\" content=\"Tiempo de lectura\" \/>\n\t<meta name=\"twitter:data2\" content=\"5 minutos\" \/>\n<script type=\"application\/ld+json\" class=\"yoast-schema-graph\">{\"@context\":\"https:\/\/schema.org\",\"@graph\":[{\"@type\":\"Article\",\"@id\":\"https:\/\/reachextra.com\/es\/lago-maritimo-algeciras\/#article\",\"isPartOf\":{\"@id\":\"https:\/\/reachextra.com\/es\/lago-maritimo-algeciras\/\"},\"author\":{\"name\":\"ReachExtra\",\"@id\":\"https:\/\/reachextra.com\/es\/#\/schema\/person\/5bf8196030cf130091162668b52085df\"},\"headline\":\"El Lago Mar\u00edtimo, un proyecto destinado a cambiar parte del paisaje de Algeciras\",\"datePublished\":\"2021-01-29T09:04:34+00:00\",\"dateModified\":\"2021-01-29T09:09:49+00:00\",\"mainEntityOfPage\":{\"@id\":\"https:\/\/reachextra.com\/es\/lago-maritimo-algeciras\/\"},\"wordCount\":875,\"publisher\":{\"@id\":\"https:\/\/reachextra.com\/es\/#organization\"},\"image\":{\"@id\":\"https:\/\/reachextra.com\/es\/lago-maritimo-algeciras\/#primaryimage\"},\"thumbnailUrl\":\"https:\/\/reachextra.com\/wp-content\/uploads\/2021\/01\/lago-maritimo-algeciras-puerto-reachextra.jpg\",\"keywords\":[\"algeciras\",\"Andalucia\",\"Jose Ignacio Landaluce\",\"Jose luis cano\",\"lago maritimo\",\"Llano Amarillo\",\"Marifran Carazo\",\"Paseo de la Cornisa\",\"Rosario Perez Villanueva\"],\"articleSection\":[\"Explorar\",\"Noticias\",\"Tendencias\"],\"inLanguage\":\"es\"},{\"@type\":\"WebPage\",\"@id\":\"https:\/\/reachextra.com\/es\/lago-maritimo-algeciras\/\",\"url\":\"https:\/\/reachextra.com\/es\/lago-maritimo-algeciras\/\",\"name\":\"El Lago Mar\u00edtimo, un proyecto destinado a cambiar parte del paisaje de Algeciras\",\"isPartOf\":{\"@id\":\"https:\/\/reachextra.com\/es\/#website\"},\"primaryImageOfPage\":{\"@id\":\"https:\/\/reachextra.com\/es\/lago-maritimo-algeciras\/#primaryimage\"},\"image\":{\"@id\":\"https:\/\/reachextra.com\/es\/lago-maritimo-algeciras\/#primaryimage\"},\"thumbnailUrl\":\"https:\/\/reachextra.com\/wp-content\/uploads\/2021\/01\/lago-maritimo-algeciras-puerto-reachextra.jpg\",\"datePublished\":\"2021-01-29T09:04:34+00:00\",\"dateModified\":\"2021-01-29T09:09:49+00:00\",\"description\":\"Algeciras podr\u00e1 presumir, en un futuro que se espera no muy lejano, de un Lago Mar\u00edtimo que cambiar\u00e1 por completo la imagen..\",\"breadcrumb\":{\"@id\":\"https:\/\/reachextra.com\/es\/lago-maritimo-algeciras\/#breadcrumb\"},\"inLanguage\":\"es\",\"potentialAction\":[{\"@type\":\"ReadAction\",\"target\":[\"https:\/\/reachextra.com\/es\/lago-maritimo-algeciras\/\"]}]},{\"@type\":\"ImageObject\",\"inLanguage\":\"es\",\"@id\":\"https:\/\/reachextra.com\/es\/lago-maritimo-algeciras\/#primaryimage\",\"url\":\"https:\/\/reachextra.com\/wp-content\/uploads\/2021\/01\/lago-maritimo-algeciras-puerto-reachextra.jpg\",\"contentUrl\":\"https:\/\/reachextra.com\/wp-content\/uploads\/2021\/01\/lago-maritimo-algeciras-puerto-reachextra.jpg\",\"width\":1220,\"height\":664,\"caption\":\"Lago Maritimo Algeciras Andalucia Jose Luis Cano Llano Amarillo\"},{\"@type\":\"BreadcrumbList\",\"@id\":\"https:\/\/reachextra.com\/es\/lago-maritimo-algeciras\/#breadcrumb\",\"itemListElement\":[{\"@type\":\"ListItem\",\"position\":1,\"name\":\"Home\",\"item\":\"https:\/\/reachextra.com\/es\/\"},{\"@type\":\"ListItem\",\"position\":2,\"name\":\"Explorar\",\"item\":\"https:\/\/reachextra.com\/es\/category\/explorar-es\/\"},{\"@type\":\"ListItem\",\"position\":3,\"name\":\"El Lago Mar\u00edtimo, un proyecto destinado a cambiar parte del paisaje de Algeciras\"}]},{\"@type\":\"WebSite\",\"@id\":\"https:\/\/reachextra.com\/es\/#website\",\"url\":\"https:\/\/reachextra.com\/es\/\",\"name\":\"ReachExtra\",\"description\":\" Reach-Alcance en Espa\u00f1ol | Gibraltar | Campo de Gibraltar\",\"publisher\":{\"@id\":\"https:\/\/reachextra.com\/es\/#organization\"},\"potentialAction\":[{\"@type\":\"SearchAction\",\"target\":{\"@type\":\"EntryPoint\",\"urlTemplate\":\"https:\/\/reachextra.com\/es\/?s={search_term_string}\"},\"query-input\":{\"@type\":\"PropertyValueSpecification\",\"valueRequired\":true,\"valueName\":\"search_term_string\"}}],\"inLanguage\":\"es\"},{\"@type\":\"Organization\",\"@id\":\"https:\/\/reachextra.com\/es\/#organization\",\"name\":\"Reach-Alcance\",\"url\":\"https:\/\/reachextra.com\/es\/\",\"logo\":{\"@type\":\"ImageObject\",\"inLanguage\":\"es\",\"@id\":\"https:\/\/reachextra.com\/es\/#\/schema\/logo\/image\/\",\"url\":\"https:\/\/www.reachextra.com\/wp-content\/uploads\/2018\/12\/Reach-Alcance-LOGO-HDPI.jpg\",\"contentUrl\":\"https:\/\/www.reachextra.com\/wp-content\/uploads\/2018\/12\/Reach-Alcance-LOGO-HDPI.jpg\",\"width\":750,\"height\":474,\"caption\":\"Reach-Alcance\"},\"image\":{\"@id\":\"https:\/\/reachextra.com\/es\/#\/schema\/logo\/image\/\"},\"sameAs\":[\"http:\/\/www.facebook.com\/reachextra\",\"https:\/\/x.com\/reachextra\",\"http:\/\/reach.extra\",\"https:\/\/www.linkedin.com\/company\/reach-alcance\/\"]},{\"@type\":\"Person\",\"@id\":\"https:\/\/reachextra.com\/es\/#\/schema\/person\/5bf8196030cf130091162668b52085df\",\"name\":\"ReachExtra\",\"image\":{\"@type\":\"ImageObject\",\"inLanguage\":\"es\",\"@id\":\"https:\/\/reachextra.com\/es\/#\/schema\/person\/image\/\",\"url\":\"https:\/\/secure.gravatar.com\/avatar\/11e9f37f3773887633d17fdf580220857b1599038456e2f031ce0efd2f41a394?s=96&d=mm&r=g\",\"contentUrl\":\"https:\/\/secure.gravatar.com\/avatar\/11e9f37f3773887633d17fdf580220857b1599038456e2f031ce0efd2f41a394?s=96&d=mm&r=g\",\"caption\":\"ReachExtra\"},\"sameAs\":[\"http:\/\/www.reachextra.com\"]}]}<\/script>\n<!-- \/ Yoast SEO Premium plugin. -->","yoast_head_json":{"title":"El Lago Mar\u00edtimo, un proyecto destinado a cambiar parte del paisaje de Algeciras","description":"Algeciras podr\u00e1 presumir, en un futuro que se espera no muy lejano, de un Lago Mar\u00edtimo que cambiar\u00e1 por completo la imagen..","robots":{"index":"index","follow":"follow","max-snippet":"max-snippet:-1","max-image-preview":"max-image-preview:large","max-video-preview":"max-video-preview:-1"},"canonical":"https:\/\/reachextra.com\/es\/lago-maritimo-algeciras\/","og_locale":"es_ES","og_type":"article","og_title":"El Lago Mar\u00edtimo, un proyecto destinado a cambiar parte del paisaje de Algeciras","og_description":"Algeciras podr\u00e1 presumir, en un futuro que se espera no muy lejano, de un Lago Mar\u00edtimo que cambiar\u00e1 por completo la imagen..","og_url":"https:\/\/reachextra.com\/es\/lago-maritimo-algeciras\/","og_site_name":"ReachExtra","article_publisher":"http:\/\/www.facebook.com\/reachextra","article_published_time":"2021-01-29T09:04:34+00:00","article_modified_time":"2021-01-29T09:09:49+00:00","og_image":[{"width":1220,"height":664,"url":"https:\/\/reachextra.com\/wp-content\/uploads\/2021\/01\/lago-maritimo-algeciras-puerto-reachextra.jpg","type":"image\/jpeg"}],"author":"ReachExtra","twitter_card":"summary_large_image","twitter_creator":"@reachextra","twitter_site":"@reachextra","twitter_misc":{"Escrito por":"ReachExtra","Tiempo de lectura":"5 minutos"},"schema":{"@context":"https:\/\/schema.org","@graph":[{"@type":"Article","@id":"https:\/\/reachextra.com\/es\/lago-maritimo-algeciras\/#article","isPartOf":{"@id":"https:\/\/reachextra.com\/es\/lago-maritimo-algeciras\/"},"author":{"name":"ReachExtra","@id":"https:\/\/reachextra.com\/es\/#\/schema\/person\/5bf8196030cf130091162668b52085df"},"headline":"El Lago Mar\u00edtimo, un proyecto destinado a cambiar parte del paisaje de Algeciras","datePublished":"2021-01-29T09:04:34+00:00","dateModified":"2021-01-29T09:09:49+00:00","mainEntityOfPage":{"@id":"https:\/\/reachextra.com\/es\/lago-maritimo-algeciras\/"},"wordCount":875,"publisher":{"@id":"https:\/\/reachextra.com\/es\/#organization"},"image":{"@id":"https:\/\/reachextra.com\/es\/lago-maritimo-algeciras\/#primaryimage"},"thumbnailUrl":"https:\/\/reachextra.com\/wp-content\/uploads\/2021\/01\/lago-maritimo-algeciras-puerto-reachextra.jpg","keywords":["algeciras","Andalucia","Jose Ignacio Landaluce","Jose luis cano","lago maritimo","Llano Amarillo","Marifran Carazo","Paseo de la Cornisa","Rosario Perez Villanueva"],"articleSection":["Explorar","Noticias","Tendencias"],"inLanguage":"es"},{"@type":"WebPage","@id":"https:\/\/reachextra.com\/es\/lago-maritimo-algeciras\/","url":"https:\/\/reachextra.com\/es\/lago-maritimo-algeciras\/","name":"El Lago Mar\u00edtimo, un proyecto destinado a cambiar parte del paisaje de Algeciras","isPartOf":{"@id":"https:\/\/reachextra.com\/es\/#website"},"primaryImageOfPage":{"@id":"https:\/\/reachextra.com\/es\/lago-maritimo-algeciras\/#primaryimage"},"image":{"@id":"https:\/\/reachextra.com\/es\/lago-maritimo-algeciras\/#primaryimage"},"thumbnailUrl":"https:\/\/reachextra.com\/wp-content\/uploads\/2021\/01\/lago-maritimo-algeciras-puerto-reachextra.jpg","datePublished":"2021-01-29T09:04:34+00:00","dateModified":"2021-01-29T09:09:49+00:00","description":"Algeciras podr\u00e1 presumir, en un futuro que se espera no muy lejano, de un Lago Mar\u00edtimo que cambiar\u00e1 por completo la imagen..","breadcrumb":{"@id":"https:\/\/reachextra.com\/es\/lago-maritimo-algeciras\/#breadcrumb"},"inLanguage":"es","potentialAction":[{"@type":"ReadAction","target":["https:\/\/reachextra.com\/es\/lago-maritimo-algeciras\/"]}]},{"@type":"ImageObject","inLanguage":"es","@id":"https:\/\/reachextra.com\/es\/lago-maritimo-algeciras\/#primaryimage","url":"https:\/\/reachextra.com\/wp-content\/uploads\/2021\/01\/lago-maritimo-algeciras-puerto-reachextra.jpg","contentUrl":"https:\/\/reachextra.com\/wp-content\/uploads\/2021\/01\/lago-maritimo-algeciras-puerto-reachextra.jpg","width":1220,"height":664,"caption":"Lago Maritimo Algeciras Andalucia Jose Luis Cano Llano Amarillo"},{"@type":"BreadcrumbList","@id":"https:\/\/reachextra.com\/es\/lago-maritimo-algeciras\/#breadcrumb","itemListElement":[{"@type":"ListItem","position":1,"name":"Home","item":"https:\/\/reachextra.com\/es\/"},{"@type":"ListItem","position":2,"name":"Explorar","item":"https:\/\/reachextra.com\/es\/category\/explorar-es\/"},{"@type":"ListItem","position":3,"name":"El Lago Mar\u00edtimo, un proyecto destinado a cambiar parte del paisaje de Algeciras"}]},{"@type":"WebSite","@id":"https:\/\/reachextra.com\/es\/#website","url":"https:\/\/reachextra.com\/es\/","name":"ReachExtra","description":" Reach-Alcance en Espa\u00f1ol | Gibraltar | Campo de Gibraltar","publisher":{"@id":"https:\/\/reachextra.com\/es\/#organization"},"potentialAction":[{"@type":"SearchAction","target":{"@type":"EntryPoint","urlTemplate":"https:\/\/reachextra.com\/es\/?s={search_term_string}"},"query-input":{"@type":"PropertyValueSpecification","valueRequired":true,"valueName":"search_term_string"}}],"inLanguage":"es"},{"@type":"Organization","@id":"https:\/\/reachextra.com\/es\/#organization","name":"Reach-Alcance","url":"https:\/\/reachextra.com\/es\/","logo":{"@type":"ImageObject","inLanguage":"es","@id":"https:\/\/reachextra.com\/es\/#\/schema\/logo\/image\/","url":"https:\/\/www.reachextra.com\/wp-content\/uploads\/2018\/12\/Reach-Alcance-LOGO-HDPI.jpg","contentUrl":"https:\/\/www.reachextra.com\/wp-content\/uploads\/2018\/12\/Reach-Alcance-LOGO-HDPI.jpg","width":750,"height":474,"caption":"Reach-Alcance"},"image":{"@id":"https:\/\/reachextra.com\/es\/#\/schema\/logo\/image\/"},"sameAs":["http:\/\/www.facebook.com\/reachextra","https:\/\/x.com\/reachextra","http:\/\/reach.extra","https:\/\/www.linkedin.com\/company\/reach-alcance\/"]},{"@type":"Person","@id":"https:\/\/reachextra.com\/es\/#\/schema\/person\/5bf8196030cf130091162668b52085df","name":"ReachExtra","image":{"@type":"ImageObject","inLanguage":"es","@id":"https:\/\/reachextra.com\/es\/#\/schema\/person\/image\/","url":"https:\/\/secure.gravatar.com\/avatar\/11e9f37f3773887633d17fdf580220857b1599038456e2f031ce0efd2f41a394?s=96&d=mm&r=g","contentUrl":"https:\/\/secure.gravatar.com\/avatar\/11e9f37f3773887633d17fdf580220857b1599038456e2f031ce0efd2f41a394?s=96&d=mm&r=g","caption":"ReachExtra"},"sameAs":["http:\/\/www.reachextra.com"]}]}},"jetpack_featured_media_url":"https:\/\/reachextra.com\/wp-content\/uploads\/2021\/01\/lago-maritimo-algeciras-puerto-reachextra.jpg","wps_subtitle":"Rosario P\u00e9rez | Photos: \u00a9Fran Montes, ReachExtra","jetpack_sharing_enabled":true,"_links":{"self":[{"href":"https:\/\/reachextra.com\/es\/wp-json\/wp\/v2\/posts\/17837","targetHints":{"allow":["GET"]}}],"collection":[{"href":"https:\/\/reachextra.com\/es\/wp-json\/wp\/v2\/posts"}],"about":[{"href":"https:\/\/reachextra.com\/es\/wp-json\/wp\/v2\/types\/post"}],"author":[{"embeddable":true,"href":"https:\/\/reachextra.com\/es\/wp-json\/wp\/v2\/users\/1"}],"replies":[{"embeddable":true,"href":"https:\/\/reachextra.com\/es\/wp-json\/wp\/v2\/comments?post=17837"}],"version-history":[{"count":3,"href":"https:\/\/reachextra.com\/es\/wp-json\/wp\/v2\/posts\/17837\/revisions"}],"predecessor-version":[{"id":17841,"href":"https:\/\/reachextra.com\/es\/wp-json\/wp\/v2\/posts\/17837\/revisions\/17841"}],"wp:featuredmedia":[{"embeddable":true,"href":"https:\/\/reachextra.com\/es\/wp-json\/wp\/v2\/media\/17819"}],"wp:attachment":[{"href":"https:\/\/reachextra.com\/es\/wp-json\/wp\/v2\/media?parent=17837"}],"wp:term":[{"taxonomy":"category","embeddable":true,"href":"https:\/\/reachextra.com\/es\/wp-json\/wp\/v2\/categories?post=17837"},{"taxonomy":"post_tag","embeddable":true,"href":"https:\/\/reachextra.com\/es\/wp-json\/wp\/v2\/tags?post=17837"},{"taxonomy":"adace-sponsor","embeddable":true,"href":"https:\/\/reachextra.com\/es\/wp-json\/wp\/v2\/adace-sponsor?post=17837"}],"curies":[{"name":"wp","href":"https:\/\/api.w.org\/{rel}","templated":true}]}}