{"id":17568,"date":"2021-01-11T17:53:17","date_gmt":"2021-01-11T16:53:17","guid":{"rendered":"https:\/\/www.reachextra.com\/francisco-arevalo-migraciones\/"},"modified":"2021-01-11T17:59:13","modified_gmt":"2021-01-11T16:59:13","slug":"francisco-arevalo-migraciones","status":"publish","type":"post","link":"https:\/\/reachextra.com\/es\/francisco-arevalo-migraciones\/","title":{"rendered":"\u201cEn m\u00e1s de 25 a\u00f1os de migraciones, en lo esencial, no ha cambiado nada: siguen viniendo los mismos, y por las mismas razones\u201d"},"content":{"rendered":"\n<p><strong>El reconocido fot\u00f3grafo sanroque\u00f1o Fernando Garc\u00eda Ar\u00e9valo expuso entre diciembre y enero en Algeciras \u201cEn lo m\u00e1s ancho del Estrecho\u201d<\/strong><\/p>\n\n\n\n<figure class=\"wp-block-image size-large\"><img loading=\"lazy\" decoding=\"async\" width=\"700\" height=\"467\" src=\"https:\/\/www.reachextra.com\/wp-content\/uploads\/2021\/01\/fernando-garcia-arevalo-en-lo-mas-ancho-del-estrecho-reachextra-2.jpg\" alt=\"Francisco Garcio Arevalo photographer immigration\" class=\"wp-image-17549\" srcset=\"https:\/\/reachextra.com\/wp-content\/uploads\/2021\/01\/fernando-garcia-arevalo-en-lo-mas-ancho-del-estrecho-reachextra-2.jpg 700w, https:\/\/reachextra.com\/wp-content\/uploads\/2021\/01\/fernando-garcia-arevalo-en-lo-mas-ancho-del-estrecho-reachextra-2-300x200.jpg 300w, https:\/\/reachextra.com\/wp-content\/uploads\/2021\/01\/fernando-garcia-arevalo-en-lo-mas-ancho-del-estrecho-reachextra-2-180x120.jpg 180w, https:\/\/reachextra.com\/wp-content\/uploads\/2021\/01\/fernando-garcia-arevalo-en-lo-mas-ancho-del-estrecho-reachextra-2-561x374.jpg 561w, https:\/\/reachextra.com\/wp-content\/uploads\/2021\/01\/fernando-garcia-arevalo-en-lo-mas-ancho-del-estrecho-reachextra-2-364x243.jpg 364w, https:\/\/reachextra.com\/wp-content\/uploads\/2021\/01\/fernando-garcia-arevalo-en-lo-mas-ancho-del-estrecho-reachextra-2-608x406.jpg 608w, https:\/\/reachextra.com\/wp-content\/uploads\/2021\/01\/fernando-garcia-arevalo-en-lo-mas-ancho-del-estrecho-reachextra-2-72x48.jpg 72w, https:\/\/reachextra.com\/wp-content\/uploads\/2021\/01\/fernando-garcia-arevalo-en-lo-mas-ancho-del-estrecho-reachextra-2-144x96.jpg 144w, https:\/\/reachextra.com\/wp-content\/uploads\/2021\/01\/fernando-garcia-arevalo-en-lo-mas-ancho-del-estrecho-reachextra-2-313x209.jpg 313w\" sizes=\"auto, (max-width: 700px) 100vw, 700px\" \/><\/figure>\n\n\n\n<p>En septiembre de 1992, <a href=\"https:\/\/www.reachextra.com\/es\/una-camara-y-25-anos-inmortalizando-un-drama-que-no-acaba-nunca\/\"><strong>el fot\u00f3grafo sanroque\u00f1o Fernando Garc\u00eda Ar\u00e9valo<\/strong><\/a> logr\u00f3 capturar con su c\u00e1mara las primeras im\u00e1genes de inmigrantes irregulares cruzando en patera el Estrecho de Gibraltar.<\/p>\n\n\n\n<p>Aquellas fotograf\u00edas, que consigui\u00f3 tras permanecer un mes y medio acampado, d\u00eda y noche, a orillas de los apenas 14 kil\u00f3metros que separan Europa de \u00c1frica, dieron la vuelta al mundo, y despu\u00e9s vinieron muchas m\u00e1s. <\/p>\n\n\n\n<p>25 a\u00f1os m\u00e1s tarde, una selecci\u00f3n de esos testimonios gr\u00e1ficos pasaron a formar parte de \u201cEn lo m\u00e1s ancho del Estrecho\u201d, una exposici\u00f3n itinerante que cont\u00f3 con el apoyo de la Diputaci\u00f3n Provincial de C\u00e1diz, y que entre los \u00fatimos d\u00edas de 2020 y los primeros de 2021 estuvo abierta al p\u00fablico en Algeciras, en la sala Cajasur.<\/p>\n\n\n\n<figure class=\"wp-block-image size-large\"><img loading=\"lazy\" decoding=\"async\" width=\"700\" height=\"467\" src=\"https:\/\/www.reachextra.com\/wp-content\/uploads\/2021\/01\/fernando-garcia-arevalo-en-lo-mas-ancho-del-estrecho-reachextra-4.jpg\" alt=\"Francisco Garcia Arevalo photos migration en lo mas ancho del estrecho exhibition\" class=\"wp-image-17553\" srcset=\"https:\/\/reachextra.com\/wp-content\/uploads\/2021\/01\/fernando-garcia-arevalo-en-lo-mas-ancho-del-estrecho-reachextra-4.jpg 700w, https:\/\/reachextra.com\/wp-content\/uploads\/2021\/01\/fernando-garcia-arevalo-en-lo-mas-ancho-del-estrecho-reachextra-4-300x200.jpg 300w, https:\/\/reachextra.com\/wp-content\/uploads\/2021\/01\/fernando-garcia-arevalo-en-lo-mas-ancho-del-estrecho-reachextra-4-180x120.jpg 180w, https:\/\/reachextra.com\/wp-content\/uploads\/2021\/01\/fernando-garcia-arevalo-en-lo-mas-ancho-del-estrecho-reachextra-4-561x374.jpg 561w, https:\/\/reachextra.com\/wp-content\/uploads\/2021\/01\/fernando-garcia-arevalo-en-lo-mas-ancho-del-estrecho-reachextra-4-364x243.jpg 364w, https:\/\/reachextra.com\/wp-content\/uploads\/2021\/01\/fernando-garcia-arevalo-en-lo-mas-ancho-del-estrecho-reachextra-4-608x406.jpg 608w, https:\/\/reachextra.com\/wp-content\/uploads\/2021\/01\/fernando-garcia-arevalo-en-lo-mas-ancho-del-estrecho-reachextra-4-72x48.jpg 72w, https:\/\/reachextra.com\/wp-content\/uploads\/2021\/01\/fernando-garcia-arevalo-en-lo-mas-ancho-del-estrecho-reachextra-4-144x96.jpg 144w, https:\/\/reachextra.com\/wp-content\/uploads\/2021\/01\/fernando-garcia-arevalo-en-lo-mas-ancho-del-estrecho-reachextra-4-313x209.jpg 313w\" sizes=\"auto, (max-width: 700px) 100vw, 700px\" \/><\/figure>\n\n\n\n<p>La muestra, que tambi\u00e9n ha dado lugar a un libro, se inaugur\u00f3 a finales de noviembre y permaneci\u00f3 en dichas instalaciones hasta el 9 de enero. Las impactantes fotograf\u00edas, acompa\u00f1adas de textos y observaciones del propio reportero, narran distintos cap\u00edtulos de un drama que no cesa, y que sigue tan de actualidad como hace un cuarto de siglo, aunque hoy sean otras playas, y no las de Tarifa, Rota o Barbate, los principales escenarios de los naufragios.<\/p>\n\n\n\n<p>\u201cDesgraciadamente, estas im\u00e1genes se han convertido en intemporales, porque la gente se sigue arriesgando y sigue muriendo por lo mismo que hace 25 a\u00f1os, los traslados de inmigrantes se siguen haciendo en semi-clandestinidad, de manera oscura, y la sociedad parece haberse insensibilizado\u201d, lamenta Garc\u00eda Ar\u00e9valo, empe\u00f1ado en que:<\/p>\n\n\n\n<figure class=\"wp-block-image size-large\"><img loading=\"lazy\" decoding=\"async\" width=\"700\" height=\"467\" src=\"https:\/\/www.reachextra.com\/wp-content\/uploads\/2021\/01\/fernando-garcia-arevalo-en-lo-mas-ancho-del-estrecho-reachextra-5.jpg\" alt=\"Francisco Garcia Arevalo photos migration en lo mas ancho del estrecho exhibition\" class=\"wp-image-17555\" srcset=\"https:\/\/reachextra.com\/wp-content\/uploads\/2021\/01\/fernando-garcia-arevalo-en-lo-mas-ancho-del-estrecho-reachextra-5.jpg 700w, https:\/\/reachextra.com\/wp-content\/uploads\/2021\/01\/fernando-garcia-arevalo-en-lo-mas-ancho-del-estrecho-reachextra-5-300x200.jpg 300w, https:\/\/reachextra.com\/wp-content\/uploads\/2021\/01\/fernando-garcia-arevalo-en-lo-mas-ancho-del-estrecho-reachextra-5-180x120.jpg 180w, https:\/\/reachextra.com\/wp-content\/uploads\/2021\/01\/fernando-garcia-arevalo-en-lo-mas-ancho-del-estrecho-reachextra-5-561x374.jpg 561w, https:\/\/reachextra.com\/wp-content\/uploads\/2021\/01\/fernando-garcia-arevalo-en-lo-mas-ancho-del-estrecho-reachextra-5-364x243.jpg 364w, https:\/\/reachextra.com\/wp-content\/uploads\/2021\/01\/fernando-garcia-arevalo-en-lo-mas-ancho-del-estrecho-reachextra-5-608x406.jpg 608w, https:\/\/reachextra.com\/wp-content\/uploads\/2021\/01\/fernando-garcia-arevalo-en-lo-mas-ancho-del-estrecho-reachextra-5-72x48.jpg 72w, https:\/\/reachextra.com\/wp-content\/uploads\/2021\/01\/fernando-garcia-arevalo-en-lo-mas-ancho-del-estrecho-reachextra-5-144x96.jpg 144w, https:\/\/reachextra.com\/wp-content\/uploads\/2021\/01\/fernando-garcia-arevalo-en-lo-mas-ancho-del-estrecho-reachextra-5-313x209.jpg 313w\" sizes=\"auto, (max-width: 700px) 100vw, 700px\" \/><\/figure>\n\n\n\n<p>\u201cestas cosas hay que seguir cont\u00e1ndolas, aunque sea de otra manera, si es que es posible. Hemos visto tantas veces por televisi\u00f3n embarcaciones hundidas, madres que gritan llamando a sus hijos, voluntarios de Cruz Roja y guardias civiles sacando cad\u00e1veres del agua, que ya es como si lo hubi\u00e9ramos normalizado, a veces ni se le presta atenci\u00f3n\u2026 Y es un drama tremendo\u201d.<\/p>\n\n\n\n<p>El fot\u00f3grafo, que ha recibido hasta en cinco ocasiones el premio Andaluc\u00eda de Migraciones, y por cuyo objetivo han pasado 17 pa\u00edses del Magreb, Oriente Medio y el \u00c1frica Negra, se muestra muy cr\u00edtico no s\u00f3lo con la pasividad occidental, y de una Europa que \u201cmira para otro lado\u201d, sino tambi\u00e9n con la actual pol\u00edtica de visados y una legislaci\u00f3n en materia de inmigraci\u00f3n irregular en la que \u201ca\u00fan queda mucho por hacer\u201d.<\/p>\n\n\n\n<figure class=\"wp-block-image size-large\"><img loading=\"lazy\" decoding=\"async\" width=\"700\" height=\"466\" src=\"https:\/\/www.reachextra.com\/wp-content\/uploads\/2021\/01\/fernando-garcia-arevalo-en-lo-mas-ancho-del-estrecho-reachextra-6.jpg\" alt=\"\" class=\"wp-image-17557\" srcset=\"https:\/\/reachextra.com\/wp-content\/uploads\/2021\/01\/fernando-garcia-arevalo-en-lo-mas-ancho-del-estrecho-reachextra-6.jpg 700w, https:\/\/reachextra.com\/wp-content\/uploads\/2021\/01\/fernando-garcia-arevalo-en-lo-mas-ancho-del-estrecho-reachextra-6-300x200.jpg 300w, https:\/\/reachextra.com\/wp-content\/uploads\/2021\/01\/fernando-garcia-arevalo-en-lo-mas-ancho-del-estrecho-reachextra-6-180x120.jpg 180w, https:\/\/reachextra.com\/wp-content\/uploads\/2021\/01\/fernando-garcia-arevalo-en-lo-mas-ancho-del-estrecho-reachextra-6-561x373.jpg 561w, https:\/\/reachextra.com\/wp-content\/uploads\/2021\/01\/fernando-garcia-arevalo-en-lo-mas-ancho-del-estrecho-reachextra-6-364x242.jpg 364w, https:\/\/reachextra.com\/wp-content\/uploads\/2021\/01\/fernando-garcia-arevalo-en-lo-mas-ancho-del-estrecho-reachextra-6-608x405.jpg 608w, https:\/\/reachextra.com\/wp-content\/uploads\/2021\/01\/fernando-garcia-arevalo-en-lo-mas-ancho-del-estrecho-reachextra-6-72x48.jpg 72w, https:\/\/reachextra.com\/wp-content\/uploads\/2021\/01\/fernando-garcia-arevalo-en-lo-mas-ancho-del-estrecho-reachextra-6-144x96.jpg 144w, https:\/\/reachextra.com\/wp-content\/uploads\/2021\/01\/fernando-garcia-arevalo-en-lo-mas-ancho-del-estrecho-reachextra-6-313x208.jpg 313w\" sizes=\"auto, (max-width: 700px) 100vw, 700px\" \/><\/figure>\n\n\n\n<p>Y cree que sigue siendo necesaria, en general, una mayor empat\u00eda, una mayor capacidad de ponerse en el lugar del otro, del que ha tenido la mala suerte de nacer en el lugar equivocado del planeta.<\/p>\n\n\n\n<p>\u201cLas migraciones no van a parar, porque siempre va a haber gente que se la juegue para tener una vida mejor, sobre todo si la suya es una pesadilla\u2026 Quiero creer que yo tambi\u00e9n har\u00eda lo mismo, que yo tampoco me conformar\u00eda\u201d.<\/p>\n\n\n\n<h2 class=\"wp-block-heading\" id=\"h-aporophobia-and-tales-of-survival\">Aporofobia e historias de supervivencia<\/h2>\n\n\n\n<p>Las im\u00e1genes de \u201cEn lo m\u00e1s ancho del Estrecho\u201d, y los textos que las acompa\u00f1an, cargados de la verdad de lo observado, pero tambi\u00e9n de profundidad literaria, algunos incluso en forma de poemas, no dejan a nadie indiferente.<\/p>\n\n\n\n<p>La exposici\u00f3n itinerante, que continuar\u00e1 su recorrido por otras salas, incluye reflexiones tan rotundas como las que su autor despliega en torno a la palabra \u201caporofobia\u201d, o \u201cmiedo al pobre\u201d: <\/p>\n\n\n\n<figure class=\"wp-block-image size-large\"><img loading=\"lazy\" decoding=\"async\" width=\"700\" height=\"666\" src=\"https:\/\/www.reachextra.com\/wp-content\/uploads\/2021\/01\/fernando-garcia-arevalo-en-lo-mas-ancho-del-estrecho-reachextra-8.jpg\" alt=\"Francisco Garcia Arevalo photos migration en lo mas ancho del estrecho exhibition\" class=\"wp-image-17561\" srcset=\"https:\/\/reachextra.com\/wp-content\/uploads\/2021\/01\/fernando-garcia-arevalo-en-lo-mas-ancho-del-estrecho-reachextra-8.jpg 700w, https:\/\/reachextra.com\/wp-content\/uploads\/2021\/01\/fernando-garcia-arevalo-en-lo-mas-ancho-del-estrecho-reachextra-8-300x285.jpg 300w, https:\/\/reachextra.com\/wp-content\/uploads\/2021\/01\/fernando-garcia-arevalo-en-lo-mas-ancho-del-estrecho-reachextra-8-561x534.jpg 561w, https:\/\/reachextra.com\/wp-content\/uploads\/2021\/01\/fernando-garcia-arevalo-en-lo-mas-ancho-del-estrecho-reachextra-8-364x346.jpg 364w, https:\/\/reachextra.com\/wp-content\/uploads\/2021\/01\/fernando-garcia-arevalo-en-lo-mas-ancho-del-estrecho-reachextra-8-608x578.jpg 608w, https:\/\/reachextra.com\/wp-content\/uploads\/2021\/01\/fernando-garcia-arevalo-en-lo-mas-ancho-del-estrecho-reachextra-8-50x48.jpg 50w, https:\/\/reachextra.com\/wp-content\/uploads\/2021\/01\/fernando-garcia-arevalo-en-lo-mas-ancho-del-estrecho-reachextra-8-101x96.jpg 101w, https:\/\/reachextra.com\/wp-content\/uploads\/2021\/01\/fernando-garcia-arevalo-en-lo-mas-ancho-del-estrecho-reachextra-8-313x298.jpg 313w\" sizes=\"auto, (max-width: 700px) 100vw, 700px\" \/><\/figure>\n\n\n\n<p>\u201cadmit\u00e1moslo: no tenemos miedo de la persona de color arropada con visado y tarjetas de cr\u00e9dito, asusta la persona negra que cruza fronteras irregularmente y sin dinero; no rechazamos al \u00e1rabe empresario que aterriza con su jet privado, despreciamos al moro sin recursos que se juega la vida en un barcucho\u201d\u2026).<\/p>\n\n\n\n<p>Las fotograf\u00edas no s\u00f3lo muestran pateras, naufragios y cad\u00e1veres en el Estrecho (\u201cfosa com\u00fan de razas, monumento a los ca\u00eddos\u201d), sino que relatan tambi\u00e9n, y sobre todo, historias de supervivencia, de angustia, de valor y de esperanza, a un lado y otro del abismo que separa el primer mundo del tercero. <\/p>\n\n\n\n<figure class=\"wp-block-image size-large\"><img loading=\"lazy\" decoding=\"async\" width=\"700\" height=\"467\" src=\"https:\/\/www.reachextra.com\/wp-content\/uploads\/2021\/01\/fernando-garcia-arevalo-en-lo-mas-ancho-del-estrecho-reachextra-7.jpg\" alt=\"Francisco Garcia Arevalo photos migration en lo mas ancho del estrecho exhibition\" class=\"wp-image-17559\" srcset=\"https:\/\/reachextra.com\/wp-content\/uploads\/2021\/01\/fernando-garcia-arevalo-en-lo-mas-ancho-del-estrecho-reachextra-7.jpg 700w, https:\/\/reachextra.com\/wp-content\/uploads\/2021\/01\/fernando-garcia-arevalo-en-lo-mas-ancho-del-estrecho-reachextra-7-300x200.jpg 300w, https:\/\/reachextra.com\/wp-content\/uploads\/2021\/01\/fernando-garcia-arevalo-en-lo-mas-ancho-del-estrecho-reachextra-7-180x120.jpg 180w, https:\/\/reachextra.com\/wp-content\/uploads\/2021\/01\/fernando-garcia-arevalo-en-lo-mas-ancho-del-estrecho-reachextra-7-561x374.jpg 561w, https:\/\/reachextra.com\/wp-content\/uploads\/2021\/01\/fernando-garcia-arevalo-en-lo-mas-ancho-del-estrecho-reachextra-7-364x243.jpg 364w, https:\/\/reachextra.com\/wp-content\/uploads\/2021\/01\/fernando-garcia-arevalo-en-lo-mas-ancho-del-estrecho-reachextra-7-608x406.jpg 608w, https:\/\/reachextra.com\/wp-content\/uploads\/2021\/01\/fernando-garcia-arevalo-en-lo-mas-ancho-del-estrecho-reachextra-7-72x48.jpg 72w, https:\/\/reachextra.com\/wp-content\/uploads\/2021\/01\/fernando-garcia-arevalo-en-lo-mas-ancho-del-estrecho-reachextra-7-144x96.jpg 144w, https:\/\/reachextra.com\/wp-content\/uploads\/2021\/01\/fernando-garcia-arevalo-en-lo-mas-ancho-del-estrecho-reachextra-7-313x209.jpg 313w\" sizes=\"auto, (max-width: 700px) 100vw, 700px\" \/><\/figure>\n\n\n\n<p>Alambradas, t\u00faneles, cloacas, ata\u00fades, invernaderos que asfixian bajo un mar de pl\u00e1stico, cartas de madres a sus hijos, de hijos a sus madres, pasaportes falsificados, vidas inventadas para no lastimar a los que atr\u00e1s quedaron\u2026<\/p>\n\n\n\n<p> Im\u00e1genes capturadas en las costas de C\u00e1diz, en Ceuta y Melilla, en Canarias, en Huelva y Almer\u00eda, pero tambi\u00e9n en Marruecos, T\u00fanez, Senegal o Mauritania.<\/p>\n\n\n\n<p>Todas ellas reflejan, como cuenta su autor, \u201cla terrible odisea por la que pasan esas miles de personas que un d\u00eda, asqueadas, vencidas o asustadas, deciden dejar su hogar en busca de un lugar menos hostil y m\u00e1s justo\u201d. \r\n<\/p>\n\n\n\n<figure class=\"wp-block-image size-large\"><img loading=\"lazy\" decoding=\"async\" width=\"700\" height=\"467\" src=\"https:\/\/www.reachextra.com\/wp-content\/uploads\/2021\/01\/fernando-garcia-arevalo-en-lo-mas-ancho-del-estrecho-reachextra-3.jpg\" alt=\"\" class=\"wp-image-17551\" srcset=\"https:\/\/reachextra.com\/wp-content\/uploads\/2021\/01\/fernando-garcia-arevalo-en-lo-mas-ancho-del-estrecho-reachextra-3.jpg 700w, https:\/\/reachextra.com\/wp-content\/uploads\/2021\/01\/fernando-garcia-arevalo-en-lo-mas-ancho-del-estrecho-reachextra-3-300x200.jpg 300w, https:\/\/reachextra.com\/wp-content\/uploads\/2021\/01\/fernando-garcia-arevalo-en-lo-mas-ancho-del-estrecho-reachextra-3-180x120.jpg 180w, https:\/\/reachextra.com\/wp-content\/uploads\/2021\/01\/fernando-garcia-arevalo-en-lo-mas-ancho-del-estrecho-reachextra-3-561x374.jpg 561w, https:\/\/reachextra.com\/wp-content\/uploads\/2021\/01\/fernando-garcia-arevalo-en-lo-mas-ancho-del-estrecho-reachextra-3-364x243.jpg 364w, https:\/\/reachextra.com\/wp-content\/uploads\/2021\/01\/fernando-garcia-arevalo-en-lo-mas-ancho-del-estrecho-reachextra-3-608x406.jpg 608w, https:\/\/reachextra.com\/wp-content\/uploads\/2021\/01\/fernando-garcia-arevalo-en-lo-mas-ancho-del-estrecho-reachextra-3-72x48.jpg 72w, https:\/\/reachextra.com\/wp-content\/uploads\/2021\/01\/fernando-garcia-arevalo-en-lo-mas-ancho-del-estrecho-reachextra-3-144x96.jpg 144w, https:\/\/reachextra.com\/wp-content\/uploads\/2021\/01\/fernando-garcia-arevalo-en-lo-mas-ancho-del-estrecho-reachextra-3-313x209.jpg 313w\" sizes=\"auto, (max-width: 700px) 100vw, 700px\" \/><\/figure>\n\n\n\n<p>Al fin y al cabo, como sostiene Fernando Garc\u00eda Ar\u00e9valo, en todo este asunto, en lo esencial, no ha cambiado nada. \u201cSiguen viniendo los mismos, y por las mismas razones. Siguen ahog\u00e1ndose los de siempre y antes de hundirse gritan\u2026 Estamos como al principio\u201d. \r\n<\/p>\n\n\n\n<p>Tal vez por ello, como el propio fotoperiodista firma en el libro ligado a esta exposici\u00f3n,  \u201cel Estrecho necesita un Picasso; el Mediterr\u00e1neo, un Guernica; el mundo, un milagro\u201d.<\/p>\n","protected":false},"excerpt":{"rendered":"<p>El reconocido fot\u00f3grafo sanroque\u00f1o Fernando Garc\u00eda Ar\u00e9valo expuso entre diciembre y enero en Algeciras \u201cEn lo m\u00e1s ancho del Estrecho\u201d&#8230; <a class=\"g1-link g1-link-more\" href=\"https:\/\/reachextra.com\/es\/francisco-arevalo-migraciones\/\">More<\/a><\/p>\n","protected":false},"author":1,"featured_media":17547,"comment_status":"closed","ping_status":"closed","sticky":false,"template":"","format":"standard","meta":{"_jetpack_memberships_contains_paid_content":false,"footnotes":""},"categories":[1309,225],"tags":[],"adace-sponsor":[],"class_list":{"0":"post-17568","1":"post","2":"type-post","3":"status-publish","4":"format-standard","5":"has-post-thumbnail","7":"category-arte","8":"category-tendencias"},"yoast_head":"<!-- This site is optimized with the Yoast SEO Premium plugin v19.5 (Yoast SEO v26.7) - https:\/\/yoast.com\/wordpress\/plugins\/seo\/ -->\n<title>\u201cEn m\u00e1s de 25 a\u00f1os de migraciones, en lo esencial, no ha cambiado nada: siguen viniendo los mismos, y por las mismas razones\u201d<\/title>\n<meta name=\"description\" content=\"El reconocido fot\u00f3grafo sanroque\u00f1o Fernando Garc\u00eda Ar\u00e9valo expuso entre diciembre y enero en Algeciras \u201cEn lo m\u00e1s ancho del Estrecho\u201d...\" \/>\n<meta name=\"robots\" content=\"index, follow, max-snippet:-1, max-image-preview:large, max-video-preview:-1\" \/>\n<link rel=\"canonical\" href=\"https:\/\/reachextra.com\/es\/francisco-arevalo-migraciones\/\" \/>\n<meta property=\"og:locale\" content=\"es_ES\" \/>\n<meta property=\"og:type\" content=\"article\" \/>\n<meta property=\"og:title\" content=\"\u201cEn m\u00e1s de 25 a\u00f1os de migraciones, en lo esencial, no ha cambiado nada: siguen viniendo los mismos, y por las mismas razones\u201d\" \/>\n<meta property=\"og:description\" content=\"El reconocido fot\u00f3grafo sanroque\u00f1o Fernando Garc\u00eda Ar\u00e9valo expuso entre diciembre y enero en Algeciras \u201cEn lo m\u00e1s ancho del Estrecho\u201d...\" \/>\n<meta property=\"og:url\" content=\"https:\/\/reachextra.com\/es\/francisco-arevalo-migraciones\/\" \/>\n<meta property=\"og:site_name\" content=\"ReachExtra\" \/>\n<meta property=\"article:publisher\" content=\"http:\/\/www.facebook.com\/reachextra\" \/>\n<meta property=\"article:published_time\" content=\"2021-01-11T16:53:17+00:00\" \/>\n<meta property=\"article:modified_time\" content=\"2021-01-11T16:59:13+00:00\" \/>\n<meta property=\"og:image\" content=\"https:\/\/reachextra.com\/wp-content\/uploads\/2021\/01\/fernando-garcia-arevalo-en-lo-mas-ancho-del-estrecho-reachextra.jpg\" \/>\n\t<meta property=\"og:image:width\" content=\"1220\" \/>\n\t<meta property=\"og:image:height\" content=\"664\" \/>\n\t<meta property=\"og:image:type\" content=\"image\/jpeg\" \/>\n<meta name=\"author\" content=\"ReachExtra\" \/>\n<meta name=\"twitter:card\" content=\"summary_large_image\" \/>\n<meta name=\"twitter:creator\" content=\"@reachextra\" \/>\n<meta name=\"twitter:site\" content=\"@reachextra\" \/>\n<meta name=\"twitter:label1\" content=\"Escrito por\" \/>\n\t<meta name=\"twitter:data1\" content=\"ReachExtra\" \/>\n\t<meta name=\"twitter:label2\" content=\"Tiempo de lectura\" \/>\n\t<meta name=\"twitter:data2\" content=\"5 minutos\" \/>\n<script type=\"application\/ld+json\" class=\"yoast-schema-graph\">{\"@context\":\"https:\/\/schema.org\",\"@graph\":[{\"@type\":\"Article\",\"@id\":\"https:\/\/reachextra.com\/es\/francisco-arevalo-migraciones\/#article\",\"isPartOf\":{\"@id\":\"https:\/\/reachextra.com\/es\/francisco-arevalo-migraciones\/\"},\"author\":{\"name\":\"ReachExtra\",\"@id\":\"https:\/\/reachextra.com\/es\/#\/schema\/person\/5bf8196030cf130091162668b52085df\"},\"headline\":\"\u201cEn m\u00e1s de 25 a\u00f1os de migraciones, en lo esencial, no ha cambiado nada: siguen viniendo los mismos, y por las mismas razones\u201d\",\"datePublished\":\"2021-01-11T16:53:17+00:00\",\"dateModified\":\"2021-01-11T16:59:13+00:00\",\"mainEntityOfPage\":{\"@id\":\"https:\/\/reachextra.com\/es\/francisco-arevalo-migraciones\/\"},\"wordCount\":926,\"publisher\":{\"@id\":\"https:\/\/reachextra.com\/es\/#organization\"},\"image\":{\"@id\":\"https:\/\/reachextra.com\/es\/francisco-arevalo-migraciones\/#primaryimage\"},\"thumbnailUrl\":\"https:\/\/reachextra.com\/wp-content\/uploads\/2021\/01\/fernando-garcia-arevalo-en-lo-mas-ancho-del-estrecho-reachextra.jpg\",\"articleSection\":[\"Arte\",\"Tendencias\"],\"inLanguage\":\"es\"},{\"@type\":\"WebPage\",\"@id\":\"https:\/\/reachextra.com\/es\/francisco-arevalo-migraciones\/\",\"url\":\"https:\/\/reachextra.com\/es\/francisco-arevalo-migraciones\/\",\"name\":\"\u201cEn m\u00e1s de 25 a\u00f1os de migraciones, en lo esencial, no ha cambiado nada: siguen viniendo los mismos, y por las mismas razones\u201d\",\"isPartOf\":{\"@id\":\"https:\/\/reachextra.com\/es\/#website\"},\"primaryImageOfPage\":{\"@id\":\"https:\/\/reachextra.com\/es\/francisco-arevalo-migraciones\/#primaryimage\"},\"image\":{\"@id\":\"https:\/\/reachextra.com\/es\/francisco-arevalo-migraciones\/#primaryimage\"},\"thumbnailUrl\":\"https:\/\/reachextra.com\/wp-content\/uploads\/2021\/01\/fernando-garcia-arevalo-en-lo-mas-ancho-del-estrecho-reachextra.jpg\",\"datePublished\":\"2021-01-11T16:53:17+00:00\",\"dateModified\":\"2021-01-11T16:59:13+00:00\",\"description\":\"El reconocido fot\u00f3grafo sanroque\u00f1o Fernando Garc\u00eda Ar\u00e9valo expuso entre diciembre y enero en Algeciras \u201cEn lo m\u00e1s ancho del Estrecho\u201d...\",\"breadcrumb\":{\"@id\":\"https:\/\/reachextra.com\/es\/francisco-arevalo-migraciones\/#breadcrumb\"},\"inLanguage\":\"es\",\"potentialAction\":[{\"@type\":\"ReadAction\",\"target\":[\"https:\/\/reachextra.com\/es\/francisco-arevalo-migraciones\/\"]}]},{\"@type\":\"ImageObject\",\"inLanguage\":\"es\",\"@id\":\"https:\/\/reachextra.com\/es\/francisco-arevalo-migraciones\/#primaryimage\",\"url\":\"https:\/\/reachextra.com\/wp-content\/uploads\/2021\/01\/fernando-garcia-arevalo-en-lo-mas-ancho-del-estrecho-reachextra.jpg\",\"contentUrl\":\"https:\/\/reachextra.com\/wp-content\/uploads\/2021\/01\/fernando-garcia-arevalo-en-lo-mas-ancho-del-estrecho-reachextra.jpg\",\"width\":1220,\"height\":664,\"caption\":\"Francisco Garcio Arevalo fotografo san roque migracion\"},{\"@type\":\"BreadcrumbList\",\"@id\":\"https:\/\/reachextra.com\/es\/francisco-arevalo-migraciones\/#breadcrumb\",\"itemListElement\":[{\"@type\":\"ListItem\",\"position\":1,\"name\":\"Home\",\"item\":\"https:\/\/reachextra.com\/es\/\"},{\"@type\":\"ListItem\",\"position\":2,\"name\":\"Arte\",\"item\":\"https:\/\/reachextra.com\/es\/category\/arte\/\"},{\"@type\":\"ListItem\",\"position\":3,\"name\":\"\u201cEn m\u00e1s de 25 a\u00f1os de migraciones, en lo esencial, no ha cambiado nada: siguen viniendo los mismos, y por las mismas razones\u201d\"}]},{\"@type\":\"WebSite\",\"@id\":\"https:\/\/reachextra.com\/es\/#website\",\"url\":\"https:\/\/reachextra.com\/es\/\",\"name\":\"ReachExtra\",\"description\":\" Reach-Alcance en Espa\u00f1ol | Gibraltar | Campo de Gibraltar\",\"publisher\":{\"@id\":\"https:\/\/reachextra.com\/es\/#organization\"},\"potentialAction\":[{\"@type\":\"SearchAction\",\"target\":{\"@type\":\"EntryPoint\",\"urlTemplate\":\"https:\/\/reachextra.com\/es\/?s={search_term_string}\"},\"query-input\":{\"@type\":\"PropertyValueSpecification\",\"valueRequired\":true,\"valueName\":\"search_term_string\"}}],\"inLanguage\":\"es\"},{\"@type\":\"Organization\",\"@id\":\"https:\/\/reachextra.com\/es\/#organization\",\"name\":\"Reach-Alcance\",\"url\":\"https:\/\/reachextra.com\/es\/\",\"logo\":{\"@type\":\"ImageObject\",\"inLanguage\":\"es\",\"@id\":\"https:\/\/reachextra.com\/es\/#\/schema\/logo\/image\/\",\"url\":\"https:\/\/www.reachextra.com\/wp-content\/uploads\/2018\/12\/Reach-Alcance-LOGO-HDPI.jpg\",\"contentUrl\":\"https:\/\/www.reachextra.com\/wp-content\/uploads\/2018\/12\/Reach-Alcance-LOGO-HDPI.jpg\",\"width\":750,\"height\":474,\"caption\":\"Reach-Alcance\"},\"image\":{\"@id\":\"https:\/\/reachextra.com\/es\/#\/schema\/logo\/image\/\"},\"sameAs\":[\"http:\/\/www.facebook.com\/reachextra\",\"https:\/\/x.com\/reachextra\",\"http:\/\/reach.extra\",\"https:\/\/www.linkedin.com\/company\/reach-alcance\/\"]},{\"@type\":\"Person\",\"@id\":\"https:\/\/reachextra.com\/es\/#\/schema\/person\/5bf8196030cf130091162668b52085df\",\"name\":\"ReachExtra\",\"image\":{\"@type\":\"ImageObject\",\"inLanguage\":\"es\",\"@id\":\"https:\/\/reachextra.com\/es\/#\/schema\/person\/image\/\",\"url\":\"https:\/\/secure.gravatar.com\/avatar\/11e9f37f3773887633d17fdf580220857b1599038456e2f031ce0efd2f41a394?s=96&d=mm&r=g\",\"contentUrl\":\"https:\/\/secure.gravatar.com\/avatar\/11e9f37f3773887633d17fdf580220857b1599038456e2f031ce0efd2f41a394?s=96&d=mm&r=g\",\"caption\":\"ReachExtra\"},\"sameAs\":[\"http:\/\/www.reachextra.com\"]}]}<\/script>\n<!-- \/ Yoast SEO Premium plugin. -->","yoast_head_json":{"title":"\u201cEn m\u00e1s de 25 a\u00f1os de migraciones, en lo esencial, no ha cambiado nada: siguen viniendo los mismos, y por las mismas razones\u201d","description":"El reconocido fot\u00f3grafo sanroque\u00f1o Fernando Garc\u00eda Ar\u00e9valo expuso entre diciembre y enero en Algeciras \u201cEn lo m\u00e1s ancho del Estrecho\u201d...","robots":{"index":"index","follow":"follow","max-snippet":"max-snippet:-1","max-image-preview":"max-image-preview:large","max-video-preview":"max-video-preview:-1"},"canonical":"https:\/\/reachextra.com\/es\/francisco-arevalo-migraciones\/","og_locale":"es_ES","og_type":"article","og_title":"\u201cEn m\u00e1s de 25 a\u00f1os de migraciones, en lo esencial, no ha cambiado nada: siguen viniendo los mismos, y por las mismas razones\u201d","og_description":"El reconocido fot\u00f3grafo sanroque\u00f1o Fernando Garc\u00eda Ar\u00e9valo expuso entre diciembre y enero en Algeciras \u201cEn lo m\u00e1s ancho del Estrecho\u201d...","og_url":"https:\/\/reachextra.com\/es\/francisco-arevalo-migraciones\/","og_site_name":"ReachExtra","article_publisher":"http:\/\/www.facebook.com\/reachextra","article_published_time":"2021-01-11T16:53:17+00:00","article_modified_time":"2021-01-11T16:59:13+00:00","og_image":[{"width":1220,"height":664,"url":"https:\/\/reachextra.com\/wp-content\/uploads\/2021\/01\/fernando-garcia-arevalo-en-lo-mas-ancho-del-estrecho-reachextra.jpg","type":"image\/jpeg"}],"author":"ReachExtra","twitter_card":"summary_large_image","twitter_creator":"@reachextra","twitter_site":"@reachextra","twitter_misc":{"Escrito por":"ReachExtra","Tiempo de lectura":"5 minutos"},"schema":{"@context":"https:\/\/schema.org","@graph":[{"@type":"Article","@id":"https:\/\/reachextra.com\/es\/francisco-arevalo-migraciones\/#article","isPartOf":{"@id":"https:\/\/reachextra.com\/es\/francisco-arevalo-migraciones\/"},"author":{"name":"ReachExtra","@id":"https:\/\/reachextra.com\/es\/#\/schema\/person\/5bf8196030cf130091162668b52085df"},"headline":"\u201cEn m\u00e1s de 25 a\u00f1os de migraciones, en lo esencial, no ha cambiado nada: siguen viniendo los mismos, y por las mismas razones\u201d","datePublished":"2021-01-11T16:53:17+00:00","dateModified":"2021-01-11T16:59:13+00:00","mainEntityOfPage":{"@id":"https:\/\/reachextra.com\/es\/francisco-arevalo-migraciones\/"},"wordCount":926,"publisher":{"@id":"https:\/\/reachextra.com\/es\/#organization"},"image":{"@id":"https:\/\/reachextra.com\/es\/francisco-arevalo-migraciones\/#primaryimage"},"thumbnailUrl":"https:\/\/reachextra.com\/wp-content\/uploads\/2021\/01\/fernando-garcia-arevalo-en-lo-mas-ancho-del-estrecho-reachextra.jpg","articleSection":["Arte","Tendencias"],"inLanguage":"es"},{"@type":"WebPage","@id":"https:\/\/reachextra.com\/es\/francisco-arevalo-migraciones\/","url":"https:\/\/reachextra.com\/es\/francisco-arevalo-migraciones\/","name":"\u201cEn m\u00e1s de 25 a\u00f1os de migraciones, en lo esencial, no ha cambiado nada: siguen viniendo los mismos, y por las mismas razones\u201d","isPartOf":{"@id":"https:\/\/reachextra.com\/es\/#website"},"primaryImageOfPage":{"@id":"https:\/\/reachextra.com\/es\/francisco-arevalo-migraciones\/#primaryimage"},"image":{"@id":"https:\/\/reachextra.com\/es\/francisco-arevalo-migraciones\/#primaryimage"},"thumbnailUrl":"https:\/\/reachextra.com\/wp-content\/uploads\/2021\/01\/fernando-garcia-arevalo-en-lo-mas-ancho-del-estrecho-reachextra.jpg","datePublished":"2021-01-11T16:53:17+00:00","dateModified":"2021-01-11T16:59:13+00:00","description":"El reconocido fot\u00f3grafo sanroque\u00f1o Fernando Garc\u00eda Ar\u00e9valo expuso entre diciembre y enero en Algeciras \u201cEn lo m\u00e1s ancho del Estrecho\u201d...","breadcrumb":{"@id":"https:\/\/reachextra.com\/es\/francisco-arevalo-migraciones\/#breadcrumb"},"inLanguage":"es","potentialAction":[{"@type":"ReadAction","target":["https:\/\/reachextra.com\/es\/francisco-arevalo-migraciones\/"]}]},{"@type":"ImageObject","inLanguage":"es","@id":"https:\/\/reachextra.com\/es\/francisco-arevalo-migraciones\/#primaryimage","url":"https:\/\/reachextra.com\/wp-content\/uploads\/2021\/01\/fernando-garcia-arevalo-en-lo-mas-ancho-del-estrecho-reachextra.jpg","contentUrl":"https:\/\/reachextra.com\/wp-content\/uploads\/2021\/01\/fernando-garcia-arevalo-en-lo-mas-ancho-del-estrecho-reachextra.jpg","width":1220,"height":664,"caption":"Francisco Garcio Arevalo fotografo san roque migracion"},{"@type":"BreadcrumbList","@id":"https:\/\/reachextra.com\/es\/francisco-arevalo-migraciones\/#breadcrumb","itemListElement":[{"@type":"ListItem","position":1,"name":"Home","item":"https:\/\/reachextra.com\/es\/"},{"@type":"ListItem","position":2,"name":"Arte","item":"https:\/\/reachextra.com\/es\/category\/arte\/"},{"@type":"ListItem","position":3,"name":"\u201cEn m\u00e1s de 25 a\u00f1os de migraciones, en lo esencial, no ha cambiado nada: siguen viniendo los mismos, y por las mismas razones\u201d"}]},{"@type":"WebSite","@id":"https:\/\/reachextra.com\/es\/#website","url":"https:\/\/reachextra.com\/es\/","name":"ReachExtra","description":" Reach-Alcance en Espa\u00f1ol | Gibraltar | Campo de Gibraltar","publisher":{"@id":"https:\/\/reachextra.com\/es\/#organization"},"potentialAction":[{"@type":"SearchAction","target":{"@type":"EntryPoint","urlTemplate":"https:\/\/reachextra.com\/es\/?s={search_term_string}"},"query-input":{"@type":"PropertyValueSpecification","valueRequired":true,"valueName":"search_term_string"}}],"inLanguage":"es"},{"@type":"Organization","@id":"https:\/\/reachextra.com\/es\/#organization","name":"Reach-Alcance","url":"https:\/\/reachextra.com\/es\/","logo":{"@type":"ImageObject","inLanguage":"es","@id":"https:\/\/reachextra.com\/es\/#\/schema\/logo\/image\/","url":"https:\/\/www.reachextra.com\/wp-content\/uploads\/2018\/12\/Reach-Alcance-LOGO-HDPI.jpg","contentUrl":"https:\/\/www.reachextra.com\/wp-content\/uploads\/2018\/12\/Reach-Alcance-LOGO-HDPI.jpg","width":750,"height":474,"caption":"Reach-Alcance"},"image":{"@id":"https:\/\/reachextra.com\/es\/#\/schema\/logo\/image\/"},"sameAs":["http:\/\/www.facebook.com\/reachextra","https:\/\/x.com\/reachextra","http:\/\/reach.extra","https:\/\/www.linkedin.com\/company\/reach-alcance\/"]},{"@type":"Person","@id":"https:\/\/reachextra.com\/es\/#\/schema\/person\/5bf8196030cf130091162668b52085df","name":"ReachExtra","image":{"@type":"ImageObject","inLanguage":"es","@id":"https:\/\/reachextra.com\/es\/#\/schema\/person\/image\/","url":"https:\/\/secure.gravatar.com\/avatar\/11e9f37f3773887633d17fdf580220857b1599038456e2f031ce0efd2f41a394?s=96&d=mm&r=g","contentUrl":"https:\/\/secure.gravatar.com\/avatar\/11e9f37f3773887633d17fdf580220857b1599038456e2f031ce0efd2f41a394?s=96&d=mm&r=g","caption":"ReachExtra"},"sameAs":["http:\/\/www.reachextra.com"]}]}},"jetpack_featured_media_url":"https:\/\/reachextra.com\/wp-content\/uploads\/2021\/01\/fernando-garcia-arevalo-en-lo-mas-ancho-del-estrecho-reachextra.jpg","wps_subtitle":"Rosario P\u00e9rez | Fotos: \u00a9Fran Montes, ReachExtra","jetpack_sharing_enabled":true,"_links":{"self":[{"href":"https:\/\/reachextra.com\/es\/wp-json\/wp\/v2\/posts\/17568","targetHints":{"allow":["GET"]}}],"collection":[{"href":"https:\/\/reachextra.com\/es\/wp-json\/wp\/v2\/posts"}],"about":[{"href":"https:\/\/reachextra.com\/es\/wp-json\/wp\/v2\/types\/post"}],"author":[{"embeddable":true,"href":"https:\/\/reachextra.com\/es\/wp-json\/wp\/v2\/users\/1"}],"replies":[{"embeddable":true,"href":"https:\/\/reachextra.com\/es\/wp-json\/wp\/v2\/comments?post=17568"}],"version-history":[{"count":3,"href":"https:\/\/reachextra.com\/es\/wp-json\/wp\/v2\/posts\/17568\/revisions"}],"predecessor-version":[{"id":17571,"href":"https:\/\/reachextra.com\/es\/wp-json\/wp\/v2\/posts\/17568\/revisions\/17571"}],"wp:featuredmedia":[{"embeddable":true,"href":"https:\/\/reachextra.com\/es\/wp-json\/wp\/v2\/media\/17547"}],"wp:attachment":[{"href":"https:\/\/reachextra.com\/es\/wp-json\/wp\/v2\/media?parent=17568"}],"wp:term":[{"taxonomy":"category","embeddable":true,"href":"https:\/\/reachextra.com\/es\/wp-json\/wp\/v2\/categories?post=17568"},{"taxonomy":"post_tag","embeddable":true,"href":"https:\/\/reachextra.com\/es\/wp-json\/wp\/v2\/tags?post=17568"},{"taxonomy":"adace-sponsor","embeddable":true,"href":"https:\/\/reachextra.com\/es\/wp-json\/wp\/v2\/adace-sponsor?post=17568"}],"curies":[{"name":"wp","href":"https:\/\/api.w.org\/{rel}","templated":true}]}}