{"id":17533,"date":"2021-01-08T18:09:03","date_gmt":"2021-01-08T17:09:03","guid":{"rendered":"https:\/\/www.reachextra.com\/gibraltar-confinamiento-enero-pico\/"},"modified":"2021-01-10T14:27:12","modified_gmt":"2021-01-10T13:27:12","slug":"gibraltar-confinamiento-enero-pico","status":"publish","type":"post","link":"https:\/\/reachextra.com\/es\/gibraltar-confinamiento-enero-pico\/","title":{"rendered":"Gibraltar permanecer\u00e1 estado de confinamiento mientras sufre \u00abuno de los picos m\u00e1s altos\u00bb de Europa"},"content":{"rendered":"\n<p><strong>El Ministro Principal ha dicho que Gibraltar experimenta quiz\u00e1s el \u201cpico m\u00e1s alto en Europa, si no en el mundo\u201d y anunci\u00f3 que Gibraltar permanecer\u00e1 en estado de confinamiento (08.01.2021). Est\u00e1 previsto que las primeras vacunas comiencen a administrar este domingo seg\u00fan el m\u00e9todo de \u201cdosis retrasadas\u00bb; Se lanzan las nuevas medidas BEAT Covid 5.0 y la \u00faltimas noticias sobre las escuelas&#8230; aqu\u00ed est\u00e1 todo lo que necesita saber sobre la conferencia de prensa del 8 de enero.<\/strong><\/p>\n\n\n\n<figure class=\"wp-block-image size-large\"><img loading=\"lazy\" decoding=\"async\" width=\"700\" height=\"473\" src=\"https:\/\/www.reachextra.com\/wp-content\/uploads\/2021\/01\/lockdown-gibraltar-covid-january-reachextra-4.jpg\" alt=\"\" class=\"wp-image-17528\" srcset=\"https:\/\/reachextra.com\/wp-content\/uploads\/2021\/01\/lockdown-gibraltar-covid-january-reachextra-4.jpg 700w, https:\/\/reachextra.com\/wp-content\/uploads\/2021\/01\/lockdown-gibraltar-covid-january-reachextra-4-300x203.jpg 300w, https:\/\/reachextra.com\/wp-content\/uploads\/2021\/01\/lockdown-gibraltar-covid-january-reachextra-4-561x379.jpg 561w, https:\/\/reachextra.com\/wp-content\/uploads\/2021\/01\/lockdown-gibraltar-covid-january-reachextra-4-364x246.jpg 364w, https:\/\/reachextra.com\/wp-content\/uploads\/2021\/01\/lockdown-gibraltar-covid-january-reachextra-4-608x411.jpg 608w, https:\/\/reachextra.com\/wp-content\/uploads\/2021\/01\/lockdown-gibraltar-covid-january-reachextra-4-71x48.jpg 71w, https:\/\/reachextra.com\/wp-content\/uploads\/2021\/01\/lockdown-gibraltar-covid-january-reachextra-4-142x96.jpg 142w, https:\/\/reachextra.com\/wp-content\/uploads\/2021\/01\/lockdown-gibraltar-covid-january-reachextra-4-313x211.jpg 313w\" sizes=\"auto, (max-width: 700px) 100vw, 700px\" \/><\/figure>\n\n\n\n<p>El Ministro Principal de Gibraltar, Fabi\u00e1n Picardo, compareci\u00f3 ante la prensa para proporcionar una actualizaci\u00f3n 7 d\u00edas despu\u00e9s de la implementaci\u00f3n de un confinamiento general.<\/p>\n\n\n\n<p>Aunque ha habido un \u00ableve descenso\u00bb en la tasa R, de 1,5 a 1,14, los efectos de la pandemia de Covid en Gibraltar ya se han cobrado una duod\u00e9cima vida (un hombre de entre 70 y 75 a\u00f1os), que se inform\u00f3 que no sufr\u00eda de alguna condici\u00f3n de salud subyacente.<\/p>\n\n\n\n<p>86 personas que viven en instalaciones administradas por los Servicios Residenciales para Ancianos (ERS) han dado Covid positivas.\r\n<\/p>\n\n\n\n<p>El Ministro Principal dijo: \u00abel continuo crecimiento de infecciones en nuestra comunidad en general y en los ERS en particular es extraordinariamente preocupante&#8230;\u201d<\/p>\n\n\n\n<p>En Gibraltar se registraban 1.209 casos activos.<\/p>\n\n\n\n<figure class=\"wp-block-image size-large\"><img loading=\"lazy\" decoding=\"async\" width=\"700\" height=\"438\" src=\"https:\/\/www.reachextra.com\/wp-content\/uploads\/2021\/01\/lockdown-gibraltar-covid-january-reachextra-3.jpg\" alt=\"\" class=\"wp-image-17526\" srcset=\"https:\/\/reachextra.com\/wp-content\/uploads\/2021\/01\/lockdown-gibraltar-covid-january-reachextra-3.jpg 700w, https:\/\/reachextra.com\/wp-content\/uploads\/2021\/01\/lockdown-gibraltar-covid-january-reachextra-3-300x188.jpg 300w, https:\/\/reachextra.com\/wp-content\/uploads\/2021\/01\/lockdown-gibraltar-covid-january-reachextra-3-561x351.jpg 561w, https:\/\/reachextra.com\/wp-content\/uploads\/2021\/01\/lockdown-gibraltar-covid-january-reachextra-3-364x228.jpg 364w, https:\/\/reachextra.com\/wp-content\/uploads\/2021\/01\/lockdown-gibraltar-covid-january-reachextra-3-608x380.jpg 608w, https:\/\/reachextra.com\/wp-content\/uploads\/2021\/01\/lockdown-gibraltar-covid-january-reachextra-3-77x48.jpg 77w, https:\/\/reachextra.com\/wp-content\/uploads\/2021\/01\/lockdown-gibraltar-covid-january-reachextra-3-153x96.jpg 153w, https:\/\/reachextra.com\/wp-content\/uploads\/2021\/01\/lockdown-gibraltar-covid-january-reachextra-3-313x196.jpg 313w\" sizes=\"auto, (max-width: 700px) 100vw, 700px\" \/><figcaption><strong>Elderly Residential Services Gibraltar <\/strong><\/figcaption><\/figure>\n\n\n\n<p>El hospital de San Bernardo sigue bajo presi\u00f3n con 23 pacientes en la sala de Covid y 8 en la Unidad de Cuidados Intensivos, 5 de los cuales est\u00e1n ventilados.<\/p>\n\n\n\n<p>El Ministro Principal dijo que el n\u00famero de casos positivos en las \u00faltimas 2 semanas representa el 33% de todas las infecciones detectadas en el Pe\u00f1\u00f3n en el periodo desde la primavera pasada.<\/p>\n\n\n\n<p>Describi\u00f3 la situaci\u00f3n como \u00abextraordinariamente preocupante\u00bb.<\/p>\n\n\n\n<p>Dadas las circunstancias, el bloqueo continuar\u00e1 durante al menos los pr\u00f3ximos 7 d\u00edas, pero sin garant\u00eda de que terminar\u00e1 pronto debido a la naturaleza de la situaci\u00f3n.<\/p>\n\n\n\n<h2 class=\"wp-block-heading\" id=\"h-actualizaciones-sobre-la-vacunas\">Actualizaciones sobre la \u201cvacunas\u201d<\/h2>\n\n\n\n<figure class=\"wp-block-image size-large\"><img loading=\"lazy\" decoding=\"async\" width=\"700\" height=\"434\" src=\"https:\/\/www.reachextra.com\/wp-content\/uploads\/2021\/01\/gibraltar-lockdown-covid-january-reachextra-4.jpg\" alt=\"Gibraltar covid lockdown january 2021 excemptions frontier\" class=\"wp-image-17415\" srcset=\"https:\/\/reachextra.com\/wp-content\/uploads\/2021\/01\/gibraltar-lockdown-covid-january-reachextra-4.jpg 700w, https:\/\/reachextra.com\/wp-content\/uploads\/2021\/01\/gibraltar-lockdown-covid-january-reachextra-4-300x186.jpg 300w, https:\/\/reachextra.com\/wp-content\/uploads\/2021\/01\/gibraltar-lockdown-covid-january-reachextra-4-561x348.jpg 561w, https:\/\/reachextra.com\/wp-content\/uploads\/2021\/01\/gibraltar-lockdown-covid-january-reachextra-4-364x226.jpg 364w, https:\/\/reachextra.com\/wp-content\/uploads\/2021\/01\/gibraltar-lockdown-covid-january-reachextra-4-608x377.jpg 608w, https:\/\/reachextra.com\/wp-content\/uploads\/2021\/01\/gibraltar-lockdown-covid-january-reachextra-4-77x48.jpg 77w, https:\/\/reachextra.com\/wp-content\/uploads\/2021\/01\/gibraltar-lockdown-covid-january-reachextra-4-155x96.jpg 155w, https:\/\/reachextra.com\/wp-content\/uploads\/2021\/01\/gibraltar-lockdown-covid-january-reachextra-4-313x194.jpg 313w\" sizes=\"auto, (max-width: 700px) 100vw, 700px\" \/><\/figure>\n\n\n\n<p>Picardo dijo que la \u00abbuena noticia\u00bb es que, gracias al excelente apoyo de la Asuntos Exteriores, de la Commonwealth y de Desarrollo  del Reino Unido (FCDO), Gibraltar recibir\u00eda el primer lote de vacunas Pfizer el  s\u00e1bado 9 de enero de 2021 (ya han lelegado).<\/p>\n\n\n\n<p>Debido a que se requiere que la vacuna se mantenga a temperaturas muy bajas, ha sido transportado a Gibraltar por la Real Fuerza A\u00e9rea (RAF) , dado que las aerol\u00edneas comerciales no cuentan con las facilidades  para dicho transporte.<\/p>\n\n\n\n<p>Dijo que las autoridades del Reino Unido compart\u00edan la preocupaci\u00f3n del Gobierno de Gibraltar por la situaci\u00f3n en el Pe\u00f1\u00f3n, que estaba experimentando el \u00abpico m\u00e1s alto de Europa, si no del mundo\u00bb.<\/p>\n\n\n\n<figure class=\"wp-block-image size-large\"><img loading=\"lazy\" decoding=\"async\" width=\"1024\" height=\"557\" src=\"https:\/\/www.reachextra.com\/wp-content\/uploads\/2021\/01\/lockdown-gibraltar-covid-january-reachextra-1-1024x557.jpg\" alt=\"\" class=\"wp-image-17522\" srcset=\"https:\/\/reachextra.com\/wp-content\/uploads\/2021\/01\/lockdown-gibraltar-covid-january-reachextra-1-1024x557.jpg 1024w, https:\/\/reachextra.com\/wp-content\/uploads\/2021\/01\/lockdown-gibraltar-covid-january-reachextra-1-300x163.jpg 300w, https:\/\/reachextra.com\/wp-content\/uploads\/2021\/01\/lockdown-gibraltar-covid-january-reachextra-1-768x418.jpg 768w, https:\/\/reachextra.com\/wp-content\/uploads\/2021\/01\/lockdown-gibraltar-covid-january-reachextra-1-561x305.jpg 561w, https:\/\/reachextra.com\/wp-content\/uploads\/2021\/01\/lockdown-gibraltar-covid-january-reachextra-1-1122x611.jpg 1122w, https:\/\/reachextra.com\/wp-content\/uploads\/2021\/01\/lockdown-gibraltar-covid-january-reachextra-1-364x198.jpg 364w, https:\/\/reachextra.com\/wp-content\/uploads\/2021\/01\/lockdown-gibraltar-covid-january-reachextra-1-728x396.jpg 728w, https:\/\/reachextra.com\/wp-content\/uploads\/2021\/01\/lockdown-gibraltar-covid-january-reachextra-1-608x331.jpg 608w, https:\/\/reachextra.com\/wp-content\/uploads\/2021\/01\/lockdown-gibraltar-covid-january-reachextra-1-758x413.jpg 758w, https:\/\/reachextra.com\/wp-content\/uploads\/2021\/01\/lockdown-gibraltar-covid-january-reachextra-1-1152x627.jpg 1152w, https:\/\/reachextra.com\/wp-content\/uploads\/2021\/01\/lockdown-gibraltar-covid-january-reachextra-1-88x48.jpg 88w, https:\/\/reachextra.com\/wp-content\/uploads\/2021\/01\/lockdown-gibraltar-covid-january-reachextra-1-176x96.jpg 176w, https:\/\/reachextra.com\/wp-content\/uploads\/2021\/01\/lockdown-gibraltar-covid-january-reachextra-1-313x170.jpg 313w, https:\/\/reachextra.com\/wp-content\/uploads\/2021\/01\/lockdown-gibraltar-covid-january-reachextra-1.jpg 1220w\" sizes=\"auto, (max-width: 1024px) 100vw, 1024px\" \/><figcaption><strong>Calle Real de Gibraltar (Main Street) (08.01.2021) \u00a9Chris Gomez, ReaxhExtra<\/strong><\/figcaption><\/figure>\n\n\n\n<p>En respuesta a las preguntas, el sr. Picardo dijo que la vacuna no era una \u00absoluci\u00f3n milagrosa\u00bb y que su impacto en la pandemia se revelar\u00eda con el tiempo, pero su mensaje general fue que esto devolver\u00eda a Gibraltar \u00abalg\u00fan sentido de normalidad\u00bb. <\/p>\n\n\n\n<p>Las vacunaciones comenzar\u00e1n a aplicarse a partir de las 8 a. M. del domingo dia 10 en principio al personal de primera l\u00ednea del hospital, a los pacientes de ERS a las 9 a. M. y a dem\u00e1s ciudadanos vulnerables a partir del lunes a las 8:30.<\/p>\n\n\n\n<p>Se dar\u00e1 prioridad a los mayores de 70 a\u00f1os.<\/p>\n\n\n\n<p>Un equipo del servicio de salud ( GHA) ya ha estado en contacto con la mayor cantidad posible de personas mayores de 70 a\u00f1os, pero si alguien se ha perdido, debe visitar gha.gi para registrarse.<\/p>\n\n\n\n<p>El Sr. Picardo dijo que \u201ces importante que en este momento el p\u00fablico en general no contacte con la GHA para concertar una cita\u201d.<\/p>\n\n\n\n<p>Pidi\u00f3 que quienes tienen una cita deben asistir \u201csin demora\u201d y si necesitan cancelar su cita, deben avisar con suficiente antelaci\u00f3n para que la vacuna pueda ser administrada a otra persona.<\/p>\n\n\n\n<p>El Ministro Principal elogi\u00f3 a los propietarios del edificio ICC, la familia Massias, , por permitir que la GHA use el antiguo Centro de Atenci\u00f3n Primaria para vacunas sin cargo, as\u00ed como estacionamiento gratuito para quienes tengan citas.<\/p>\n\n\n\n<p>Picardo dijo que el personal de la GHA involucrado en la aplicaci\u00f3n de las vacunas eran los \u00abgladiadores que iban a atravesar el avance del virus\u00bb.<\/p>\n\n\n\n<p>Gibraltar seguir\u00e1 la misma estrategia de \u00abdosis diferida\u00bb que el Reino Unido, lo que significa que, en lugar de administrar la segunda dosis despu\u00e9s de 21 d\u00edas, se administrar\u00e1 durante un per\u00edodo m\u00e1s largo (posiblemente de 10 a 12 semanas).<\/p>\n\n\n\n<p>Dijo que el gobierno estaba satisfecho de que este m\u00e9todo permitir\u00eda a una mayor proporci\u00f3n de la poblaci\u00f3n recibir suficiente inmunidad m\u00e1s r\u00e1pidamente.<\/p>\n\n\n\n<p>El Ministro Principal esperaba que el pr\u00f3ximo suministro llegue a Gibraltar a finales de este mes.<\/p>\n\n\n\n<h2 class=\"wp-block-heading\" id=\"h-el-comercio-y-la-industria-en-gibraltar\">El comercio y la industria en Gibraltar<\/h2>\n\n\n\n<figure class=\"wp-block-image size-large\"><img loading=\"lazy\" decoding=\"async\" width=\"700\" height=\"525\" src=\"https:\/\/www.reachextra.com\/wp-content\/uploads\/2021\/01\/lockdown-gibraltar-covid-january-reachextra-2.jpg\" alt=\"\" class=\"wp-image-17524\" srcset=\"https:\/\/reachextra.com\/wp-content\/uploads\/2021\/01\/lockdown-gibraltar-covid-january-reachextra-2.jpg 700w, https:\/\/reachextra.com\/wp-content\/uploads\/2021\/01\/lockdown-gibraltar-covid-january-reachextra-2-300x225.jpg 300w, https:\/\/reachextra.com\/wp-content\/uploads\/2021\/01\/lockdown-gibraltar-covid-january-reachextra-2-192x144.jpg 192w, https:\/\/reachextra.com\/wp-content\/uploads\/2021\/01\/lockdown-gibraltar-covid-january-reachextra-2-384x288.jpg 384w, https:\/\/reachextra.com\/wp-content\/uploads\/2021\/01\/lockdown-gibraltar-covid-january-reachextra-2-90x67.jpg 90w, https:\/\/reachextra.com\/wp-content\/uploads\/2021\/01\/lockdown-gibraltar-covid-january-reachextra-2-180x135.jpg 180w, https:\/\/reachextra.com\/wp-content\/uploads\/2021\/01\/lockdown-gibraltar-covid-january-reachextra-2-561x421.jpg 561w, https:\/\/reachextra.com\/wp-content\/uploads\/2021\/01\/lockdown-gibraltar-covid-january-reachextra-2-364x273.jpg 364w, https:\/\/reachextra.com\/wp-content\/uploads\/2021\/01\/lockdown-gibraltar-covid-january-reachextra-2-608x456.jpg 608w, https:\/\/reachextra.com\/wp-content\/uploads\/2021\/01\/lockdown-gibraltar-covid-january-reachextra-2-64x48.jpg 64w, https:\/\/reachextra.com\/wp-content\/uploads\/2021\/01\/lockdown-gibraltar-covid-january-reachextra-2-128x96.jpg 128w, https:\/\/reachextra.com\/wp-content\/uploads\/2021\/01\/lockdown-gibraltar-covid-january-reachextra-2-313x235.jpg 313w\" sizes=\"auto, (max-width: 700px) 100vw, 700px\" \/><\/figure>\n\n\n\n<p>Dej\u00f3 en claro que su gobierno estaba muy preocupado por garantizar que la comunidad empresarial, que es la \u201ccreadora de riqueza y el motor del crecimiento econ\u00f3mico\u201d, pudiera sobrevivir a la pandemia.<\/p>\n\n\n\n<p>Expres\u00f3 su agradecimiento y tuvo palabras de apoyo a todos los componentes del sector privado, especialmente a aquellos que hab\u00edan tenido que cerrar sus negocios o reducir la actividad y aquellos otros, incluidos los servicios financieros, juegos de azar on-line, abogados y contables, que contin\u00faan trabajando en circunstancias dif\u00edciles sin apoyo financiero pero de acuerdo con los protocolos de Covid.<\/p>\n\n\n\n<p>Contin\u00faa tambi\u00e9n la edificaci\u00f3n y construcci\u00f3n de acuerdo con los protocolos de salud.<\/p>\n\n\n\n<p>El Ministro Principal record\u00f3 que BEAT 4.0 ya otorga subvenciones del 30% de las sumas de los salarios  y del 100% de alivio de tarifas para el sector hotelero, as\u00ed como un 25% de descuento por pago anticipado de contribuci\u00f3n urbana por otros sectores que se extender\u00e1 hasta el 31 de marzo. 2021.<\/p>\n\n\n\n<h2 class=\"wp-block-heading\" id=\"h-las-medidas-beat-covid-5-0\">Las Medidas BEAT COVID 5.0 <\/h2>\n\n\n\n<figure class=\"wp-block-image size-large\"><img loading=\"lazy\" decoding=\"async\" width=\"664\" height=\"498\" src=\"https:\/\/www.reachextra.com\/wp-content\/uploads\/2020\/03\/Empty-Mainstreet-Gibraltar.jpg\" alt=\"Main Street Gibraltar Coronavirus\" class=\"wp-image-13350\" srcset=\"https:\/\/reachextra.com\/wp-content\/uploads\/2020\/03\/Empty-Mainstreet-Gibraltar.jpg 664w, https:\/\/reachextra.com\/wp-content\/uploads\/2020\/03\/Empty-Mainstreet-Gibraltar-300x225.jpg 300w, https:\/\/reachextra.com\/wp-content\/uploads\/2020\/03\/Empty-Mainstreet-Gibraltar-192x144.jpg 192w, https:\/\/reachextra.com\/wp-content\/uploads\/2020\/03\/Empty-Mainstreet-Gibraltar-384x288.jpg 384w, https:\/\/reachextra.com\/wp-content\/uploads\/2020\/03\/Empty-Mainstreet-Gibraltar-90x67.jpg 90w, https:\/\/reachextra.com\/wp-content\/uploads\/2020\/03\/Empty-Mainstreet-Gibraltar-180x135.jpg 180w, https:\/\/reachextra.com\/wp-content\/uploads\/2020\/03\/Empty-Mainstreet-Gibraltar-561x421.jpg 561w, https:\/\/reachextra.com\/wp-content\/uploads\/2020\/03\/Empty-Mainstreet-Gibraltar-364x273.jpg 364w, https:\/\/reachextra.com\/wp-content\/uploads\/2020\/03\/Empty-Mainstreet-Gibraltar-608x456.jpg 608w, https:\/\/reachextra.com\/wp-content\/uploads\/2020\/03\/Empty-Mainstreet-Gibraltar-64x48.jpg 64w, https:\/\/reachextra.com\/wp-content\/uploads\/2020\/03\/Empty-Mainstreet-Gibraltar-128x96.jpg 128w, https:\/\/reachextra.com\/wp-content\/uploads\/2020\/03\/Empty-Mainstreet-Gibraltar-313x235.jpg 313w\" sizes=\"auto, (max-width: 664px) 100vw, 664px\" \/><\/figure>\n\n\n\n<p>Las nuevas subvenciones BEAT 5.0 aumentar\u00e1n del 30% al 100% para las empresas elegibles que se utilizar\u00e1n para pagar salarios.\r\n\r\nEsto volver\u00e1 al 30% cuando esas empresas puedan reabrir sus operaciones, lo que, dijo, ser\u00eda para fines de enero \u00abcon suerte.\u00bb<\/p>\n\n\n\n<p>El sistema de descuento de alquiler aumentar\u00e1 al 50% en el mes de enero de 2021 para las empresas que permanecen cerradas debido a las restricciones de bloqueo.<\/p>\n\n\n\n<p>Los propietarios de locales comerciales vac\u00edos tendr\u00e1n una exenci\u00f3n total de contribuci\u00f3n urbana hasta fin de a\u00f1o.<\/p>\n\n\n\n<p>Cualquier consulta se puede hacer a infobeatcovid@gibraltar.gov.gi.<\/p>\n\n\n\n<h2 class=\"wp-block-heading\" id=\"h-educaci-n\">Educaci\u00f3n<\/h2>\n\n\n\n<figure class=\"wp-block-image size-large\"><img loading=\"lazy\" decoding=\"async\" width=\"700\" height=\"350\" src=\"https:\/\/www.reachextra.com\/wp-content\/uploads\/2020\/10\/Bayside-westside-comprehensive-school-gibraltar.jpg\" alt=\"\" class=\"wp-image-16150\" srcset=\"https:\/\/reachextra.com\/wp-content\/uploads\/2020\/10\/Bayside-westside-comprehensive-school-gibraltar.jpg 700w, https:\/\/reachextra.com\/wp-content\/uploads\/2020\/10\/Bayside-westside-comprehensive-school-gibraltar-300x150.jpg 300w, https:\/\/reachextra.com\/wp-content\/uploads\/2020\/10\/Bayside-westside-comprehensive-school-gibraltar-192x96.jpg 192w, https:\/\/reachextra.com\/wp-content\/uploads\/2020\/10\/Bayside-westside-comprehensive-school-gibraltar-384x192.jpg 384w, https:\/\/reachextra.com\/wp-content\/uploads\/2020\/10\/Bayside-westside-comprehensive-school-gibraltar-561x281.jpg 561w, https:\/\/reachextra.com\/wp-content\/uploads\/2020\/10\/Bayside-westside-comprehensive-school-gibraltar-364x182.jpg 364w, https:\/\/reachextra.com\/wp-content\/uploads\/2020\/10\/Bayside-westside-comprehensive-school-gibraltar-608x304.jpg 608w, https:\/\/reachextra.com\/wp-content\/uploads\/2020\/10\/Bayside-westside-comprehensive-school-gibraltar-96x48.jpg 96w, https:\/\/reachextra.com\/wp-content\/uploads\/2020\/10\/Bayside-westside-comprehensive-school-gibraltar-313x157.jpg 313w\" sizes=\"auto, (max-width: 700px) 100vw, 700px\" \/><\/figure>\n\n\n\n<p>El Ministro Principal dijo que las escuelas no reabrir\u00e1n antes del 25 de enero, pero se est\u00e1 considerando reabrir la escuela para estudiantes con necesidades especiales de St. Martin antes de esa fecha.<\/p>\n\n\n\n<p>El Departamento de Educaci\u00f3n estaba analizando todas las opciones para impartir educaci\u00f3n a los estudiantes y no pens\u00f3 que el tipo de aprendizaje a distancia que podr\u00eda ser aceptable en el nivel secundario o universitario fuera satisfactorio para los ni\u00f1os m\u00e1s j\u00f3venes o peque\u00f1os y se pueden encontrar nuevas iniciativas en www.education.gov.gi<\/p>\n\n\n\n<p>Nuevamente se har\u00e1n provisiones especiales para los ni\u00f1os cuyos padres trabajan en primera l\u00ednea.<\/p>\n\n\n\n<p>El Ministro Principal coment\u00f3 que la cooperaci\u00f3n p\u00fablica en Gibraltar ha sido buena y que los gibraltare\u00f1os son en general un \u00abpueblo respetuoso de la ley\u00bb y que la polic\u00eda no ha informado de ning\u00fan problema en particular.<\/p>\n","protected":false},"excerpt":{"rendered":"<p>El Ministro Principal ha dicho que Gibraltar experimenta quiz\u00e1s el \u201cpico m\u00e1s alto en Europa, si no en el mundo\u201d&#8230; <a class=\"g1-link g1-link-more\" href=\"https:\/\/reachextra.com\/es\/gibraltar-confinamiento-enero-pico\/\">More<\/a><\/p>\n","protected":false},"author":1,"featured_media":17522,"comment_status":"closed","ping_status":"closed","sticky":false,"template":"","format":"standard","meta":{"_jetpack_memberships_contains_paid_content":false,"footnotes":""},"categories":[226,225],"tags":[1355,11129,11131,1056],"adace-sponsor":[],"class_list":{"0":"post-17533","1":"post","2":"type-post","3":"status-publish","4":"format-standard","5":"has-post-thumbnail","7":"category-noticias-es","8":"category-tendencias","9":"tag-chris-gomez-es","10":"tag-coronavirus-es","11":"tag-covid19-es","12":"tag-fabian-picardo-es"},"yoast_head":"<!-- This site is optimized with the Yoast SEO Premium plugin v19.5 (Yoast SEO v26.7) - https:\/\/yoast.com\/wordpress\/plugins\/seo\/ -->\n<title>Gibraltar permanecer\u00e1 estado de confinamiento mientras sufre &quot;uno de los picos m\u00e1s altos&quot; de Europa<\/title>\n<meta name=\"description\" content=\"El Ministro Principal ha dicho que Gibraltar experimenta quiz\u00e1s el \u201cpico m\u00e1s alto en Europa, si no en el mundo\u201d...\" \/>\n<meta name=\"robots\" content=\"index, follow, max-snippet:-1, max-image-preview:large, max-video-preview:-1\" \/>\n<link rel=\"canonical\" href=\"https:\/\/reachextra.com\/es\/gibraltar-confinamiento-enero-pico\/\" \/>\n<meta property=\"og:locale\" content=\"es_ES\" \/>\n<meta property=\"og:type\" content=\"article\" \/>\n<meta property=\"og:title\" content=\"Gibraltar permanecer\u00e1 estado de confinamiento mientras sufre &quot;uno de los picos m\u00e1s altos&quot; de Europa\" \/>\n<meta property=\"og:description\" content=\"El Ministro Principal ha dicho que Gibraltar experimenta quiz\u00e1s el \u201cpico m\u00e1s alto en Europa, si no en el mundo\u201d...\" \/>\n<meta property=\"og:url\" content=\"https:\/\/reachextra.com\/es\/gibraltar-confinamiento-enero-pico\/\" \/>\n<meta property=\"og:site_name\" content=\"ReachExtra\" \/>\n<meta property=\"article:publisher\" content=\"http:\/\/www.facebook.com\/reachextra\" \/>\n<meta property=\"article:published_time\" content=\"2021-01-08T17:09:03+00:00\" \/>\n<meta property=\"article:modified_time\" content=\"2021-01-10T13:27:12+00:00\" \/>\n<meta property=\"og:image\" content=\"https:\/\/reachextra.com\/wp-content\/uploads\/2021\/01\/lockdown-gibraltar-covid-january-reachextra-1.jpg\" \/>\n\t<meta property=\"og:image:width\" content=\"1220\" \/>\n\t<meta property=\"og:image:height\" content=\"664\" \/>\n\t<meta property=\"og:image:type\" content=\"image\/jpeg\" \/>\n<meta name=\"author\" content=\"ReachExtra\" \/>\n<meta name=\"twitter:card\" content=\"summary_large_image\" \/>\n<meta name=\"twitter:creator\" content=\"@reachextra\" \/>\n<meta name=\"twitter:site\" content=\"@reachextra\" \/>\n<meta name=\"twitter:label1\" content=\"Escrito por\" \/>\n\t<meta name=\"twitter:data1\" content=\"ReachExtra\" \/>\n\t<meta name=\"twitter:label2\" content=\"Tiempo de lectura\" \/>\n\t<meta name=\"twitter:data2\" content=\"6 minutos\" \/>\n<script type=\"application\/ld+json\" class=\"yoast-schema-graph\">{\"@context\":\"https:\/\/schema.org\",\"@graph\":[{\"@type\":\"Article\",\"@id\":\"https:\/\/reachextra.com\/es\/gibraltar-confinamiento-enero-pico\/#article\",\"isPartOf\":{\"@id\":\"https:\/\/reachextra.com\/es\/gibraltar-confinamiento-enero-pico\/\"},\"author\":{\"name\":\"ReachExtra\",\"@id\":\"https:\/\/reachextra.com\/es\/#\/schema\/person\/5bf8196030cf130091162668b52085df\"},\"headline\":\"Gibraltar permanecer\u00e1 estado de confinamiento mientras sufre \u00abuno de los picos m\u00e1s altos\u00bb de Europa\",\"datePublished\":\"2021-01-08T17:09:03+00:00\",\"dateModified\":\"2021-01-10T13:27:12+00:00\",\"mainEntityOfPage\":{\"@id\":\"https:\/\/reachextra.com\/es\/gibraltar-confinamiento-enero-pico\/\"},\"wordCount\":1231,\"publisher\":{\"@id\":\"https:\/\/reachextra.com\/es\/#organization\"},\"image\":{\"@id\":\"https:\/\/reachextra.com\/es\/gibraltar-confinamiento-enero-pico\/#primaryimage\"},\"thumbnailUrl\":\"https:\/\/reachextra.com\/wp-content\/uploads\/2021\/01\/lockdown-gibraltar-covid-january-reachextra-1.jpg\",\"keywords\":[\"Chris Gomez\",\"Coronavirus\",\"covid19\",\"Fabian Picardo\"],\"articleSection\":[\"Noticias\",\"Tendencias\"],\"inLanguage\":\"es\"},{\"@type\":\"WebPage\",\"@id\":\"https:\/\/reachextra.com\/es\/gibraltar-confinamiento-enero-pico\/\",\"url\":\"https:\/\/reachextra.com\/es\/gibraltar-confinamiento-enero-pico\/\",\"name\":\"Gibraltar permanecer\u00e1 estado de confinamiento mientras sufre \\\"uno de los picos m\u00e1s altos\\\" de Europa\",\"isPartOf\":{\"@id\":\"https:\/\/reachextra.com\/es\/#website\"},\"primaryImageOfPage\":{\"@id\":\"https:\/\/reachextra.com\/es\/gibraltar-confinamiento-enero-pico\/#primaryimage\"},\"image\":{\"@id\":\"https:\/\/reachextra.com\/es\/gibraltar-confinamiento-enero-pico\/#primaryimage\"},\"thumbnailUrl\":\"https:\/\/reachextra.com\/wp-content\/uploads\/2021\/01\/lockdown-gibraltar-covid-january-reachextra-1.jpg\",\"datePublished\":\"2021-01-08T17:09:03+00:00\",\"dateModified\":\"2021-01-10T13:27:12+00:00\",\"description\":\"El Ministro Principal ha dicho que Gibraltar experimenta quiz\u00e1s el \u201cpico m\u00e1s alto en Europa, si no en el mundo\u201d...\",\"breadcrumb\":{\"@id\":\"https:\/\/reachextra.com\/es\/gibraltar-confinamiento-enero-pico\/#breadcrumb\"},\"inLanguage\":\"es\",\"potentialAction\":[{\"@type\":\"ReadAction\",\"target\":[\"https:\/\/reachextra.com\/es\/gibraltar-confinamiento-enero-pico\/\"]}]},{\"@type\":\"ImageObject\",\"inLanguage\":\"es\",\"@id\":\"https:\/\/reachextra.com\/es\/gibraltar-confinamiento-enero-pico\/#primaryimage\",\"url\":\"https:\/\/reachextra.com\/wp-content\/uploads\/2021\/01\/lockdown-gibraltar-covid-january-reachextra-1.jpg\",\"contentUrl\":\"https:\/\/reachextra.com\/wp-content\/uploads\/2021\/01\/lockdown-gibraltar-covid-january-reachextra-1.jpg\",\"width\":1220,\"height\":664},{\"@type\":\"BreadcrumbList\",\"@id\":\"https:\/\/reachextra.com\/es\/gibraltar-confinamiento-enero-pico\/#breadcrumb\",\"itemListElement\":[{\"@type\":\"ListItem\",\"position\":1,\"name\":\"Home\",\"item\":\"https:\/\/reachextra.com\/es\/\"},{\"@type\":\"ListItem\",\"position\":2,\"name\":\"Noticias\",\"item\":\"https:\/\/reachextra.com\/es\/category\/noticias-es\/\"},{\"@type\":\"ListItem\",\"position\":3,\"name\":\"Gibraltar permanecer\u00e1 estado de confinamiento mientras sufre \u00abuno de los picos m\u00e1s altos\u00bb de Europa\"}]},{\"@type\":\"WebSite\",\"@id\":\"https:\/\/reachextra.com\/es\/#website\",\"url\":\"https:\/\/reachextra.com\/es\/\",\"name\":\"ReachExtra\",\"description\":\" Reach-Alcance en Espa\u00f1ol | Gibraltar | Campo de Gibraltar\",\"publisher\":{\"@id\":\"https:\/\/reachextra.com\/es\/#organization\"},\"potentialAction\":[{\"@type\":\"SearchAction\",\"target\":{\"@type\":\"EntryPoint\",\"urlTemplate\":\"https:\/\/reachextra.com\/es\/?s={search_term_string}\"},\"query-input\":{\"@type\":\"PropertyValueSpecification\",\"valueRequired\":true,\"valueName\":\"search_term_string\"}}],\"inLanguage\":\"es\"},{\"@type\":\"Organization\",\"@id\":\"https:\/\/reachextra.com\/es\/#organization\",\"name\":\"Reach-Alcance\",\"url\":\"https:\/\/reachextra.com\/es\/\",\"logo\":{\"@type\":\"ImageObject\",\"inLanguage\":\"es\",\"@id\":\"https:\/\/reachextra.com\/es\/#\/schema\/logo\/image\/\",\"url\":\"https:\/\/www.reachextra.com\/wp-content\/uploads\/2018\/12\/Reach-Alcance-LOGO-HDPI.jpg\",\"contentUrl\":\"https:\/\/www.reachextra.com\/wp-content\/uploads\/2018\/12\/Reach-Alcance-LOGO-HDPI.jpg\",\"width\":750,\"height\":474,\"caption\":\"Reach-Alcance\"},\"image\":{\"@id\":\"https:\/\/reachextra.com\/es\/#\/schema\/logo\/image\/\"},\"sameAs\":[\"http:\/\/www.facebook.com\/reachextra\",\"https:\/\/x.com\/reachextra\",\"http:\/\/reach.extra\",\"https:\/\/www.linkedin.com\/company\/reach-alcance\/\"]},{\"@type\":\"Person\",\"@id\":\"https:\/\/reachextra.com\/es\/#\/schema\/person\/5bf8196030cf130091162668b52085df\",\"name\":\"ReachExtra\",\"image\":{\"@type\":\"ImageObject\",\"inLanguage\":\"es\",\"@id\":\"https:\/\/reachextra.com\/es\/#\/schema\/person\/image\/\",\"url\":\"https:\/\/secure.gravatar.com\/avatar\/11e9f37f3773887633d17fdf580220857b1599038456e2f031ce0efd2f41a394?s=96&d=mm&r=g\",\"contentUrl\":\"https:\/\/secure.gravatar.com\/avatar\/11e9f37f3773887633d17fdf580220857b1599038456e2f031ce0efd2f41a394?s=96&d=mm&r=g\",\"caption\":\"ReachExtra\"},\"sameAs\":[\"http:\/\/www.reachextra.com\"]}]}<\/script>\n<!-- \/ Yoast SEO Premium plugin. -->","yoast_head_json":{"title":"Gibraltar permanecer\u00e1 estado de confinamiento mientras sufre \"uno de los picos m\u00e1s altos\" de Europa","description":"El Ministro Principal ha dicho que Gibraltar experimenta quiz\u00e1s el \u201cpico m\u00e1s alto en Europa, si no en el mundo\u201d...","robots":{"index":"index","follow":"follow","max-snippet":"max-snippet:-1","max-image-preview":"max-image-preview:large","max-video-preview":"max-video-preview:-1"},"canonical":"https:\/\/reachextra.com\/es\/gibraltar-confinamiento-enero-pico\/","og_locale":"es_ES","og_type":"article","og_title":"Gibraltar permanecer\u00e1 estado de confinamiento mientras sufre \"uno de los picos m\u00e1s altos\" de Europa","og_description":"El Ministro Principal ha dicho que Gibraltar experimenta quiz\u00e1s el \u201cpico m\u00e1s alto en Europa, si no en el mundo\u201d...","og_url":"https:\/\/reachextra.com\/es\/gibraltar-confinamiento-enero-pico\/","og_site_name":"ReachExtra","article_publisher":"http:\/\/www.facebook.com\/reachextra","article_published_time":"2021-01-08T17:09:03+00:00","article_modified_time":"2021-01-10T13:27:12+00:00","og_image":[{"width":1220,"height":664,"url":"https:\/\/reachextra.com\/wp-content\/uploads\/2021\/01\/lockdown-gibraltar-covid-january-reachextra-1.jpg","type":"image\/jpeg"}],"author":"ReachExtra","twitter_card":"summary_large_image","twitter_creator":"@reachextra","twitter_site":"@reachextra","twitter_misc":{"Escrito por":"ReachExtra","Tiempo de lectura":"6 minutos"},"schema":{"@context":"https:\/\/schema.org","@graph":[{"@type":"Article","@id":"https:\/\/reachextra.com\/es\/gibraltar-confinamiento-enero-pico\/#article","isPartOf":{"@id":"https:\/\/reachextra.com\/es\/gibraltar-confinamiento-enero-pico\/"},"author":{"name":"ReachExtra","@id":"https:\/\/reachextra.com\/es\/#\/schema\/person\/5bf8196030cf130091162668b52085df"},"headline":"Gibraltar permanecer\u00e1 estado de confinamiento mientras sufre \u00abuno de los picos m\u00e1s altos\u00bb de Europa","datePublished":"2021-01-08T17:09:03+00:00","dateModified":"2021-01-10T13:27:12+00:00","mainEntityOfPage":{"@id":"https:\/\/reachextra.com\/es\/gibraltar-confinamiento-enero-pico\/"},"wordCount":1231,"publisher":{"@id":"https:\/\/reachextra.com\/es\/#organization"},"image":{"@id":"https:\/\/reachextra.com\/es\/gibraltar-confinamiento-enero-pico\/#primaryimage"},"thumbnailUrl":"https:\/\/reachextra.com\/wp-content\/uploads\/2021\/01\/lockdown-gibraltar-covid-january-reachextra-1.jpg","keywords":["Chris Gomez","Coronavirus","covid19","Fabian Picardo"],"articleSection":["Noticias","Tendencias"],"inLanguage":"es"},{"@type":"WebPage","@id":"https:\/\/reachextra.com\/es\/gibraltar-confinamiento-enero-pico\/","url":"https:\/\/reachextra.com\/es\/gibraltar-confinamiento-enero-pico\/","name":"Gibraltar permanecer\u00e1 estado de confinamiento mientras sufre \"uno de los picos m\u00e1s altos\" de Europa","isPartOf":{"@id":"https:\/\/reachextra.com\/es\/#website"},"primaryImageOfPage":{"@id":"https:\/\/reachextra.com\/es\/gibraltar-confinamiento-enero-pico\/#primaryimage"},"image":{"@id":"https:\/\/reachextra.com\/es\/gibraltar-confinamiento-enero-pico\/#primaryimage"},"thumbnailUrl":"https:\/\/reachextra.com\/wp-content\/uploads\/2021\/01\/lockdown-gibraltar-covid-january-reachextra-1.jpg","datePublished":"2021-01-08T17:09:03+00:00","dateModified":"2021-01-10T13:27:12+00:00","description":"El Ministro Principal ha dicho que Gibraltar experimenta quiz\u00e1s el \u201cpico m\u00e1s alto en Europa, si no en el mundo\u201d...","breadcrumb":{"@id":"https:\/\/reachextra.com\/es\/gibraltar-confinamiento-enero-pico\/#breadcrumb"},"inLanguage":"es","potentialAction":[{"@type":"ReadAction","target":["https:\/\/reachextra.com\/es\/gibraltar-confinamiento-enero-pico\/"]}]},{"@type":"ImageObject","inLanguage":"es","@id":"https:\/\/reachextra.com\/es\/gibraltar-confinamiento-enero-pico\/#primaryimage","url":"https:\/\/reachextra.com\/wp-content\/uploads\/2021\/01\/lockdown-gibraltar-covid-january-reachextra-1.jpg","contentUrl":"https:\/\/reachextra.com\/wp-content\/uploads\/2021\/01\/lockdown-gibraltar-covid-january-reachextra-1.jpg","width":1220,"height":664},{"@type":"BreadcrumbList","@id":"https:\/\/reachextra.com\/es\/gibraltar-confinamiento-enero-pico\/#breadcrumb","itemListElement":[{"@type":"ListItem","position":1,"name":"Home","item":"https:\/\/reachextra.com\/es\/"},{"@type":"ListItem","position":2,"name":"Noticias","item":"https:\/\/reachextra.com\/es\/category\/noticias-es\/"},{"@type":"ListItem","position":3,"name":"Gibraltar permanecer\u00e1 estado de confinamiento mientras sufre \u00abuno de los picos m\u00e1s altos\u00bb de Europa"}]},{"@type":"WebSite","@id":"https:\/\/reachextra.com\/es\/#website","url":"https:\/\/reachextra.com\/es\/","name":"ReachExtra","description":" Reach-Alcance en Espa\u00f1ol | Gibraltar | Campo de Gibraltar","publisher":{"@id":"https:\/\/reachextra.com\/es\/#organization"},"potentialAction":[{"@type":"SearchAction","target":{"@type":"EntryPoint","urlTemplate":"https:\/\/reachextra.com\/es\/?s={search_term_string}"},"query-input":{"@type":"PropertyValueSpecification","valueRequired":true,"valueName":"search_term_string"}}],"inLanguage":"es"},{"@type":"Organization","@id":"https:\/\/reachextra.com\/es\/#organization","name":"Reach-Alcance","url":"https:\/\/reachextra.com\/es\/","logo":{"@type":"ImageObject","inLanguage":"es","@id":"https:\/\/reachextra.com\/es\/#\/schema\/logo\/image\/","url":"https:\/\/www.reachextra.com\/wp-content\/uploads\/2018\/12\/Reach-Alcance-LOGO-HDPI.jpg","contentUrl":"https:\/\/www.reachextra.com\/wp-content\/uploads\/2018\/12\/Reach-Alcance-LOGO-HDPI.jpg","width":750,"height":474,"caption":"Reach-Alcance"},"image":{"@id":"https:\/\/reachextra.com\/es\/#\/schema\/logo\/image\/"},"sameAs":["http:\/\/www.facebook.com\/reachextra","https:\/\/x.com\/reachextra","http:\/\/reach.extra","https:\/\/www.linkedin.com\/company\/reach-alcance\/"]},{"@type":"Person","@id":"https:\/\/reachextra.com\/es\/#\/schema\/person\/5bf8196030cf130091162668b52085df","name":"ReachExtra","image":{"@type":"ImageObject","inLanguage":"es","@id":"https:\/\/reachextra.com\/es\/#\/schema\/person\/image\/","url":"https:\/\/secure.gravatar.com\/avatar\/11e9f37f3773887633d17fdf580220857b1599038456e2f031ce0efd2f41a394?s=96&d=mm&r=g","contentUrl":"https:\/\/secure.gravatar.com\/avatar\/11e9f37f3773887633d17fdf580220857b1599038456e2f031ce0efd2f41a394?s=96&d=mm&r=g","caption":"ReachExtra"},"sameAs":["http:\/\/www.reachextra.com"]}]}},"jetpack_featured_media_url":"https:\/\/reachextra.com\/wp-content\/uploads\/2021\/01\/lockdown-gibraltar-covid-january-reachextra-1.jpg","wps_subtitle":"Chris Gomez ","jetpack_sharing_enabled":true,"_links":{"self":[{"href":"https:\/\/reachextra.com\/es\/wp-json\/wp\/v2\/posts\/17533","targetHints":{"allow":["GET"]}}],"collection":[{"href":"https:\/\/reachextra.com\/es\/wp-json\/wp\/v2\/posts"}],"about":[{"href":"https:\/\/reachextra.com\/es\/wp-json\/wp\/v2\/types\/post"}],"author":[{"embeddable":true,"href":"https:\/\/reachextra.com\/es\/wp-json\/wp\/v2\/users\/1"}],"replies":[{"embeddable":true,"href":"https:\/\/reachextra.com\/es\/wp-json\/wp\/v2\/comments?post=17533"}],"version-history":[{"count":3,"href":"https:\/\/reachextra.com\/es\/wp-json\/wp\/v2\/posts\/17533\/revisions"}],"predecessor-version":[{"id":17537,"href":"https:\/\/reachextra.com\/es\/wp-json\/wp\/v2\/posts\/17533\/revisions\/17537"}],"wp:featuredmedia":[{"embeddable":true,"href":"https:\/\/reachextra.com\/es\/wp-json\/wp\/v2\/media\/17522"}],"wp:attachment":[{"href":"https:\/\/reachextra.com\/es\/wp-json\/wp\/v2\/media?parent=17533"}],"wp:term":[{"taxonomy":"category","embeddable":true,"href":"https:\/\/reachextra.com\/es\/wp-json\/wp\/v2\/categories?post=17533"},{"taxonomy":"post_tag","embeddable":true,"href":"https:\/\/reachextra.com\/es\/wp-json\/wp\/v2\/tags?post=17533"},{"taxonomy":"adace-sponsor","embeddable":true,"href":"https:\/\/reachextra.com\/es\/wp-json\/wp\/v2\/adace-sponsor?post=17533"}],"curies":[{"name":"wp","href":"https:\/\/api.w.org\/{rel}","templated":true}]}}