{"id":16061,"date":"2020-10-02T10:51:28","date_gmt":"2020-10-02T08:51:28","guid":{"rendered":"https:\/\/www.reachextra.com\/pinar-del-rey-bosque-hadas\/"},"modified":"2020-10-02T11:00:18","modified_gmt":"2020-10-02T09:00:18","slug":"pinar-del-rey-bosque-hadas","status":"publish","type":"post","link":"https:\/\/reachextra.com\/es\/pinar-del-rey-bosque-hadas\/","title":{"rendered":"El Pinar del Rey se transforma en el bosque de las hadas"},"content":{"rendered":"\n<p><strong>La iniciativa de una sanroque\u00f1a de construir casitas de hadas en \u00e1rboles del Pinar del Rey para que los ni\u00f1os las busquen ha tenido tal \u00e9xito que ya proliferan por todo el recinto. Se trata de una magn\u00edfica opci\u00f3n para pasar un divertido d\u00eda con los peque\u00f1os durante este oto\u00f1o al aire libre.<\/strong><\/p>\n\n\n\n<figure class=\"wp-block-image size-large\"><img loading=\"lazy\" decoding=\"async\" width=\"700\" height=\"467\" src=\"https:\/\/www.reachextra.com\/wp-content\/uploads\/2020\/10\/pinar-del-rey-hadas-covid-reachextra-3.jpg\" alt=\"Pinar del Rey Fairy Forest Elisabet Dom\u00ednguez San Roque\" class=\"wp-image-16048\" srcset=\"https:\/\/reachextra.com\/wp-content\/uploads\/2020\/10\/pinar-del-rey-hadas-covid-reachextra-3.jpg 700w, https:\/\/reachextra.com\/wp-content\/uploads\/2020\/10\/pinar-del-rey-hadas-covid-reachextra-3-300x200.jpg 300w, https:\/\/reachextra.com\/wp-content\/uploads\/2020\/10\/pinar-del-rey-hadas-covid-reachextra-3-180x120.jpg 180w, https:\/\/reachextra.com\/wp-content\/uploads\/2020\/10\/pinar-del-rey-hadas-covid-reachextra-3-561x374.jpg 561w, https:\/\/reachextra.com\/wp-content\/uploads\/2020\/10\/pinar-del-rey-hadas-covid-reachextra-3-364x243.jpg 364w, https:\/\/reachextra.com\/wp-content\/uploads\/2020\/10\/pinar-del-rey-hadas-covid-reachextra-3-608x406.jpg 608w, https:\/\/reachextra.com\/wp-content\/uploads\/2020\/10\/pinar-del-rey-hadas-covid-reachextra-3-72x48.jpg 72w, https:\/\/reachextra.com\/wp-content\/uploads\/2020\/10\/pinar-del-rey-hadas-covid-reachextra-3-144x96.jpg 144w, https:\/\/reachextra.com\/wp-content\/uploads\/2020\/10\/pinar-del-rey-hadas-covid-reachextra-3-313x209.jpg 313w\" sizes=\"auto, (max-width: 700px) 100vw, 700px\" \/><\/figure>\n\n\n\n<p>El bosque de las hadas. En eso se est\u00e1 convirtiendo el Pinar del Rey en San Roque gracias a la iniciativa de Elisabet Dom\u00ednguez, una vecina de Puente Mayorga que, animada por sus hijos, decidi\u00f3 colocar casitas de hadas en algunos \u00e1rboles para que los ni\u00f1os las encontraran. Comenzaron con cuatro y hoy son ya decenas. Y es que a la iniciativa de esta sanroque\u00f1a se han sumado muchas m\u00e1s personas, lo que est\u00e1 haciendo las delicias de los m\u00e1s peque\u00f1os de la casa.<\/p>\n\n\n\n<figure class=\"wp-block-image size-large\"><img loading=\"lazy\" decoding=\"async\" width=\"700\" height=\"467\" src=\"https:\/\/www.reachextra.com\/wp-content\/uploads\/2020\/10\/pinar-del-rey-hadas-covid-reachextra-6.jpg\" alt=\"Pinar del Rey Fairy Forest Elisabet Dom\u00ednguez San Roque\" class=\"wp-image-16052\" srcset=\"https:\/\/reachextra.com\/wp-content\/uploads\/2020\/10\/pinar-del-rey-hadas-covid-reachextra-6.jpg 700w, https:\/\/reachextra.com\/wp-content\/uploads\/2020\/10\/pinar-del-rey-hadas-covid-reachextra-6-300x200.jpg 300w, https:\/\/reachextra.com\/wp-content\/uploads\/2020\/10\/pinar-del-rey-hadas-covid-reachextra-6-180x120.jpg 180w, https:\/\/reachextra.com\/wp-content\/uploads\/2020\/10\/pinar-del-rey-hadas-covid-reachextra-6-561x374.jpg 561w, https:\/\/reachextra.com\/wp-content\/uploads\/2020\/10\/pinar-del-rey-hadas-covid-reachextra-6-364x243.jpg 364w, https:\/\/reachextra.com\/wp-content\/uploads\/2020\/10\/pinar-del-rey-hadas-covid-reachextra-6-608x406.jpg 608w, https:\/\/reachextra.com\/wp-content\/uploads\/2020\/10\/pinar-del-rey-hadas-covid-reachextra-6-72x48.jpg 72w, https:\/\/reachextra.com\/wp-content\/uploads\/2020\/10\/pinar-del-rey-hadas-covid-reachextra-6-144x96.jpg 144w, https:\/\/reachextra.com\/wp-content\/uploads\/2020\/10\/pinar-del-rey-hadas-covid-reachextra-6-313x209.jpg 313w\" sizes=\"auto, (max-width: 700px) 100vw, 700px\" \/><\/figure>\n\n\n\n<p>El confinamiento al que nos hemos visto obligados debido a la pandemia del Covid-19 ha agudizado el ingenio de la mayor\u00eda. Hemos aprendido a disfrutar m\u00e1s de nuestros hogares y de la familia, pero tambi\u00e9n nos ha servido para valorar la importancia que tienen las actividades al aire libre. Y qu\u00e9 mejor manera, ahora que estamos en oto\u00f1o, que irnos al Pinar del Rey con los peque\u00f1os para que disfruten de un d\u00eda diferente, rodeados de naturaleza y con una actividad totalmente nueva.<\/p>\n\n\n\n<p>\u201cNo es una idea original m\u00eda. Durante el confinamiento, la mam\u00e1 de un compa\u00f1ero de uno de mis hijos comparti\u00f3 en Facebook un post con esta iniciativa. La hac\u00edan en un pinar de Puerto Real. A mi ni\u00f1o y a m\u00ed nos pareci\u00f3 muy interesante, pero durante el confinamiento lo dejamos pasar. Hace unas semanas, durante una tarde en la que no se pod\u00eda ir a la playa porque hac\u00eda mucho viento, ni estar en la calle porque hac\u00eda mucho calor, fui al campo con mis hijos y comenzaron a recoger palos. En casa nos juntamos con un mont\u00f3n y nos preguntamos qu\u00e9 pod\u00edamos hacer. Mi hijo se acord\u00f3 de las casitas y nos pusimos manos a la obra para colocarlas en algunos \u00e1rboles durante el fin de semana. Ellos decidieron d\u00f3nde y c\u00f3mo\u201d, cuenta a ReachExtra.<\/p>\n\n\n\n<figure class=\"wp-block-image size-large\"><img loading=\"lazy\" decoding=\"async\" width=\"700\" height=\"467\" src=\"https:\/\/www.reachextra.com\/wp-content\/uploads\/2020\/10\/pinar-del-rey-hadas-covid-reachextra-9.jpg\" alt=\"Pinar del Rey Fairy Forest Elisabet Dom\u00ednguez San Roque\" class=\"wp-image-16056\" srcset=\"https:\/\/reachextra.com\/wp-content\/uploads\/2020\/10\/pinar-del-rey-hadas-covid-reachextra-9.jpg 700w, https:\/\/reachextra.com\/wp-content\/uploads\/2020\/10\/pinar-del-rey-hadas-covid-reachextra-9-300x200.jpg 300w, https:\/\/reachextra.com\/wp-content\/uploads\/2020\/10\/pinar-del-rey-hadas-covid-reachextra-9-180x120.jpg 180w, https:\/\/reachextra.com\/wp-content\/uploads\/2020\/10\/pinar-del-rey-hadas-covid-reachextra-9-561x374.jpg 561w, https:\/\/reachextra.com\/wp-content\/uploads\/2020\/10\/pinar-del-rey-hadas-covid-reachextra-9-364x243.jpg 364w, https:\/\/reachextra.com\/wp-content\/uploads\/2020\/10\/pinar-del-rey-hadas-covid-reachextra-9-608x406.jpg 608w, https:\/\/reachextra.com\/wp-content\/uploads\/2020\/10\/pinar-del-rey-hadas-covid-reachextra-9-72x48.jpg 72w, https:\/\/reachextra.com\/wp-content\/uploads\/2020\/10\/pinar-del-rey-hadas-covid-reachextra-9-144x96.jpg 144w, https:\/\/reachextra.com\/wp-content\/uploads\/2020\/10\/pinar-del-rey-hadas-covid-reachextra-9-313x209.jpg 313w\" sizes=\"auto, (max-width: 700px) 100vw, 700px\" \/><\/figure>\n\n\n\n<p>Los peque\u00f1os dudaron si dejarlas all\u00ed o no. Tem\u00edan que alg\u00fan desaprensivo las rompiera o se las llevara. \u201cLes dije que si eso ocurr\u00eda pondr\u00edamos m\u00e1s. En principio  colocaron cuatro y luego pusimos cinco m\u00e1s. Al ver el boom que esto tuvo tras difundirlo en Facebook como una an\u00e9cdota, nos sorprendimos. Nos encontr\u00e1bamos a mucha gente buscando las casitas. Es m\u00e1s, muchas personas se han sumado y est\u00e1n instalando m\u00e1s. Incluso he visto a muchos fabric\u00e1ndolas all\u00ed mismo para dejarlas\u201d, a\u00f1ade Elisabet. <\/p>\n\n\n\n<figure class=\"wp-block-image size-large\"><img loading=\"lazy\" decoding=\"async\" width=\"700\" height=\"467\" src=\"https:\/\/www.reachextra.com\/wp-content\/uploads\/2020\/10\/pinar-del-rey-hadas-covid-reachextra-2.jpg\" alt=\"Pinar del Rey Fairy Forest Elisabet Dom\u00ednguez San Roque\" class=\"wp-image-16046\" srcset=\"https:\/\/reachextra.com\/wp-content\/uploads\/2020\/10\/pinar-del-rey-hadas-covid-reachextra-2.jpg 700w, https:\/\/reachextra.com\/wp-content\/uploads\/2020\/10\/pinar-del-rey-hadas-covid-reachextra-2-300x200.jpg 300w, https:\/\/reachextra.com\/wp-content\/uploads\/2020\/10\/pinar-del-rey-hadas-covid-reachextra-2-180x120.jpg 180w, https:\/\/reachextra.com\/wp-content\/uploads\/2020\/10\/pinar-del-rey-hadas-covid-reachextra-2-561x374.jpg 561w, https:\/\/reachextra.com\/wp-content\/uploads\/2020\/10\/pinar-del-rey-hadas-covid-reachextra-2-364x243.jpg 364w, https:\/\/reachextra.com\/wp-content\/uploads\/2020\/10\/pinar-del-rey-hadas-covid-reachextra-2-608x406.jpg 608w, https:\/\/reachextra.com\/wp-content\/uploads\/2020\/10\/pinar-del-rey-hadas-covid-reachextra-2-72x48.jpg 72w, https:\/\/reachextra.com\/wp-content\/uploads\/2020\/10\/pinar-del-rey-hadas-covid-reachextra-2-144x96.jpg 144w, https:\/\/reachextra.com\/wp-content\/uploads\/2020\/10\/pinar-del-rey-hadas-covid-reachextra-2-313x209.jpg 313w\" sizes=\"auto, (max-width: 700px) 100vw, 700px\" \/><\/figure>\n\n\n\n<p>Es tal el inter\u00e9s que ha despertado esta peculiar ruta que Elisabet recibe continuas solicitudes de amistad y peticiones por parte de padres y madres que preguntan d\u00f3nde est\u00e1n situadas las casitas para llevar a sus hijos. \u201cEn mi vida me habr\u00eda imaginado que esto tendr\u00eda tanto \u00e9xito\u201d, sentencia.<\/p>\n\n\n\n<p>Otro dato importante a tener en cuenta es que todas est\u00e1n hechas con materiales biodegradables: palos del campo y acuarela, que cuando llueve se diluye sin m\u00e1s.<\/p>\n\n\n\n<figure class=\"wp-block-image size-large\"><img loading=\"lazy\" decoding=\"async\" width=\"700\" height=\"467\" src=\"https:\/\/www.reachextra.com\/wp-content\/uploads\/2020\/10\/pinar-del-rey-hadas-covid-reachextra-7.jpg\" alt=\"Pinar del Rey Fairy Forest Elisabet Dom\u00ednguez San Roque\" class=\"wp-image-16054\" srcset=\"https:\/\/reachextra.com\/wp-content\/uploads\/2020\/10\/pinar-del-rey-hadas-covid-reachextra-7.jpg 700w, https:\/\/reachextra.com\/wp-content\/uploads\/2020\/10\/pinar-del-rey-hadas-covid-reachextra-7-300x200.jpg 300w, https:\/\/reachextra.com\/wp-content\/uploads\/2020\/10\/pinar-del-rey-hadas-covid-reachextra-7-180x120.jpg 180w, https:\/\/reachextra.com\/wp-content\/uploads\/2020\/10\/pinar-del-rey-hadas-covid-reachextra-7-561x374.jpg 561w, https:\/\/reachextra.com\/wp-content\/uploads\/2020\/10\/pinar-del-rey-hadas-covid-reachextra-7-364x243.jpg 364w, https:\/\/reachextra.com\/wp-content\/uploads\/2020\/10\/pinar-del-rey-hadas-covid-reachextra-7-608x406.jpg 608w, https:\/\/reachextra.com\/wp-content\/uploads\/2020\/10\/pinar-del-rey-hadas-covid-reachextra-7-72x48.jpg 72w, https:\/\/reachextra.com\/wp-content\/uploads\/2020\/10\/pinar-del-rey-hadas-covid-reachextra-7-144x96.jpg 144w, https:\/\/reachextra.com\/wp-content\/uploads\/2020\/10\/pinar-del-rey-hadas-covid-reachextra-7-313x209.jpg 313w\" sizes=\"auto, (max-width: 700px) 100vw, 700px\" \/><\/figure>\n\n\n\n<p>Este nuevo juego estimula los sentidos de los peque\u00f1os, fomenta su creatividad, el trabajo en equipo y los acerca a la naturaleza para dejar aparcados por unas horas las pantallas de m\u00f3viles, tablets y ordenadores. \u201cLa experiencia es muy satisfactoria. Mis ni\u00f1os ahora van al Pinar con la ilusi\u00f3n de buscar m\u00e1s casas, ya que ellos saben d\u00f3nde est\u00e1n las nuestras. Adem\u00e1s, es una manera de acercar a los ni\u00f1os a la naturaleza\u201d, a\u00f1ade.<\/p>\n\n\n\n<p>Pues ya saben, es momento de disfrutar de un d\u00eda diferente con los peque\u00f1os de la casa. ReachExtra les ofrece un itinerario con la ubicaci\u00f3n de las casitas instaladas por Elisabet y sus hijos.<\/p>\n\n\n\n<h2 class=\"wp-block-heading\" id=\"h-gu-a-para-principiantes\">GU\u00cdA PARA PRINCIPIANTES: <\/h2>\n\n\n\n<figure class=\"wp-block-image size-large\"><img loading=\"lazy\" decoding=\"async\" width=\"700\" height=\"467\" src=\"https:\/\/www.reachextra.com\/wp-content\/uploads\/2020\/10\/pinar-del-rey-hadas-covid-reachextra-4.jpg\" alt=\"Pinar del Rey Fairy Forest Elisabet Dom\u00ednguez San Roque\" class=\"wp-image-16050\" srcset=\"https:\/\/reachextra.com\/wp-content\/uploads\/2020\/10\/pinar-del-rey-hadas-covid-reachextra-4.jpg 700w, https:\/\/reachextra.com\/wp-content\/uploads\/2020\/10\/pinar-del-rey-hadas-covid-reachextra-4-300x200.jpg 300w, https:\/\/reachextra.com\/wp-content\/uploads\/2020\/10\/pinar-del-rey-hadas-covid-reachextra-4-180x120.jpg 180w, https:\/\/reachextra.com\/wp-content\/uploads\/2020\/10\/pinar-del-rey-hadas-covid-reachextra-4-561x374.jpg 561w, https:\/\/reachextra.com\/wp-content\/uploads\/2020\/10\/pinar-del-rey-hadas-covid-reachextra-4-364x243.jpg 364w, https:\/\/reachextra.com\/wp-content\/uploads\/2020\/10\/pinar-del-rey-hadas-covid-reachextra-4-608x406.jpg 608w, https:\/\/reachextra.com\/wp-content\/uploads\/2020\/10\/pinar-del-rey-hadas-covid-reachextra-4-72x48.jpg 72w, https:\/\/reachextra.com\/wp-content\/uploads\/2020\/10\/pinar-del-rey-hadas-covid-reachextra-4-144x96.jpg 144w, https:\/\/reachextra.com\/wp-content\/uploads\/2020\/10\/pinar-del-rey-hadas-covid-reachextra-4-313x209.jpg 313w\" sizes=\"auto, (max-width: 700px) 100vw, 700px\" \/><\/figure>\n\n\n\n<ol class=\"wp-block-list\"><li>&#8211; En la cascada del r\u00edo, en un \u00e1rbol lleno de hierba.<\/li><li>&#8211; Hay otra en el camino del r\u00edo hacia la primera zona recreativa, antes de subir la cuesta de arena.<\/li><li>&#8211; La tercera est\u00e1 en la primera zona recreativa, en la segunda entrada al pinar dejando los bombos de basura atr\u00e1s y a mano izquierda. <\/li><li>&#8211; Otra se encuentra yendo a la zona recreativa grande, por el camino de adoquines,  a media altura y a mano derecha, dentro del acordonado de madera. <\/li><li>&#8211; La quinta la podemos encontrar en la primera zona recreativa pasando el camino de arena. All\u00ed hay un \u00e1rbol con un lazo de cuerda. <\/li><li>&#8211; En la zona recreativa de arriba, junto al cartel y al final del todo podemos encontrar otra.<\/li><li>&#8211; En la misma \u00e1rea, pasando la tirolina,  a lado de la mesa que tiene el suelo de madera se encuentra una m\u00e1s.<\/li><li>&#8211; La octava est\u00e1 la bajada de la zona recreativa hacia el campo del f\u00fatbol, por la parte de atr\u00e1s, en un \u00e1rbol detr\u00e1s de la barandilla. <\/li><li>&#8211; La \u00faltima colocada por Elisabet y sus hijos est\u00e1 en el campo de enfrente de la salida de la zona recreativa, en un \u00e1rbol junto a una puerta peque\u00f1a.<\/li><\/ol>\n\n\n\n<p>Pero hay muchas m\u00e1s, s\u00f3lo es cuesti\u00f3n de armarnos de paciencia y emprender una aventura que los ni\u00f1os no olvidar\u00e1n. \u00bfA qu\u00e9 est\u00e1n esperando?.<\/p>\n","protected":false},"excerpt":{"rendered":"<p>El bosque de las hadas. En eso se est\u00e1 convirtiendo el Pinar del Rey en San Roque gracias a la iniciativa de Elisabet Dom\u00ednguez&#8230; <a class=\"g1-link g1-link-more\" href=\"https:\/\/reachextra.com\/es\/pinar-del-rey-bosque-hadas\/\">More<\/a><\/p>\n","protected":false},"author":1,"featured_media":16044,"comment_status":"closed","ping_status":"closed","sticky":false,"template":"","format":"standard","meta":{"_jetpack_memberships_contains_paid_content":false,"footnotes":""},"categories":[244,225],"tags":[2636,11131,14440,1081,14441,14439,402,535],"adace-sponsor":[],"class_list":{"0":"post-16061","1":"post","2":"type-post","3":"status-publish","4":"format-standard","5":"has-post-thumbnail","7":"category-explorar-es","8":"category-tendencias","9":"tag-actividades-para-ninos","10":"tag-covid19-es","11":"tag-elisabet-dominguez-es","12":"tag-naturaleza","13":"tag-otono","14":"tag-pinar-del-rey-es","15":"tag-san-roque-es","16":"tag-viaje"},"yoast_head":"<!-- This site is optimized with the Yoast SEO Premium plugin v19.5 (Yoast SEO v26.7) - https:\/\/yoast.com\/wordpress\/plugins\/seo\/ -->\n<title>El Pinar del Rey se transforma en el bosque de las hadas<\/title>\n<meta name=\"description\" content=\"El bosque de las hadas. En eso se est\u00e1 convirtiendo el Pinar del Rey en San Roque gracias a la iniciativa de Elisabet Dom\u00ednguez...\" \/>\n<meta name=\"robots\" content=\"index, follow, max-snippet:-1, max-image-preview:large, max-video-preview:-1\" \/>\n<link rel=\"canonical\" href=\"https:\/\/reachextra.com\/es\/pinar-del-rey-bosque-hadas\/\" \/>\n<meta property=\"og:locale\" content=\"es_ES\" \/>\n<meta property=\"og:type\" content=\"article\" \/>\n<meta property=\"og:title\" content=\"El Pinar del Rey se transforma en el bosque de las hadas\" \/>\n<meta property=\"og:description\" content=\"El bosque de las hadas. En eso se est\u00e1 convirtiendo el Pinar del Rey en San Roque gracias a la iniciativa de Elisabet Dom\u00ednguez...\" \/>\n<meta property=\"og:url\" content=\"https:\/\/reachextra.com\/es\/pinar-del-rey-bosque-hadas\/\" \/>\n<meta property=\"og:site_name\" content=\"ReachExtra\" \/>\n<meta property=\"article:publisher\" content=\"http:\/\/www.facebook.com\/reachextra\" \/>\n<meta property=\"article:published_time\" content=\"2020-10-02T08:51:28+00:00\" \/>\n<meta property=\"article:modified_time\" content=\"2020-10-02T09:00:18+00:00\" \/>\n<meta property=\"og:image\" content=\"https:\/\/reachextra.com\/wp-content\/uploads\/2020\/10\/pinar-del-rey-hadas-covid-reachextra.jpg\" \/>\n\t<meta property=\"og:image:width\" content=\"1220\" \/>\n\t<meta property=\"og:image:height\" content=\"664\" \/>\n\t<meta property=\"og:image:type\" content=\"image\/jpeg\" \/>\n<meta name=\"author\" content=\"ReachExtra\" \/>\n<meta name=\"twitter:card\" content=\"summary_large_image\" \/>\n<meta name=\"twitter:title\" content=\"El Pinar del Rey: Bosque de las hadas\" \/>\n<meta name=\"twitter:creator\" content=\"@reachextra\" \/>\n<meta name=\"twitter:site\" content=\"@reachextra\" \/>\n<meta name=\"twitter:label1\" content=\"Escrito por\" \/>\n\t<meta name=\"twitter:data1\" content=\"ReachExtra\" \/>\n\t<meta name=\"twitter:label2\" content=\"Tiempo de lectura\" \/>\n\t<meta name=\"twitter:data2\" content=\"5 minutos\" \/>\n<script type=\"application\/ld+json\" class=\"yoast-schema-graph\">{\"@context\":\"https:\/\/schema.org\",\"@graph\":[{\"@type\":\"Article\",\"@id\":\"https:\/\/reachextra.com\/es\/pinar-del-rey-bosque-hadas\/#article\",\"isPartOf\":{\"@id\":\"https:\/\/reachextra.com\/es\/pinar-del-rey-bosque-hadas\/\"},\"author\":{\"name\":\"ReachExtra\",\"@id\":\"https:\/\/reachextra.com\/es\/#\/schema\/person\/5bf8196030cf130091162668b52085df\"},\"headline\":\"El Pinar del Rey se transforma en el bosque de las hadas\",\"datePublished\":\"2020-10-02T08:51:28+00:00\",\"dateModified\":\"2020-10-02T09:00:18+00:00\",\"mainEntityOfPage\":{\"@id\":\"https:\/\/reachextra.com\/es\/pinar-del-rey-bosque-hadas\/\"},\"wordCount\":948,\"publisher\":{\"@id\":\"https:\/\/reachextra.com\/es\/#organization\"},\"image\":{\"@id\":\"https:\/\/reachextra.com\/es\/pinar-del-rey-bosque-hadas\/#primaryimage\"},\"thumbnailUrl\":\"https:\/\/reachextra.com\/wp-content\/uploads\/2020\/10\/pinar-del-rey-hadas-covid-reachextra.jpg\",\"keywords\":[\"actividades para ni\u00f1os\",\"covid19\",\"Elisabet Dominguez\",\"naturaleza\",\"oto\u00f1o\",\"Pinar del Rey\",\"San Roque\",\"Viaje\"],\"articleSection\":[\"Explorar\",\"Tendencias\"],\"inLanguage\":\"es\"},{\"@type\":\"WebPage\",\"@id\":\"https:\/\/reachextra.com\/es\/pinar-del-rey-bosque-hadas\/\",\"url\":\"https:\/\/reachextra.com\/es\/pinar-del-rey-bosque-hadas\/\",\"name\":\"El Pinar del Rey se transforma en el bosque de las hadas\",\"isPartOf\":{\"@id\":\"https:\/\/reachextra.com\/es\/#website\"},\"primaryImageOfPage\":{\"@id\":\"https:\/\/reachextra.com\/es\/pinar-del-rey-bosque-hadas\/#primaryimage\"},\"image\":{\"@id\":\"https:\/\/reachextra.com\/es\/pinar-del-rey-bosque-hadas\/#primaryimage\"},\"thumbnailUrl\":\"https:\/\/reachextra.com\/wp-content\/uploads\/2020\/10\/pinar-del-rey-hadas-covid-reachextra.jpg\",\"datePublished\":\"2020-10-02T08:51:28+00:00\",\"dateModified\":\"2020-10-02T09:00:18+00:00\",\"description\":\"El bosque de las hadas. En eso se est\u00e1 convirtiendo el Pinar del Rey en San Roque gracias a la iniciativa de Elisabet Dom\u00ednguez...\",\"breadcrumb\":{\"@id\":\"https:\/\/reachextra.com\/es\/pinar-del-rey-bosque-hadas\/#breadcrumb\"},\"inLanguage\":\"es\",\"potentialAction\":[{\"@type\":\"ReadAction\",\"target\":[\"https:\/\/reachextra.com\/es\/pinar-del-rey-bosque-hadas\/\"]}]},{\"@type\":\"ImageObject\",\"inLanguage\":\"es\",\"@id\":\"https:\/\/reachextra.com\/es\/pinar-del-rey-bosque-hadas\/#primaryimage\",\"url\":\"https:\/\/reachextra.com\/wp-content\/uploads\/2020\/10\/pinar-del-rey-hadas-covid-reachextra.jpg\",\"contentUrl\":\"https:\/\/reachextra.com\/wp-content\/uploads\/2020\/10\/pinar-del-rey-hadas-covid-reachextra.jpg\",\"width\":1220,\"height\":664,\"caption\":\"Pinar del Rey bosque casas de hadas Elisabet Dom\u00ednguez San Roque\"},{\"@type\":\"BreadcrumbList\",\"@id\":\"https:\/\/reachextra.com\/es\/pinar-del-rey-bosque-hadas\/#breadcrumb\",\"itemListElement\":[{\"@type\":\"ListItem\",\"position\":1,\"name\":\"Home\",\"item\":\"https:\/\/reachextra.com\/es\/\"},{\"@type\":\"ListItem\",\"position\":2,\"name\":\"Explorar\",\"item\":\"https:\/\/reachextra.com\/es\/category\/explorar-es\/\"},{\"@type\":\"ListItem\",\"position\":3,\"name\":\"El Pinar del Rey se transforma en el bosque de las hadas\"}]},{\"@type\":\"WebSite\",\"@id\":\"https:\/\/reachextra.com\/es\/#website\",\"url\":\"https:\/\/reachextra.com\/es\/\",\"name\":\"ReachExtra\",\"description\":\" Reach-Alcance en Espa\u00f1ol | Gibraltar | Campo de Gibraltar\",\"publisher\":{\"@id\":\"https:\/\/reachextra.com\/es\/#organization\"},\"potentialAction\":[{\"@type\":\"SearchAction\",\"target\":{\"@type\":\"EntryPoint\",\"urlTemplate\":\"https:\/\/reachextra.com\/es\/?s={search_term_string}\"},\"query-input\":{\"@type\":\"PropertyValueSpecification\",\"valueRequired\":true,\"valueName\":\"search_term_string\"}}],\"inLanguage\":\"es\"},{\"@type\":\"Organization\",\"@id\":\"https:\/\/reachextra.com\/es\/#organization\",\"name\":\"Reach-Alcance\",\"url\":\"https:\/\/reachextra.com\/es\/\",\"logo\":{\"@type\":\"ImageObject\",\"inLanguage\":\"es\",\"@id\":\"https:\/\/reachextra.com\/es\/#\/schema\/logo\/image\/\",\"url\":\"https:\/\/www.reachextra.com\/wp-content\/uploads\/2018\/12\/Reach-Alcance-LOGO-HDPI.jpg\",\"contentUrl\":\"https:\/\/www.reachextra.com\/wp-content\/uploads\/2018\/12\/Reach-Alcance-LOGO-HDPI.jpg\",\"width\":750,\"height\":474,\"caption\":\"Reach-Alcance\"},\"image\":{\"@id\":\"https:\/\/reachextra.com\/es\/#\/schema\/logo\/image\/\"},\"sameAs\":[\"http:\/\/www.facebook.com\/reachextra\",\"https:\/\/x.com\/reachextra\",\"http:\/\/reach.extra\",\"https:\/\/www.linkedin.com\/company\/reach-alcance\/\"]},{\"@type\":\"Person\",\"@id\":\"https:\/\/reachextra.com\/es\/#\/schema\/person\/5bf8196030cf130091162668b52085df\",\"name\":\"ReachExtra\",\"image\":{\"@type\":\"ImageObject\",\"inLanguage\":\"es\",\"@id\":\"https:\/\/reachextra.com\/es\/#\/schema\/person\/image\/\",\"url\":\"https:\/\/secure.gravatar.com\/avatar\/11e9f37f3773887633d17fdf580220857b1599038456e2f031ce0efd2f41a394?s=96&d=mm&r=g\",\"contentUrl\":\"https:\/\/secure.gravatar.com\/avatar\/11e9f37f3773887633d17fdf580220857b1599038456e2f031ce0efd2f41a394?s=96&d=mm&r=g\",\"caption\":\"ReachExtra\"},\"sameAs\":[\"http:\/\/www.reachextra.com\"]}]}<\/script>\n<!-- \/ Yoast SEO Premium plugin. -->","yoast_head_json":{"title":"El Pinar del Rey se transforma en el bosque de las hadas","description":"El bosque de las hadas. En eso se est\u00e1 convirtiendo el Pinar del Rey en San Roque gracias a la iniciativa de Elisabet Dom\u00ednguez...","robots":{"index":"index","follow":"follow","max-snippet":"max-snippet:-1","max-image-preview":"max-image-preview:large","max-video-preview":"max-video-preview:-1"},"canonical":"https:\/\/reachextra.com\/es\/pinar-del-rey-bosque-hadas\/","og_locale":"es_ES","og_type":"article","og_title":"El Pinar del Rey se transforma en el bosque de las hadas","og_description":"El bosque de las hadas. En eso se est\u00e1 convirtiendo el Pinar del Rey en San Roque gracias a la iniciativa de Elisabet Dom\u00ednguez...","og_url":"https:\/\/reachextra.com\/es\/pinar-del-rey-bosque-hadas\/","og_site_name":"ReachExtra","article_publisher":"http:\/\/www.facebook.com\/reachextra","article_published_time":"2020-10-02T08:51:28+00:00","article_modified_time":"2020-10-02T09:00:18+00:00","og_image":[{"width":1220,"height":664,"url":"https:\/\/reachextra.com\/wp-content\/uploads\/2020\/10\/pinar-del-rey-hadas-covid-reachextra.jpg","type":"image\/jpeg"}],"author":"ReachExtra","twitter_card":"summary_large_image","twitter_title":"El Pinar del Rey: Bosque de las hadas","twitter_creator":"@reachextra","twitter_site":"@reachextra","twitter_misc":{"Escrito por":"ReachExtra","Tiempo de lectura":"5 minutos"},"schema":{"@context":"https:\/\/schema.org","@graph":[{"@type":"Article","@id":"https:\/\/reachextra.com\/es\/pinar-del-rey-bosque-hadas\/#article","isPartOf":{"@id":"https:\/\/reachextra.com\/es\/pinar-del-rey-bosque-hadas\/"},"author":{"name":"ReachExtra","@id":"https:\/\/reachextra.com\/es\/#\/schema\/person\/5bf8196030cf130091162668b52085df"},"headline":"El Pinar del Rey se transforma en el bosque de las hadas","datePublished":"2020-10-02T08:51:28+00:00","dateModified":"2020-10-02T09:00:18+00:00","mainEntityOfPage":{"@id":"https:\/\/reachextra.com\/es\/pinar-del-rey-bosque-hadas\/"},"wordCount":948,"publisher":{"@id":"https:\/\/reachextra.com\/es\/#organization"},"image":{"@id":"https:\/\/reachextra.com\/es\/pinar-del-rey-bosque-hadas\/#primaryimage"},"thumbnailUrl":"https:\/\/reachextra.com\/wp-content\/uploads\/2020\/10\/pinar-del-rey-hadas-covid-reachextra.jpg","keywords":["actividades para ni\u00f1os","covid19","Elisabet Dominguez","naturaleza","oto\u00f1o","Pinar del Rey","San Roque","Viaje"],"articleSection":["Explorar","Tendencias"],"inLanguage":"es"},{"@type":"WebPage","@id":"https:\/\/reachextra.com\/es\/pinar-del-rey-bosque-hadas\/","url":"https:\/\/reachextra.com\/es\/pinar-del-rey-bosque-hadas\/","name":"El Pinar del Rey se transforma en el bosque de las hadas","isPartOf":{"@id":"https:\/\/reachextra.com\/es\/#website"},"primaryImageOfPage":{"@id":"https:\/\/reachextra.com\/es\/pinar-del-rey-bosque-hadas\/#primaryimage"},"image":{"@id":"https:\/\/reachextra.com\/es\/pinar-del-rey-bosque-hadas\/#primaryimage"},"thumbnailUrl":"https:\/\/reachextra.com\/wp-content\/uploads\/2020\/10\/pinar-del-rey-hadas-covid-reachextra.jpg","datePublished":"2020-10-02T08:51:28+00:00","dateModified":"2020-10-02T09:00:18+00:00","description":"El bosque de las hadas. En eso se est\u00e1 convirtiendo el Pinar del Rey en San Roque gracias a la iniciativa de Elisabet Dom\u00ednguez...","breadcrumb":{"@id":"https:\/\/reachextra.com\/es\/pinar-del-rey-bosque-hadas\/#breadcrumb"},"inLanguage":"es","potentialAction":[{"@type":"ReadAction","target":["https:\/\/reachextra.com\/es\/pinar-del-rey-bosque-hadas\/"]}]},{"@type":"ImageObject","inLanguage":"es","@id":"https:\/\/reachextra.com\/es\/pinar-del-rey-bosque-hadas\/#primaryimage","url":"https:\/\/reachextra.com\/wp-content\/uploads\/2020\/10\/pinar-del-rey-hadas-covid-reachextra.jpg","contentUrl":"https:\/\/reachextra.com\/wp-content\/uploads\/2020\/10\/pinar-del-rey-hadas-covid-reachextra.jpg","width":1220,"height":664,"caption":"Pinar del Rey bosque casas de hadas Elisabet Dom\u00ednguez San Roque"},{"@type":"BreadcrumbList","@id":"https:\/\/reachextra.com\/es\/pinar-del-rey-bosque-hadas\/#breadcrumb","itemListElement":[{"@type":"ListItem","position":1,"name":"Home","item":"https:\/\/reachextra.com\/es\/"},{"@type":"ListItem","position":2,"name":"Explorar","item":"https:\/\/reachextra.com\/es\/category\/explorar-es\/"},{"@type":"ListItem","position":3,"name":"El Pinar del Rey se transforma en el bosque de las hadas"}]},{"@type":"WebSite","@id":"https:\/\/reachextra.com\/es\/#website","url":"https:\/\/reachextra.com\/es\/","name":"ReachExtra","description":" Reach-Alcance en Espa\u00f1ol | Gibraltar | Campo de Gibraltar","publisher":{"@id":"https:\/\/reachextra.com\/es\/#organization"},"potentialAction":[{"@type":"SearchAction","target":{"@type":"EntryPoint","urlTemplate":"https:\/\/reachextra.com\/es\/?s={search_term_string}"},"query-input":{"@type":"PropertyValueSpecification","valueRequired":true,"valueName":"search_term_string"}}],"inLanguage":"es"},{"@type":"Organization","@id":"https:\/\/reachextra.com\/es\/#organization","name":"Reach-Alcance","url":"https:\/\/reachextra.com\/es\/","logo":{"@type":"ImageObject","inLanguage":"es","@id":"https:\/\/reachextra.com\/es\/#\/schema\/logo\/image\/","url":"https:\/\/www.reachextra.com\/wp-content\/uploads\/2018\/12\/Reach-Alcance-LOGO-HDPI.jpg","contentUrl":"https:\/\/www.reachextra.com\/wp-content\/uploads\/2018\/12\/Reach-Alcance-LOGO-HDPI.jpg","width":750,"height":474,"caption":"Reach-Alcance"},"image":{"@id":"https:\/\/reachextra.com\/es\/#\/schema\/logo\/image\/"},"sameAs":["http:\/\/www.facebook.com\/reachextra","https:\/\/x.com\/reachextra","http:\/\/reach.extra","https:\/\/www.linkedin.com\/company\/reach-alcance\/"]},{"@type":"Person","@id":"https:\/\/reachextra.com\/es\/#\/schema\/person\/5bf8196030cf130091162668b52085df","name":"ReachExtra","image":{"@type":"ImageObject","inLanguage":"es","@id":"https:\/\/reachextra.com\/es\/#\/schema\/person\/image\/","url":"https:\/\/secure.gravatar.com\/avatar\/11e9f37f3773887633d17fdf580220857b1599038456e2f031ce0efd2f41a394?s=96&d=mm&r=g","contentUrl":"https:\/\/secure.gravatar.com\/avatar\/11e9f37f3773887633d17fdf580220857b1599038456e2f031ce0efd2f41a394?s=96&d=mm&r=g","caption":"ReachExtra"},"sameAs":["http:\/\/www.reachextra.com"]}]}},"jetpack_featured_media_url":"https:\/\/reachextra.com\/wp-content\/uploads\/2020\/10\/pinar-del-rey-hadas-covid-reachextra.jpg","wps_subtitle":"Soraya Fern\u00e1ndez | Fotos: \u00a9Fran Montes, ReachExtra","jetpack_sharing_enabled":true,"_links":{"self":[{"href":"https:\/\/reachextra.com\/es\/wp-json\/wp\/v2\/posts\/16061","targetHints":{"allow":["GET"]}}],"collection":[{"href":"https:\/\/reachextra.com\/es\/wp-json\/wp\/v2\/posts"}],"about":[{"href":"https:\/\/reachextra.com\/es\/wp-json\/wp\/v2\/types\/post"}],"author":[{"embeddable":true,"href":"https:\/\/reachextra.com\/es\/wp-json\/wp\/v2\/users\/1"}],"replies":[{"embeddable":true,"href":"https:\/\/reachextra.com\/es\/wp-json\/wp\/v2\/comments?post=16061"}],"version-history":[{"count":3,"href":"https:\/\/reachextra.com\/es\/wp-json\/wp\/v2\/posts\/16061\/revisions"}],"predecessor-version":[{"id":16064,"href":"https:\/\/reachextra.com\/es\/wp-json\/wp\/v2\/posts\/16061\/revisions\/16064"}],"wp:featuredmedia":[{"embeddable":true,"href":"https:\/\/reachextra.com\/es\/wp-json\/wp\/v2\/media\/16044"}],"wp:attachment":[{"href":"https:\/\/reachextra.com\/es\/wp-json\/wp\/v2\/media?parent=16061"}],"wp:term":[{"taxonomy":"category","embeddable":true,"href":"https:\/\/reachextra.com\/es\/wp-json\/wp\/v2\/categories?post=16061"},{"taxonomy":"post_tag","embeddable":true,"href":"https:\/\/reachextra.com\/es\/wp-json\/wp\/v2\/tags?post=16061"},{"taxonomy":"adace-sponsor","embeddable":true,"href":"https:\/\/reachextra.com\/es\/wp-json\/wp\/v2\/adace-sponsor?post=16061"}],"curies":[{"name":"wp","href":"https:\/\/api.w.org\/{rel}","templated":true}]}}