{"id":14799,"date":"2020-06-25T16:22:28","date_gmt":"2020-06-25T14:22:28","guid":{"rendered":"https:\/\/www.reachextra.com\/picardo-covid-recesion-relaciones\/"},"modified":"2020-06-26T10:39:38","modified_gmt":"2020-06-26T08:39:38","slug":"picardo-covid-recesion-relaciones","status":"publish","type":"post","link":"https:\/\/reachextra.com\/es\/picardo-covid-recesion-relaciones\/","title":{"rendered":"Picardo nos habla de la reacci\u00f3n gibraltare\u00f1a al COVID, la recesi\u00f3n y relaciones transfronterizas"},"content":{"rendered":"\n<p><strong>En una entrevista exclusiva con Reach Alcance, el Ministro Principal Fabian Picardo explica las razones del \u00e9xito de la respuesta hasta la fecha al Covid19 en Gibraltar, nos dice c\u00f3mo piensa que la recesi\u00f3n econ\u00f3mica mundial afectar\u00e1 al gibraltare\u00f1o de a pie, constata c\u00f3mo la pandemia ha subrayado las buenas relaciones entre Gibraltar y Espa\u00f1a, y no presenta su visi\u00f3n de construir un futuro pr\u00f3spero post- Brexit para Gibraltar y el Campo de Gibraltar.<\/strong><\/p>\n\n\n\n<figure class=\"wp-block-image size-large\"><img loading=\"lazy\" decoding=\"async\" width=\"1024\" height=\"520\" src=\"https:\/\/www.reachextra.com\/wp-content\/uploads\/2020\/03\/Fabian-Picardo-Press-Conference-Gibraltar-Coronavirus-COVID19-22-03-2020-1024x520.jpg\" alt=\"Fabian Picardo Gibraltar Gibraltar Total Social Lockdown Coronavirus COVID19\" class=\"wp-image-13276\" srcset=\"https:\/\/reachextra.com\/wp-content\/uploads\/2020\/03\/Fabian-Picardo-Press-Conference-Gibraltar-Coronavirus-COVID19-22-03-2020-1024x520.jpg 1024w, https:\/\/reachextra.com\/wp-content\/uploads\/2020\/03\/Fabian-Picardo-Press-Conference-Gibraltar-Coronavirus-COVID19-22-03-2020-300x152.jpg 300w, https:\/\/reachextra.com\/wp-content\/uploads\/2020\/03\/Fabian-Picardo-Press-Conference-Gibraltar-Coronavirus-COVID19-22-03-2020-768x390.jpg 768w, https:\/\/reachextra.com\/wp-content\/uploads\/2020\/03\/Fabian-Picardo-Press-Conference-Gibraltar-Coronavirus-COVID19-22-03-2020-561x285.jpg 561w, https:\/\/reachextra.com\/wp-content\/uploads\/2020\/03\/Fabian-Picardo-Press-Conference-Gibraltar-Coronavirus-COVID19-22-03-2020-1122x570.jpg 1122w, https:\/\/reachextra.com\/wp-content\/uploads\/2020\/03\/Fabian-Picardo-Press-Conference-Gibraltar-Coronavirus-COVID19-22-03-2020-364x185.jpg 364w, https:\/\/reachextra.com\/wp-content\/uploads\/2020\/03\/Fabian-Picardo-Press-Conference-Gibraltar-Coronavirus-COVID19-22-03-2020-728x370.jpg 728w, https:\/\/reachextra.com\/wp-content\/uploads\/2020\/03\/Fabian-Picardo-Press-Conference-Gibraltar-Coronavirus-COVID19-22-03-2020-608x309.jpg 608w, https:\/\/reachextra.com\/wp-content\/uploads\/2020\/03\/Fabian-Picardo-Press-Conference-Gibraltar-Coronavirus-COVID19-22-03-2020-758x385.jpg 758w, https:\/\/reachextra.com\/wp-content\/uploads\/2020\/03\/Fabian-Picardo-Press-Conference-Gibraltar-Coronavirus-COVID19-22-03-2020-1152x585.jpg 1152w, https:\/\/reachextra.com\/wp-content\/uploads\/2020\/03\/Fabian-Picardo-Press-Conference-Gibraltar-Coronavirus-COVID19-22-03-2020-94x48.jpg 94w, https:\/\/reachextra.com\/wp-content\/uploads\/2020\/03\/Fabian-Picardo-Press-Conference-Gibraltar-Coronavirus-COVID19-22-03-2020-189x96.jpg 189w, https:\/\/reachextra.com\/wp-content\/uploads\/2020\/03\/Fabian-Picardo-Press-Conference-Gibraltar-Coronavirus-COVID19-22-03-2020-313x159.jpg 313w, https:\/\/reachextra.com\/wp-content\/uploads\/2020\/03\/Fabian-Picardo-Press-Conference-Gibraltar-Coronavirus-COVID19-22-03-2020.jpg 1220w\" sizes=\"auto, (max-width: 1024px) 100vw, 1024px\" \/><\/figure>\n\n\n\n<h2 class=\"wp-block-heading\">Respuesta COVID19 de Gibraltar: \u00abMi obligaci\u00f3n fundamental es la de proteger la integridad f\u00edsica y la protecci\u00f3n de las vidas de las personas en nuestra comunidad. Todo lo dem\u00e1s es secundario.\u00bb<\/h2>\n\n\n\n<p>\u00abCuando me informaron de la situaci\u00f3n global&#8230; fue uno de esos momentos en los que sientes tus emociones caer hasta el fondo del est\u00f3mago\u00bb, dijo el Ministro Principal, reflexionando sobre el comienzo de la pandemia. \u00abLa idea de tantas muertes en un corto per\u00edodo de tiempo en Gibraltar es algo que nunca dejar\u00e9 atr\u00e1s\u00bb.<\/p>\n\n\n\n<p>Hasta la fecha el <strong><a href=\"https:\/\/www.reachextra.com\/es\/gibraltar-confirma-cero-casos-covid\/\">n\u00famero de casos activos de Covid19 en el Pe\u00f1\u00f3n han sido bajos<\/a><\/strong> y no ha habido muertes.<\/p>\n\n\n\n<p>Gibraltar est\u00e1 ahora (25.06.2020) en el noveno d\u00eda consecutivo sin casos activos.<\/p>\n\n\n\n<figure class=\"wp-block-image size-large\"><img loading=\"lazy\" decoding=\"async\" width=\"700\" height=\"397\" src=\"https:\/\/www.reachextra.com\/wp-content\/uploads\/2020\/06\/Nightingale-Facility-Gibraltar.jpg\" alt=\"\" class=\"wp-image-14764\" srcset=\"https:\/\/reachextra.com\/wp-content\/uploads\/2020\/06\/Nightingale-Facility-Gibraltar.jpg 700w, https:\/\/reachextra.com\/wp-content\/uploads\/2020\/06\/Nightingale-Facility-Gibraltar-300x170.jpg 300w, https:\/\/reachextra.com\/wp-content\/uploads\/2020\/06\/Nightingale-Facility-Gibraltar-192x108.jpg 192w, https:\/\/reachextra.com\/wp-content\/uploads\/2020\/06\/Nightingale-Facility-Gibraltar-364x205.jpg 364w, https:\/\/reachextra.com\/wp-content\/uploads\/2020\/06\/Nightingale-Facility-Gibraltar-561x318.jpg 561w, https:\/\/reachextra.com\/wp-content\/uploads\/2020\/06\/Nightingale-Facility-Gibraltar-608x345.jpg 608w, https:\/\/reachextra.com\/wp-content\/uploads\/2020\/06\/Nightingale-Facility-Gibraltar-85x48.jpg 85w, https:\/\/reachextra.com\/wp-content\/uploads\/2020\/06\/Nightingale-Facility-Gibraltar-169x96.jpg 169w, https:\/\/reachextra.com\/wp-content\/uploads\/2020\/06\/Nightingale-Facility-Gibraltar-313x178.jpg 313w\" sizes=\"auto, (max-width: 700px) 100vw, 700px\" \/><figcaption>Gibraltar&#8217;s Nightingale Facility <\/figcaption><\/figure>\n\n\n\n<p>\u00abHemos tenido 176 personas que dieron positivo al Covid19 y ninguna de ellas ha tenido consecuencias graves, ni nadie ha perdido la vida\u00bb. El Ministro Principal explic\u00f3: \u201cesta es la clave para nosotros; mantenernos al tanto de los focos de infecci\u00f3n a medida que emergen, y mantener los n\u00fameros activos bajos para que hayan menos posibilidades de que alguien en la categor\u00eda vulnerable se enferme \u00ab.<\/p>\n\n\n\n<p>Esto incluye a los gibraltare\u00f1os y a los trabajadores transfronterizos en Gibraltar, y funcionarios de la Organizaci\u00f3n Mundial de la Salud han felicitado a Gibraltar por su exitosa gesti\u00f3n del virus hasta ahora, afirmando que \u00abse puede aprender mucho del enfoque de Gibraltar sobre la pandemia\u00bb.<\/p>\n\n\n\n<p>Entonces, \u00bfqu\u00e9 es lo que ha distinguido a Gibraltar de otros pa\u00edses europeos, donde los efectos negativos del virus parecen, en algunos casos, haber sido devastadores?<\/p>\n\n\n\n<p>Fabian Picardo nos explica que esto se debi\u00f3 a las restricciones impuestas a los mayores de 70 a\u00f1os antes de que entrara en vigor el bloqueo general:<\/p>\n\n\n\n<p>\u00abSomos la \u00fanica naci\u00f3n en Europa, que yo sepa, que dio el paso de confinar a los mayores de 70 a\u00f1os antes de confinar a la poblaci\u00f3n en general. Creo que eso fue clave para controlar la propagaci\u00f3n del virus\u00bb.<\/p>\n\n\n\n<figure class=\"wp-block-image size-large\"><img loading=\"lazy\" decoding=\"async\" width=\"664\" height=\"443\" src=\"https:\/\/www.reachextra.com\/wp-content\/uploads\/2020\/04\/Gibraltar-Golden-Hour-4.jpg\" alt=\"Gibraltar Golden Hour\" class=\"wp-image-14146\" srcset=\"https:\/\/reachextra.com\/wp-content\/uploads\/2020\/04\/Gibraltar-Golden-Hour-4.jpg 664w, https:\/\/reachextra.com\/wp-content\/uploads\/2020\/04\/Gibraltar-Golden-Hour-4-300x200.jpg 300w, https:\/\/reachextra.com\/wp-content\/uploads\/2020\/04\/Gibraltar-Golden-Hour-4-180x120.jpg 180w, https:\/\/reachextra.com\/wp-content\/uploads\/2020\/04\/Gibraltar-Golden-Hour-4-561x374.jpg 561w, https:\/\/reachextra.com\/wp-content\/uploads\/2020\/04\/Gibraltar-Golden-Hour-4-364x243.jpg 364w, https:\/\/reachextra.com\/wp-content\/uploads\/2020\/04\/Gibraltar-Golden-Hour-4-608x406.jpg 608w, https:\/\/reachextra.com\/wp-content\/uploads\/2020\/04\/Gibraltar-Golden-Hour-4-72x48.jpg 72w, https:\/\/reachextra.com\/wp-content\/uploads\/2020\/04\/Gibraltar-Golden-Hour-4-144x96.jpg 144w, https:\/\/reachextra.com\/wp-content\/uploads\/2020\/04\/Gibraltar-Golden-Hour-4-313x209.jpg 313w\" sizes=\"auto, (max-width: 664px) 100vw, 664px\" \/><figcaption><strong><a href=\"https:\/\/www.reachextra.com\/es\/britannia-desinfecta-areas-para-hora-dorada\/\">&#8216;Golden Hour&#8217; (Hora Dorada) en Gibraltar&nbsp;<\/a><\/strong><\/figcaption><\/figure>\n\n\n\n<p>\u00abSe mantuvieron alejados del peligro que representa el virus y, por lo tanto, se salvaron sus vidas, tan simple como eso\u00bb.<\/p>\n\n\n\n<p>El Ministro Principal admite que la decisi\u00f3n de confinar a esa parte de la poblaci\u00f3n, que vio a los gibraltare\u00f1os de m\u00e1s de 70 a\u00f1os confinados en casa entre marzo y finales de abril, no fue f\u00e1cil de tomar.<\/p>\n\n\n\n<p>\u201cEsas son las personas que construyeron la comunidad que disfrutamos hoy, y tener que decirles que no pod\u00edan salir a disfrutar del Gibraltar que han construido; que no pod\u00edan ver a sus seres queridos y familias; hijos y nietos, fue una decisi\u00f3n dificil\u00edsima\u00bb.<\/p>\n\n\n\n<p>\u00abConstru\u00ed una amplia coalici\u00f3n con la oposici\u00f3n y otros grupos, y lo importante, por lo tanto, fue dar ese paso lo antes posible\u00bb.\r\n<\/p>\n\n\n\n<p>\u201cIdeol\u00f3gicamente, soy un libertario civil. Estoy aqu\u00ed para luchar por las libertades civiles de las personas y por su derecho a moverse libremente por Gibraltar&#8230; y me encuentro como el Ministro Principal en el cargo el d\u00eda en que esas regulaciones para confinar a las personas ten\u00edan que ser firmadas\u201d.<\/p>\n\n\n\n<h2 class=\"wp-block-heading\">Fabian Picardo no cree que los consejos de la OMS hayan sido contradictorios<\/h2>\n\n\n\n<figure class=\"wp-block-image size-large\"><img loading=\"lazy\" decoding=\"async\" width=\"700\" height=\"467\" src=\"https:\/\/www.reachextra.com\/wp-content\/uploads\/2020\/06\/Fabian-picardo-WHO-Public-health-advice.jpg\" alt=\"Gibraltar World Health Organization\" class=\"wp-image-14787\" srcset=\"https:\/\/reachextra.com\/wp-content\/uploads\/2020\/06\/Fabian-picardo-WHO-Public-health-advice.jpg 700w, https:\/\/reachextra.com\/wp-content\/uploads\/2020\/06\/Fabian-picardo-WHO-Public-health-advice-300x200.jpg 300w, https:\/\/reachextra.com\/wp-content\/uploads\/2020\/06\/Fabian-picardo-WHO-Public-health-advice-180x120.jpg 180w, https:\/\/reachextra.com\/wp-content\/uploads\/2020\/06\/Fabian-picardo-WHO-Public-health-advice-561x374.jpg 561w, https:\/\/reachextra.com\/wp-content\/uploads\/2020\/06\/Fabian-picardo-WHO-Public-health-advice-364x243.jpg 364w, https:\/\/reachextra.com\/wp-content\/uploads\/2020\/06\/Fabian-picardo-WHO-Public-health-advice-608x406.jpg 608w, https:\/\/reachextra.com\/wp-content\/uploads\/2020\/06\/Fabian-picardo-WHO-Public-health-advice-72x48.jpg 72w, https:\/\/reachextra.com\/wp-content\/uploads\/2020\/06\/Fabian-picardo-WHO-Public-health-advice-144x96.jpg 144w, https:\/\/reachextra.com\/wp-content\/uploads\/2020\/06\/Fabian-picardo-WHO-Public-health-advice-313x209.jpg 313w\" sizes=\"auto, (max-width: 700px) 100vw, 700px\" \/><figcaption>WHO Director-General Dr Tedros Adhanom Ghebreyesus<\/figcaption><\/figure>\n\n\n\n<p>Un tema importante de debate desde el comienzo de la pandemia ha sido si el asesoramiento de la Organizaci\u00f3n Mundial de la Salud ha sido contradictorio y confuso.<\/p>\n\n\n\n<p>Cuando le preguntamos al Ministro Principal si pensaba que este era el caso, su respuesta fue, simplemente, \u00abno\u00bb.<\/p>\n\n\n\n<p>\u00abCreo que es injusto decir que la OMS, o cualquier gobierno, incluido el Gobierno de Gibraltar, ha ido cambiando posiciones simplemente porque hab\u00eda cambiado de parecer desde el inicio de la pandemia hasta la fecha &#8230; Creo que fue una evoluci\u00f3n natural de nuestros conocimientos sobre el virus\u00bb.<\/p>\n\n\n\n<p>Fabian Picardo dice que esta es la primera vez en la historia en que los avances m\u00e9dicos cient\u00edficos y la difusi\u00f3n de informaci\u00f3n ocurren instant\u00e1neamente y, por lo tanto, las posiciones cambian a medida que evoluciona el conocimiento medico:<\/p>\n\n\n\n<p>\u201cCreo que esta es probablemente la \u00fanica vez que hemos visto un virus desarrollarse en a) la era cient\u00edfica y nuestra comprensi\u00f3n que la ciencia  y b) la era de las redes sociales. Entonces, mientras que en el pasado se desarrollaban las cosas en cuesti\u00f3n de semanas, y se tardaban meses para recibir comentarios, ahora se logran avances m\u00e9dicos cient\u00edficos en d\u00edas, que luego se diseminan en minutos\u201d.<\/p>\n\n\n\n<p>\u201cEntonces, es de recibo tomar una posici\u00f3n, porque Harvard, Yale y la Universidad de California toman esa posici\u00f3n, y 30 d\u00edas m\u00e1s tarde Oxford, Cambridge y el Imperial College pueden haber observado algo diferente y se toma esa posici\u00f3n porque parece estar basada en un estudio m\u00e1s amplio\u00bb.<\/p>\n\n\n\n<h2 class=\"wp-block-heading\">La recesi\u00f3n: el Ministro Principal dice que la recesi\u00f3n en Gibraltar ser\u00e1 \u00abmenos aguda\u00bb en comparaci\u00f3n con el resto del mundo\r\n<\/h2>\n\n\n\n<figure class=\"wp-block-image size-large\"><img loading=\"lazy\" decoding=\"async\" width=\"1024\" height=\"622\" src=\"https:\/\/www.reachextra.com\/wp-content\/uploads\/2019\/03\/Fletcher-Report-Brexit-Reach-Alcance-1024x622.jpg\" alt=\"Fletcher-Report-Brexit-Reach-Alcance\" class=\"wp-image-7844\" srcset=\"https:\/\/reachextra.com\/wp-content\/uploads\/2019\/03\/Fletcher-Report-Brexit-Reach-Alcance-1024x622.jpg 1024w, https:\/\/reachextra.com\/wp-content\/uploads\/2019\/03\/Fletcher-Report-Brexit-Reach-Alcance-300x182.jpg 300w, https:\/\/reachextra.com\/wp-content\/uploads\/2019\/03\/Fletcher-Report-Brexit-Reach-Alcance-768x466.jpg 768w, https:\/\/reachextra.com\/wp-content\/uploads\/2019\/03\/Fletcher-Report-Brexit-Reach-Alcance-561x341.jpg 561w, https:\/\/reachextra.com\/wp-content\/uploads\/2019\/03\/Fletcher-Report-Brexit-Reach-Alcance-1122x681.jpg 1122w, https:\/\/reachextra.com\/wp-content\/uploads\/2019\/03\/Fletcher-Report-Brexit-Reach-Alcance-364x221.jpg 364w, https:\/\/reachextra.com\/wp-content\/uploads\/2019\/03\/Fletcher-Report-Brexit-Reach-Alcance-728x442.jpg 728w, https:\/\/reachextra.com\/wp-content\/uploads\/2019\/03\/Fletcher-Report-Brexit-Reach-Alcance-608x369.jpg 608w, https:\/\/reachextra.com\/wp-content\/uploads\/2019\/03\/Fletcher-Report-Brexit-Reach-Alcance-758x460.jpg 758w, https:\/\/reachextra.com\/wp-content\/uploads\/2019\/03\/Fletcher-Report-Brexit-Reach-Alcance-1152x700.jpg 1152w, https:\/\/reachextra.com\/wp-content\/uploads\/2019\/03\/Fletcher-Report-Brexit-Reach-Alcance-79x48.jpg 79w, https:\/\/reachextra.com\/wp-content\/uploads\/2019\/03\/Fletcher-Report-Brexit-Reach-Alcance-158x96.jpg 158w, https:\/\/reachextra.com\/wp-content\/uploads\/2019\/03\/Fletcher-Report-Brexit-Reach-Alcance-313x190.jpg 313w, https:\/\/reachextra.com\/wp-content\/uploads\/2019\/03\/Fletcher-Report-Brexit-Reach-Alcance.jpg 1220w\" sizes=\"auto, (max-width: 1024px) 100vw, 1024px\" \/><figcaption>Infographic: @Quintiestudio<\/figcaption><\/figure>\n\n\n\n<p>Una recesi\u00f3n se define por dos trimestres consecutivos de crecimiento negativo.<\/p>\n\n\n\n<p>El 16 de junio, el Ministro Principal dijo que Gibraltar enfrenta a una recesi\u00f3n. Reach Alcance le pregunt\u00f3 qu\u00e9 significar\u00e1 esta recesi\u00f3n para el estilo de vida del gibraltare\u00f1o promedio.<\/p>\n\n\n\n<p>\u00abCreo que lo importante es siempre ser prudente en el enfoque que se adopta para el gasto casero, pero comprender que es poco probable  que la prosperidad de Gibraltar se vea afectada a mediano y largo plazo\u00bb.<\/p>\n\n\n\n<p>\u00abLo que vamos a hacer es ampliar el tipo de medidas que implementaremos durante el per\u00edodo de la pandemia m\u00e1s all\u00e1 de este trimestre y haremos p\u00fablico lo que vamos a hacer: apoyar a la industria del catering, la industria tur\u00edstica, la industria minorista, todas las industrias que se han visto muy expuestas a los efectos de la pandemia, lo que significa que probablemente no habr\u00e1 turistas en nuestras calles durante los pr\u00f3ximos 12 meses\u201d.<\/p>\n\n\n\n<p>\u00abEs probable que esto sea un escollo en el camino a corto plazo, por el que pasar\u00e1 todo el mundo, y creo que Gibraltar ser\u00e1 el lugar donde ser\u00e1 menos agudo y, por lo tanto, puede seguir teniendo la confianza de que las grandes inversiones que podr\u00edas hacer en tu vida, tales como la compra de una vivienda, no deber\u00edan verse afectadas de ninguna manera por el momento en que todo el mundo est\u00e1 pasando\u201d.<\/p>\n\n\n\n<h2 class=\"wp-block-heading\">Protecci\u00f3n laboral para todos los trabajadores en Gibraltar<\/h2>\n\n\n\n<figure class=\"wp-block-image size-large\"><img loading=\"lazy\" decoding=\"async\" width=\"664\" height=\"443\" src=\"https:\/\/www.reachextra.com\/wp-content\/uploads\/2019\/09\/Trabajadores-espa\u00f1oles-en-Gibraltar-6.jpg\" alt=\"\" class=\"wp-image-11837\" srcset=\"https:\/\/reachextra.com\/wp-content\/uploads\/2019\/09\/Trabajadores-espa\u00f1oles-en-Gibraltar-6.jpg 664w, https:\/\/reachextra.com\/wp-content\/uploads\/2019\/09\/Trabajadores-espa\u00f1oles-en-Gibraltar-6-300x200.jpg 300w, https:\/\/reachextra.com\/wp-content\/uploads\/2019\/09\/Trabajadores-espa\u00f1oles-en-Gibraltar-6-180x120.jpg 180w, https:\/\/reachextra.com\/wp-content\/uploads\/2019\/09\/Trabajadores-espa\u00f1oles-en-Gibraltar-6-561x374.jpg 561w, https:\/\/reachextra.com\/wp-content\/uploads\/2019\/09\/Trabajadores-espa\u00f1oles-en-Gibraltar-6-364x243.jpg 364w, https:\/\/reachextra.com\/wp-content\/uploads\/2019\/09\/Trabajadores-espa\u00f1oles-en-Gibraltar-6-608x406.jpg 608w, https:\/\/reachextra.com\/wp-content\/uploads\/2019\/09\/Trabajadores-espa\u00f1oles-en-Gibraltar-6-72x48.jpg 72w, https:\/\/reachextra.com\/wp-content\/uploads\/2019\/09\/Trabajadores-espa\u00f1oles-en-Gibraltar-6-144x96.jpg 144w, https:\/\/reachextra.com\/wp-content\/uploads\/2019\/09\/Trabajadores-espa\u00f1oles-en-Gibraltar-6-313x209.jpg 313w\" sizes=\"auto, (max-width: 664px) 100vw, 664px\" \/><figcaption>Cross-frontier waiter at Casemates Square Gibraltar | @Fran Montes, Reach Alcance <\/figcaption><\/figure>\n\n\n\n<p>\u201cEl gobierno har\u00e1 todo lo posible para garantizar que el gibraltare\u00f1o promedio no se vea afectado. El n\u00famero de personas empleadas en Gibraltar ahora es de 30,000, as\u00ed que si va a haber p\u00e9rdida de empleos, no doy disculpas por querer asegurar la protecci\u00f3n de los empleos en la econom\u00eda de una manera que algunas personas podr\u00edan considerar dr\u00e1stica\u201d, El Ministro Principal dijo a Reach.<\/p>\n\n\n\n<p>\u00abDe la misma manera que hicimos durante la pandemia, cuando nos aseguramos de que todos aquellos que trabajan en lugares que no iban a poder operar porque el Gobierno los hab\u00eda cerrado, recibir\u00edan el pago del salario m\u00ednimo sin deducci\u00f3n de impuestos o seguro social, sin discriminaci\u00f3n de donde resid\u00edan\u201d.<\/p>\n\n\n\n<p>\u00abEso signific\u00f3 que a cualquiera que viniera a trabajar a Gibraltar todas las ma\u00f1anas, a los trabajadores transfronterizos, tanto como a los empleados gibraltare\u00f1os, se les pagaron sus salarios\u00bb.<\/p>\n\n\n\n<p>\u00abY un promedio del 70% de la cantidad que invertimos en esto fue para los trabajadores transfronterizos\u00bb.<\/p>\n\n\n\n<h2 class=\"wp-block-heading\">COVID19 subraya una fuerte relaci\u00f3n entre Gibraltar y Espa\u00f1a<\/h2>\n\n\n\n<figure class=\"wp-block-image size-large\"><img loading=\"lazy\" decoding=\"async\" width=\"664\" height=\"458\" src=\"https:\/\/www.reachextra.com\/wp-content\/uploads\/2020\/05\/Alcalde-de-la-linea-juan-franco-y-primer-ministro-de-gibraltar-fabian-picardo.jpg\" alt=\"Juan Franco Mayor of La Linea COVID19\" class=\"wp-image-14431\" srcset=\"https:\/\/reachextra.com\/wp-content\/uploads\/2020\/05\/Alcalde-de-la-linea-juan-franco-y-primer-ministro-de-gibraltar-fabian-picardo.jpg 664w, https:\/\/reachextra.com\/wp-content\/uploads\/2020\/05\/Alcalde-de-la-linea-juan-franco-y-primer-ministro-de-gibraltar-fabian-picardo-300x207.jpg 300w, https:\/\/reachextra.com\/wp-content\/uploads\/2020\/05\/Alcalde-de-la-linea-juan-franco-y-primer-ministro-de-gibraltar-fabian-picardo-561x387.jpg 561w, https:\/\/reachextra.com\/wp-content\/uploads\/2020\/05\/Alcalde-de-la-linea-juan-franco-y-primer-ministro-de-gibraltar-fabian-picardo-364x251.jpg 364w, https:\/\/reachextra.com\/wp-content\/uploads\/2020\/05\/Alcalde-de-la-linea-juan-franco-y-primer-ministro-de-gibraltar-fabian-picardo-608x419.jpg 608w, https:\/\/reachextra.com\/wp-content\/uploads\/2020\/05\/Alcalde-de-la-linea-juan-franco-y-primer-ministro-de-gibraltar-fabian-picardo-70x48.jpg 70w, https:\/\/reachextra.com\/wp-content\/uploads\/2020\/05\/Alcalde-de-la-linea-juan-franco-y-primer-ministro-de-gibraltar-fabian-picardo-139x96.jpg 139w, https:\/\/reachextra.com\/wp-content\/uploads\/2020\/05\/Alcalde-de-la-linea-juan-franco-y-primer-ministro-de-gibraltar-fabian-picardo-313x216.jpg 313w\" sizes=\"auto, (max-width: 664px) 100vw, 664px\" \/><figcaption>Mayor of La L\u00ednea Juan Franco and Chief Minister of Gibraltar Fabian Picardo<\/figcaption><\/figure>\n\n\n\n<p>\u00abCreo que en este per\u00edodo hemos demostrado cu\u00e1n fuertes son nuestras relaciones institucionales y cu\u00e1n irrompibles son nuestras relaciones humanas personales\u00bb.<\/p>\n\n\n\n<p>El Ministro Principal declar\u00f3 que est\u00e1 \u00abmuy seguro\u00bb de que la pandemia del Covid19 ha servido para demostrar que la relaci\u00f3n entre Gibraltar y Espa\u00f1a \u00abes fuerte\u00bb, y se\u00f1al\u00f3 que ninguna de las partes impuso restricciones estrictas en la frontera.<\/p>\n\n\n\n<p>\u00abEn otros momentos en que el per\u00edodo Covid19 podr\u00eda haberse utilizado como una excusa para implementar restricciones m\u00e1s estrictas en la frontera, casi no hemos visto restricciones en la frontera\u00bb.<\/p>\n\n\n\n<p>\u00abHemos visto c\u00f3mo Gibraltar ha estado dispuesto a pagar el salario m\u00ednimo no solo a nuestra propia gente sino tambi\u00e9n a nuestros trabajadores transfronterizos. Hemos demostrado nuestra solidaridad con el pueblo espa\u00f1ol en t\u00e9rminos de p\u00e9rdidas de vidas que ha habido all\u00ed y con el apoyo econ\u00f3mico que hemos brindado&#8230;\u00bb<\/p>\n\n\n\n<p>\u00abPor lo tanto, creo que en este per\u00edodo hemos demostrado lo fuertes que son nuestras relaciones institucionales y cu\u00e1n irrompibles son nuestras relaciones humanas personales\u00bb.<\/p>\n\n\n\n<h2 class=\"wp-block-heading\">Picardo llama a la mejora de las relaciones transfronterizas econ\u00f3micas y personales entre Gibraltar y el Campo de Gibraltar<\/h2>\n\n\n\n<figure class=\"wp-block-image size-large\"><img loading=\"lazy\" decoding=\"async\" width=\"1024\" height=\"683\" src=\"https:\/\/www.reachextra.com\/wp-content\/uploads\/2019\/02\/Brexit-1024x683.jpg\" alt=\"Seg\u00fan reportes esta noche en el peri\u00f3dico de centro-izquierda de Londres &quot;The Guardian&quot; la retirada del Reino Unido de la Uni\u00f3n Europa podr\u00eda retrasarse hasta 2021.\" class=\"wp-image-7635\" srcset=\"https:\/\/reachextra.com\/wp-content\/uploads\/2019\/02\/Brexit-1024x683.jpg 1024w, https:\/\/reachextra.com\/wp-content\/uploads\/2019\/02\/Brexit-300x200.jpg 300w, https:\/\/reachextra.com\/wp-content\/uploads\/2019\/02\/Brexit-768x512.jpg 768w, https:\/\/reachextra.com\/wp-content\/uploads\/2019\/02\/Brexit-180x120.jpg 180w, https:\/\/reachextra.com\/wp-content\/uploads\/2019\/02\/Brexit-561x374.jpg 561w, https:\/\/reachextra.com\/wp-content\/uploads\/2019\/02\/Brexit-1122x748.jpg 1122w, https:\/\/reachextra.com\/wp-content\/uploads\/2019\/02\/Brexit-364x243.jpg 364w, https:\/\/reachextra.com\/wp-content\/uploads\/2019\/02\/Brexit-728x485.jpg 728w, https:\/\/reachextra.com\/wp-content\/uploads\/2019\/02\/Brexit-608x405.jpg 608w, https:\/\/reachextra.com\/wp-content\/uploads\/2019\/02\/Brexit-758x505.jpg 758w, https:\/\/reachextra.com\/wp-content\/uploads\/2019\/02\/Brexit-1152x768.jpg 1152w, https:\/\/reachextra.com\/wp-content\/uploads\/2019\/02\/Brexit-72x48.jpg 72w, https:\/\/reachextra.com\/wp-content\/uploads\/2019\/02\/Brexit-144x96.jpg 144w, https:\/\/reachextra.com\/wp-content\/uploads\/2019\/02\/Brexit-313x209.jpg 313w, https:\/\/reachextra.com\/wp-content\/uploads\/2019\/02\/Brexit.jpg 1200w\" sizes=\"auto, (max-width: 1024px) 100vw, 1024px\" \/><\/figure>\n\n\n\n<p>\u201cCreo que la pandemia ha demostrado que el <a href=\"https:\/\/www.reachextra.com\/es\/juan-lozano-fabian-picardo-reunen-sobre-brexit-temas-interes-comun\/\">Brexit<\/a> es realmente un problema econ\u00f3mico para resolver a nivel pol\u00edtico. Ahora nos hemos enfrentado a un problema f\u00edsico existencial como el Covid, que ha hecho que la importancia del Brexit palidezca. Pero&#8230; Brexit ha vuelto, y el reloj que hace tictac hacia el final de a\u00f1o \u00ab.<\/p>\n\n\n\n<p>\u00abHemos pasado unos 30 a\u00f1os con una frontera abierta, trabajando de espaldas, a pesar de que sucesivos gobiernos de Gibraltar han querido trabajar con las econom\u00edas del Campo de Gibraltar\u00bb.<\/p>\n\n\n\n<p>\u00abSi todo lo que hici\u00e9ramos antes de fin de a\u00f1o fuera comenzar a trabajar juntos para promover Gibraltar, el Campo de Gibraltar, la Bah\u00eda de Gibraltar, las instalaciones industriales aqu\u00ed, los servicios disponibles aqu\u00ed, y uni\u00e9semos todos los atributos econ\u00f3micos que tenemos aqu\u00ed, multiplicar\u00edamos nuestra producci\u00f3n por una medida tal que la recesi\u00f3n desaparecer\u00eda para el fin del pr\u00f3ximo a\u00f1o\u00bb.<\/p>\n\n\n\n<p>\u00abTengo la esperanza de que eso suceda, bueno, no soy ingenuo, pero he pasado 8 a\u00f1os y medio trabajando para que eso suceda, y no voy a parar ahora\u00bb.<\/p>\n\n\n\n<h2 class=\"wp-block-heading\">Hacer que las voces de Gibraltar y el Campo de Gibraltar se escuchen m\u00e1s all\u00e1 de Espa\u00f1a<\/h2>\n\n\n\n<figure class=\"wp-block-image size-large\"><img loading=\"lazy\" decoding=\"async\" width=\"700\" height=\"467\" src=\"https:\/\/www.reachextra.com\/wp-content\/uploads\/2020\/06\/Fabia-Picardo-Gibraltar-Coronavirus-Campo-de-gibraltar-cross-frontier.jpg\" alt=\"\" class=\"wp-image-14789\" srcset=\"https:\/\/reachextra.com\/wp-content\/uploads\/2020\/06\/Fabia-Picardo-Gibraltar-Coronavirus-Campo-de-gibraltar-cross-frontier.jpg 700w, https:\/\/reachextra.com\/wp-content\/uploads\/2020\/06\/Fabia-Picardo-Gibraltar-Coronavirus-Campo-de-gibraltar-cross-frontier-300x200.jpg 300w, https:\/\/reachextra.com\/wp-content\/uploads\/2020\/06\/Fabia-Picardo-Gibraltar-Coronavirus-Campo-de-gibraltar-cross-frontier-180x120.jpg 180w, https:\/\/reachextra.com\/wp-content\/uploads\/2020\/06\/Fabia-Picardo-Gibraltar-Coronavirus-Campo-de-gibraltar-cross-frontier-561x374.jpg 561w, https:\/\/reachextra.com\/wp-content\/uploads\/2020\/06\/Fabia-Picardo-Gibraltar-Coronavirus-Campo-de-gibraltar-cross-frontier-364x243.jpg 364w, https:\/\/reachextra.com\/wp-content\/uploads\/2020\/06\/Fabia-Picardo-Gibraltar-Coronavirus-Campo-de-gibraltar-cross-frontier-608x406.jpg 608w, https:\/\/reachextra.com\/wp-content\/uploads\/2020\/06\/Fabia-Picardo-Gibraltar-Coronavirus-Campo-de-gibraltar-cross-frontier-72x48.jpg 72w, https:\/\/reachextra.com\/wp-content\/uploads\/2020\/06\/Fabia-Picardo-Gibraltar-Coronavirus-Campo-de-gibraltar-cross-frontier-144x96.jpg 144w, https:\/\/reachextra.com\/wp-content\/uploads\/2020\/06\/Fabia-Picardo-Gibraltar-Coronavirus-Campo-de-gibraltar-cross-frontier-313x209.jpg 313w\" sizes=\"auto, (max-width: 700px) 100vw, 700px\" \/><figcaption>La L\u00ednea and Gibraltar | @Fran Montes Reach Alcance <\/figcaption><\/figure>\n\n\n\n<p>El Ministro Principal dijo que las estrechas relaciones con La L\u00ednea y su alcalde, la Mancomunidad de Municipios, la Junta de Andaluc\u00eda y otros ministerios espa\u00f1oles \u00abnos ayudar\u00e1n a garantizar que los argumentos que sostienen Gibraltar y los pueblos del Campo de Gibraltar sean escuchados m\u00e1s all\u00e1 del \u00e1rea inmediata de nuestra geograf\u00eda, y en las capitales europeas donde estos argumentos tienen que ser escuchados y entendidos, si vamos a avanzar\u201d.<\/p>\n","protected":false},"excerpt":{"rendered":"<p>Fabian Picardo explica las razones del \u00e9xito de la respuesta hasta la fecha al Covid19 en Gibraltar, c\u00f3mo piensa que la recesi\u00f3n&#8230; <a class=\"g1-link g1-link-more\" href=\"https:\/\/reachextra.com\/es\/picardo-covid-recesion-relaciones\/\">More<\/a><\/p>\n","protected":false},"author":1,"featured_media":14785,"comment_status":"closed","ping_status":"closed","sticky":false,"template":"","format":"standard","meta":{"_jetpack_memberships_contains_paid_content":false,"footnotes":""},"categories":[239,2218,225],"tags":[518,271,580,11129,11131,8371,371,1056,4922,691,13519,12382],"adace-sponsor":[],"class_list":{"0":"post-14799","1":"post","2":"type-post","3":"status-publish","4":"format-standard","5":"has-post-thumbnail","7":"category-negocio","8":"category-politica","9":"category-tendencias","10":"tag-brexit-es","11":"tag-campo-de-gibraltar-es","12":"tag-cooperacion-transfronteriza","13":"tag-coronavirus-es","14":"tag-covid19-es","15":"tag-economia","16":"tag-entrevista","17":"tag-fabian-picardo-es","18":"tag-juan-franco-es","19":"tag-negocio","20":"tag-recesion","21":"tag-world-health-organization-es"},"yoast_head":"<!-- This site is optimized with the Yoast SEO Premium plugin v19.5 (Yoast SEO v26.7) - https:\/\/yoast.com\/wordpress\/plugins\/seo\/ -->\n<title>Picardo nos habla de la reacci\u00f3n gibraltare\u00f1a al COVID, la recesi\u00f3n y relaciones transfronterizas<\/title>\n<meta name=\"description\" content=\"Fabian Picardo explica las razones del \u00e9xito de la respuesta hasta la fecha al Covid19 en Gibraltar, c\u00f3mo piensa que la recesi\u00f3n...\" \/>\n<meta name=\"robots\" content=\"index, follow, max-snippet:-1, max-image-preview:large, max-video-preview:-1\" \/>\n<link rel=\"canonical\" href=\"https:\/\/reachextra.com\/es\/picardo-covid-recesion-relaciones\/\" \/>\n<meta property=\"og:locale\" content=\"es_ES\" \/>\n<meta property=\"og:type\" content=\"article\" \/>\n<meta property=\"og:title\" content=\"Picardo nos habla de la reacci\u00f3n gibraltare\u00f1a al COVID, la recesi\u00f3n y relaciones transfronterizas\" \/>\n<meta property=\"og:description\" content=\"Fabian Picardo explica las razones del \u00e9xito de la respuesta hasta la fecha al Covid19 en Gibraltar, c\u00f3mo piensa que la recesi\u00f3n...\" \/>\n<meta property=\"og:url\" content=\"https:\/\/reachextra.com\/es\/picardo-covid-recesion-relaciones\/\" \/>\n<meta property=\"og:site_name\" content=\"ReachExtra\" \/>\n<meta property=\"article:publisher\" content=\"http:\/\/www.facebook.com\/reachextra\" \/>\n<meta property=\"article:published_time\" content=\"2020-06-25T14:22:28+00:00\" \/>\n<meta property=\"article:modified_time\" content=\"2020-06-26T08:39:38+00:00\" \/>\n<meta property=\"og:image\" content=\"https:\/\/www.reachextra.com\/wp-content\/uploads\/2020\/06\/Fabia-Picardo-Gibraltar-Coronavirus-Campo-de-gibraltar.jpg\" \/>\n<meta name=\"author\" content=\"ReachExtra\" \/>\n<meta name=\"twitter:card\" content=\"summary_large_image\" \/>\n<meta name=\"twitter:creator\" content=\"@reachextra\" \/>\n<meta name=\"twitter:site\" content=\"@reachextra\" \/>\n<meta name=\"twitter:label1\" content=\"Escrito por\" \/>\n\t<meta name=\"twitter:data1\" content=\"ReachExtra\" \/>\n\t<meta name=\"twitter:label2\" content=\"Tiempo de lectura\" \/>\n\t<meta name=\"twitter:data2\" content=\"9 minutos\" \/>\n<script type=\"application\/ld+json\" class=\"yoast-schema-graph\">{\"@context\":\"https:\/\/schema.org\",\"@graph\":[{\"@type\":\"Article\",\"@id\":\"https:\/\/reachextra.com\/es\/picardo-covid-recesion-relaciones\/#article\",\"isPartOf\":{\"@id\":\"https:\/\/reachextra.com\/es\/picardo-covid-recesion-relaciones\/\"},\"author\":{\"name\":\"ReachExtra\",\"@id\":\"https:\/\/reachextra.com\/es\/#\/schema\/person\/5bf8196030cf130091162668b52085df\"},\"headline\":\"Picardo nos habla de la reacci\u00f3n gibraltare\u00f1a al COVID, la recesi\u00f3n y relaciones transfronterizas\",\"datePublished\":\"2020-06-25T14:22:28+00:00\",\"dateModified\":\"2020-06-26T08:39:38+00:00\",\"mainEntityOfPage\":{\"@id\":\"https:\/\/reachextra.com\/es\/picardo-covid-recesion-relaciones\/\"},\"wordCount\":1907,\"publisher\":{\"@id\":\"https:\/\/reachextra.com\/es\/#organization\"},\"image\":{\"@id\":\"https:\/\/reachextra.com\/es\/picardo-covid-recesion-relaciones\/#primaryimage\"},\"thumbnailUrl\":\"https:\/\/reachextra.com\/wp-content\/uploads\/2020\/06\/Fabia-Picardo-Gibraltar-Coronavirus-Campo-de-gibraltar.jpg\",\"keywords\":[\"Brexit\",\"Campo de Gibraltar\",\"cooperaci\u00f3n transfronteriza\",\"Coronavirus\",\"covid19\",\"economia\",\"entrevista\",\"Fabian Picardo\",\"Juan Franco\",\"Negocio\",\"Recesion\",\"World Health Organization\"],\"articleSection\":[\"Negocio\",\"Pol\u00edtica\",\"Tendencias\"],\"inLanguage\":\"es\"},{\"@type\":\"WebPage\",\"@id\":\"https:\/\/reachextra.com\/es\/picardo-covid-recesion-relaciones\/\",\"url\":\"https:\/\/reachextra.com\/es\/picardo-covid-recesion-relaciones\/\",\"name\":\"Picardo nos habla de la reacci\u00f3n gibraltare\u00f1a al COVID, la recesi\u00f3n y relaciones transfronterizas\",\"isPartOf\":{\"@id\":\"https:\/\/reachextra.com\/es\/#website\"},\"primaryImageOfPage\":{\"@id\":\"https:\/\/reachextra.com\/es\/picardo-covid-recesion-relaciones\/#primaryimage\"},\"image\":{\"@id\":\"https:\/\/reachextra.com\/es\/picardo-covid-recesion-relaciones\/#primaryimage\"},\"thumbnailUrl\":\"https:\/\/reachextra.com\/wp-content\/uploads\/2020\/06\/Fabia-Picardo-Gibraltar-Coronavirus-Campo-de-gibraltar.jpg\",\"datePublished\":\"2020-06-25T14:22:28+00:00\",\"dateModified\":\"2020-06-26T08:39:38+00:00\",\"description\":\"Fabian Picardo explica las razones del \u00e9xito de la respuesta hasta la fecha al Covid19 en Gibraltar, c\u00f3mo piensa que la recesi\u00f3n...\",\"breadcrumb\":{\"@id\":\"https:\/\/reachextra.com\/es\/picardo-covid-recesion-relaciones\/#breadcrumb\"},\"inLanguage\":\"es\",\"potentialAction\":[{\"@type\":\"ReadAction\",\"target\":[\"https:\/\/reachextra.com\/es\/picardo-covid-recesion-relaciones\/\"]}]},{\"@type\":\"ImageObject\",\"inLanguage\":\"es\",\"@id\":\"https:\/\/reachextra.com\/es\/picardo-covid-recesion-relaciones\/#primaryimage\",\"url\":\"https:\/\/reachextra.com\/wp-content\/uploads\/2020\/06\/Fabia-Picardo-Gibraltar-Coronavirus-Campo-de-gibraltar.jpg\",\"contentUrl\":\"https:\/\/reachextra.com\/wp-content\/uploads\/2020\/06\/Fabia-Picardo-Gibraltar-Coronavirus-Campo-de-gibraltar.jpg\",\"width\":1200,\"height\":620,\"caption\":\"Fabian Picardo Coronavirus Brexit Gibraltar Spain Recession\"},{\"@type\":\"BreadcrumbList\",\"@id\":\"https:\/\/reachextra.com\/es\/picardo-covid-recesion-relaciones\/#breadcrumb\",\"itemListElement\":[{\"@type\":\"ListItem\",\"position\":1,\"name\":\"Home\",\"item\":\"https:\/\/reachextra.com\/es\/\"},{\"@type\":\"ListItem\",\"position\":2,\"name\":\"Tendencias\",\"item\":\"https:\/\/reachextra.com\/es\/category\/tendencias\/\"},{\"@type\":\"ListItem\",\"position\":3,\"name\":\"Picardo nos habla de la reacci\u00f3n gibraltare\u00f1a al COVID, la recesi\u00f3n y relaciones transfronterizas\"}]},{\"@type\":\"WebSite\",\"@id\":\"https:\/\/reachextra.com\/es\/#website\",\"url\":\"https:\/\/reachextra.com\/es\/\",\"name\":\"ReachExtra\",\"description\":\" Reach-Alcance en Espa\u00f1ol | Gibraltar | Campo de Gibraltar\",\"publisher\":{\"@id\":\"https:\/\/reachextra.com\/es\/#organization\"},\"potentialAction\":[{\"@type\":\"SearchAction\",\"target\":{\"@type\":\"EntryPoint\",\"urlTemplate\":\"https:\/\/reachextra.com\/es\/?s={search_term_string}\"},\"query-input\":{\"@type\":\"PropertyValueSpecification\",\"valueRequired\":true,\"valueName\":\"search_term_string\"}}],\"inLanguage\":\"es\"},{\"@type\":\"Organization\",\"@id\":\"https:\/\/reachextra.com\/es\/#organization\",\"name\":\"Reach-Alcance\",\"url\":\"https:\/\/reachextra.com\/es\/\",\"logo\":{\"@type\":\"ImageObject\",\"inLanguage\":\"es\",\"@id\":\"https:\/\/reachextra.com\/es\/#\/schema\/logo\/image\/\",\"url\":\"https:\/\/www.reachextra.com\/wp-content\/uploads\/2018\/12\/Reach-Alcance-LOGO-HDPI.jpg\",\"contentUrl\":\"https:\/\/www.reachextra.com\/wp-content\/uploads\/2018\/12\/Reach-Alcance-LOGO-HDPI.jpg\",\"width\":750,\"height\":474,\"caption\":\"Reach-Alcance\"},\"image\":{\"@id\":\"https:\/\/reachextra.com\/es\/#\/schema\/logo\/image\/\"},\"sameAs\":[\"http:\/\/www.facebook.com\/reachextra\",\"https:\/\/x.com\/reachextra\",\"http:\/\/reach.extra\",\"https:\/\/www.linkedin.com\/company\/reach-alcance\/\"]},{\"@type\":\"Person\",\"@id\":\"https:\/\/reachextra.com\/es\/#\/schema\/person\/5bf8196030cf130091162668b52085df\",\"name\":\"ReachExtra\",\"image\":{\"@type\":\"ImageObject\",\"inLanguage\":\"es\",\"@id\":\"https:\/\/reachextra.com\/es\/#\/schema\/person\/image\/\",\"url\":\"https:\/\/secure.gravatar.com\/avatar\/11e9f37f3773887633d17fdf580220857b1599038456e2f031ce0efd2f41a394?s=96&d=mm&r=g\",\"contentUrl\":\"https:\/\/secure.gravatar.com\/avatar\/11e9f37f3773887633d17fdf580220857b1599038456e2f031ce0efd2f41a394?s=96&d=mm&r=g\",\"caption\":\"ReachExtra\"},\"sameAs\":[\"http:\/\/www.reachextra.com\"]}]}<\/script>\n<!-- \/ Yoast SEO Premium plugin. -->","yoast_head_json":{"title":"Picardo nos habla de la reacci\u00f3n gibraltare\u00f1a al COVID, la recesi\u00f3n y relaciones transfronterizas","description":"Fabian Picardo explica las razones del \u00e9xito de la respuesta hasta la fecha al Covid19 en Gibraltar, c\u00f3mo piensa que la recesi\u00f3n...","robots":{"index":"index","follow":"follow","max-snippet":"max-snippet:-1","max-image-preview":"max-image-preview:large","max-video-preview":"max-video-preview:-1"},"canonical":"https:\/\/reachextra.com\/es\/picardo-covid-recesion-relaciones\/","og_locale":"es_ES","og_type":"article","og_title":"Picardo nos habla de la reacci\u00f3n gibraltare\u00f1a al COVID, la recesi\u00f3n y relaciones transfronterizas","og_description":"Fabian Picardo explica las razones del \u00e9xito de la respuesta hasta la fecha al Covid19 en Gibraltar, c\u00f3mo piensa que la recesi\u00f3n...","og_url":"https:\/\/reachextra.com\/es\/picardo-covid-recesion-relaciones\/","og_site_name":"ReachExtra","article_publisher":"http:\/\/www.facebook.com\/reachextra","article_published_time":"2020-06-25T14:22:28+00:00","article_modified_time":"2020-06-26T08:39:38+00:00","og_image":[{"url":"https:\/\/www.reachextra.com\/wp-content\/uploads\/2020\/06\/Fabia-Picardo-Gibraltar-Coronavirus-Campo-de-gibraltar.jpg","type":"","width":"","height":""}],"author":"ReachExtra","twitter_card":"summary_large_image","twitter_creator":"@reachextra","twitter_site":"@reachextra","twitter_misc":{"Escrito por":"ReachExtra","Tiempo de lectura":"9 minutos"},"schema":{"@context":"https:\/\/schema.org","@graph":[{"@type":"Article","@id":"https:\/\/reachextra.com\/es\/picardo-covid-recesion-relaciones\/#article","isPartOf":{"@id":"https:\/\/reachextra.com\/es\/picardo-covid-recesion-relaciones\/"},"author":{"name":"ReachExtra","@id":"https:\/\/reachextra.com\/es\/#\/schema\/person\/5bf8196030cf130091162668b52085df"},"headline":"Picardo nos habla de la reacci\u00f3n gibraltare\u00f1a al COVID, la recesi\u00f3n y relaciones transfronterizas","datePublished":"2020-06-25T14:22:28+00:00","dateModified":"2020-06-26T08:39:38+00:00","mainEntityOfPage":{"@id":"https:\/\/reachextra.com\/es\/picardo-covid-recesion-relaciones\/"},"wordCount":1907,"publisher":{"@id":"https:\/\/reachextra.com\/es\/#organization"},"image":{"@id":"https:\/\/reachextra.com\/es\/picardo-covid-recesion-relaciones\/#primaryimage"},"thumbnailUrl":"https:\/\/reachextra.com\/wp-content\/uploads\/2020\/06\/Fabia-Picardo-Gibraltar-Coronavirus-Campo-de-gibraltar.jpg","keywords":["Brexit","Campo de Gibraltar","cooperaci\u00f3n transfronteriza","Coronavirus","covid19","economia","entrevista","Fabian Picardo","Juan Franco","Negocio","Recesion","World Health Organization"],"articleSection":["Negocio","Pol\u00edtica","Tendencias"],"inLanguage":"es"},{"@type":"WebPage","@id":"https:\/\/reachextra.com\/es\/picardo-covid-recesion-relaciones\/","url":"https:\/\/reachextra.com\/es\/picardo-covid-recesion-relaciones\/","name":"Picardo nos habla de la reacci\u00f3n gibraltare\u00f1a al COVID, la recesi\u00f3n y relaciones transfronterizas","isPartOf":{"@id":"https:\/\/reachextra.com\/es\/#website"},"primaryImageOfPage":{"@id":"https:\/\/reachextra.com\/es\/picardo-covid-recesion-relaciones\/#primaryimage"},"image":{"@id":"https:\/\/reachextra.com\/es\/picardo-covid-recesion-relaciones\/#primaryimage"},"thumbnailUrl":"https:\/\/reachextra.com\/wp-content\/uploads\/2020\/06\/Fabia-Picardo-Gibraltar-Coronavirus-Campo-de-gibraltar.jpg","datePublished":"2020-06-25T14:22:28+00:00","dateModified":"2020-06-26T08:39:38+00:00","description":"Fabian Picardo explica las razones del \u00e9xito de la respuesta hasta la fecha al Covid19 en Gibraltar, c\u00f3mo piensa que la recesi\u00f3n...","breadcrumb":{"@id":"https:\/\/reachextra.com\/es\/picardo-covid-recesion-relaciones\/#breadcrumb"},"inLanguage":"es","potentialAction":[{"@type":"ReadAction","target":["https:\/\/reachextra.com\/es\/picardo-covid-recesion-relaciones\/"]}]},{"@type":"ImageObject","inLanguage":"es","@id":"https:\/\/reachextra.com\/es\/picardo-covid-recesion-relaciones\/#primaryimage","url":"https:\/\/reachextra.com\/wp-content\/uploads\/2020\/06\/Fabia-Picardo-Gibraltar-Coronavirus-Campo-de-gibraltar.jpg","contentUrl":"https:\/\/reachextra.com\/wp-content\/uploads\/2020\/06\/Fabia-Picardo-Gibraltar-Coronavirus-Campo-de-gibraltar.jpg","width":1200,"height":620,"caption":"Fabian Picardo Coronavirus Brexit Gibraltar Spain Recession"},{"@type":"BreadcrumbList","@id":"https:\/\/reachextra.com\/es\/picardo-covid-recesion-relaciones\/#breadcrumb","itemListElement":[{"@type":"ListItem","position":1,"name":"Home","item":"https:\/\/reachextra.com\/es\/"},{"@type":"ListItem","position":2,"name":"Tendencias","item":"https:\/\/reachextra.com\/es\/category\/tendencias\/"},{"@type":"ListItem","position":3,"name":"Picardo nos habla de la reacci\u00f3n gibraltare\u00f1a al COVID, la recesi\u00f3n y relaciones transfronterizas"}]},{"@type":"WebSite","@id":"https:\/\/reachextra.com\/es\/#website","url":"https:\/\/reachextra.com\/es\/","name":"ReachExtra","description":" Reach-Alcance en Espa\u00f1ol | Gibraltar | Campo de Gibraltar","publisher":{"@id":"https:\/\/reachextra.com\/es\/#organization"},"potentialAction":[{"@type":"SearchAction","target":{"@type":"EntryPoint","urlTemplate":"https:\/\/reachextra.com\/es\/?s={search_term_string}"},"query-input":{"@type":"PropertyValueSpecification","valueRequired":true,"valueName":"search_term_string"}}],"inLanguage":"es"},{"@type":"Organization","@id":"https:\/\/reachextra.com\/es\/#organization","name":"Reach-Alcance","url":"https:\/\/reachextra.com\/es\/","logo":{"@type":"ImageObject","inLanguage":"es","@id":"https:\/\/reachextra.com\/es\/#\/schema\/logo\/image\/","url":"https:\/\/www.reachextra.com\/wp-content\/uploads\/2018\/12\/Reach-Alcance-LOGO-HDPI.jpg","contentUrl":"https:\/\/www.reachextra.com\/wp-content\/uploads\/2018\/12\/Reach-Alcance-LOGO-HDPI.jpg","width":750,"height":474,"caption":"Reach-Alcance"},"image":{"@id":"https:\/\/reachextra.com\/es\/#\/schema\/logo\/image\/"},"sameAs":["http:\/\/www.facebook.com\/reachextra","https:\/\/x.com\/reachextra","http:\/\/reach.extra","https:\/\/www.linkedin.com\/company\/reach-alcance\/"]},{"@type":"Person","@id":"https:\/\/reachextra.com\/es\/#\/schema\/person\/5bf8196030cf130091162668b52085df","name":"ReachExtra","image":{"@type":"ImageObject","inLanguage":"es","@id":"https:\/\/reachextra.com\/es\/#\/schema\/person\/image\/","url":"https:\/\/secure.gravatar.com\/avatar\/11e9f37f3773887633d17fdf580220857b1599038456e2f031ce0efd2f41a394?s=96&d=mm&r=g","contentUrl":"https:\/\/secure.gravatar.com\/avatar\/11e9f37f3773887633d17fdf580220857b1599038456e2f031ce0efd2f41a394?s=96&d=mm&r=g","caption":"ReachExtra"},"sameAs":["http:\/\/www.reachextra.com"]}]}},"jetpack_featured_media_url":"https:\/\/reachextra.com\/wp-content\/uploads\/2020\/06\/Fabia-Picardo-Gibraltar-Coronavirus-Campo-de-gibraltar.jpg","wps_subtitle":"Chris Gomez ","jetpack_sharing_enabled":true,"_links":{"self":[{"href":"https:\/\/reachextra.com\/es\/wp-json\/wp\/v2\/posts\/14799","targetHints":{"allow":["GET"]}}],"collection":[{"href":"https:\/\/reachextra.com\/es\/wp-json\/wp\/v2\/posts"}],"about":[{"href":"https:\/\/reachextra.com\/es\/wp-json\/wp\/v2\/types\/post"}],"author":[{"embeddable":true,"href":"https:\/\/reachextra.com\/es\/wp-json\/wp\/v2\/users\/1"}],"replies":[{"embeddable":true,"href":"https:\/\/reachextra.com\/es\/wp-json\/wp\/v2\/comments?post=14799"}],"version-history":[{"count":3,"href":"https:\/\/reachextra.com\/es\/wp-json\/wp\/v2\/posts\/14799\/revisions"}],"predecessor-version":[{"id":14802,"href":"https:\/\/reachextra.com\/es\/wp-json\/wp\/v2\/posts\/14799\/revisions\/14802"}],"wp:featuredmedia":[{"embeddable":true,"href":"https:\/\/reachextra.com\/es\/wp-json\/wp\/v2\/media\/14785"}],"wp:attachment":[{"href":"https:\/\/reachextra.com\/es\/wp-json\/wp\/v2\/media?parent=14799"}],"wp:term":[{"taxonomy":"category","embeddable":true,"href":"https:\/\/reachextra.com\/es\/wp-json\/wp\/v2\/categories?post=14799"},{"taxonomy":"post_tag","embeddable":true,"href":"https:\/\/reachextra.com\/es\/wp-json\/wp\/v2\/tags?post=14799"},{"taxonomy":"adace-sponsor","embeddable":true,"href":"https:\/\/reachextra.com\/es\/wp-json\/wp\/v2\/adace-sponsor?post=14799"}],"curies":[{"name":"wp","href":"https:\/\/api.w.org\/{rel}","templated":true}]}}