{"id":11814,"date":"2019-09-13T10:09:01","date_gmt":"2019-09-13T08:09:01","guid":{"rendered":"https:\/\/www.reachextra.com\/padre-caldelas-enterrado-en-la-cripta-de-la-catedral-de-cadiz\/"},"modified":"2019-09-13T10:16:54","modified_gmt":"2019-09-13T08:16:54","slug":"padre-caldelas-enterrado-en-la-cripta-de-la-catedral-de-cadiz","status":"publish","type":"post","link":"https:\/\/reachextra.com\/es\/padre-caldelas-enterrado-en-la-cripta-de-la-catedral-de-cadiz\/","title":{"rendered":"Padre Caldelas es enterrado en la cripta de la catedral de C\u00e1diz"},"content":{"rendered":"\n<p><strong>El padre Caldelas es enterrado en la cripta de la catedral de C\u00e1diz cinco a\u00f1os despu\u00e9s de su fallecimiento<\/strong><\/p>\n\n\n\n<p>El pasado tres de agosto en un ambiente de gran solemnidad y recogimiento era enterrado en la preciosa cripta de la catedral de C\u00e1diz los restos del padre Rafael Caldelas, el mismo que durante casi medio siglo ilumin\u00f3 con su magisterio y su erudici\u00f3n la vida religiosa y cultural de San Roque.<\/p>\n\n\n\n<p>\u201cS\u00f3lo exist\u00eda el casco viejo de la poblaci\u00f3n, con sus casas derrumbadas, el barrio de la Color\u00e1 era ruina por todas partes. A la calle del Pic\u00f3n se le llamaba las calles de Cisco, porque s\u00f3lo ten\u00eda casarones\u201d.<\/p>\n\n\n\n<figure class=\"wp-block-image\"><img loading=\"lazy\" decoding=\"async\" width=\"664\" height=\"885\" src=\"https:\/\/www.reachextra.com\/wp-content\/uploads\/2019\/09\/Residencia1.jpg\" alt=\"Rafael Caldelas\" class=\"wp-image-11810\" srcset=\"https:\/\/reachextra.com\/wp-content\/uploads\/2019\/09\/Residencia1.jpg 664w, https:\/\/reachextra.com\/wp-content\/uploads\/2019\/09\/Residencia1-225x300.jpg 225w, https:\/\/reachextra.com\/wp-content\/uploads\/2019\/09\/Residencia1-561x748.jpg 561w, https:\/\/reachextra.com\/wp-content\/uploads\/2019\/09\/Residencia1-364x485.jpg 364w, https:\/\/reachextra.com\/wp-content\/uploads\/2019\/09\/Residencia1-608x810.jpg 608w, https:\/\/reachextra.com\/wp-content\/uploads\/2019\/09\/Residencia1-36x48.jpg 36w, https:\/\/reachextra.com\/wp-content\/uploads\/2019\/09\/Residencia1-72x96.jpg 72w, https:\/\/reachextra.com\/wp-content\/uploads\/2019\/09\/Residencia1-313x417.jpg 313w\" sizes=\"auto, (max-width: 664px) 100vw, 664px\" \/><figcaption><strong>Padre Rafael Caldelas <\/strong><\/figcaption><\/figure>\n\n\n\n<p>De esta manera narraba el sacerdote su llegada a San Roque, cuando apenas ten\u00eda 28 a\u00f1os, en 1948, al actual Cronista Oficial, Antonio P\u00e9rez Gir\u00f3n. En el mes de septiembre de 1990, 42 a\u00f1os despu\u00e9s, el Hijo Adoptivo (1971) y Medalla de Oro (2001) de San Roque, asist\u00eda a su forzada jubilaci\u00f3n en medio de unos emocionantes actos de homenaje. Casi medio siglo de vida en el que Caldelas fundi\u00f3 su compromiso humano con el cultural, produciendo una ingente producci\u00f3n literaria af\u00edn siempre al mundo religioso.<\/p>\n\n\n\n<p>Tanto fue su compromiso que fue nombrado Cronista Oficial desde 1976 a 1983.<\/p>\n\n\n\n<p>Parece que sobre el empedrado de la plaza de Armas a\u00fan resuena el caminar lento del sacerdote, siempre ataviado con su sotana reglamentaria, un poco a lo antiguo, pero adentr\u00e1ndose con su carisma en los m\u00e1s intrincados rincones de un pueblo al que am\u00f3 profundamente.   Hoy en d\u00eda a\u00fan los vecinos le recuerdan con alegr\u00eda. Mar\u00eda, una asidua de la parroquia de Santa Mar\u00eda la Coronada, el templo sanroque\u00f1o, recuerda la afabilidad del cura, \u201ca pesar de los a\u00f1os somos muchos los que le recordamos\u201d.<\/p>\n\n\n\n<figure class=\"wp-block-image\"><img loading=\"lazy\" decoding=\"async\" width=\"664\" height=\"443\" src=\"https:\/\/www.reachextra.com\/wp-content\/uploads\/2019\/09\/Padre-Caldelas-San-Roque-1.jpg\" alt=\"San Roque\" class=\"wp-image-11804\" srcset=\"https:\/\/reachextra.com\/wp-content\/uploads\/2019\/09\/Padre-Caldelas-San-Roque-1.jpg 664w, https:\/\/reachextra.com\/wp-content\/uploads\/2019\/09\/Padre-Caldelas-San-Roque-1-300x200.jpg 300w, https:\/\/reachextra.com\/wp-content\/uploads\/2019\/09\/Padre-Caldelas-San-Roque-1-180x120.jpg 180w, https:\/\/reachextra.com\/wp-content\/uploads\/2019\/09\/Padre-Caldelas-San-Roque-1-561x374.jpg 561w, https:\/\/reachextra.com\/wp-content\/uploads\/2019\/09\/Padre-Caldelas-San-Roque-1-364x243.jpg 364w, https:\/\/reachextra.com\/wp-content\/uploads\/2019\/09\/Padre-Caldelas-San-Roque-1-608x406.jpg 608w, https:\/\/reachextra.com\/wp-content\/uploads\/2019\/09\/Padre-Caldelas-San-Roque-1-72x48.jpg 72w, https:\/\/reachextra.com\/wp-content\/uploads\/2019\/09\/Padre-Caldelas-San-Roque-1-144x96.jpg 144w, https:\/\/reachextra.com\/wp-content\/uploads\/2019\/09\/Padre-Caldelas-San-Roque-1-313x209.jpg 313w\" sizes=\"auto, (max-width: 664px) 100vw, 664px\" \/><\/figure>\n\n\n\n<p>El 18 de abril de 2014, cinco d\u00edas despu\u00e9s de su fallecimiento en la residencia San Juan de Dios de C\u00e1diz, su sobrino Juan Cejudo, tambi\u00e9n sacerdote, escrib\u00eda de su t\u00edo en un blog personal:<\/p>\n\n\n\n<p>\u201cNo me cabe duda que mi t\u00edo ha vivido una vida intensa. Que ha sido fiel a su vocaci\u00f3n sacerdotal tal como \u00e9l la entend\u00eda y que en mucha gente ha dejado un muy buen sabor de boca. Ha llevado a cabo muchas obras de importancia en San Roque\u201d.<\/p>\n\n\n\n<p>Y era verdad. Este cura que llevaba como bandera el dar importancia a \u201clas peque\u00f1as cosas importantes\u201d, fallec\u00eda quince d\u00edas antes de cumplir los 99 a\u00f1os, siendo decano de los curas gaditanos al sumar 75 a\u00f1os de magisterio, la gran mayor\u00eda de ellos en el Campo de Gibraltar, puesto que a su larga estancia en San Roque hay que sumar tres a\u00f1os de magisterio en La L\u00ednea y otros en San Mart\u00edn del Tesorillo, su primer destino en la comarca.<\/p>\n\n\n\n<figure class=\"wp-block-image\"><img loading=\"lazy\" decoding=\"async\" width=\"664\" height=\"443\" src=\"https:\/\/www.reachextra.com\/wp-content\/uploads\/2019\/09\/Padre-Caldelas-San-Roque-3.jpg\" alt=\"Padre Rafael Caldelas\" class=\"wp-image-11806\" srcset=\"https:\/\/reachextra.com\/wp-content\/uploads\/2019\/09\/Padre-Caldelas-San-Roque-3.jpg 664w, https:\/\/reachextra.com\/wp-content\/uploads\/2019\/09\/Padre-Caldelas-San-Roque-3-300x200.jpg 300w, https:\/\/reachextra.com\/wp-content\/uploads\/2019\/09\/Padre-Caldelas-San-Roque-3-180x120.jpg 180w, https:\/\/reachextra.com\/wp-content\/uploads\/2019\/09\/Padre-Caldelas-San-Roque-3-561x374.jpg 561w, https:\/\/reachextra.com\/wp-content\/uploads\/2019\/09\/Padre-Caldelas-San-Roque-3-364x243.jpg 364w, https:\/\/reachextra.com\/wp-content\/uploads\/2019\/09\/Padre-Caldelas-San-Roque-3-608x406.jpg 608w, https:\/\/reachextra.com\/wp-content\/uploads\/2019\/09\/Padre-Caldelas-San-Roque-3-72x48.jpg 72w, https:\/\/reachextra.com\/wp-content\/uploads\/2019\/09\/Padre-Caldelas-San-Roque-3-144x96.jpg 144w, https:\/\/reachextra.com\/wp-content\/uploads\/2019\/09\/Padre-Caldelas-San-Roque-3-313x209.jpg 313w\" sizes=\"auto, (max-width: 664px) 100vw, 664px\" \/><\/figure>\n\n\n\n<p>Esta vida llena de compromisos su sustancio, cinco a\u00f1os despu\u00e9s de su muerte, en el traslado de sus restos a la cripta de la catedral de C\u00e1diz, donde descansan personajes tan destacados como Manuel de Falla o Jos\u00e9 Mar\u00eda Pem\u00e1n, as\u00ed como las reliquias incorruptas de la m\u00e1rtir romana Santa Victoria, cuyo rostro aparece cubierto por una mascarilla de cera.<\/p>\n\n\n\n<h2 class=\"wp-block-heading\">SU OBRA<\/h2>\n\n\n\n<figure class=\"wp-block-image\"><img loading=\"lazy\" decoding=\"async\" width=\"664\" height=\"443\" src=\"https:\/\/www.reachextra.com\/wp-content\/uploads\/2019\/09\/Padre-Caldelas-San-Roque-5.jpg\" alt=\"San Roque\" class=\"wp-image-11808\" srcset=\"https:\/\/reachextra.com\/wp-content\/uploads\/2019\/09\/Padre-Caldelas-San-Roque-5.jpg 664w, https:\/\/reachextra.com\/wp-content\/uploads\/2019\/09\/Padre-Caldelas-San-Roque-5-300x200.jpg 300w, https:\/\/reachextra.com\/wp-content\/uploads\/2019\/09\/Padre-Caldelas-San-Roque-5-180x120.jpg 180w, https:\/\/reachextra.com\/wp-content\/uploads\/2019\/09\/Padre-Caldelas-San-Roque-5-561x374.jpg 561w, https:\/\/reachextra.com\/wp-content\/uploads\/2019\/09\/Padre-Caldelas-San-Roque-5-364x243.jpg 364w, https:\/\/reachextra.com\/wp-content\/uploads\/2019\/09\/Padre-Caldelas-San-Roque-5-608x406.jpg 608w, https:\/\/reachextra.com\/wp-content\/uploads\/2019\/09\/Padre-Caldelas-San-Roque-5-72x48.jpg 72w, https:\/\/reachextra.com\/wp-content\/uploads\/2019\/09\/Padre-Caldelas-San-Roque-5-144x96.jpg 144w, https:\/\/reachextra.com\/wp-content\/uploads\/2019\/09\/Padre-Caldelas-San-Roque-5-313x209.jpg 313w\" sizes=\"auto, (max-width: 664px) 100vw, 664px\" \/><\/figure>\n\n\n\n<p>Durante su paso por San Roque el padre Caldelas realiz\u00f3 una ingente tarea social, destacando entre sus obras la cooperativa artesanal de la palma, el comedor infantil, la Casa Diocesana Cristo Rey, la escuela en la Sierra del Arca.<\/p>\n\n\n\n<p>La escuela parroquial, y emisora Radio Campa\u00f1a de Navidad. Restaura la ermita de San Roque y en1987 establece en Los Olivillos la parroquia de Sant\u00edsima Trinidad.<\/p>\n\n\n\n<p>Como investigador aport\u00f3 interesantes datos a la historia de la ciudad, como el hallazgo del primer documento referido al cabrero Sim\u00f3n Susarte, personaje de la historia de Gibraltar y San Roque. Desde 1950 a 1956 publica el Bolet\u00edn Parroquial. En 1985 fue nombrado socio de honor de la Agrupaci\u00f3n Art\u00edstica Familiar Sanroque\u00f1a.<\/p>\n\n\n\n<p>Public\u00f3 los libros \u2018Parroquia de Gibraltar en San Roque: Documentos 1462-1853 (1976)\u2019; \u2018Gibraltar en San Roque: cuaderno de notas actas capitulares 1706-1882 (1983)\u2019; \u2018Despertador (1988)\u2019, una biograf\u00eda del beato Fray Diego de C\u00e1diz;  \u2018Andar y rezar por casa (1989)\u2019; \u2018La Parroquia de Gibraltar en San Roque\u2019: \u2018Suplemento (1993)\u2019; \u2018El Beato Fray Diego Jos\u00e9 de C\u00e1diz: selecci\u00f3n de elogios, sermones, discursos, recuentos y celebraciones del centenario de la beatificaci\u00f3n (1998)\u2019 y El Conde de las Lomas. Parroquia de Gibraltar en San Roque: II suplemento (1999)\u2019<\/p>\n\n\n\n<p>El mismo confes\u00f3 que lo que le motivaba para escribir era \u201cservir a la familia humana, al pueblo de Dios, y muy especialmente, al pueblo de San Roque, de tan gratos recuerdos, que tuvo la gentileza y la generosidad de nombrarme Hijo Adoptivo\u00bb<\/p>\n\n\n\n<p><strong>El padre Caldelas es enterrado en la cripta de la catedral de C\u00e1diz cinco a\u00f1os despu\u00e9s de su fallecimiento<\/strong><\/p>\n","protected":false},"excerpt":{"rendered":"<p>El pasado tres de agosto en un ambiente de gran solemnidad y recogimiento era enterrado en la preciosa cripta de la catedral de C\u00e1diz los restos del padre Rafael Caldelas&#8230;. <a class=\"g1-link g1-link-more\" href=\"https:\/\/reachextra.com\/es\/padre-caldelas-enterrado-en-la-cripta-de-la-catedral-de-cadiz\/\">More<\/a><\/p>\n","protected":false},"author":1,"featured_media":11803,"comment_status":"closed","ping_status":"closed","sticky":false,"template":"","format":"standard","meta":{"_jetpack_memberships_contains_paid_content":false,"footnotes":""},"categories":[226],"tags":[390,400,7796,246,207,7787,7795,7786,7794,7429,7436,392,402],"adace-sponsor":[],"class_list":{"0":"post-11814","1":"post","2":"type-post","3":"status-publish","4":"format-standard","5":"has-post-thumbnail","7":"category-noticias-es","8":"tag-cadiz","9":"tag-cadiz-es","10":"tag-cristianismo","11":"tag-martin-serrano-es","12":"tag-martin-serrano","13":"tag-padre-caldelas","14":"tag-padre-caldelas-es","15":"tag-rafael-caldelas","16":"tag-rafael-caldelas-es","17":"tag-religion","18":"tag-religion-es","19":"tag-san-roque","20":"tag-san-roque-es"},"yoast_head":"<!-- This site is optimized with the Yoast SEO Premium plugin v19.5 (Yoast SEO v26.7) - https:\/\/yoast.com\/wordpress\/plugins\/seo\/ -->\n<title>Padre Caldelas es enterrado en la cripta de la catedral de C\u00e1diz - ReachExtra<\/title>\n<meta name=\"description\" content=\"El pasado tres de agosto en un ambiente de gran solemnidad y recogimiento era enterrado en la preciosa cripta de la catedral de C\u00e1diz los restos del padre Rafael Caldelas....\" \/>\n<meta name=\"robots\" content=\"index, follow, max-snippet:-1, max-image-preview:large, max-video-preview:-1\" \/>\n<link rel=\"canonical\" href=\"https:\/\/reachextra.com\/es\/padre-caldelas-enterrado-en-la-cripta-de-la-catedral-de-cadiz\/\" \/>\n<meta property=\"og:locale\" content=\"es_ES\" \/>\n<meta property=\"og:type\" content=\"article\" \/>\n<meta property=\"og:title\" content=\"Padre Caldelas es enterrado en la cripta de la catedral de C\u00e1diz\" \/>\n<meta property=\"og:description\" content=\"El pasado tres de agosto en un ambiente de gran solemnidad y recogimiento era enterrado en la preciosa cripta de la catedral de C\u00e1diz los restos del padre Rafael Caldelas....\" \/>\n<meta property=\"og:url\" content=\"https:\/\/reachextra.com\/es\/padre-caldelas-enterrado-en-la-cripta-de-la-catedral-de-cadiz\/\" \/>\n<meta property=\"og:site_name\" content=\"ReachExtra\" \/>\n<meta property=\"article:publisher\" content=\"http:\/\/www.facebook.com\/reachextra\" \/>\n<meta property=\"article:published_time\" content=\"2019-09-13T08:09:01+00:00\" \/>\n<meta property=\"article:modified_time\" content=\"2019-09-13T08:16:54+00:00\" \/>\n<meta property=\"og:image\" content=\"https:\/\/reachextra.com\/wp-content\/uploads\/2019\/09\/Padre-Caldelas-San-Roque.jpg\" \/>\n\t<meta property=\"og:image:width\" content=\"1220\" \/>\n\t<meta property=\"og:image:height\" content=\"640\" \/>\n\t<meta property=\"og:image:type\" content=\"image\/jpeg\" \/>\n<meta name=\"author\" content=\"ReachExtra\" \/>\n<meta name=\"twitter:card\" content=\"summary_large_image\" \/>\n<meta name=\"twitter:creator\" content=\"@reachextra\" \/>\n<meta name=\"twitter:site\" content=\"@reachextra\" \/>\n<meta name=\"twitter:label1\" content=\"Escrito por\" \/>\n\t<meta name=\"twitter:data1\" content=\"ReachExtra\" \/>\n\t<meta name=\"twitter:label2\" content=\"Tiempo de lectura\" \/>\n\t<meta name=\"twitter:data2\" content=\"4 minutos\" \/>\n<script type=\"application\/ld+json\" class=\"yoast-schema-graph\">{\"@context\":\"https:\/\/schema.org\",\"@graph\":[{\"@type\":\"Article\",\"@id\":\"https:\/\/reachextra.com\/es\/padre-caldelas-enterrado-en-la-cripta-de-la-catedral-de-cadiz\/#article\",\"isPartOf\":{\"@id\":\"https:\/\/reachextra.com\/es\/padre-caldelas-enterrado-en-la-cripta-de-la-catedral-de-cadiz\/\"},\"author\":{\"name\":\"ReachExtra\",\"@id\":\"https:\/\/reachextra.com\/es\/#\/schema\/person\/5bf8196030cf130091162668b52085df\"},\"headline\":\"Padre Caldelas es enterrado en la cripta de la catedral de C\u00e1diz\",\"datePublished\":\"2019-09-13T08:09:01+00:00\",\"dateModified\":\"2019-09-13T08:16:54+00:00\",\"mainEntityOfPage\":{\"@id\":\"https:\/\/reachextra.com\/es\/padre-caldelas-enterrado-en-la-cripta-de-la-catedral-de-cadiz\/\"},\"wordCount\":846,\"publisher\":{\"@id\":\"https:\/\/reachextra.com\/es\/#organization\"},\"image\":{\"@id\":\"https:\/\/reachextra.com\/es\/padre-caldelas-enterrado-en-la-cripta-de-la-catedral-de-cadiz\/#primaryimage\"},\"thumbnailUrl\":\"https:\/\/reachextra.com\/wp-content\/uploads\/2019\/09\/Padre-Caldelas-San-Roque.jpg\",\"keywords\":[\"Cadiz\",\"Cadiz\",\"cristianismo\",\"martin serrano\",\"martin serrano\",\"Padre Caldelas\",\"Padre Caldelas\",\"Rafael Caldelas\",\"Rafael Caldelas\",\"Religion\",\"religi\u00f3n\",\"San Roque\",\"San Roque\"],\"articleSection\":[\"Noticias\"],\"inLanguage\":\"es\"},{\"@type\":\"WebPage\",\"@id\":\"https:\/\/reachextra.com\/es\/padre-caldelas-enterrado-en-la-cripta-de-la-catedral-de-cadiz\/\",\"url\":\"https:\/\/reachextra.com\/es\/padre-caldelas-enterrado-en-la-cripta-de-la-catedral-de-cadiz\/\",\"name\":\"Padre Caldelas es enterrado en la cripta de la catedral de C\u00e1diz - ReachExtra\",\"isPartOf\":{\"@id\":\"https:\/\/reachextra.com\/es\/#website\"},\"primaryImageOfPage\":{\"@id\":\"https:\/\/reachextra.com\/es\/padre-caldelas-enterrado-en-la-cripta-de-la-catedral-de-cadiz\/#primaryimage\"},\"image\":{\"@id\":\"https:\/\/reachextra.com\/es\/padre-caldelas-enterrado-en-la-cripta-de-la-catedral-de-cadiz\/#primaryimage\"},\"thumbnailUrl\":\"https:\/\/reachextra.com\/wp-content\/uploads\/2019\/09\/Padre-Caldelas-San-Roque.jpg\",\"datePublished\":\"2019-09-13T08:09:01+00:00\",\"dateModified\":\"2019-09-13T08:16:54+00:00\",\"description\":\"El pasado tres de agosto en un ambiente de gran solemnidad y recogimiento era enterrado en la preciosa cripta de la catedral de C\u00e1diz los restos del padre Rafael Caldelas....\",\"breadcrumb\":{\"@id\":\"https:\/\/reachextra.com\/es\/padre-caldelas-enterrado-en-la-cripta-de-la-catedral-de-cadiz\/#breadcrumb\"},\"inLanguage\":\"es\",\"potentialAction\":[{\"@type\":\"ReadAction\",\"target\":[\"https:\/\/reachextra.com\/es\/padre-caldelas-enterrado-en-la-cripta-de-la-catedral-de-cadiz\/\"]}]},{\"@type\":\"ImageObject\",\"inLanguage\":\"es\",\"@id\":\"https:\/\/reachextra.com\/es\/padre-caldelas-enterrado-en-la-cripta-de-la-catedral-de-cadiz\/#primaryimage\",\"url\":\"https:\/\/reachextra.com\/wp-content\/uploads\/2019\/09\/Padre-Caldelas-San-Roque.jpg\",\"contentUrl\":\"https:\/\/reachextra.com\/wp-content\/uploads\/2019\/09\/Padre-Caldelas-San-Roque.jpg\",\"width\":1220,\"height\":640,\"caption\":\"Padre Caldelas Catedral de Cadiz\"},{\"@type\":\"BreadcrumbList\",\"@id\":\"https:\/\/reachextra.com\/es\/padre-caldelas-enterrado-en-la-cripta-de-la-catedral-de-cadiz\/#breadcrumb\",\"itemListElement\":[{\"@type\":\"ListItem\",\"position\":1,\"name\":\"Home\",\"item\":\"https:\/\/reachextra.com\/es\/\"},{\"@type\":\"ListItem\",\"position\":2,\"name\":\"Noticias\",\"item\":\"https:\/\/reachextra.com\/es\/category\/noticias-es\/\"},{\"@type\":\"ListItem\",\"position\":3,\"name\":\"Padre Caldelas es enterrado en la cripta de la catedral de C\u00e1diz\"}]},{\"@type\":\"WebSite\",\"@id\":\"https:\/\/reachextra.com\/es\/#website\",\"url\":\"https:\/\/reachextra.com\/es\/\",\"name\":\"ReachExtra\",\"description\":\" Reach-Alcance en Espa\u00f1ol | Gibraltar | Campo de Gibraltar\",\"publisher\":{\"@id\":\"https:\/\/reachextra.com\/es\/#organization\"},\"potentialAction\":[{\"@type\":\"SearchAction\",\"target\":{\"@type\":\"EntryPoint\",\"urlTemplate\":\"https:\/\/reachextra.com\/es\/?s={search_term_string}\"},\"query-input\":{\"@type\":\"PropertyValueSpecification\",\"valueRequired\":true,\"valueName\":\"search_term_string\"}}],\"inLanguage\":\"es\"},{\"@type\":\"Organization\",\"@id\":\"https:\/\/reachextra.com\/es\/#organization\",\"name\":\"Reach-Alcance\",\"url\":\"https:\/\/reachextra.com\/es\/\",\"logo\":{\"@type\":\"ImageObject\",\"inLanguage\":\"es\",\"@id\":\"https:\/\/reachextra.com\/es\/#\/schema\/logo\/image\/\",\"url\":\"https:\/\/www.reachextra.com\/wp-content\/uploads\/2018\/12\/Reach-Alcance-LOGO-HDPI.jpg\",\"contentUrl\":\"https:\/\/www.reachextra.com\/wp-content\/uploads\/2018\/12\/Reach-Alcance-LOGO-HDPI.jpg\",\"width\":750,\"height\":474,\"caption\":\"Reach-Alcance\"},\"image\":{\"@id\":\"https:\/\/reachextra.com\/es\/#\/schema\/logo\/image\/\"},\"sameAs\":[\"http:\/\/www.facebook.com\/reachextra\",\"https:\/\/x.com\/reachextra\",\"http:\/\/reach.extra\",\"https:\/\/www.linkedin.com\/company\/reach-alcance\/\"]},{\"@type\":\"Person\",\"@id\":\"https:\/\/reachextra.com\/es\/#\/schema\/person\/5bf8196030cf130091162668b52085df\",\"name\":\"ReachExtra\",\"image\":{\"@type\":\"ImageObject\",\"inLanguage\":\"es\",\"@id\":\"https:\/\/reachextra.com\/es\/#\/schema\/person\/image\/\",\"url\":\"https:\/\/secure.gravatar.com\/avatar\/11e9f37f3773887633d17fdf580220857b1599038456e2f031ce0efd2f41a394?s=96&d=mm&r=g\",\"contentUrl\":\"https:\/\/secure.gravatar.com\/avatar\/11e9f37f3773887633d17fdf580220857b1599038456e2f031ce0efd2f41a394?s=96&d=mm&r=g\",\"caption\":\"ReachExtra\"},\"sameAs\":[\"http:\/\/www.reachextra.com\"]}]}<\/script>\n<!-- \/ Yoast SEO Premium plugin. -->","yoast_head_json":{"title":"Padre Caldelas es enterrado en la cripta de la catedral de C\u00e1diz - ReachExtra","description":"El pasado tres de agosto en un ambiente de gran solemnidad y recogimiento era enterrado en la preciosa cripta de la catedral de C\u00e1diz los restos del padre Rafael Caldelas....","robots":{"index":"index","follow":"follow","max-snippet":"max-snippet:-1","max-image-preview":"max-image-preview:large","max-video-preview":"max-video-preview:-1"},"canonical":"https:\/\/reachextra.com\/es\/padre-caldelas-enterrado-en-la-cripta-de-la-catedral-de-cadiz\/","og_locale":"es_ES","og_type":"article","og_title":"Padre Caldelas es enterrado en la cripta de la catedral de C\u00e1diz","og_description":"El pasado tres de agosto en un ambiente de gran solemnidad y recogimiento era enterrado en la preciosa cripta de la catedral de C\u00e1diz los restos del padre Rafael Caldelas....","og_url":"https:\/\/reachextra.com\/es\/padre-caldelas-enterrado-en-la-cripta-de-la-catedral-de-cadiz\/","og_site_name":"ReachExtra","article_publisher":"http:\/\/www.facebook.com\/reachextra","article_published_time":"2019-09-13T08:09:01+00:00","article_modified_time":"2019-09-13T08:16:54+00:00","og_image":[{"width":1220,"height":640,"url":"https:\/\/reachextra.com\/wp-content\/uploads\/2019\/09\/Padre-Caldelas-San-Roque.jpg","type":"image\/jpeg"}],"author":"ReachExtra","twitter_card":"summary_large_image","twitter_creator":"@reachextra","twitter_site":"@reachextra","twitter_misc":{"Escrito por":"ReachExtra","Tiempo de lectura":"4 minutos"},"schema":{"@context":"https:\/\/schema.org","@graph":[{"@type":"Article","@id":"https:\/\/reachextra.com\/es\/padre-caldelas-enterrado-en-la-cripta-de-la-catedral-de-cadiz\/#article","isPartOf":{"@id":"https:\/\/reachextra.com\/es\/padre-caldelas-enterrado-en-la-cripta-de-la-catedral-de-cadiz\/"},"author":{"name":"ReachExtra","@id":"https:\/\/reachextra.com\/es\/#\/schema\/person\/5bf8196030cf130091162668b52085df"},"headline":"Padre Caldelas es enterrado en la cripta de la catedral de C\u00e1diz","datePublished":"2019-09-13T08:09:01+00:00","dateModified":"2019-09-13T08:16:54+00:00","mainEntityOfPage":{"@id":"https:\/\/reachextra.com\/es\/padre-caldelas-enterrado-en-la-cripta-de-la-catedral-de-cadiz\/"},"wordCount":846,"publisher":{"@id":"https:\/\/reachextra.com\/es\/#organization"},"image":{"@id":"https:\/\/reachextra.com\/es\/padre-caldelas-enterrado-en-la-cripta-de-la-catedral-de-cadiz\/#primaryimage"},"thumbnailUrl":"https:\/\/reachextra.com\/wp-content\/uploads\/2019\/09\/Padre-Caldelas-San-Roque.jpg","keywords":["Cadiz","Cadiz","cristianismo","martin serrano","martin serrano","Padre Caldelas","Padre Caldelas","Rafael Caldelas","Rafael Caldelas","Religion","religi\u00f3n","San Roque","San Roque"],"articleSection":["Noticias"],"inLanguage":"es"},{"@type":"WebPage","@id":"https:\/\/reachextra.com\/es\/padre-caldelas-enterrado-en-la-cripta-de-la-catedral-de-cadiz\/","url":"https:\/\/reachextra.com\/es\/padre-caldelas-enterrado-en-la-cripta-de-la-catedral-de-cadiz\/","name":"Padre Caldelas es enterrado en la cripta de la catedral de C\u00e1diz - ReachExtra","isPartOf":{"@id":"https:\/\/reachextra.com\/es\/#website"},"primaryImageOfPage":{"@id":"https:\/\/reachextra.com\/es\/padre-caldelas-enterrado-en-la-cripta-de-la-catedral-de-cadiz\/#primaryimage"},"image":{"@id":"https:\/\/reachextra.com\/es\/padre-caldelas-enterrado-en-la-cripta-de-la-catedral-de-cadiz\/#primaryimage"},"thumbnailUrl":"https:\/\/reachextra.com\/wp-content\/uploads\/2019\/09\/Padre-Caldelas-San-Roque.jpg","datePublished":"2019-09-13T08:09:01+00:00","dateModified":"2019-09-13T08:16:54+00:00","description":"El pasado tres de agosto en un ambiente de gran solemnidad y recogimiento era enterrado en la preciosa cripta de la catedral de C\u00e1diz los restos del padre Rafael Caldelas....","breadcrumb":{"@id":"https:\/\/reachextra.com\/es\/padre-caldelas-enterrado-en-la-cripta-de-la-catedral-de-cadiz\/#breadcrumb"},"inLanguage":"es","potentialAction":[{"@type":"ReadAction","target":["https:\/\/reachextra.com\/es\/padre-caldelas-enterrado-en-la-cripta-de-la-catedral-de-cadiz\/"]}]},{"@type":"ImageObject","inLanguage":"es","@id":"https:\/\/reachextra.com\/es\/padre-caldelas-enterrado-en-la-cripta-de-la-catedral-de-cadiz\/#primaryimage","url":"https:\/\/reachextra.com\/wp-content\/uploads\/2019\/09\/Padre-Caldelas-San-Roque.jpg","contentUrl":"https:\/\/reachextra.com\/wp-content\/uploads\/2019\/09\/Padre-Caldelas-San-Roque.jpg","width":1220,"height":640,"caption":"Padre Caldelas Catedral de Cadiz"},{"@type":"BreadcrumbList","@id":"https:\/\/reachextra.com\/es\/padre-caldelas-enterrado-en-la-cripta-de-la-catedral-de-cadiz\/#breadcrumb","itemListElement":[{"@type":"ListItem","position":1,"name":"Home","item":"https:\/\/reachextra.com\/es\/"},{"@type":"ListItem","position":2,"name":"Noticias","item":"https:\/\/reachextra.com\/es\/category\/noticias-es\/"},{"@type":"ListItem","position":3,"name":"Padre Caldelas es enterrado en la cripta de la catedral de C\u00e1diz"}]},{"@type":"WebSite","@id":"https:\/\/reachextra.com\/es\/#website","url":"https:\/\/reachextra.com\/es\/","name":"ReachExtra","description":" Reach-Alcance en Espa\u00f1ol | Gibraltar | Campo de Gibraltar","publisher":{"@id":"https:\/\/reachextra.com\/es\/#organization"},"potentialAction":[{"@type":"SearchAction","target":{"@type":"EntryPoint","urlTemplate":"https:\/\/reachextra.com\/es\/?s={search_term_string}"},"query-input":{"@type":"PropertyValueSpecification","valueRequired":true,"valueName":"search_term_string"}}],"inLanguage":"es"},{"@type":"Organization","@id":"https:\/\/reachextra.com\/es\/#organization","name":"Reach-Alcance","url":"https:\/\/reachextra.com\/es\/","logo":{"@type":"ImageObject","inLanguage":"es","@id":"https:\/\/reachextra.com\/es\/#\/schema\/logo\/image\/","url":"https:\/\/www.reachextra.com\/wp-content\/uploads\/2018\/12\/Reach-Alcance-LOGO-HDPI.jpg","contentUrl":"https:\/\/www.reachextra.com\/wp-content\/uploads\/2018\/12\/Reach-Alcance-LOGO-HDPI.jpg","width":750,"height":474,"caption":"Reach-Alcance"},"image":{"@id":"https:\/\/reachextra.com\/es\/#\/schema\/logo\/image\/"},"sameAs":["http:\/\/www.facebook.com\/reachextra","https:\/\/x.com\/reachextra","http:\/\/reach.extra","https:\/\/www.linkedin.com\/company\/reach-alcance\/"]},{"@type":"Person","@id":"https:\/\/reachextra.com\/es\/#\/schema\/person\/5bf8196030cf130091162668b52085df","name":"ReachExtra","image":{"@type":"ImageObject","inLanguage":"es","@id":"https:\/\/reachextra.com\/es\/#\/schema\/person\/image\/","url":"https:\/\/secure.gravatar.com\/avatar\/11e9f37f3773887633d17fdf580220857b1599038456e2f031ce0efd2f41a394?s=96&d=mm&r=g","contentUrl":"https:\/\/secure.gravatar.com\/avatar\/11e9f37f3773887633d17fdf580220857b1599038456e2f031ce0efd2f41a394?s=96&d=mm&r=g","caption":"ReachExtra"},"sameAs":["http:\/\/www.reachextra.com"]}]}},"jetpack_featured_media_url":"https:\/\/reachextra.com\/wp-content\/uploads\/2019\/09\/Padre-Caldelas-San-Roque.jpg","wps_subtitle":"Mart\u00edn Serrano \u00b7 Fotos: Fran Montes\/Juan Cejudo","jetpack_sharing_enabled":true,"_links":{"self":[{"href":"https:\/\/reachextra.com\/es\/wp-json\/wp\/v2\/posts\/11814","targetHints":{"allow":["GET"]}}],"collection":[{"href":"https:\/\/reachextra.com\/es\/wp-json\/wp\/v2\/posts"}],"about":[{"href":"https:\/\/reachextra.com\/es\/wp-json\/wp\/v2\/types\/post"}],"author":[{"embeddable":true,"href":"https:\/\/reachextra.com\/es\/wp-json\/wp\/v2\/users\/1"}],"replies":[{"embeddable":true,"href":"https:\/\/reachextra.com\/es\/wp-json\/wp\/v2\/comments?post=11814"}],"version-history":[{"count":3,"href":"https:\/\/reachextra.com\/es\/wp-json\/wp\/v2\/posts\/11814\/revisions"}],"predecessor-version":[{"id":11817,"href":"https:\/\/reachextra.com\/es\/wp-json\/wp\/v2\/posts\/11814\/revisions\/11817"}],"wp:featuredmedia":[{"embeddable":true,"href":"https:\/\/reachextra.com\/es\/wp-json\/wp\/v2\/media\/11803"}],"wp:attachment":[{"href":"https:\/\/reachextra.com\/es\/wp-json\/wp\/v2\/media?parent=11814"}],"wp:term":[{"taxonomy":"category","embeddable":true,"href":"https:\/\/reachextra.com\/es\/wp-json\/wp\/v2\/categories?post=11814"},{"taxonomy":"post_tag","embeddable":true,"href":"https:\/\/reachextra.com\/es\/wp-json\/wp\/v2\/tags?post=11814"},{"taxonomy":"adace-sponsor","embeddable":true,"href":"https:\/\/reachextra.com\/es\/wp-json\/wp\/v2\/adace-sponsor?post=11814"}],"curies":[{"name":"wp","href":"https:\/\/api.w.org\/{rel}","templated":true}]}}