{"id":11581,"date":"2019-08-27T12:41:18","date_gmt":"2019-08-27T10:41:18","guid":{"rendered":"https:\/\/www.reachextra.com\/entrevista-al-escritor-francisco-diaz-valladares\/"},"modified":"2019-08-27T12:49:47","modified_gmt":"2019-08-27T10:49:47","slug":"entrevista-al-escritor-francisco-diaz-valladares","status":"publish","type":"post","link":"https:\/\/reachextra.com\/es\/entrevista-al-escritor-francisco-diaz-valladares\/","title":{"rendered":"Entrevista al escritor Francisco D\u00edaz Valladares"},"content":{"rendered":"\n<p><strong>Entrevista al escritor Francisco D\u00edaz Valladares: \u201cEscribir para j\u00f3venes es muy gratificante. Es vivir las aventuras que estaban en mi cabeza cuando ten\u00eda su edad\u201d<\/strong><\/p>\n\n\n\n<p>La inmersi\u00f3n en la literatura fue tard\u00eda pero muy fruct\u00edfera. Hizo historia con la primera novela coescrita por internet y, tras varios libros, se adentr\u00f3 en la literatura juvenil, donde ha triunfado.<\/p>\n\n\n\n<p>Linense de adopci\u00f3n, se ha convertido en un referente en la literatura juvenil con m\u00e1s de 20 libros a sus espaldas. No para de cosechar premios, entre ellos el XXV Premio Edeb\u00e9 de Literatura Infantil y Juvenil por Tras la sombra del brujo.<\/p>\n\n\n\n<figure class=\"wp-block-image\"><img loading=\"lazy\" decoding=\"async\" width=\"664\" height=\"885\" src=\"https:\/\/www.reachextra.com\/wp-content\/uploads\/2019\/08\/FRANCISCO-D\u00cdAZ-VALLADARES-2.jpg\" alt=\"FRANCISCO D\u00cdAZ VALLADARES WRITER\" class=\"wp-image-11569\" srcset=\"https:\/\/reachextra.com\/wp-content\/uploads\/2019\/08\/FRANCISCO-D\u00cdAZ-VALLADARES-2.jpg 664w, https:\/\/reachextra.com\/wp-content\/uploads\/2019\/08\/FRANCISCO-D\u00cdAZ-VALLADARES-2-225x300.jpg 225w, https:\/\/reachextra.com\/wp-content\/uploads\/2019\/08\/FRANCISCO-D\u00cdAZ-VALLADARES-2-561x748.jpg 561w, https:\/\/reachextra.com\/wp-content\/uploads\/2019\/08\/FRANCISCO-D\u00cdAZ-VALLADARES-2-364x485.jpg 364w, https:\/\/reachextra.com\/wp-content\/uploads\/2019\/08\/FRANCISCO-D\u00cdAZ-VALLADARES-2-608x810.jpg 608w, https:\/\/reachextra.com\/wp-content\/uploads\/2019\/08\/FRANCISCO-D\u00cdAZ-VALLADARES-2-36x48.jpg 36w, https:\/\/reachextra.com\/wp-content\/uploads\/2019\/08\/FRANCISCO-D\u00cdAZ-VALLADARES-2-72x96.jpg 72w, https:\/\/reachextra.com\/wp-content\/uploads\/2019\/08\/FRANCISCO-D\u00cdAZ-VALLADARES-2-313x417.jpg 313w\" sizes=\"auto, (max-width: 664px) 100vw, 664px\" \/><\/figure>\n\n\n\n<h4 class=\"wp-block-heading\">Hizo historia con Pasiones Virtuales, el primer libro coescrito por internet con otra autora. \u00bfC\u00f3mo se gest\u00f3 aquella maravillosa aventura? <\/h4>\n\n\n\n<p>Fue un reto. Contact\u00e9 con Rosa Mar\u00eda Gonz\u00e1lez en internet y le propuse escribir una novela juntos. No nos conoc\u00edamos de nada. Ni siquiera hab\u00edamos hablado por tel\u00e9fono. \u201cImposible\u201d. \u00c9sta fue su respuesta. A la ma\u00f1ana siguiente -me pas\u00e9 toda la noche escribiendo-, le hab\u00eda enviado por email el primer cap\u00edtulo y el esbozo del segundo. Y es que, a m\u00ed, la palabra \u201cimposible\u201d me pone las pilas. <\/p>\n\n\n\n<h4 class=\"wp-block-heading\">\u00bfSe le pas\u00f3 entonces por la imaginaci\u00f3n que se convertir\u00eda en escritor? <\/h4>\n\n\n\n<p>Para nada, pero cuando tuve en mis manos las galeradas de la novela, algo se removi\u00f3 en el est\u00f3mago. Me gust\u00f3 ver impresa la historia que hab\u00eda creado mi cabeza. Al d\u00eda siguiente ya estaba gest\u00e1ndose en mi imaginaci\u00f3n la segunda.<\/p>\n\n\n\n<p>Tras esa primera incursi\u00f3n llegaron m\u00e1s obras\u2026 Claro. La barca del pan, El ta\u00f1ido del la\u00fad, que despu\u00e9s se convertir\u00eda en La venganza de los museilines\u2026<\/p>\n\n\n\n<h4 class=\"wp-block-heading\">Y luego, su gran triunfo, la literatura juvenil\u2026 <\/h4>\n\n\n\n<figure class=\"wp-block-image\"><img loading=\"lazy\" decoding=\"async\" width=\"664\" height=\"498\" src=\"https:\/\/www.reachextra.com\/wp-content\/uploads\/2019\/08\/FRANCISCO-D\u00cdAZ-VALLADARES-3.jpg\" alt=\"\" class=\"wp-image-11571\" srcset=\"https:\/\/reachextra.com\/wp-content\/uploads\/2019\/08\/FRANCISCO-D\u00cdAZ-VALLADARES-3.jpg 664w, https:\/\/reachextra.com\/wp-content\/uploads\/2019\/08\/FRANCISCO-D\u00cdAZ-VALLADARES-3-300x225.jpg 300w, https:\/\/reachextra.com\/wp-content\/uploads\/2019\/08\/FRANCISCO-D\u00cdAZ-VALLADARES-3-192x144.jpg 192w, https:\/\/reachextra.com\/wp-content\/uploads\/2019\/08\/FRANCISCO-D\u00cdAZ-VALLADARES-3-384x288.jpg 384w, https:\/\/reachextra.com\/wp-content\/uploads\/2019\/08\/FRANCISCO-D\u00cdAZ-VALLADARES-3-90x67.jpg 90w, https:\/\/reachextra.com\/wp-content\/uploads\/2019\/08\/FRANCISCO-D\u00cdAZ-VALLADARES-3-180x135.jpg 180w, https:\/\/reachextra.com\/wp-content\/uploads\/2019\/08\/FRANCISCO-D\u00cdAZ-VALLADARES-3-561x421.jpg 561w, https:\/\/reachextra.com\/wp-content\/uploads\/2019\/08\/FRANCISCO-D\u00cdAZ-VALLADARES-3-364x273.jpg 364w, https:\/\/reachextra.com\/wp-content\/uploads\/2019\/08\/FRANCISCO-D\u00cdAZ-VALLADARES-3-608x456.jpg 608w, https:\/\/reachextra.com\/wp-content\/uploads\/2019\/08\/FRANCISCO-D\u00cdAZ-VALLADARES-3-64x48.jpg 64w, https:\/\/reachextra.com\/wp-content\/uploads\/2019\/08\/FRANCISCO-D\u00cdAZ-VALLADARES-3-128x96.jpg 128w, https:\/\/reachextra.com\/wp-content\/uploads\/2019\/08\/FRANCISCO-D\u00cdAZ-VALLADARES-3-313x235.jpg 313w\" sizes=\"auto, (max-width: 664px) 100vw, 664px\" \/><\/figure>\n\n\n\n<p>S\u00ed. Ah\u00ed empec\u00e9 a sentirme agusto escribiendo y a ser conocido. Escribir para j\u00f3venes es realmente gratificante. Es vivir las aventuras que estaban en mi cabeza cuando ten\u00eda la edad de ellos.<\/p>\n\n\n\n<h4 class=\"wp-block-heading\">\u00bfCu\u00e1ntos libros ha escrito ya para este p\u00fablico? <\/h4>\n\n\n\n<p>Unos veinte.<\/p>\n\n\n\n<h4 class=\"wp-block-heading\">\u00bfC\u00f3mo ha logrado esa conexi\u00f3n con unos lectores tan exigentes? <\/h4>\n\n\n\n<p>Poni\u00e9ndome en su piel. Bajando hasta ellos y pensando que alguien est\u00e1 escribiendo para m\u00ed. Tampoco tengo que hacer mucho esfuerzo porque a\u00fan soy un chiquillo que, cada ma\u00f1ana, cuando se sienta ante el ordenador, se ve reflejado en el lector que lee lo que escribo. \u00a1Odio la palabra madurez! Suena a pasado, a algo que est\u00e1 a punto de caer al suelo para ser enterrado de un pisot\u00f3n. Me gusta lo verde, lo vivo, lo que est\u00e1 a\u00fan por florecer. <\/p>\n\n\n\n<h4 class=\"wp-block-heading\">\u00bfQu\u00e9 temas trata para atraparlos? <\/h4>\n\n\n\n<figure class=\"wp-block-image\"><img loading=\"lazy\" decoding=\"async\" width=\"664\" height=\"885\" src=\"https:\/\/www.reachextra.com\/wp-content\/uploads\/2019\/08\/FRANCISCO-D\u00cdAZ-VALLADARES-5.jpg\" alt=\"FRANCISCO D\u00cdAZ VALLADARES quique y los caballeros de negro\" class=\"wp-image-11575\" srcset=\"https:\/\/reachextra.com\/wp-content\/uploads\/2019\/08\/FRANCISCO-D\u00cdAZ-VALLADARES-5.jpg 664w, https:\/\/reachextra.com\/wp-content\/uploads\/2019\/08\/FRANCISCO-D\u00cdAZ-VALLADARES-5-225x300.jpg 225w, https:\/\/reachextra.com\/wp-content\/uploads\/2019\/08\/FRANCISCO-D\u00cdAZ-VALLADARES-5-561x748.jpg 561w, https:\/\/reachextra.com\/wp-content\/uploads\/2019\/08\/FRANCISCO-D\u00cdAZ-VALLADARES-5-364x485.jpg 364w, https:\/\/reachextra.com\/wp-content\/uploads\/2019\/08\/FRANCISCO-D\u00cdAZ-VALLADARES-5-608x810.jpg 608w, https:\/\/reachextra.com\/wp-content\/uploads\/2019\/08\/FRANCISCO-D\u00cdAZ-VALLADARES-5-36x48.jpg 36w, https:\/\/reachextra.com\/wp-content\/uploads\/2019\/08\/FRANCISCO-D\u00cdAZ-VALLADARES-5-72x96.jpg 72w, https:\/\/reachextra.com\/wp-content\/uploads\/2019\/08\/FRANCISCO-D\u00cdAZ-VALLADARES-5-313x417.jpg 313w\" sizes=\"auto, (max-width: 664px) 100vw, 664px\" \/><\/figure>\n\n\n\n<p>Lo que creo le gusta a todo el mundo a esa edad: el amor, la aventura, la intriga\u2026 Procuro escribir de forma que el final de cada cap\u00edtulo invite a seguir leyendo el siguiente.<\/p>\n\n\n\n<h4 class=\"wp-block-heading\">Muchas encuestas y estudios destacan el poco inter\u00e9s de los j\u00f3venes por la lectura en una \u00e9poca en la que prima lo digital. \u00bfCree que es as\u00ed? <\/h4>\n\n\n\n<p>No. Lo que s\u00ed creo es que se incentiva poco la lectura para j\u00f3venes. Hacen falta programas de lectura que inviten a leer y novelas que lleven al lector a comprobar que un libro es un agradable camino para recorrer y no un muro que saltar.<\/p>\n\n\n\n<p>La Diputaci\u00f3n de Sevilla, por poner un ejemplo, tiene desde hace a\u00f1os el programa \u201cEl placer de leer\u201d, para llevar la lectura a pueblos de menos de 50.000 habitantes. Varios autores andaluces colaboramos en esta iniciativa y funciona muy bien.<\/p>\n\n\n\n<h4 class=\"wp-block-heading\">\u00bfParticipa en numerosas actividades de fomento a la lectura en institutos de toda Espa\u00f1a, no es as\u00ed? <\/h4>\n\n\n\n<figure class=\"wp-block-image\"><img loading=\"lazy\" decoding=\"async\" width=\"664\" height=\"498\" src=\"https:\/\/www.reachextra.com\/wp-content\/uploads\/2019\/08\/FRANCISCO-D\u00cdAZ-VALLADARES-4.jpg\" alt=\"FRANCISCO D\u00cdAZ VALLADARES\" class=\"wp-image-11573\" srcset=\"https:\/\/reachextra.com\/wp-content\/uploads\/2019\/08\/FRANCISCO-D\u00cdAZ-VALLADARES-4.jpg 664w, https:\/\/reachextra.com\/wp-content\/uploads\/2019\/08\/FRANCISCO-D\u00cdAZ-VALLADARES-4-300x225.jpg 300w, https:\/\/reachextra.com\/wp-content\/uploads\/2019\/08\/FRANCISCO-D\u00cdAZ-VALLADARES-4-192x144.jpg 192w, https:\/\/reachextra.com\/wp-content\/uploads\/2019\/08\/FRANCISCO-D\u00cdAZ-VALLADARES-4-384x288.jpg 384w, https:\/\/reachextra.com\/wp-content\/uploads\/2019\/08\/FRANCISCO-D\u00cdAZ-VALLADARES-4-90x67.jpg 90w, https:\/\/reachextra.com\/wp-content\/uploads\/2019\/08\/FRANCISCO-D\u00cdAZ-VALLADARES-4-180x135.jpg 180w, https:\/\/reachextra.com\/wp-content\/uploads\/2019\/08\/FRANCISCO-D\u00cdAZ-VALLADARES-4-561x421.jpg 561w, https:\/\/reachextra.com\/wp-content\/uploads\/2019\/08\/FRANCISCO-D\u00cdAZ-VALLADARES-4-364x273.jpg 364w, https:\/\/reachextra.com\/wp-content\/uploads\/2019\/08\/FRANCISCO-D\u00cdAZ-VALLADARES-4-608x456.jpg 608w, https:\/\/reachextra.com\/wp-content\/uploads\/2019\/08\/FRANCISCO-D\u00cdAZ-VALLADARES-4-64x48.jpg 64w, https:\/\/reachextra.com\/wp-content\/uploads\/2019\/08\/FRANCISCO-D\u00cdAZ-VALLADARES-4-128x96.jpg 128w, https:\/\/reachextra.com\/wp-content\/uploads\/2019\/08\/FRANCISCO-D\u00cdAZ-VALLADARES-4-313x235.jpg 313w\" sizes=\"auto, (max-width: 664px) 100vw, 664px\" \/><\/figure>\n\n\n\n<p>S\u00ed. En septiembre hago la maleta y la deshago en mayo. Badajoz, C\u00e1ceres, M\u00e9rida, Don Benito, Miajadas, Bilbao, Vitoria, Alicante, Valencia, Murcia, Tomelloso, C\u00e1diz, Jerez, Huelva, Algeciras\u2026 por poner ejemplos del curso pasado. No puede imaginarse lo que significa para un autor estar delante de los ojos que han le\u00eddo tu novela.<\/p>\n\n\n\n<h4 class=\"wp-block-heading\">\u00bfQu\u00e9 despierta la curiosidad de estos chicos en estos actos? <\/h4>\n\n\n\n<p>Ponerle cara al autor del libro que han le\u00eddo, comprobar que es alguien de carne y hueso y no un extraterrestre. C\u00f3mo se gesta una novela en la cabeza de un escritor, si seguimos alguna rutina, si tenemos man\u00edas, cu\u00e1les son nuestros autores de referencia\u2026<\/p>\n\n\n\n<h4 class=\"wp-block-heading\">\u00bfLe han hecho alguna pregunta comprometida o que no haya sabido responder?<\/h4>\n\n\n\n<p>Preguntas comprometidas, muchas. Pero siempre respondo. \u00bfEst\u00e1s enamorado? \u00bfQu\u00e9 edad tienes? Una muy frecuente: \u00bfCrees en Dios? Cuando respondo a regl\u00f3n seguido que s\u00ed, se sorprenden, como si los escritores tuvi\u00e9semos forzosamente que ser ateos. <\/p>\n\n\n\n<h4 class=\"wp-block-heading\">Ha cosechado adem\u00e1s importantes premios. \u00bfQu\u00e9 han supuesto para usted? <\/h4>\n\n\n\n<figure class=\"wp-block-image\"><img loading=\"lazy\" decoding=\"async\" width=\"1220\" height=\"640\" src=\"https:\/\/www.reachextra.com\/wp-content\/uploads\/2019\/08\/FRANCISCO-D\u00cdAZ-VALLADARES-COVER.jpg\" alt=\"\" class=\"wp-image-11577\" srcset=\"https:\/\/reachextra.com\/wp-content\/uploads\/2019\/08\/FRANCISCO-D\u00cdAZ-VALLADARES-COVER.jpg 1220w, https:\/\/reachextra.com\/wp-content\/uploads\/2019\/08\/FRANCISCO-D\u00cdAZ-VALLADARES-COVER-300x157.jpg 300w, https:\/\/reachextra.com\/wp-content\/uploads\/2019\/08\/FRANCISCO-D\u00cdAZ-VALLADARES-COVER-1024x537.jpg 1024w, https:\/\/reachextra.com\/wp-content\/uploads\/2019\/08\/FRANCISCO-D\u00cdAZ-VALLADARES-COVER-768x403.jpg 768w, https:\/\/reachextra.com\/wp-content\/uploads\/2019\/08\/FRANCISCO-D\u00cdAZ-VALLADARES-COVER-561x294.jpg 561w, https:\/\/reachextra.com\/wp-content\/uploads\/2019\/08\/FRANCISCO-D\u00cdAZ-VALLADARES-COVER-1122x589.jpg 1122w, https:\/\/reachextra.com\/wp-content\/uploads\/2019\/08\/FRANCISCO-D\u00cdAZ-VALLADARES-COVER-364x191.jpg 364w, https:\/\/reachextra.com\/wp-content\/uploads\/2019\/08\/FRANCISCO-D\u00cdAZ-VALLADARES-COVER-728x382.jpg 728w, https:\/\/reachextra.com\/wp-content\/uploads\/2019\/08\/FRANCISCO-D\u00cdAZ-VALLADARES-COVER-608x319.jpg 608w, https:\/\/reachextra.com\/wp-content\/uploads\/2019\/08\/FRANCISCO-D\u00cdAZ-VALLADARES-COVER-758x398.jpg 758w, https:\/\/reachextra.com\/wp-content\/uploads\/2019\/08\/FRANCISCO-D\u00cdAZ-VALLADARES-COVER-1152x604.jpg 1152w, https:\/\/reachextra.com\/wp-content\/uploads\/2019\/08\/FRANCISCO-D\u00cdAZ-VALLADARES-COVER-92x48.jpg 92w, https:\/\/reachextra.com\/wp-content\/uploads\/2019\/08\/FRANCISCO-D\u00cdAZ-VALLADARES-COVER-183x96.jpg 183w, https:\/\/reachextra.com\/wp-content\/uploads\/2019\/08\/FRANCISCO-D\u00cdAZ-VALLADARES-COVER-313x164.jpg 313w\" sizes=\"auto, (max-width: 1220px) 100vw, 1220px\" \/><\/figure>\n\n\n\n<p>Son un importante incentivo. La confirmaci\u00f3n de que lo est\u00e1s haciendo medio bien y de que valoran tu trabajo. El \u00faltimo que me otorgaron, \u201cFray Mart\u00edn Sarmiento\u201d, en lengua gallega, me llen\u00f3 de satisfacci\u00f3n porque me lo concedieron los alumnos de Galicia, que decidieron que Tras la sombra del brujo merec\u00eda el premio. Mejor jurado que ese no hay.<\/p>\n\n\n\n<h4 class=\"wp-block-heading\">\u00bfEn qu\u00e9 anda inmerso ahora? <\/h4>\n\n\n\n<p>Estoy a punto de terminar una novela juvenil de corte fant\u00e1stico y revisando en paralelo una de adultos que acab\u00e9 el a\u00f1o pasado. Subg\u00e9nero negro; misterio, policiaca&#8230;<\/p>\n\n\n\n<h4 class=\"wp-block-heading\">\u00bfLibro tradicional o digital? <\/h4>\n\n\n\n<p>Siempre el tradicional; como yo. No tengo WhatsApp ni tableta ni libro electr\u00f3nico. Sill\u00f3n, luz apropiada, relax y pasar hojas con el dedo.<\/p>\n\n\n\n<h4 class=\"wp-block-heading\">\u00bfTiene el coraz\u00f3n dividido entre Huelva y La L\u00ednea de la Concepci\u00f3n? \u00bfViene mucho por La L\u00ednea o te gustar\u00eda venir m\u00e1s? <\/h4>\n\n\n\n<p>Mi coraz\u00f3n siempre viene conmigo. Nac\u00ed en Villamanrique y a los dos a\u00f1os me llevaron a Pilas. Luego Sevilla Barcelona, Murcia, Madrid, Estados Unidos, Jordania\u2026 La L\u00ednea me ha acogido durante treinta a\u00f1os, as\u00ed que le reservo un lugar especial en esa parte del coraz\u00f3n donde se guardan las cosas importantes. <\/p>\n\n\n\n<p><strong>Entrevista al escritor Francisco D\u00edaz Valladares: \u201cEscribir para j\u00f3venes es muy gratificante. Es vivir las aventuras que estaban en mi cabeza cuando ten\u00eda su edad\u201d<\/strong><\/p>\n","protected":false},"excerpt":{"rendered":"<p>Escritor Francisco D\u00edaz Valladares: Linense de adopci\u00f3n, se ha convertido en un referente en la literatura juvenil con m\u00e1s de 20 libros a sus espaldas.. <a class=\"g1-link g1-link-more\" href=\"https:\/\/reachextra.com\/es\/entrevista-al-escritor-francisco-diaz-valladares\/\">More<\/a><\/p>\n","protected":false},"author":1,"featured_media":11578,"comment_status":"closed","ping_status":"closed","sticky":false,"template":"","format":"standard","meta":{"_jetpack_memberships_contains_paid_content":false,"footnotes":""},"categories":[226],"tags":[7330,7329,278,397,738],"adace-sponsor":[],"class_list":{"0":"post-11581","1":"post","2":"type-post","3":"status-publish","4":"format-standard","5":"has-post-thumbnail","7":"category-noticias-es","8":"tag-francisco-diaz-vallardes-es","9":"tag-francisco-diaz-vallardes","10":"tag-la-linea","11":"tag-la-linea-es","12":"tag-literatura"},"yoast_head":"<!-- This site is optimized with the Yoast SEO Premium plugin v19.5 (Yoast SEO v26.7) - https:\/\/yoast.com\/wordpress\/plugins\/seo\/ -->\n<title>Entrevista al escritor Francisco D\u00edaz Valladares - ReachExtra<\/title>\n<meta name=\"description\" content=\"Escritor Francisco D\u00edaz Valladares: Linense de adopci\u00f3n, se ha convertido en un referente en la literatura juvenil con m\u00e1s de 20 libros a sus espaldas..\" \/>\n<meta name=\"robots\" content=\"index, follow, max-snippet:-1, max-image-preview:large, max-video-preview:-1\" \/>\n<link rel=\"canonical\" href=\"https:\/\/reachextra.com\/es\/entrevista-al-escritor-francisco-diaz-valladares\/\" \/>\n<meta property=\"og:locale\" content=\"es_ES\" \/>\n<meta property=\"og:type\" content=\"article\" \/>\n<meta property=\"og:title\" content=\"Entrevista al escritor Francisco D\u00edaz Valladares\" \/>\n<meta property=\"og:description\" content=\"Escritor Francisco D\u00edaz Valladares: Linense de adopci\u00f3n, se ha convertido en un referente en la literatura juvenil con m\u00e1s de 20 libros a sus espaldas..\" \/>\n<meta property=\"og:url\" content=\"https:\/\/reachextra.com\/es\/entrevista-al-escritor-francisco-diaz-valladares\/\" \/>\n<meta property=\"og:site_name\" content=\"ReachExtra\" \/>\n<meta property=\"article:publisher\" content=\"http:\/\/www.facebook.com\/reachextra\" \/>\n<meta property=\"article:published_time\" content=\"2019-08-27T10:41:18+00:00\" \/>\n<meta property=\"article:modified_time\" content=\"2019-08-27T10:49:47+00:00\" \/>\n<meta property=\"og:image\" content=\"https:\/\/reachextra.com\/wp-content\/uploads\/2019\/08\/FRANCISCO-D\u00cdAZ-VALLADARES-COVER.jpg\" \/>\n\t<meta property=\"og:image:width\" content=\"1220\" \/>\n\t<meta property=\"og:image:height\" content=\"640\" \/>\n\t<meta property=\"og:image:type\" content=\"image\/jpeg\" \/>\n<meta name=\"author\" content=\"ReachExtra\" \/>\n<meta name=\"twitter:card\" content=\"summary_large_image\" \/>\n<meta name=\"twitter:creator\" content=\"@reachextra\" \/>\n<meta name=\"twitter:site\" content=\"@reachextra\" \/>\n<meta name=\"twitter:label1\" content=\"Escrito por\" \/>\n\t<meta name=\"twitter:data1\" content=\"ReachExtra\" \/>\n\t<meta name=\"twitter:label2\" content=\"Tiempo de lectura\" \/>\n\t<meta name=\"twitter:data2\" content=\"5 minutos\" \/>\n<script type=\"application\/ld+json\" class=\"yoast-schema-graph\">{\"@context\":\"https:\/\/schema.org\",\"@graph\":[{\"@type\":\"Article\",\"@id\":\"https:\/\/reachextra.com\/es\/entrevista-al-escritor-francisco-diaz-valladares\/#article\",\"isPartOf\":{\"@id\":\"https:\/\/reachextra.com\/es\/entrevista-al-escritor-francisco-diaz-valladares\/\"},\"author\":{\"name\":\"ReachExtra\",\"@id\":\"https:\/\/reachextra.com\/es\/#\/schema\/person\/5bf8196030cf130091162668b52085df\"},\"headline\":\"Entrevista al escritor Francisco D\u00edaz Valladares\",\"datePublished\":\"2019-08-27T10:41:18+00:00\",\"dateModified\":\"2019-08-27T10:49:47+00:00\",\"mainEntityOfPage\":{\"@id\":\"https:\/\/reachextra.com\/es\/entrevista-al-escritor-francisco-diaz-valladares\/\"},\"wordCount\":1046,\"publisher\":{\"@id\":\"https:\/\/reachextra.com\/es\/#organization\"},\"image\":{\"@id\":\"https:\/\/reachextra.com\/es\/entrevista-al-escritor-francisco-diaz-valladares\/#primaryimage\"},\"thumbnailUrl\":\"https:\/\/reachextra.com\/wp-content\/uploads\/2019\/08\/FRANCISCO-D\u00cdAZ-VALLADARES-COVER.jpg\",\"keywords\":[\"Francisco D\u00edaz Vallardes\",\"Francisco D\u00edaz Vallardes\",\"La Linea\",\"La Linea\",\"literatura\"],\"articleSection\":[\"Noticias\"],\"inLanguage\":\"es\"},{\"@type\":\"WebPage\",\"@id\":\"https:\/\/reachextra.com\/es\/entrevista-al-escritor-francisco-diaz-valladares\/\",\"url\":\"https:\/\/reachextra.com\/es\/entrevista-al-escritor-francisco-diaz-valladares\/\",\"name\":\"Entrevista al escritor Francisco D\u00edaz Valladares - ReachExtra\",\"isPartOf\":{\"@id\":\"https:\/\/reachextra.com\/es\/#website\"},\"primaryImageOfPage\":{\"@id\":\"https:\/\/reachextra.com\/es\/entrevista-al-escritor-francisco-diaz-valladares\/#primaryimage\"},\"image\":{\"@id\":\"https:\/\/reachextra.com\/es\/entrevista-al-escritor-francisco-diaz-valladares\/#primaryimage\"},\"thumbnailUrl\":\"https:\/\/reachextra.com\/wp-content\/uploads\/2019\/08\/FRANCISCO-D\u00cdAZ-VALLADARES-COVER.jpg\",\"datePublished\":\"2019-08-27T10:41:18+00:00\",\"dateModified\":\"2019-08-27T10:49:47+00:00\",\"description\":\"Escritor Francisco D\u00edaz Valladares: Linense de adopci\u00f3n, se ha convertido en un referente en la literatura juvenil con m\u00e1s de 20 libros a sus espaldas..\",\"breadcrumb\":{\"@id\":\"https:\/\/reachextra.com\/es\/entrevista-al-escritor-francisco-diaz-valladares\/#breadcrumb\"},\"inLanguage\":\"es\",\"potentialAction\":[{\"@type\":\"ReadAction\",\"target\":[\"https:\/\/reachextra.com\/es\/entrevista-al-escritor-francisco-diaz-valladares\/\"]}]},{\"@type\":\"ImageObject\",\"inLanguage\":\"es\",\"@id\":\"https:\/\/reachextra.com\/es\/entrevista-al-escritor-francisco-diaz-valladares\/#primaryimage\",\"url\":\"https:\/\/reachextra.com\/wp-content\/uploads\/2019\/08\/FRANCISCO-D\u00cdAZ-VALLADARES-COVER.jpg\",\"contentUrl\":\"https:\/\/reachextra.com\/wp-content\/uploads\/2019\/08\/FRANCISCO-D\u00cdAZ-VALLADARES-COVER.jpg\",\"width\":1220,\"height\":640},{\"@type\":\"BreadcrumbList\",\"@id\":\"https:\/\/reachextra.com\/es\/entrevista-al-escritor-francisco-diaz-valladares\/#breadcrumb\",\"itemListElement\":[{\"@type\":\"ListItem\",\"position\":1,\"name\":\"Home\",\"item\":\"https:\/\/reachextra.com\/es\/\"},{\"@type\":\"ListItem\",\"position\":2,\"name\":\"Noticias\",\"item\":\"https:\/\/reachextra.com\/es\/category\/noticias-es\/\"},{\"@type\":\"ListItem\",\"position\":3,\"name\":\"Entrevista al escritor Francisco D\u00edaz Valladares\"}]},{\"@type\":\"WebSite\",\"@id\":\"https:\/\/reachextra.com\/es\/#website\",\"url\":\"https:\/\/reachextra.com\/es\/\",\"name\":\"ReachExtra\",\"description\":\" Reach-Alcance en Espa\u00f1ol | Gibraltar | Campo de Gibraltar\",\"publisher\":{\"@id\":\"https:\/\/reachextra.com\/es\/#organization\"},\"potentialAction\":[{\"@type\":\"SearchAction\",\"target\":{\"@type\":\"EntryPoint\",\"urlTemplate\":\"https:\/\/reachextra.com\/es\/?s={search_term_string}\"},\"query-input\":{\"@type\":\"PropertyValueSpecification\",\"valueRequired\":true,\"valueName\":\"search_term_string\"}}],\"inLanguage\":\"es\"},{\"@type\":\"Organization\",\"@id\":\"https:\/\/reachextra.com\/es\/#organization\",\"name\":\"Reach-Alcance\",\"url\":\"https:\/\/reachextra.com\/es\/\",\"logo\":{\"@type\":\"ImageObject\",\"inLanguage\":\"es\",\"@id\":\"https:\/\/reachextra.com\/es\/#\/schema\/logo\/image\/\",\"url\":\"https:\/\/www.reachextra.com\/wp-content\/uploads\/2018\/12\/Reach-Alcance-LOGO-HDPI.jpg\",\"contentUrl\":\"https:\/\/www.reachextra.com\/wp-content\/uploads\/2018\/12\/Reach-Alcance-LOGO-HDPI.jpg\",\"width\":750,\"height\":474,\"caption\":\"Reach-Alcance\"},\"image\":{\"@id\":\"https:\/\/reachextra.com\/es\/#\/schema\/logo\/image\/\"},\"sameAs\":[\"http:\/\/www.facebook.com\/reachextra\",\"https:\/\/x.com\/reachextra\",\"http:\/\/reach.extra\",\"https:\/\/www.linkedin.com\/company\/reach-alcance\/\"]},{\"@type\":\"Person\",\"@id\":\"https:\/\/reachextra.com\/es\/#\/schema\/person\/5bf8196030cf130091162668b52085df\",\"name\":\"ReachExtra\",\"image\":{\"@type\":\"ImageObject\",\"inLanguage\":\"es\",\"@id\":\"https:\/\/reachextra.com\/es\/#\/schema\/person\/image\/\",\"url\":\"https:\/\/secure.gravatar.com\/avatar\/11e9f37f3773887633d17fdf580220857b1599038456e2f031ce0efd2f41a394?s=96&d=mm&r=g\",\"contentUrl\":\"https:\/\/secure.gravatar.com\/avatar\/11e9f37f3773887633d17fdf580220857b1599038456e2f031ce0efd2f41a394?s=96&d=mm&r=g\",\"caption\":\"ReachExtra\"},\"sameAs\":[\"http:\/\/www.reachextra.com\"]}]}<\/script>\n<!-- \/ Yoast SEO Premium plugin. -->","yoast_head_json":{"title":"Entrevista al escritor Francisco D\u00edaz Valladares - ReachExtra","description":"Escritor Francisco D\u00edaz Valladares: Linense de adopci\u00f3n, se ha convertido en un referente en la literatura juvenil con m\u00e1s de 20 libros a sus espaldas..","robots":{"index":"index","follow":"follow","max-snippet":"max-snippet:-1","max-image-preview":"max-image-preview:large","max-video-preview":"max-video-preview:-1"},"canonical":"https:\/\/reachextra.com\/es\/entrevista-al-escritor-francisco-diaz-valladares\/","og_locale":"es_ES","og_type":"article","og_title":"Entrevista al escritor Francisco D\u00edaz Valladares","og_description":"Escritor Francisco D\u00edaz Valladares: Linense de adopci\u00f3n, se ha convertido en un referente en la literatura juvenil con m\u00e1s de 20 libros a sus espaldas..","og_url":"https:\/\/reachextra.com\/es\/entrevista-al-escritor-francisco-diaz-valladares\/","og_site_name":"ReachExtra","article_publisher":"http:\/\/www.facebook.com\/reachextra","article_published_time":"2019-08-27T10:41:18+00:00","article_modified_time":"2019-08-27T10:49:47+00:00","og_image":[{"width":1220,"height":640,"url":"https:\/\/reachextra.com\/wp-content\/uploads\/2019\/08\/FRANCISCO-D\u00cdAZ-VALLADARES-COVER.jpg","type":"image\/jpeg"}],"author":"ReachExtra","twitter_card":"summary_large_image","twitter_creator":"@reachextra","twitter_site":"@reachextra","twitter_misc":{"Escrito por":"ReachExtra","Tiempo de lectura":"5 minutos"},"schema":{"@context":"https:\/\/schema.org","@graph":[{"@type":"Article","@id":"https:\/\/reachextra.com\/es\/entrevista-al-escritor-francisco-diaz-valladares\/#article","isPartOf":{"@id":"https:\/\/reachextra.com\/es\/entrevista-al-escritor-francisco-diaz-valladares\/"},"author":{"name":"ReachExtra","@id":"https:\/\/reachextra.com\/es\/#\/schema\/person\/5bf8196030cf130091162668b52085df"},"headline":"Entrevista al escritor Francisco D\u00edaz Valladares","datePublished":"2019-08-27T10:41:18+00:00","dateModified":"2019-08-27T10:49:47+00:00","mainEntityOfPage":{"@id":"https:\/\/reachextra.com\/es\/entrevista-al-escritor-francisco-diaz-valladares\/"},"wordCount":1046,"publisher":{"@id":"https:\/\/reachextra.com\/es\/#organization"},"image":{"@id":"https:\/\/reachextra.com\/es\/entrevista-al-escritor-francisco-diaz-valladares\/#primaryimage"},"thumbnailUrl":"https:\/\/reachextra.com\/wp-content\/uploads\/2019\/08\/FRANCISCO-D\u00cdAZ-VALLADARES-COVER.jpg","keywords":["Francisco D\u00edaz Vallardes","Francisco D\u00edaz Vallardes","La Linea","La Linea","literatura"],"articleSection":["Noticias"],"inLanguage":"es"},{"@type":"WebPage","@id":"https:\/\/reachextra.com\/es\/entrevista-al-escritor-francisco-diaz-valladares\/","url":"https:\/\/reachextra.com\/es\/entrevista-al-escritor-francisco-diaz-valladares\/","name":"Entrevista al escritor Francisco D\u00edaz Valladares - ReachExtra","isPartOf":{"@id":"https:\/\/reachextra.com\/es\/#website"},"primaryImageOfPage":{"@id":"https:\/\/reachextra.com\/es\/entrevista-al-escritor-francisco-diaz-valladares\/#primaryimage"},"image":{"@id":"https:\/\/reachextra.com\/es\/entrevista-al-escritor-francisco-diaz-valladares\/#primaryimage"},"thumbnailUrl":"https:\/\/reachextra.com\/wp-content\/uploads\/2019\/08\/FRANCISCO-D\u00cdAZ-VALLADARES-COVER.jpg","datePublished":"2019-08-27T10:41:18+00:00","dateModified":"2019-08-27T10:49:47+00:00","description":"Escritor Francisco D\u00edaz Valladares: Linense de adopci\u00f3n, se ha convertido en un referente en la literatura juvenil con m\u00e1s de 20 libros a sus espaldas..","breadcrumb":{"@id":"https:\/\/reachextra.com\/es\/entrevista-al-escritor-francisco-diaz-valladares\/#breadcrumb"},"inLanguage":"es","potentialAction":[{"@type":"ReadAction","target":["https:\/\/reachextra.com\/es\/entrevista-al-escritor-francisco-diaz-valladares\/"]}]},{"@type":"ImageObject","inLanguage":"es","@id":"https:\/\/reachextra.com\/es\/entrevista-al-escritor-francisco-diaz-valladares\/#primaryimage","url":"https:\/\/reachextra.com\/wp-content\/uploads\/2019\/08\/FRANCISCO-D\u00cdAZ-VALLADARES-COVER.jpg","contentUrl":"https:\/\/reachextra.com\/wp-content\/uploads\/2019\/08\/FRANCISCO-D\u00cdAZ-VALLADARES-COVER.jpg","width":1220,"height":640},{"@type":"BreadcrumbList","@id":"https:\/\/reachextra.com\/es\/entrevista-al-escritor-francisco-diaz-valladares\/#breadcrumb","itemListElement":[{"@type":"ListItem","position":1,"name":"Home","item":"https:\/\/reachextra.com\/es\/"},{"@type":"ListItem","position":2,"name":"Noticias","item":"https:\/\/reachextra.com\/es\/category\/noticias-es\/"},{"@type":"ListItem","position":3,"name":"Entrevista al escritor Francisco D\u00edaz Valladares"}]},{"@type":"WebSite","@id":"https:\/\/reachextra.com\/es\/#website","url":"https:\/\/reachextra.com\/es\/","name":"ReachExtra","description":" Reach-Alcance en Espa\u00f1ol | Gibraltar | Campo de Gibraltar","publisher":{"@id":"https:\/\/reachextra.com\/es\/#organization"},"potentialAction":[{"@type":"SearchAction","target":{"@type":"EntryPoint","urlTemplate":"https:\/\/reachextra.com\/es\/?s={search_term_string}"},"query-input":{"@type":"PropertyValueSpecification","valueRequired":true,"valueName":"search_term_string"}}],"inLanguage":"es"},{"@type":"Organization","@id":"https:\/\/reachextra.com\/es\/#organization","name":"Reach-Alcance","url":"https:\/\/reachextra.com\/es\/","logo":{"@type":"ImageObject","inLanguage":"es","@id":"https:\/\/reachextra.com\/es\/#\/schema\/logo\/image\/","url":"https:\/\/www.reachextra.com\/wp-content\/uploads\/2018\/12\/Reach-Alcance-LOGO-HDPI.jpg","contentUrl":"https:\/\/www.reachextra.com\/wp-content\/uploads\/2018\/12\/Reach-Alcance-LOGO-HDPI.jpg","width":750,"height":474,"caption":"Reach-Alcance"},"image":{"@id":"https:\/\/reachextra.com\/es\/#\/schema\/logo\/image\/"},"sameAs":["http:\/\/www.facebook.com\/reachextra","https:\/\/x.com\/reachextra","http:\/\/reach.extra","https:\/\/www.linkedin.com\/company\/reach-alcance\/"]},{"@type":"Person","@id":"https:\/\/reachextra.com\/es\/#\/schema\/person\/5bf8196030cf130091162668b52085df","name":"ReachExtra","image":{"@type":"ImageObject","inLanguage":"es","@id":"https:\/\/reachextra.com\/es\/#\/schema\/person\/image\/","url":"https:\/\/secure.gravatar.com\/avatar\/11e9f37f3773887633d17fdf580220857b1599038456e2f031ce0efd2f41a394?s=96&d=mm&r=g","contentUrl":"https:\/\/secure.gravatar.com\/avatar\/11e9f37f3773887633d17fdf580220857b1599038456e2f031ce0efd2f41a394?s=96&d=mm&r=g","caption":"ReachExtra"},"sameAs":["http:\/\/www.reachextra.com"]}]}},"jetpack_featured_media_url":"https:\/\/reachextra.com\/wp-content\/uploads\/2019\/08\/FRANCISCO-D\u00cdAZ-VALLADARES-COVER.jpg","wps_subtitle":"Soraya Fern\u00e1ndez ","jetpack_sharing_enabled":true,"_links":{"self":[{"href":"https:\/\/reachextra.com\/es\/wp-json\/wp\/v2\/posts\/11581","targetHints":{"allow":["GET"]}}],"collection":[{"href":"https:\/\/reachextra.com\/es\/wp-json\/wp\/v2\/posts"}],"about":[{"href":"https:\/\/reachextra.com\/es\/wp-json\/wp\/v2\/types\/post"}],"author":[{"embeddable":true,"href":"https:\/\/reachextra.com\/es\/wp-json\/wp\/v2\/users\/1"}],"replies":[{"embeddable":true,"href":"https:\/\/reachextra.com\/es\/wp-json\/wp\/v2\/comments?post=11581"}],"version-history":[{"count":3,"href":"https:\/\/reachextra.com\/es\/wp-json\/wp\/v2\/posts\/11581\/revisions"}],"predecessor-version":[{"id":11584,"href":"https:\/\/reachextra.com\/es\/wp-json\/wp\/v2\/posts\/11581\/revisions\/11584"}],"wp:featuredmedia":[{"embeddable":true,"href":"https:\/\/reachextra.com\/es\/wp-json\/wp\/v2\/media\/11578"}],"wp:attachment":[{"href":"https:\/\/reachextra.com\/es\/wp-json\/wp\/v2\/media?parent=11581"}],"wp:term":[{"taxonomy":"category","embeddable":true,"href":"https:\/\/reachextra.com\/es\/wp-json\/wp\/v2\/categories?post=11581"},{"taxonomy":"post_tag","embeddable":true,"href":"https:\/\/reachextra.com\/es\/wp-json\/wp\/v2\/tags?post=11581"},{"taxonomy":"adace-sponsor","embeddable":true,"href":"https:\/\/reachextra.com\/es\/wp-json\/wp\/v2\/adace-sponsor?post=11581"}],"curies":[{"name":"wp","href":"https:\/\/api.w.org\/{rel}","templated":true}]}}