{"id":11365,"date":"2019-08-18T14:26:20","date_gmt":"2019-08-18T12:26:20","guid":{"rendered":"https:\/\/www.reachextra.com\/paloma-alta-de-bateria-a-parque\/"},"modified":"2019-08-18T14:36:18","modified_gmt":"2019-08-18T12:36:18","slug":"paloma-alta-de-bateria-a-parque","status":"publish","type":"post","link":"https:\/\/reachextra.com\/es\/paloma-alta-de-bateria-a-parque\/","title":{"rendered":"Paloma Alta: De Bater\u00eda a parque tem\u00e1tico"},"content":{"rendered":"\n<p><strong>Paloma Alta: De Bater\u00eda a parque tem\u00e1tico<\/strong><\/p>\n\n\n\n<p>Los restos del acuartelamiento que albergaban las antiguas bater\u00edas de costa de Paloma Alta, en el municipio de Tarifa, tienen las horas contadas.<\/p>\n\n\n\n<p>El fantasmag\u00f3rico enclave militar, que apuntaba con tres ca\u00f1ones Vickers 381\/45 de 1926, y que realizaban una tarea de vigilancia estrat\u00e9gica de singular importancia en su momento est\u00e1 llamado a convertirse en un parque tem\u00e1tico si prospera finalmente el proyecto que promueve y defiende la asociaci\u00f3n de artilleros Conde de Gazola.<\/p>\n\n\n\n<figure class=\"wp-block-image\"><img loading=\"lazy\" decoding=\"async\" width=\"664\" height=\"443\" src=\"https:\/\/www.reachextra.com\/wp-content\/uploads\/2019\/08\/Restoring-Artillery-Battery-at-Paloma-Alta-4.jpg\" alt=\"Paloma Alta Artillery Battery to become Theme Park\" class=\"wp-image-11357\" srcset=\"https:\/\/reachextra.com\/wp-content\/uploads\/2019\/08\/Restoring-Artillery-Battery-at-Paloma-Alta-4.jpg 664w, https:\/\/reachextra.com\/wp-content\/uploads\/2019\/08\/Restoring-Artillery-Battery-at-Paloma-Alta-4-300x200.jpg 300w, https:\/\/reachextra.com\/wp-content\/uploads\/2019\/08\/Restoring-Artillery-Battery-at-Paloma-Alta-4-180x120.jpg 180w, https:\/\/reachextra.com\/wp-content\/uploads\/2019\/08\/Restoring-Artillery-Battery-at-Paloma-Alta-4-561x374.jpg 561w, https:\/\/reachextra.com\/wp-content\/uploads\/2019\/08\/Restoring-Artillery-Battery-at-Paloma-Alta-4-364x243.jpg 364w, https:\/\/reachextra.com\/wp-content\/uploads\/2019\/08\/Restoring-Artillery-Battery-at-Paloma-Alta-4-608x406.jpg 608w, https:\/\/reachextra.com\/wp-content\/uploads\/2019\/08\/Restoring-Artillery-Battery-at-Paloma-Alta-4-72x48.jpg 72w, https:\/\/reachextra.com\/wp-content\/uploads\/2019\/08\/Restoring-Artillery-Battery-at-Paloma-Alta-4-144x96.jpg 144w, https:\/\/reachextra.com\/wp-content\/uploads\/2019\/08\/Restoring-Artillery-Battery-at-Paloma-Alta-4-313x209.jpg 313w\" sizes=\"auto, (max-width: 664px) 100vw, 664px\" \/><figcaption><strong>Bater\u00eda de Artiller\u00eda de Paloma Alta<\/strong><\/figcaption><\/figure>\n\n\n\n<p>La cosa va en serio. Sus responsables han presentado el proyecto a distintas administraciones como la Junta de Andaluc\u00eda, el Ayuntamiento y la Diputaci\u00f3n y a varias entidades privadas en el entendimiento de que la Bater\u00eda de Artiller\u00eda, aunque abandonada, se puede recuperar en su totalidad y convertirla en un parque donde adem\u00e1s de los tres ca\u00f1ones se pueden acondicionar varios edificios que pueden adaptarse para fines muse\u00edsticos, tur\u00edsticos y culturales.<\/p>\n\n\n\n<figure class=\"wp-block-image\"><img loading=\"lazy\" decoding=\"async\" width=\"664\" height=\"443\" src=\"https:\/\/www.reachextra.com\/wp-content\/uploads\/2019\/08\/Restoring-Artillery-Battery-at-Paloma-Alta-2.jpg\" alt=\"\" class=\"wp-image-11353\" srcset=\"https:\/\/reachextra.com\/wp-content\/uploads\/2019\/08\/Restoring-Artillery-Battery-at-Paloma-Alta-2.jpg 664w, https:\/\/reachextra.com\/wp-content\/uploads\/2019\/08\/Restoring-Artillery-Battery-at-Paloma-Alta-2-300x200.jpg 300w, https:\/\/reachextra.com\/wp-content\/uploads\/2019\/08\/Restoring-Artillery-Battery-at-Paloma-Alta-2-180x120.jpg 180w, https:\/\/reachextra.com\/wp-content\/uploads\/2019\/08\/Restoring-Artillery-Battery-at-Paloma-Alta-2-561x374.jpg 561w, https:\/\/reachextra.com\/wp-content\/uploads\/2019\/08\/Restoring-Artillery-Battery-at-Paloma-Alta-2-364x243.jpg 364w, https:\/\/reachextra.com\/wp-content\/uploads\/2019\/08\/Restoring-Artillery-Battery-at-Paloma-Alta-2-608x406.jpg 608w, https:\/\/reachextra.com\/wp-content\/uploads\/2019\/08\/Restoring-Artillery-Battery-at-Paloma-Alta-2-72x48.jpg 72w, https:\/\/reachextra.com\/wp-content\/uploads\/2019\/08\/Restoring-Artillery-Battery-at-Paloma-Alta-2-144x96.jpg 144w, https:\/\/reachextra.com\/wp-content\/uploads\/2019\/08\/Restoring-Artillery-Battery-at-Paloma-Alta-2-313x209.jpg 313w\" sizes=\"auto, (max-width: 664px) 100vw, 664px\" \/><\/figure>\n\n\n\n<p>Adem\u00e1s, ya se cuenta con el \u2018visto bueno\u2019 del Ministerio de Defensa, al que en el futuro habr\u00e1 que presentarle un proyecto para la aprobaci\u00f3n definitiva de las obras.<\/p>\n\n\n\n<p>Entre las dunas invasoras de los accesos a Valdevaqueros y el poblado de Paloma, el reclamo de los tres ca\u00f1ones, la adecuaci\u00f3n del lugar permitir\u00e1 preservar estas valoradas piezas militares, as\u00ed como un entorno natural privilegiado y de una gran belleza.<\/p>\n\n\n\n<h2 class=\"wp-block-heading\">La zona<\/h2>\n\n\n\n<figure class=\"wp-block-image\"><img loading=\"lazy\" decoding=\"async\" width=\"664\" height=\"443\" src=\"https:\/\/www.reachextra.com\/wp-content\/uploads\/2019\/08\/Restoring-Artillery-Battery-at-Paloma-Alta-3.jpg\" alt=\"\" class=\"wp-image-11355\" srcset=\"https:\/\/reachextra.com\/wp-content\/uploads\/2019\/08\/Restoring-Artillery-Battery-at-Paloma-Alta-3.jpg 664w, https:\/\/reachextra.com\/wp-content\/uploads\/2019\/08\/Restoring-Artillery-Battery-at-Paloma-Alta-3-300x200.jpg 300w, https:\/\/reachextra.com\/wp-content\/uploads\/2019\/08\/Restoring-Artillery-Battery-at-Paloma-Alta-3-180x120.jpg 180w, https:\/\/reachextra.com\/wp-content\/uploads\/2019\/08\/Restoring-Artillery-Battery-at-Paloma-Alta-3-561x374.jpg 561w, https:\/\/reachextra.com\/wp-content\/uploads\/2019\/08\/Restoring-Artillery-Battery-at-Paloma-Alta-3-364x243.jpg 364w, https:\/\/reachextra.com\/wp-content\/uploads\/2019\/08\/Restoring-Artillery-Battery-at-Paloma-Alta-3-608x406.jpg 608w, https:\/\/reachextra.com\/wp-content\/uploads\/2019\/08\/Restoring-Artillery-Battery-at-Paloma-Alta-3-72x48.jpg 72w, https:\/\/reachextra.com\/wp-content\/uploads\/2019\/08\/Restoring-Artillery-Battery-at-Paloma-Alta-3-144x96.jpg 144w, https:\/\/reachextra.com\/wp-content\/uploads\/2019\/08\/Restoring-Artillery-Battery-at-Paloma-Alta-3-313x209.jpg 313w\" sizes=\"auto, (max-width: 664px) 100vw, 664px\" \/><\/figure>\n\n\n\n<p>Punta Paloma es un cabo ubicado en la ensenada de Valdevaqueros, en el t\u00e9rmino municipal de Tarifa. Forma parte de las estribaciones de la loma de San Bartolom\u00e9, perteneciente a la sierra de la Plata. Respondiendo asimismo al top\u00f3nimo de punta Paloma se encuentra en la misma zona una playa, una torre vig\u00eda y la bater\u00eda de costa.<\/p>\n\n\n\n<p>Dominando las dunas y la playa se encuentra un monte con instalaciones militares subterr\u00e1neas que dominan el estrecho de Gibraltar llamadas Paloma Alta. Se trata de una bater\u00eda de costa, un conjunto de tres ca\u00f1ones organizados para disparar bajo el mismo mando.<\/p>\n\n\n\n<p>El conjunto pertenece al ej\u00e9rcito espa\u00f1ol y fue instalado en el lugar con la aportaci\u00f3n de los medios t\u00e9cnicos m\u00e1s avanzados del momento. Hoy esperan su restauraci\u00f3n para el disfrute de los amantes de la historia castrense.<\/p>\n\n\n\n<h2 class=\"wp-block-heading\">Los ca\u00f1ones<\/h2>\n\n\n\n<figure class=\"wp-block-image\"><img loading=\"lazy\" decoding=\"async\" width=\"664\" height=\"443\" src=\"https:\/\/www.reachextra.com\/wp-content\/uploads\/2019\/08\/Restoring-Artillery-Battery-at-Paloma-Alta-5.jpg\" alt=\"Paloma Alta Artillery Barracks\" class=\"wp-image-11359\" srcset=\"https:\/\/reachextra.com\/wp-content\/uploads\/2019\/08\/Restoring-Artillery-Battery-at-Paloma-Alta-5.jpg 664w, https:\/\/reachextra.com\/wp-content\/uploads\/2019\/08\/Restoring-Artillery-Battery-at-Paloma-Alta-5-300x200.jpg 300w, https:\/\/reachextra.com\/wp-content\/uploads\/2019\/08\/Restoring-Artillery-Battery-at-Paloma-Alta-5-180x120.jpg 180w, https:\/\/reachextra.com\/wp-content\/uploads\/2019\/08\/Restoring-Artillery-Battery-at-Paloma-Alta-5-561x374.jpg 561w, https:\/\/reachextra.com\/wp-content\/uploads\/2019\/08\/Restoring-Artillery-Battery-at-Paloma-Alta-5-364x243.jpg 364w, https:\/\/reachextra.com\/wp-content\/uploads\/2019\/08\/Restoring-Artillery-Battery-at-Paloma-Alta-5-608x406.jpg 608w, https:\/\/reachextra.com\/wp-content\/uploads\/2019\/08\/Restoring-Artillery-Battery-at-Paloma-Alta-5-72x48.jpg 72w, https:\/\/reachextra.com\/wp-content\/uploads\/2019\/08\/Restoring-Artillery-Battery-at-Paloma-Alta-5-144x96.jpg 144w, https:\/\/reachextra.com\/wp-content\/uploads\/2019\/08\/Restoring-Artillery-Battery-at-Paloma-Alta-5-313x209.jpg 313w\" sizes=\"auto, (max-width: 664px) 100vw, 664px\" \/><\/figure>\n\n\n\n<p>Los ca\u00f1ones est\u00e1n protegidos bajo una capa de hormig\u00f3n de 4 o 5 metros de espesor y s\u00f3lo su boca asoma por la monta\u00f1a. Debajo estaba el polvor\u00edn debidamente camuflado y enterrado. En un costado se puso en funcionamiento un ascensor.<\/p>\n\n\n\n<p>Estos ca\u00f1ones, de calibre 381\/45, fueron producidos en la f\u00e1brica Vickers en Inglaterra. La bater\u00eda completa, en principio ten\u00eda que constar de 2 piezas, pero despu\u00e9s de un accidente ocurrido en el tubo de la primera pieza, se trajeron dos de las de Menorca (Favaritx) y despu\u00e9s de sustituir la accidentada qued\u00f3 la bater\u00eda con tres ca\u00f1ones.<\/p>\n\n\n\n<p> Bater\u00edas de costa semejantes podemos ver tambi\u00e9n en El Ferrol, Cartagena y Mah\u00f3n. Todas est\u00e1n ya inactivas y algunas son visitables. Las de Punta Paloma efectuaron su \u00faltimo disparo en 2008.<\/p>\n\n\n\n<figure class=\"wp-block-image\"><img loading=\"lazy\" decoding=\"async\" width=\"664\" height=\"443\" src=\"https:\/\/www.reachextra.com\/wp-content\/uploads\/2019\/08\/Restoring-Artillery-Battery-at-Paloma-Alta-6.jpg\" alt=\"\" class=\"wp-image-11361\" srcset=\"https:\/\/reachextra.com\/wp-content\/uploads\/2019\/08\/Restoring-Artillery-Battery-at-Paloma-Alta-6.jpg 664w, https:\/\/reachextra.com\/wp-content\/uploads\/2019\/08\/Restoring-Artillery-Battery-at-Paloma-Alta-6-300x200.jpg 300w, https:\/\/reachextra.com\/wp-content\/uploads\/2019\/08\/Restoring-Artillery-Battery-at-Paloma-Alta-6-180x120.jpg 180w, https:\/\/reachextra.com\/wp-content\/uploads\/2019\/08\/Restoring-Artillery-Battery-at-Paloma-Alta-6-561x374.jpg 561w, https:\/\/reachextra.com\/wp-content\/uploads\/2019\/08\/Restoring-Artillery-Battery-at-Paloma-Alta-6-364x243.jpg 364w, https:\/\/reachextra.com\/wp-content\/uploads\/2019\/08\/Restoring-Artillery-Battery-at-Paloma-Alta-6-608x406.jpg 608w, https:\/\/reachextra.com\/wp-content\/uploads\/2019\/08\/Restoring-Artillery-Battery-at-Paloma-Alta-6-72x48.jpg 72w, https:\/\/reachextra.com\/wp-content\/uploads\/2019\/08\/Restoring-Artillery-Battery-at-Paloma-Alta-6-144x96.jpg 144w, https:\/\/reachextra.com\/wp-content\/uploads\/2019\/08\/Restoring-Artillery-Battery-at-Paloma-Alta-6-313x209.jpg 313w\" sizes=\"auto, (max-width: 664px) 100vw, 664px\" \/><\/figure>\n\n\n\n<p>El ca\u00f1\u00f3n Vickers de 381\/45 mm, tambi\u00e9n conocida como 38 con 1, expresado en cm, fue una pieza de artiller\u00eda naval usada en Espa\u00f1a como artiller\u00eda de costa para la defensa de las bases navales de Cartagena, El Ferrol, Mah\u00f3n y, posteriormente, el Estrecho de Gibraltar, estando en servicio entre los a\u00f1os 1933 y 2008. Es la pieza de mayor calibre usada en Espa\u00f1a, su dotaci\u00f3n era de quince personas.<\/p>\n\n\n\n<p><strong>Paloma Alta: De Bater\u00eda a parque tem\u00e1tico<\/strong><\/p>\n","protected":false},"excerpt":{"rendered":"<p>Paloma Alta: De Bater\u00eda a parque tem\u00e1tico: La cosa va en serio. Sus responsables han presentado el proyecto a distintas administraciones&#8230; <a class=\"g1-link g1-link-more\" href=\"https:\/\/reachextra.com\/es\/paloma-alta-de-bateria-a-parque\/\">More<\/a><\/p>\n","protected":false},"author":1,"featured_media":11352,"comment_status":"closed","ping_status":"closed","sticky":false,"template":"","format":"standard","meta":{"_jetpack_memberships_contains_paid_content":false,"footnotes":""},"categories":[244,8128,225],"tags":[7003,419,715,6993,7002,7004],"adace-sponsor":[],"class_list":{"0":"post-11365","1":"post","2":"type-post","3":"status-publish","4":"format-standard","5":"has-post-thumbnail","7":"category-explorar-es","8":"category-historia","9":"category-tendencias","10":"tag-bateria-de-artilleria","11":"tag-explorar-el-campo-de-gibraltar","12":"tag-historia","13":"tag-paloma-alta","14":"tag-paloma-alta-es","15":"tag-parque-tematico"},"yoast_head":"<!-- This site is optimized with the Yoast SEO Premium plugin v19.5 (Yoast SEO v26.7) - https:\/\/yoast.com\/wordpress\/plugins\/seo\/ -->\n<title>Paloma Alta: De Bater\u00eda a parque tem\u00e1tico - ReachExtra - Explorar<\/title>\n<meta name=\"description\" content=\"Paloma Alta: De Bater\u00eda a parque tem\u00e1tico: La cosa va en serio. Sus responsables han presentado el proyecto a distintas administraciones...\" \/>\n<meta name=\"robots\" content=\"index, follow, max-snippet:-1, max-image-preview:large, max-video-preview:-1\" \/>\n<link rel=\"canonical\" href=\"https:\/\/reachextra.com\/es\/paloma-alta-de-bateria-a-parque\/\" \/>\n<meta property=\"og:locale\" content=\"es_ES\" \/>\n<meta property=\"og:type\" content=\"article\" \/>\n<meta property=\"og:title\" content=\"Paloma Alta: De Bater\u00eda a parque tem\u00e1tico\" \/>\n<meta property=\"og:description\" content=\"Paloma Alta: De Bater\u00eda a parque tem\u00e1tico: La cosa va en serio. Sus responsables han presentado el proyecto a distintas administraciones...\" \/>\n<meta property=\"og:url\" content=\"https:\/\/reachextra.com\/es\/paloma-alta-de-bateria-a-parque\/\" \/>\n<meta property=\"og:site_name\" content=\"ReachExtra\" \/>\n<meta property=\"article:publisher\" content=\"http:\/\/www.facebook.com\/reachextra\" \/>\n<meta property=\"article:published_time\" content=\"2019-08-18T12:26:20+00:00\" \/>\n<meta property=\"article:modified_time\" content=\"2019-08-18T12:36:18+00:00\" \/>\n<meta property=\"og:image\" content=\"https:\/\/reachextra.com\/wp-content\/uploads\/2019\/08\/Restoring-Artillery-Battery-at-Paloma-Alta.jpg\" \/>\n\t<meta property=\"og:image:width\" content=\"1220\" \/>\n\t<meta property=\"og:image:height\" content=\"640\" \/>\n\t<meta property=\"og:image:type\" content=\"image\/jpeg\" \/>\n<meta name=\"author\" content=\"ReachExtra\" \/>\n<meta name=\"twitter:card\" content=\"summary_large_image\" \/>\n<meta name=\"twitter:creator\" content=\"@reachextra\" \/>\n<meta name=\"twitter:site\" content=\"@reachextra\" \/>\n<meta name=\"twitter:label1\" content=\"Escrito por\" \/>\n\t<meta name=\"twitter:data1\" content=\"ReachExtra\" \/>\n\t<meta name=\"twitter:label2\" content=\"Tiempo de lectura\" \/>\n\t<meta name=\"twitter:data2\" content=\"3 minutos\" \/>\n<script type=\"application\/ld+json\" class=\"yoast-schema-graph\">{\"@context\":\"https:\/\/schema.org\",\"@graph\":[{\"@type\":\"Article\",\"@id\":\"https:\/\/reachextra.com\/es\/paloma-alta-de-bateria-a-parque\/#article\",\"isPartOf\":{\"@id\":\"https:\/\/reachextra.com\/es\/paloma-alta-de-bateria-a-parque\/\"},\"author\":{\"name\":\"ReachExtra\",\"@id\":\"https:\/\/reachextra.com\/es\/#\/schema\/person\/5bf8196030cf130091162668b52085df\"},\"headline\":\"Paloma Alta: De Bater\u00eda a parque tem\u00e1tico\",\"datePublished\":\"2019-08-18T12:26:20+00:00\",\"dateModified\":\"2019-08-18T12:36:18+00:00\",\"mainEntityOfPage\":{\"@id\":\"https:\/\/reachextra.com\/es\/paloma-alta-de-bateria-a-parque\/\"},\"wordCount\":637,\"publisher\":{\"@id\":\"https:\/\/reachextra.com\/es\/#organization\"},\"image\":{\"@id\":\"https:\/\/reachextra.com\/es\/paloma-alta-de-bateria-a-parque\/#primaryimage\"},\"thumbnailUrl\":\"https:\/\/reachextra.com\/wp-content\/uploads\/2019\/08\/Restoring-Artillery-Battery-at-Paloma-Alta.jpg\",\"keywords\":[\"Bater\u00eda de Artiller\u00eda\",\"explorar el campo de gibraltar\",\"Historia\",\"Paloma Alta\",\"Paloma Alta\",\"parque tem\u00e1tico\"],\"articleSection\":[\"Explorar\",\"Historia\",\"Tendencias\"],\"inLanguage\":\"es\"},{\"@type\":\"WebPage\",\"@id\":\"https:\/\/reachextra.com\/es\/paloma-alta-de-bateria-a-parque\/\",\"url\":\"https:\/\/reachextra.com\/es\/paloma-alta-de-bateria-a-parque\/\",\"name\":\"Paloma Alta: De Bater\u00eda a parque tem\u00e1tico - ReachExtra - Explorar\",\"isPartOf\":{\"@id\":\"https:\/\/reachextra.com\/es\/#website\"},\"primaryImageOfPage\":{\"@id\":\"https:\/\/reachextra.com\/es\/paloma-alta-de-bateria-a-parque\/#primaryimage\"},\"image\":{\"@id\":\"https:\/\/reachextra.com\/es\/paloma-alta-de-bateria-a-parque\/#primaryimage\"},\"thumbnailUrl\":\"https:\/\/reachextra.com\/wp-content\/uploads\/2019\/08\/Restoring-Artillery-Battery-at-Paloma-Alta.jpg\",\"datePublished\":\"2019-08-18T12:26:20+00:00\",\"dateModified\":\"2019-08-18T12:36:18+00:00\",\"description\":\"Paloma Alta: De Bater\u00eda a parque tem\u00e1tico: La cosa va en serio. Sus responsables han presentado el proyecto a distintas administraciones...\",\"breadcrumb\":{\"@id\":\"https:\/\/reachextra.com\/es\/paloma-alta-de-bateria-a-parque\/#breadcrumb\"},\"inLanguage\":\"es\",\"potentialAction\":[{\"@type\":\"ReadAction\",\"target\":[\"https:\/\/reachextra.com\/es\/paloma-alta-de-bateria-a-parque\/\"]}]},{\"@type\":\"ImageObject\",\"inLanguage\":\"es\",\"@id\":\"https:\/\/reachextra.com\/es\/paloma-alta-de-bateria-a-parque\/#primaryimage\",\"url\":\"https:\/\/reachextra.com\/wp-content\/uploads\/2019\/08\/Restoring-Artillery-Battery-at-Paloma-Alta.jpg\",\"contentUrl\":\"https:\/\/reachextra.com\/wp-content\/uploads\/2019\/08\/Restoring-Artillery-Battery-at-Paloma-Alta.jpg\",\"width\":1220,\"height\":640,\"caption\":\"Paloma Alta: De Bater\u00eda a parque tem\u00e1tico\"},{\"@type\":\"BreadcrumbList\",\"@id\":\"https:\/\/reachextra.com\/es\/paloma-alta-de-bateria-a-parque\/#breadcrumb\",\"itemListElement\":[{\"@type\":\"ListItem\",\"position\":1,\"name\":\"Home\",\"item\":\"https:\/\/reachextra.com\/es\/\"},{\"@type\":\"ListItem\",\"position\":2,\"name\":\"Explorar\",\"item\":\"https:\/\/reachextra.com\/es\/category\/explorar-es\/\"},{\"@type\":\"ListItem\",\"position\":3,\"name\":\"Paloma Alta: De Bater\u00eda a parque tem\u00e1tico\"}]},{\"@type\":\"WebSite\",\"@id\":\"https:\/\/reachextra.com\/es\/#website\",\"url\":\"https:\/\/reachextra.com\/es\/\",\"name\":\"ReachExtra\",\"description\":\" Reach-Alcance en Espa\u00f1ol | Gibraltar | Campo de Gibraltar\",\"publisher\":{\"@id\":\"https:\/\/reachextra.com\/es\/#organization\"},\"potentialAction\":[{\"@type\":\"SearchAction\",\"target\":{\"@type\":\"EntryPoint\",\"urlTemplate\":\"https:\/\/reachextra.com\/es\/?s={search_term_string}\"},\"query-input\":{\"@type\":\"PropertyValueSpecification\",\"valueRequired\":true,\"valueName\":\"search_term_string\"}}],\"inLanguage\":\"es\"},{\"@type\":\"Organization\",\"@id\":\"https:\/\/reachextra.com\/es\/#organization\",\"name\":\"Reach-Alcance\",\"url\":\"https:\/\/reachextra.com\/es\/\",\"logo\":{\"@type\":\"ImageObject\",\"inLanguage\":\"es\",\"@id\":\"https:\/\/reachextra.com\/es\/#\/schema\/logo\/image\/\",\"url\":\"https:\/\/www.reachextra.com\/wp-content\/uploads\/2018\/12\/Reach-Alcance-LOGO-HDPI.jpg\",\"contentUrl\":\"https:\/\/www.reachextra.com\/wp-content\/uploads\/2018\/12\/Reach-Alcance-LOGO-HDPI.jpg\",\"width\":750,\"height\":474,\"caption\":\"Reach-Alcance\"},\"image\":{\"@id\":\"https:\/\/reachextra.com\/es\/#\/schema\/logo\/image\/\"},\"sameAs\":[\"http:\/\/www.facebook.com\/reachextra\",\"https:\/\/x.com\/reachextra\",\"http:\/\/reach.extra\",\"https:\/\/www.linkedin.com\/company\/reach-alcance\/\"]},{\"@type\":\"Person\",\"@id\":\"https:\/\/reachextra.com\/es\/#\/schema\/person\/5bf8196030cf130091162668b52085df\",\"name\":\"ReachExtra\",\"image\":{\"@type\":\"ImageObject\",\"inLanguage\":\"es\",\"@id\":\"https:\/\/reachextra.com\/es\/#\/schema\/person\/image\/\",\"url\":\"https:\/\/secure.gravatar.com\/avatar\/11e9f37f3773887633d17fdf580220857b1599038456e2f031ce0efd2f41a394?s=96&d=mm&r=g\",\"contentUrl\":\"https:\/\/secure.gravatar.com\/avatar\/11e9f37f3773887633d17fdf580220857b1599038456e2f031ce0efd2f41a394?s=96&d=mm&r=g\",\"caption\":\"ReachExtra\"},\"sameAs\":[\"http:\/\/www.reachextra.com\"]}]}<\/script>\n<!-- \/ Yoast SEO Premium plugin. -->","yoast_head_json":{"title":"Paloma Alta: De Bater\u00eda a parque tem\u00e1tico - ReachExtra - Explorar","description":"Paloma Alta: De Bater\u00eda a parque tem\u00e1tico: La cosa va en serio. Sus responsables han presentado el proyecto a distintas administraciones...","robots":{"index":"index","follow":"follow","max-snippet":"max-snippet:-1","max-image-preview":"max-image-preview:large","max-video-preview":"max-video-preview:-1"},"canonical":"https:\/\/reachextra.com\/es\/paloma-alta-de-bateria-a-parque\/","og_locale":"es_ES","og_type":"article","og_title":"Paloma Alta: De Bater\u00eda a parque tem\u00e1tico","og_description":"Paloma Alta: De Bater\u00eda a parque tem\u00e1tico: La cosa va en serio. Sus responsables han presentado el proyecto a distintas administraciones...","og_url":"https:\/\/reachextra.com\/es\/paloma-alta-de-bateria-a-parque\/","og_site_name":"ReachExtra","article_publisher":"http:\/\/www.facebook.com\/reachextra","article_published_time":"2019-08-18T12:26:20+00:00","article_modified_time":"2019-08-18T12:36:18+00:00","og_image":[{"width":1220,"height":640,"url":"https:\/\/reachextra.com\/wp-content\/uploads\/2019\/08\/Restoring-Artillery-Battery-at-Paloma-Alta.jpg","type":"image\/jpeg"}],"author":"ReachExtra","twitter_card":"summary_large_image","twitter_creator":"@reachextra","twitter_site":"@reachextra","twitter_misc":{"Escrito por":"ReachExtra","Tiempo de lectura":"3 minutos"},"schema":{"@context":"https:\/\/schema.org","@graph":[{"@type":"Article","@id":"https:\/\/reachextra.com\/es\/paloma-alta-de-bateria-a-parque\/#article","isPartOf":{"@id":"https:\/\/reachextra.com\/es\/paloma-alta-de-bateria-a-parque\/"},"author":{"name":"ReachExtra","@id":"https:\/\/reachextra.com\/es\/#\/schema\/person\/5bf8196030cf130091162668b52085df"},"headline":"Paloma Alta: De Bater\u00eda a parque tem\u00e1tico","datePublished":"2019-08-18T12:26:20+00:00","dateModified":"2019-08-18T12:36:18+00:00","mainEntityOfPage":{"@id":"https:\/\/reachextra.com\/es\/paloma-alta-de-bateria-a-parque\/"},"wordCount":637,"publisher":{"@id":"https:\/\/reachextra.com\/es\/#organization"},"image":{"@id":"https:\/\/reachextra.com\/es\/paloma-alta-de-bateria-a-parque\/#primaryimage"},"thumbnailUrl":"https:\/\/reachextra.com\/wp-content\/uploads\/2019\/08\/Restoring-Artillery-Battery-at-Paloma-Alta.jpg","keywords":["Bater\u00eda de Artiller\u00eda","explorar el campo de gibraltar","Historia","Paloma Alta","Paloma Alta","parque tem\u00e1tico"],"articleSection":["Explorar","Historia","Tendencias"],"inLanguage":"es"},{"@type":"WebPage","@id":"https:\/\/reachextra.com\/es\/paloma-alta-de-bateria-a-parque\/","url":"https:\/\/reachextra.com\/es\/paloma-alta-de-bateria-a-parque\/","name":"Paloma Alta: De Bater\u00eda a parque tem\u00e1tico - ReachExtra - Explorar","isPartOf":{"@id":"https:\/\/reachextra.com\/es\/#website"},"primaryImageOfPage":{"@id":"https:\/\/reachextra.com\/es\/paloma-alta-de-bateria-a-parque\/#primaryimage"},"image":{"@id":"https:\/\/reachextra.com\/es\/paloma-alta-de-bateria-a-parque\/#primaryimage"},"thumbnailUrl":"https:\/\/reachextra.com\/wp-content\/uploads\/2019\/08\/Restoring-Artillery-Battery-at-Paloma-Alta.jpg","datePublished":"2019-08-18T12:26:20+00:00","dateModified":"2019-08-18T12:36:18+00:00","description":"Paloma Alta: De Bater\u00eda a parque tem\u00e1tico: La cosa va en serio. Sus responsables han presentado el proyecto a distintas administraciones...","breadcrumb":{"@id":"https:\/\/reachextra.com\/es\/paloma-alta-de-bateria-a-parque\/#breadcrumb"},"inLanguage":"es","potentialAction":[{"@type":"ReadAction","target":["https:\/\/reachextra.com\/es\/paloma-alta-de-bateria-a-parque\/"]}]},{"@type":"ImageObject","inLanguage":"es","@id":"https:\/\/reachextra.com\/es\/paloma-alta-de-bateria-a-parque\/#primaryimage","url":"https:\/\/reachextra.com\/wp-content\/uploads\/2019\/08\/Restoring-Artillery-Battery-at-Paloma-Alta.jpg","contentUrl":"https:\/\/reachextra.com\/wp-content\/uploads\/2019\/08\/Restoring-Artillery-Battery-at-Paloma-Alta.jpg","width":1220,"height":640,"caption":"Paloma Alta: De Bater\u00eda a parque tem\u00e1tico"},{"@type":"BreadcrumbList","@id":"https:\/\/reachextra.com\/es\/paloma-alta-de-bateria-a-parque\/#breadcrumb","itemListElement":[{"@type":"ListItem","position":1,"name":"Home","item":"https:\/\/reachextra.com\/es\/"},{"@type":"ListItem","position":2,"name":"Explorar","item":"https:\/\/reachextra.com\/es\/category\/explorar-es\/"},{"@type":"ListItem","position":3,"name":"Paloma Alta: De Bater\u00eda a parque tem\u00e1tico"}]},{"@type":"WebSite","@id":"https:\/\/reachextra.com\/es\/#website","url":"https:\/\/reachextra.com\/es\/","name":"ReachExtra","description":" Reach-Alcance en Espa\u00f1ol | Gibraltar | Campo de Gibraltar","publisher":{"@id":"https:\/\/reachextra.com\/es\/#organization"},"potentialAction":[{"@type":"SearchAction","target":{"@type":"EntryPoint","urlTemplate":"https:\/\/reachextra.com\/es\/?s={search_term_string}"},"query-input":{"@type":"PropertyValueSpecification","valueRequired":true,"valueName":"search_term_string"}}],"inLanguage":"es"},{"@type":"Organization","@id":"https:\/\/reachextra.com\/es\/#organization","name":"Reach-Alcance","url":"https:\/\/reachextra.com\/es\/","logo":{"@type":"ImageObject","inLanguage":"es","@id":"https:\/\/reachextra.com\/es\/#\/schema\/logo\/image\/","url":"https:\/\/www.reachextra.com\/wp-content\/uploads\/2018\/12\/Reach-Alcance-LOGO-HDPI.jpg","contentUrl":"https:\/\/www.reachextra.com\/wp-content\/uploads\/2018\/12\/Reach-Alcance-LOGO-HDPI.jpg","width":750,"height":474,"caption":"Reach-Alcance"},"image":{"@id":"https:\/\/reachextra.com\/es\/#\/schema\/logo\/image\/"},"sameAs":["http:\/\/www.facebook.com\/reachextra","https:\/\/x.com\/reachextra","http:\/\/reach.extra","https:\/\/www.linkedin.com\/company\/reach-alcance\/"]},{"@type":"Person","@id":"https:\/\/reachextra.com\/es\/#\/schema\/person\/5bf8196030cf130091162668b52085df","name":"ReachExtra","image":{"@type":"ImageObject","inLanguage":"es","@id":"https:\/\/reachextra.com\/es\/#\/schema\/person\/image\/","url":"https:\/\/secure.gravatar.com\/avatar\/11e9f37f3773887633d17fdf580220857b1599038456e2f031ce0efd2f41a394?s=96&d=mm&r=g","contentUrl":"https:\/\/secure.gravatar.com\/avatar\/11e9f37f3773887633d17fdf580220857b1599038456e2f031ce0efd2f41a394?s=96&d=mm&r=g","caption":"ReachExtra"},"sameAs":["http:\/\/www.reachextra.com"]}]}},"jetpack_featured_media_url":"https:\/\/reachextra.com\/wp-content\/uploads\/2019\/08\/Restoring-Artillery-Battery-at-Paloma-Alta.jpg","wps_subtitle":"Martin Serrano \u00b7 Fotos: Fran Montes","jetpack_sharing_enabled":true,"_links":{"self":[{"href":"https:\/\/reachextra.com\/es\/wp-json\/wp\/v2\/posts\/11365","targetHints":{"allow":["GET"]}}],"collection":[{"href":"https:\/\/reachextra.com\/es\/wp-json\/wp\/v2\/posts"}],"about":[{"href":"https:\/\/reachextra.com\/es\/wp-json\/wp\/v2\/types\/post"}],"author":[{"embeddable":true,"href":"https:\/\/reachextra.com\/es\/wp-json\/wp\/v2\/users\/1"}],"replies":[{"embeddable":true,"href":"https:\/\/reachextra.com\/es\/wp-json\/wp\/v2\/comments?post=11365"}],"version-history":[{"count":3,"href":"https:\/\/reachextra.com\/es\/wp-json\/wp\/v2\/posts\/11365\/revisions"}],"predecessor-version":[{"id":11369,"href":"https:\/\/reachextra.com\/es\/wp-json\/wp\/v2\/posts\/11365\/revisions\/11369"}],"wp:featuredmedia":[{"embeddable":true,"href":"https:\/\/reachextra.com\/es\/wp-json\/wp\/v2\/media\/11352"}],"wp:attachment":[{"href":"https:\/\/reachextra.com\/es\/wp-json\/wp\/v2\/media?parent=11365"}],"wp:term":[{"taxonomy":"category","embeddable":true,"href":"https:\/\/reachextra.com\/es\/wp-json\/wp\/v2\/categories?post=11365"},{"taxonomy":"post_tag","embeddable":true,"href":"https:\/\/reachextra.com\/es\/wp-json\/wp\/v2\/tags?post=11365"},{"taxonomy":"adace-sponsor","embeddable":true,"href":"https:\/\/reachextra.com\/es\/wp-json\/wp\/v2\/adace-sponsor?post=11365"}],"curies":[{"name":"wp","href":"https:\/\/api.w.org\/{rel}","templated":true}]}}