{"id":10873,"date":"2019-07-25T10:09:56","date_gmt":"2019-07-25T08:09:56","guid":{"rendered":"https:\/\/www.reachextra.com\/27-minutos-los-novios-de-cadizasesinados-por-eta\/"},"modified":"2019-07-25T10:25:44","modified_gmt":"2019-07-25T08:25:44","slug":"27-minutos-los-novios-de-cadiz-asesinados-por-eta","status":"publish","type":"post","link":"https:\/\/reachextra.com\/es\/27-minutos-los-novios-de-cadiz-asesinados-por-eta\/","title":{"rendered":"27 minutos: Tributo a \u2018Los novios de C\u00e1diz\u2019, asesinados por ETA en 1979"},"content":{"rendered":"\n<p><strong>El cine rinde tributo a la memoria de \u2018Los novios de C\u00e1diz\u2019, asesinados por ETA en 1979<\/strong><\/p>\n\n\n\n<p>El tarife\u00f1o Antonio Ram\u00edrez y la sanroque\u00f1a Hortensia Gonz\u00e1lez fueron acribillados a balazos por la banda terrorista en 1979. El cortometraje \u201827 minutos\u2019 plasma fielmente el atentado.<\/p>\n\n\n\n<p>\u201c6 de enero de 1979 en Beasain, Guip\u00fazcoa. D\u00eda de los Reyes Magos. Antonio y Hortensia recibieron 18 balazos como macabro regalo. Nadie se acerc\u00f3 a socorrerles\u201d. <\/p>\n\n\n\n<figure class=\"wp-block-image\"><img loading=\"lazy\" decoding=\"async\" width=\"664\" height=\"408\" src=\"https:\/\/www.reachextra.com\/wp-content\/uploads\/2019\/07\/27-minutos-los-novios-de-cadiz-3.jpg\" alt=\"Los Novios de Cadiz, ETA\" class=\"wp-image-10860\" srcset=\"https:\/\/reachextra.com\/wp-content\/uploads\/2019\/07\/27-minutos-los-novios-de-cadiz-3.jpg 664w, https:\/\/reachextra.com\/wp-content\/uploads\/2019\/07\/27-minutos-los-novios-de-cadiz-3-300x184.jpg 300w, https:\/\/reachextra.com\/wp-content\/uploads\/2019\/07\/27-minutos-los-novios-de-cadiz-3-561x345.jpg 561w, https:\/\/reachextra.com\/wp-content\/uploads\/2019\/07\/27-minutos-los-novios-de-cadiz-3-364x224.jpg 364w, https:\/\/reachextra.com\/wp-content\/uploads\/2019\/07\/27-minutos-los-novios-de-cadiz-3-608x374.jpg 608w, https:\/\/reachextra.com\/wp-content\/uploads\/2019\/07\/27-minutos-los-novios-de-cadiz-3-78x48.jpg 78w, https:\/\/reachextra.com\/wp-content\/uploads\/2019\/07\/27-minutos-los-novios-de-cadiz-3-156x96.jpg 156w, https:\/\/reachextra.com\/wp-content\/uploads\/2019\/07\/27-minutos-los-novios-de-cadiz-3-313x192.jpg 313w\" sizes=\"auto, (max-width: 664px) 100vw, 664px\" \/><\/figure>\n\n\n\n<p>Es la carta de presentaci\u00f3n de \u201827 minutos\u2019, un cortometraje que cuenta la historia Antonio Ram\u00edrez Gallardo, de Tarifa, y de su novia Hortensia Gonz\u00e1lez Ruiz, de San Roque, una pareja de 24 y 20 a\u00f1os, respectivamente, que fueron acribillados a balazos por ETA en la madrugada de Reyes de 1979 en una calle del centro del pueblo de Beas\u00e1in (Guip\u00fazcoa). <\/p>\n\n\n\n<p>La pareja acababa de salir de una sala de fiestas y se dirig\u00eda a sus domicilios cuando detuvieron el coche en un stop. En ese momento, dos terroristas los ametrallaron. Antonio recibi\u00f3 ocho disparos y Hortensia, diez. \u00c9l falleci\u00f3 en el acto y ella entr\u00f3 con un hilo de vida en el hospital, donde muri\u00f3. <\/p>\n\n\n\n<p>Tras el tiroteo, el claxon estuvo sonando durante 27 minutos \u2013de ah\u00ed el t\u00edtulo del corto- pero nadie se acerc\u00f3 a socorrerlos pese a que muchas personas sal\u00edan en esos momentos de la sala de fiesta y hab\u00eda viviendas cercanas. <\/p>\n\n\n\n<p>Todo aquello lo recoge fielmente este cortometraje de las  productoras La Dalia Films y Kinatro que dirige Fernando Gonz\u00e1lez G\u00f3mez y que fue estrenado el 27 de mayo en Madrid.<\/p>\n\n\n\n<figure class=\"wp-block-image\"><img loading=\"lazy\" decoding=\"async\" width=\"664\" height=\"443\" src=\"https:\/\/www.reachextra.com\/wp-content\/uploads\/2019\/07\/27-minutos-los-novios-de-cadiz-2.jpg\" alt=\"\" class=\"wp-image-10858\" srcset=\"https:\/\/reachextra.com\/wp-content\/uploads\/2019\/07\/27-minutos-los-novios-de-cadiz-2.jpg 664w, https:\/\/reachextra.com\/wp-content\/uploads\/2019\/07\/27-minutos-los-novios-de-cadiz-2-300x200.jpg 300w, https:\/\/reachextra.com\/wp-content\/uploads\/2019\/07\/27-minutos-los-novios-de-cadiz-2-180x120.jpg 180w, https:\/\/reachextra.com\/wp-content\/uploads\/2019\/07\/27-minutos-los-novios-de-cadiz-2-561x374.jpg 561w, https:\/\/reachextra.com\/wp-content\/uploads\/2019\/07\/27-minutos-los-novios-de-cadiz-2-364x243.jpg 364w, https:\/\/reachextra.com\/wp-content\/uploads\/2019\/07\/27-minutos-los-novios-de-cadiz-2-608x406.jpg 608w, https:\/\/reachextra.com\/wp-content\/uploads\/2019\/07\/27-minutos-los-novios-de-cadiz-2-72x48.jpg 72w, https:\/\/reachextra.com\/wp-content\/uploads\/2019\/07\/27-minutos-los-novios-de-cadiz-2-144x96.jpg 144w, https:\/\/reachextra.com\/wp-content\/uploads\/2019\/07\/27-minutos-los-novios-de-cadiz-2-313x209.jpg 313w\" sizes=\"auto, (max-width: 664px) 100vw, 664px\" \/><\/figure>\n\n\n\n<p>Diego y Aurora, hermanos de las v\u00edctimas, accedieron a la realizaci\u00f3n de este corto para recuperar la memoria, dignidad y justicia de los ya tristemente conocidos como \u2018Los novios de C\u00e1diz\u2019. <\/p>\n\n\n\n<p>Tambi\u00e9n ha sido presentado recientemente en el Festival Internacional de Cortometrajes de San Roque (FICSAN) para rendir tributo a Hortensia. El trabajo cinematogr\u00e1fico sobrecogi\u00f3 a los asistentes. Al acto no faltaron los hermanos de Hortensia.<\/p>\n\n\n\n<h2 class=\"wp-block-heading\">\u201cNo logro sobreponerme\u201d<\/h2>\n\n\n\n<figure class=\"wp-block-image\"><img loading=\"lazy\" decoding=\"async\" width=\"1024\" height=\"537\" src=\"https:\/\/www.reachextra.com\/wp-content\/uploads\/2019\/07\/27-minutos-los-novios-de-cadiz--1024x537.jpg\" alt=\"27 minutos, Los novios de Cadiz\" class=\"wp-image-10856\" srcset=\"https:\/\/reachextra.com\/wp-content\/uploads\/2019\/07\/27-minutos-los-novios-de-cadiz--1024x537.jpg 1024w, https:\/\/reachextra.com\/wp-content\/uploads\/2019\/07\/27-minutos-los-novios-de-cadiz--300x157.jpg 300w, https:\/\/reachextra.com\/wp-content\/uploads\/2019\/07\/27-minutos-los-novios-de-cadiz--768x403.jpg 768w, https:\/\/reachextra.com\/wp-content\/uploads\/2019\/07\/27-minutos-los-novios-de-cadiz--561x294.jpg 561w, https:\/\/reachextra.com\/wp-content\/uploads\/2019\/07\/27-minutos-los-novios-de-cadiz--1122x589.jpg 1122w, https:\/\/reachextra.com\/wp-content\/uploads\/2019\/07\/27-minutos-los-novios-de-cadiz--364x191.jpg 364w, https:\/\/reachextra.com\/wp-content\/uploads\/2019\/07\/27-minutos-los-novios-de-cadiz--728x382.jpg 728w, https:\/\/reachextra.com\/wp-content\/uploads\/2019\/07\/27-minutos-los-novios-de-cadiz--608x319.jpg 608w, https:\/\/reachextra.com\/wp-content\/uploads\/2019\/07\/27-minutos-los-novios-de-cadiz--758x398.jpg 758w, https:\/\/reachextra.com\/wp-content\/uploads\/2019\/07\/27-minutos-los-novios-de-cadiz--1152x604.jpg 1152w, https:\/\/reachextra.com\/wp-content\/uploads\/2019\/07\/27-minutos-los-novios-de-cadiz--92x48.jpg 92w, https:\/\/reachextra.com\/wp-content\/uploads\/2019\/07\/27-minutos-los-novios-de-cadiz--183x96.jpg 183w, https:\/\/reachextra.com\/wp-content\/uploads\/2019\/07\/27-minutos-los-novios-de-cadiz--313x164.jpg 313w, https:\/\/reachextra.com\/wp-content\/uploads\/2019\/07\/27-minutos-los-novios-de-cadiz-.jpg 1220w\" sizes=\"auto, (max-width: 1024px) 100vw, 1024px\" \/><figcaption>Los novios de Cadiz: 27 Minutos <\/figcaption><\/figure>\n\n\n\n<p>Aurora, hermana de Hortensia, reconoce que no puede superarlo: \u201cRecuerdo a mi hermana como si fuera ayer. Era muy guapa y simp\u00e1tica, siempre estaba ri\u00e9ndose. Antonio era un encanto tambi\u00e9n. Yo no logro sobreponerme. La recuerdo cada d\u00eda. Sigo en tratamiento 40 a\u00f1os despu\u00e9s. Ahora, con el corto, me han tenido que aumentar la dosis\u201d, cuenta.<\/p>\n\n\n\n<p>Aurora fue a Madrid con su marido, guardia civil, y su hermana Carmen, para ver en primicia el cortometraje.<\/p>\n\n\n\n<p>\u201cQuer\u00edan saber nuestra opini\u00f3n. Lo vimos solos en una sala con el productor. Me impact\u00f3 much\u00edsimo. Una cosa es imaginar qu\u00e9 pudo ocurrir y otra, verlo en una pel\u00edcula. El corto refleja exactamente lo que pas\u00f3\u201d. <\/p>\n\n\n\n<p>Para Aurora, lo m\u00e1s dif\u00edcil fue verlos en el coche: <\/p>\n\n\n\n<p>\u201cYo la hab\u00eda visto a ella ya en el hospital y el coche tiroteado en el cuartel pero as\u00ed\u2026 fue muy duro. Verlos llegar al stop y c\u00f3mo los tiroteaban\u2026 Una de las cosas que m\u00e1s me impact\u00f3 fue la cara de espanto de los actores cuando vieron a los terroristas con las armas apunt\u00e1ndolos y luego, verlos abrazados en el coche, tal y como sucedi\u00f3, porque Antonio intent\u00f3 proteger a mi hermana\u201d. <\/p>\n\n\n\n<figure class=\"wp-block-image\"><img loading=\"lazy\" decoding=\"async\" width=\"664\" height=\"443\" src=\"https:\/\/www.reachextra.com\/wp-content\/uploads\/2019\/07\/Ruix-Boix-Los-novios-de-cadiz.jpg\" alt=\"27 minutos, ETA, Los novios de Cadiz\" class=\"wp-image-10864\" srcset=\"https:\/\/reachextra.com\/wp-content\/uploads\/2019\/07\/Ruix-Boix-Los-novios-de-cadiz.jpg 664w, https:\/\/reachextra.com\/wp-content\/uploads\/2019\/07\/Ruix-Boix-Los-novios-de-cadiz-300x200.jpg 300w, https:\/\/reachextra.com\/wp-content\/uploads\/2019\/07\/Ruix-Boix-Los-novios-de-cadiz-180x120.jpg 180w, https:\/\/reachextra.com\/wp-content\/uploads\/2019\/07\/Ruix-Boix-Los-novios-de-cadiz-561x374.jpg 561w, https:\/\/reachextra.com\/wp-content\/uploads\/2019\/07\/Ruix-Boix-Los-novios-de-cadiz-364x243.jpg 364w, https:\/\/reachextra.com\/wp-content\/uploads\/2019\/07\/Ruix-Boix-Los-novios-de-cadiz-608x406.jpg 608w, https:\/\/reachextra.com\/wp-content\/uploads\/2019\/07\/Ruix-Boix-Los-novios-de-cadiz-72x48.jpg 72w, https:\/\/reachextra.com\/wp-content\/uploads\/2019\/07\/Ruix-Boix-Los-novios-de-cadiz-144x96.jpg 144w, https:\/\/reachextra.com\/wp-content\/uploads\/2019\/07\/Ruix-Boix-Los-novios-de-cadiz-313x209.jpg 313w\" sizes=\"auto, (max-width: 664px) 100vw, 664px\" \/><\/figure>\n\n\n\n<p>Pero, \u00bfqu\u00e9 hac\u00eda una sanroque\u00f1a en el Pa\u00eds Vasco?. Aurora explica que Hortensia se hab\u00eda ido a vivir con ella cuando destinaron a su marido y que en el cuartel conoci\u00f3 a Antonio. <\/p>\n\n\n\n<p>La crudeza de la historia aumenta a\u00fan m\u00e1s si cabe al conocer las horas previas al atentado. Antonio y Hortensia se hab\u00edan comprometido unos d\u00edas antes. Al ser v\u00edspera de Reyes Magos, ella le regal\u00f3 a \u00e9l una alianza.<\/p>\n\n\n\n<p>\u201cAntonio le ten\u00eda guardada para el D\u00eda de los Enamorados una medalla de oro, de aquellas que dec\u00edan \u2018Te quiero m\u00e1s que ayer pero menos que ma\u00f1ana\u2019, pero no esper\u00f3 y se la dio tambi\u00e9n ese d\u00eda. Parec\u00eda que lo present\u00edan. Cuando se iban le dije que tuviera cuidado con la medalla. Esa fue la \u00faltima vez que la vi, despidi\u00e9ndose en el portal con su medalla y guap\u00edsima\u201d.<\/p>\n\n\n\n<p>La Audiencia Nacional reabri\u00f3 el caso en 2017 tras la aparici\u00f3n del arma con la que supuestamente se cometi\u00f3 el atentado. Aurora no renuncia a que se haga justicia: \u201cSer\u00e1 dif\u00edcil, aunque la esperanza es lo \u00faltimo que se pierde. Con este corto, al menos, nadie olvidar\u00e1 a mi hermana y a Antonio\u201d. <\/p>\n\n\n\n<p><strong>El cine rinde tributo a la memoria de \u2018Los novios de C\u00e1diz\u2019, asesinados por ETA en 1979<\/strong><\/p>\n","protected":false},"excerpt":{"rendered":"<p>Los Novios de Cadiz: Antonio Ram\u00edrez y la sanroque\u00f1a Hortensia Gonz\u00e1lez fueron acribillados a balazos por la banda terrorista en 1979. El cortometraje 27 minutos <a class=\"g1-link g1-link-more\" href=\"https:\/\/reachextra.com\/es\/27-minutos-los-novios-de-cadiz-asesinados-por-eta\/\">More<\/a><\/p>\n","protected":false},"author":1,"featured_media":10857,"comment_status":"closed","ping_status":"closed","sticky":false,"template":"","format":"standard","meta":{"_jetpack_memberships_contains_paid_content":false,"footnotes":""},"categories":[8128,226],"tags":[6152,6112,6155,6132,6131,6154,6156,6133,6153,6130,392,402],"adace-sponsor":[],"class_list":{"0":"post-10873","1":"post","2":"type-post","3":"status-publish","4":"format-standard","5":"has-post-thumbnail","7":"category-historia","8":"category-noticias-es","9":"tag-27-minutos-es","10":"tag-27-minutos","11":"tag-antonio-ramirez-es","12":"tag-antonio-ramirez","13":"tag-eta","14":"tag-eta-es","15":"tag-hortensia-gonzalez-es","16":"tag-hortensia-gonzalez","17":"tag-los-novios-de-cadiz-es","18":"tag-los-novios-de-cadiz","19":"tag-san-roque","20":"tag-san-roque-es"},"yoast_head":"<!-- This site is optimized with the Yoast SEO Premium plugin v19.5 (Yoast SEO v26.7) - https:\/\/yoast.com\/wordpress\/plugins\/seo\/ -->\n<title>27 minutos: Tributo a \u2018Los novios de C\u00e1diz\u2019, asesinados por ETA en 1979<\/title>\n<meta name=\"description\" content=\"Los Novios de C\u00e1diz: Antonio Ram\u00edrez y la sanroque\u00f1a Hortensia Gonz\u00e1lez fueron acribillados a balazos por la banda terrorista en 1979. El cortometraje \u201827..\" \/>\n<meta name=\"robots\" content=\"index, follow, max-snippet:-1, max-image-preview:large, max-video-preview:-1\" \/>\n<link rel=\"canonical\" href=\"https:\/\/reachextra.com\/es\/27-minutos-los-novios-de-cadiz-asesinados-por-eta\/\" \/>\n<meta property=\"og:locale\" content=\"es_ES\" \/>\n<meta property=\"og:type\" content=\"article\" \/>\n<meta property=\"og:title\" content=\"27 minutos: Tributo a \u2018Los novios de C\u00e1diz\u2019, asesinados por ETA en 1979\" \/>\n<meta property=\"og:description\" content=\"Los Novios de C\u00e1diz: Antonio Ram\u00edrez y la sanroque\u00f1a Hortensia Gonz\u00e1lez fueron acribillados a balazos por la banda terrorista en 1979. El cortometraje \u201827..\" \/>\n<meta property=\"og:url\" content=\"https:\/\/reachextra.com\/es\/27-minutos-los-novios-de-cadiz-asesinados-por-eta\/\" \/>\n<meta property=\"og:site_name\" content=\"ReachExtra\" \/>\n<meta property=\"article:publisher\" content=\"http:\/\/www.facebook.com\/reachextra\" \/>\n<meta property=\"article:published_time\" content=\"2019-07-25T08:09:56+00:00\" \/>\n<meta property=\"article:modified_time\" content=\"2019-07-25T08:25:44+00:00\" \/>\n<meta property=\"og:image\" content=\"https:\/\/reachextra.com\/wp-content\/uploads\/2019\/07\/27-minutos-los-novios-de-cadiz-.jpg\" \/>\n\t<meta property=\"og:image:width\" content=\"1220\" \/>\n\t<meta property=\"og:image:height\" content=\"640\" \/>\n\t<meta property=\"og:image:type\" content=\"image\/jpeg\" \/>\n<meta name=\"author\" content=\"ReachExtra\" \/>\n<meta name=\"twitter:card\" content=\"summary_large_image\" \/>\n<meta name=\"twitter:title\" content=\"27 minutos: Tributo a \u2018Los novios de C\u00e1diz\u2019, asesinados por ETA en 1979\" \/>\n<meta name=\"twitter:creator\" content=\"@reachextra\" \/>\n<meta name=\"twitter:site\" content=\"@reachextra\" \/>\n<meta name=\"twitter:label1\" content=\"Escrito por\" \/>\n\t<meta name=\"twitter:data1\" content=\"ReachExtra\" \/>\n\t<meta name=\"twitter:label2\" content=\"Tiempo de lectura\" \/>\n\t<meta name=\"twitter:data2\" content=\"4 minutos\" \/>\n<script type=\"application\/ld+json\" class=\"yoast-schema-graph\">{\"@context\":\"https:\/\/schema.org\",\"@graph\":[{\"@type\":\"Article\",\"@id\":\"https:\/\/reachextra.com\/es\/27-minutos-los-novios-de-cadiz-asesinados-por-eta\/#article\",\"isPartOf\":{\"@id\":\"https:\/\/reachextra.com\/es\/27-minutos-los-novios-de-cadiz-asesinados-por-eta\/\"},\"author\":{\"name\":\"ReachExtra\",\"@id\":\"https:\/\/reachextra.com\/es\/#\/schema\/person\/5bf8196030cf130091162668b52085df\"},\"headline\":\"27 minutos: Tributo a \u2018Los novios de C\u00e1diz\u2019, asesinados por ETA en 1979\",\"datePublished\":\"2019-07-25T08:09:56+00:00\",\"dateModified\":\"2019-07-25T08:25:44+00:00\",\"mainEntityOfPage\":{\"@id\":\"https:\/\/reachextra.com\/es\/27-minutos-los-novios-de-cadiz-asesinados-por-eta\/\"},\"wordCount\":796,\"publisher\":{\"@id\":\"https:\/\/reachextra.com\/es\/#organization\"},\"image\":{\"@id\":\"https:\/\/reachextra.com\/es\/27-minutos-los-novios-de-cadiz-asesinados-por-eta\/#primaryimage\"},\"thumbnailUrl\":\"https:\/\/reachextra.com\/wp-content\/uploads\/2019\/07\/27-minutos-los-novios-de-cadiz-.jpg\",\"keywords\":[\"27 Minutos\",\"27 Minutos\",\"Antonio Ram\u00edrez\",\"Antonio Ram\u00edrez\",\"ETA\",\"ETA\",\"Hortensia Gonz\u00e1lez\",\"Hortensia Gonz\u00e1lez\",\"Los Novios de Cadiz\",\"Los Novios de Cadiz\",\"San Roque\",\"San Roque\"],\"articleSection\":[\"Historia\",\"Noticias\"],\"inLanguage\":\"es\"},{\"@type\":\"WebPage\",\"@id\":\"https:\/\/reachextra.com\/es\/27-minutos-los-novios-de-cadiz-asesinados-por-eta\/\",\"url\":\"https:\/\/reachextra.com\/es\/27-minutos-los-novios-de-cadiz-asesinados-por-eta\/\",\"name\":\"27 minutos: Tributo a \u2018Los novios de C\u00e1diz\u2019, asesinados por ETA en 1979\",\"isPartOf\":{\"@id\":\"https:\/\/reachextra.com\/es\/#website\"},\"primaryImageOfPage\":{\"@id\":\"https:\/\/reachextra.com\/es\/27-minutos-los-novios-de-cadiz-asesinados-por-eta\/#primaryimage\"},\"image\":{\"@id\":\"https:\/\/reachextra.com\/es\/27-minutos-los-novios-de-cadiz-asesinados-por-eta\/#primaryimage\"},\"thumbnailUrl\":\"https:\/\/reachextra.com\/wp-content\/uploads\/2019\/07\/27-minutos-los-novios-de-cadiz-.jpg\",\"datePublished\":\"2019-07-25T08:09:56+00:00\",\"dateModified\":\"2019-07-25T08:25:44+00:00\",\"description\":\"Los Novios de C\u00e1diz: Antonio Ram\u00edrez y la sanroque\u00f1a Hortensia Gonz\u00e1lez fueron acribillados a balazos por la banda terrorista en 1979. El cortometraje \u201827..\",\"breadcrumb\":{\"@id\":\"https:\/\/reachextra.com\/es\/27-minutos-los-novios-de-cadiz-asesinados-por-eta\/#breadcrumb\"},\"inLanguage\":\"es\",\"potentialAction\":[{\"@type\":\"ReadAction\",\"target\":[\"https:\/\/reachextra.com\/es\/27-minutos-los-novios-de-cadiz-asesinados-por-eta\/\"]}]},{\"@type\":\"ImageObject\",\"inLanguage\":\"es\",\"@id\":\"https:\/\/reachextra.com\/es\/27-minutos-los-novios-de-cadiz-asesinados-por-eta\/#primaryimage\",\"url\":\"https:\/\/reachextra.com\/wp-content\/uploads\/2019\/07\/27-minutos-los-novios-de-cadiz-.jpg\",\"contentUrl\":\"https:\/\/reachextra.com\/wp-content\/uploads\/2019\/07\/27-minutos-los-novios-de-cadiz-.jpg\",\"width\":1220,\"height\":640,\"caption\":\"27 minutos, Los novios de Cadiz\"},{\"@type\":\"BreadcrumbList\",\"@id\":\"https:\/\/reachextra.com\/es\/27-minutos-los-novios-de-cadiz-asesinados-por-eta\/#breadcrumb\",\"itemListElement\":[{\"@type\":\"ListItem\",\"position\":1,\"name\":\"Home\",\"item\":\"https:\/\/reachextra.com\/es\/\"},{\"@type\":\"ListItem\",\"position\":2,\"name\":\"Tendencias\",\"item\":\"https:\/\/reachextra.com\/es\/category\/tendencias\/\"},{\"@type\":\"ListItem\",\"position\":3,\"name\":\"27 minutos: Tributo a \u2018Los novios de C\u00e1diz\u2019, asesinados por ETA en 1979\"}]},{\"@type\":\"WebSite\",\"@id\":\"https:\/\/reachextra.com\/es\/#website\",\"url\":\"https:\/\/reachextra.com\/es\/\",\"name\":\"ReachExtra\",\"description\":\" Reach-Alcance en Espa\u00f1ol | Gibraltar | Campo de Gibraltar\",\"publisher\":{\"@id\":\"https:\/\/reachextra.com\/es\/#organization\"},\"potentialAction\":[{\"@type\":\"SearchAction\",\"target\":{\"@type\":\"EntryPoint\",\"urlTemplate\":\"https:\/\/reachextra.com\/es\/?s={search_term_string}\"},\"query-input\":{\"@type\":\"PropertyValueSpecification\",\"valueRequired\":true,\"valueName\":\"search_term_string\"}}],\"inLanguage\":\"es\"},{\"@type\":\"Organization\",\"@id\":\"https:\/\/reachextra.com\/es\/#organization\",\"name\":\"Reach-Alcance\",\"url\":\"https:\/\/reachextra.com\/es\/\",\"logo\":{\"@type\":\"ImageObject\",\"inLanguage\":\"es\",\"@id\":\"https:\/\/reachextra.com\/es\/#\/schema\/logo\/image\/\",\"url\":\"https:\/\/www.reachextra.com\/wp-content\/uploads\/2018\/12\/Reach-Alcance-LOGO-HDPI.jpg\",\"contentUrl\":\"https:\/\/www.reachextra.com\/wp-content\/uploads\/2018\/12\/Reach-Alcance-LOGO-HDPI.jpg\",\"width\":750,\"height\":474,\"caption\":\"Reach-Alcance\"},\"image\":{\"@id\":\"https:\/\/reachextra.com\/es\/#\/schema\/logo\/image\/\"},\"sameAs\":[\"http:\/\/www.facebook.com\/reachextra\",\"https:\/\/x.com\/reachextra\",\"http:\/\/reach.extra\",\"https:\/\/www.linkedin.com\/company\/reach-alcance\/\"]},{\"@type\":\"Person\",\"@id\":\"https:\/\/reachextra.com\/es\/#\/schema\/person\/5bf8196030cf130091162668b52085df\",\"name\":\"ReachExtra\",\"image\":{\"@type\":\"ImageObject\",\"inLanguage\":\"es\",\"@id\":\"https:\/\/reachextra.com\/es\/#\/schema\/person\/image\/\",\"url\":\"https:\/\/secure.gravatar.com\/avatar\/11e9f37f3773887633d17fdf580220857b1599038456e2f031ce0efd2f41a394?s=96&d=mm&r=g\",\"contentUrl\":\"https:\/\/secure.gravatar.com\/avatar\/11e9f37f3773887633d17fdf580220857b1599038456e2f031ce0efd2f41a394?s=96&d=mm&r=g\",\"caption\":\"ReachExtra\"},\"sameAs\":[\"http:\/\/www.reachextra.com\"]}]}<\/script>\n<!-- \/ Yoast SEO Premium plugin. -->","yoast_head_json":{"title":"27 minutos: Tributo a \u2018Los novios de C\u00e1diz\u2019, asesinados por ETA en 1979","description":"Los Novios de C\u00e1diz: Antonio Ram\u00edrez y la sanroque\u00f1a Hortensia Gonz\u00e1lez fueron acribillados a balazos por la banda terrorista en 1979. El cortometraje \u201827..","robots":{"index":"index","follow":"follow","max-snippet":"max-snippet:-1","max-image-preview":"max-image-preview:large","max-video-preview":"max-video-preview:-1"},"canonical":"https:\/\/reachextra.com\/es\/27-minutos-los-novios-de-cadiz-asesinados-por-eta\/","og_locale":"es_ES","og_type":"article","og_title":"27 minutos: Tributo a \u2018Los novios de C\u00e1diz\u2019, asesinados por ETA en 1979","og_description":"Los Novios de C\u00e1diz: Antonio Ram\u00edrez y la sanroque\u00f1a Hortensia Gonz\u00e1lez fueron acribillados a balazos por la banda terrorista en 1979. El cortometraje \u201827..","og_url":"https:\/\/reachextra.com\/es\/27-minutos-los-novios-de-cadiz-asesinados-por-eta\/","og_site_name":"ReachExtra","article_publisher":"http:\/\/www.facebook.com\/reachextra","article_published_time":"2019-07-25T08:09:56+00:00","article_modified_time":"2019-07-25T08:25:44+00:00","og_image":[{"width":1220,"height":640,"url":"https:\/\/reachextra.com\/wp-content\/uploads\/2019\/07\/27-minutos-los-novios-de-cadiz-.jpg","type":"image\/jpeg"}],"author":"ReachExtra","twitter_card":"summary_large_image","twitter_title":"27 minutos: Tributo a \u2018Los novios de C\u00e1diz\u2019, asesinados por ETA en 1979","twitter_creator":"@reachextra","twitter_site":"@reachextra","twitter_misc":{"Escrito por":"ReachExtra","Tiempo de lectura":"4 minutos"},"schema":{"@context":"https:\/\/schema.org","@graph":[{"@type":"Article","@id":"https:\/\/reachextra.com\/es\/27-minutos-los-novios-de-cadiz-asesinados-por-eta\/#article","isPartOf":{"@id":"https:\/\/reachextra.com\/es\/27-minutos-los-novios-de-cadiz-asesinados-por-eta\/"},"author":{"name":"ReachExtra","@id":"https:\/\/reachextra.com\/es\/#\/schema\/person\/5bf8196030cf130091162668b52085df"},"headline":"27 minutos: Tributo a \u2018Los novios de C\u00e1diz\u2019, asesinados por ETA en 1979","datePublished":"2019-07-25T08:09:56+00:00","dateModified":"2019-07-25T08:25:44+00:00","mainEntityOfPage":{"@id":"https:\/\/reachextra.com\/es\/27-minutos-los-novios-de-cadiz-asesinados-por-eta\/"},"wordCount":796,"publisher":{"@id":"https:\/\/reachextra.com\/es\/#organization"},"image":{"@id":"https:\/\/reachextra.com\/es\/27-minutos-los-novios-de-cadiz-asesinados-por-eta\/#primaryimage"},"thumbnailUrl":"https:\/\/reachextra.com\/wp-content\/uploads\/2019\/07\/27-minutos-los-novios-de-cadiz-.jpg","keywords":["27 Minutos","27 Minutos","Antonio Ram\u00edrez","Antonio Ram\u00edrez","ETA","ETA","Hortensia Gonz\u00e1lez","Hortensia Gonz\u00e1lez","Los Novios de Cadiz","Los Novios de Cadiz","San Roque","San Roque"],"articleSection":["Historia","Noticias"],"inLanguage":"es"},{"@type":"WebPage","@id":"https:\/\/reachextra.com\/es\/27-minutos-los-novios-de-cadiz-asesinados-por-eta\/","url":"https:\/\/reachextra.com\/es\/27-minutos-los-novios-de-cadiz-asesinados-por-eta\/","name":"27 minutos: Tributo a \u2018Los novios de C\u00e1diz\u2019, asesinados por ETA en 1979","isPartOf":{"@id":"https:\/\/reachextra.com\/es\/#website"},"primaryImageOfPage":{"@id":"https:\/\/reachextra.com\/es\/27-minutos-los-novios-de-cadiz-asesinados-por-eta\/#primaryimage"},"image":{"@id":"https:\/\/reachextra.com\/es\/27-minutos-los-novios-de-cadiz-asesinados-por-eta\/#primaryimage"},"thumbnailUrl":"https:\/\/reachextra.com\/wp-content\/uploads\/2019\/07\/27-minutos-los-novios-de-cadiz-.jpg","datePublished":"2019-07-25T08:09:56+00:00","dateModified":"2019-07-25T08:25:44+00:00","description":"Los Novios de C\u00e1diz: Antonio Ram\u00edrez y la sanroque\u00f1a Hortensia Gonz\u00e1lez fueron acribillados a balazos por la banda terrorista en 1979. El cortometraje \u201827..","breadcrumb":{"@id":"https:\/\/reachextra.com\/es\/27-minutos-los-novios-de-cadiz-asesinados-por-eta\/#breadcrumb"},"inLanguage":"es","potentialAction":[{"@type":"ReadAction","target":["https:\/\/reachextra.com\/es\/27-minutos-los-novios-de-cadiz-asesinados-por-eta\/"]}]},{"@type":"ImageObject","inLanguage":"es","@id":"https:\/\/reachextra.com\/es\/27-minutos-los-novios-de-cadiz-asesinados-por-eta\/#primaryimage","url":"https:\/\/reachextra.com\/wp-content\/uploads\/2019\/07\/27-minutos-los-novios-de-cadiz-.jpg","contentUrl":"https:\/\/reachextra.com\/wp-content\/uploads\/2019\/07\/27-minutos-los-novios-de-cadiz-.jpg","width":1220,"height":640,"caption":"27 minutos, Los novios de Cadiz"},{"@type":"BreadcrumbList","@id":"https:\/\/reachextra.com\/es\/27-minutos-los-novios-de-cadiz-asesinados-por-eta\/#breadcrumb","itemListElement":[{"@type":"ListItem","position":1,"name":"Home","item":"https:\/\/reachextra.com\/es\/"},{"@type":"ListItem","position":2,"name":"Tendencias","item":"https:\/\/reachextra.com\/es\/category\/tendencias\/"},{"@type":"ListItem","position":3,"name":"27 minutos: Tributo a \u2018Los novios de C\u00e1diz\u2019, asesinados por ETA en 1979"}]},{"@type":"WebSite","@id":"https:\/\/reachextra.com\/es\/#website","url":"https:\/\/reachextra.com\/es\/","name":"ReachExtra","description":" Reach-Alcance en Espa\u00f1ol | Gibraltar | Campo de Gibraltar","publisher":{"@id":"https:\/\/reachextra.com\/es\/#organization"},"potentialAction":[{"@type":"SearchAction","target":{"@type":"EntryPoint","urlTemplate":"https:\/\/reachextra.com\/es\/?s={search_term_string}"},"query-input":{"@type":"PropertyValueSpecification","valueRequired":true,"valueName":"search_term_string"}}],"inLanguage":"es"},{"@type":"Organization","@id":"https:\/\/reachextra.com\/es\/#organization","name":"Reach-Alcance","url":"https:\/\/reachextra.com\/es\/","logo":{"@type":"ImageObject","inLanguage":"es","@id":"https:\/\/reachextra.com\/es\/#\/schema\/logo\/image\/","url":"https:\/\/www.reachextra.com\/wp-content\/uploads\/2018\/12\/Reach-Alcance-LOGO-HDPI.jpg","contentUrl":"https:\/\/www.reachextra.com\/wp-content\/uploads\/2018\/12\/Reach-Alcance-LOGO-HDPI.jpg","width":750,"height":474,"caption":"Reach-Alcance"},"image":{"@id":"https:\/\/reachextra.com\/es\/#\/schema\/logo\/image\/"},"sameAs":["http:\/\/www.facebook.com\/reachextra","https:\/\/x.com\/reachextra","http:\/\/reach.extra","https:\/\/www.linkedin.com\/company\/reach-alcance\/"]},{"@type":"Person","@id":"https:\/\/reachextra.com\/es\/#\/schema\/person\/5bf8196030cf130091162668b52085df","name":"ReachExtra","image":{"@type":"ImageObject","inLanguage":"es","@id":"https:\/\/reachextra.com\/es\/#\/schema\/person\/image\/","url":"https:\/\/secure.gravatar.com\/avatar\/11e9f37f3773887633d17fdf580220857b1599038456e2f031ce0efd2f41a394?s=96&d=mm&r=g","contentUrl":"https:\/\/secure.gravatar.com\/avatar\/11e9f37f3773887633d17fdf580220857b1599038456e2f031ce0efd2f41a394?s=96&d=mm&r=g","caption":"ReachExtra"},"sameAs":["http:\/\/www.reachextra.com"]}]}},"jetpack_featured_media_url":"https:\/\/reachextra.com\/wp-content\/uploads\/2019\/07\/27-minutos-los-novios-de-cadiz-.jpg","wps_subtitle":"Soraya Fern\u00e1ndez \u00b7 Fotos: Fran Montes \/ La Dalia Films \/Multimedia San Roque","jetpack_sharing_enabled":true,"_links":{"self":[{"href":"https:\/\/reachextra.com\/es\/wp-json\/wp\/v2\/posts\/10873","targetHints":{"allow":["GET"]}}],"collection":[{"href":"https:\/\/reachextra.com\/es\/wp-json\/wp\/v2\/posts"}],"about":[{"href":"https:\/\/reachextra.com\/es\/wp-json\/wp\/v2\/types\/post"}],"author":[{"embeddable":true,"href":"https:\/\/reachextra.com\/es\/wp-json\/wp\/v2\/users\/1"}],"replies":[{"embeddable":true,"href":"https:\/\/reachextra.com\/es\/wp-json\/wp\/v2\/comments?post=10873"}],"version-history":[{"count":3,"href":"https:\/\/reachextra.com\/es\/wp-json\/wp\/v2\/posts\/10873\/revisions"}],"predecessor-version":[{"id":10876,"href":"https:\/\/reachextra.com\/es\/wp-json\/wp\/v2\/posts\/10873\/revisions\/10876"}],"wp:featuredmedia":[{"embeddable":true,"href":"https:\/\/reachextra.com\/es\/wp-json\/wp\/v2\/media\/10857"}],"wp:attachment":[{"href":"https:\/\/reachextra.com\/es\/wp-json\/wp\/v2\/media?parent=10873"}],"wp:term":[{"taxonomy":"category","embeddable":true,"href":"https:\/\/reachextra.com\/es\/wp-json\/wp\/v2\/categories?post=10873"},{"taxonomy":"post_tag","embeddable":true,"href":"https:\/\/reachextra.com\/es\/wp-json\/wp\/v2\/tags?post=10873"},{"taxonomy":"adace-sponsor","embeddable":true,"href":"https:\/\/reachextra.com\/es\/wp-json\/wp\/v2\/adace-sponsor?post=10873"}],"curies":[{"name":"wp","href":"https:\/\/api.w.org\/{rel}","templated":true}]}}