{"id":10805,"date":"2019-07-22T14:59:26","date_gmt":"2019-07-22T12:59:26","guid":{"rendered":"https:\/\/www.reachextra.com\/espectaculo-de-david-morales-amor-en-libertad-agosto-en-la-linea\/"},"modified":"2019-07-22T15:11:59","modified_gmt":"2019-07-22T13:11:59","slug":"espectaculo-de-david-morales-amor-en-libertad-agosto-en-la-linea","status":"publish","type":"post","link":"https:\/\/reachextra.com\/es\/espectaculo-de-david-morales-amor-en-libertad-agosto-en-la-linea\/","title":{"rendered":"Espect\u00e1culo de David Morales &#8216;Amor en Libertad&#8217; ser\u00e1 este mes de agosto en La L\u00ednea"},"content":{"rendered":"\n<p><strong>Espect\u00e1culo de David Morales &#8216;Amor en Libertad&#8217; ser\u00e1 este mes de agosto en La L\u00ednea<\/strong><\/p>\n\n\n\n<p>El bailor linense David Morales representar\u00e1 en agosto en La L\u00ednea \u201cAmor en libertad\u201d, una obra basada en la historia de amor entre Sim\u00f3n Bol\u00edvar y Manuela S\u00e1ez, y un canto a la fusi\u00f3n de culturas.<\/p>\n\n\n\n<p>Hablar de David Morales es hablar de duende, sentimiento y pasi\u00f3n. Es lo que destila este bailaor cada vez que sube a un escenario.<\/p>\n\n\n\n<figure class=\"wp-block-image\"><img loading=\"lazy\" decoding=\"async\" width=\"664\" height=\"443\" src=\"https:\/\/www.reachextra.com\/wp-content\/uploads\/2019\/07\/David-Morales-Amor-en-Libertad-Reach-Alcance-2.jpg\" alt=\"David Morales Amor en Libertad La Linea 2019\" class=\"wp-image-10797\" srcset=\"https:\/\/reachextra.com\/wp-content\/uploads\/2019\/07\/David-Morales-Amor-en-Libertad-Reach-Alcance-2.jpg 664w, https:\/\/reachextra.com\/wp-content\/uploads\/2019\/07\/David-Morales-Amor-en-Libertad-Reach-Alcance-2-300x200.jpg 300w, https:\/\/reachextra.com\/wp-content\/uploads\/2019\/07\/David-Morales-Amor-en-Libertad-Reach-Alcance-2-180x120.jpg 180w, https:\/\/reachextra.com\/wp-content\/uploads\/2019\/07\/David-Morales-Amor-en-Libertad-Reach-Alcance-2-561x374.jpg 561w, https:\/\/reachextra.com\/wp-content\/uploads\/2019\/07\/David-Morales-Amor-en-Libertad-Reach-Alcance-2-364x243.jpg 364w, https:\/\/reachextra.com\/wp-content\/uploads\/2019\/07\/David-Morales-Amor-en-Libertad-Reach-Alcance-2-608x406.jpg 608w, https:\/\/reachextra.com\/wp-content\/uploads\/2019\/07\/David-Morales-Amor-en-Libertad-Reach-Alcance-2-72x48.jpg 72w, https:\/\/reachextra.com\/wp-content\/uploads\/2019\/07\/David-Morales-Amor-en-Libertad-Reach-Alcance-2-144x96.jpg 144w, https:\/\/reachextra.com\/wp-content\/uploads\/2019\/07\/David-Morales-Amor-en-Libertad-Reach-Alcance-2-313x209.jpg 313w\" sizes=\"auto, (max-width: 664px) 100vw, 664px\" \/><figcaption>David Morales @Fran Montes<\/figcaption><\/figure>\n\n\n\n<p>Se trata de un artista con may\u00fasculas que regresa en agosto a las tablas del Campo de Gibraltar y lo har\u00e1 en su ciudad, La L\u00ednea de la Concepci\u00f3n, de la que es Hijo Predilecto, con un espect\u00e1culo con el que ha cosechado grandes \u00e9xitos en Suram\u00e9rica.<\/p>\n\n\n\n<p>Se trata de \u201cAmor en libertad\u201d, una obra basada en la figura hist\u00f3rica de Sim\u00f3n Bol\u00edvar y en la relaci\u00f3n de amor que mantuvo con Manuela S\u00e1ez, un montaje en el que se funden dos orillas, dos continentes, dos ritmos acompasados, el flamenco y el tambor; dos m\u00fasicas hermanas que caminan de la mano, como el propio artista explica. <\/p>\n\n\n\n<figure class=\"wp-block-image\"><img loading=\"lazy\" decoding=\"async\" width=\"1024\" height=\"537\" src=\"https:\/\/www.reachextra.com\/wp-content\/uploads\/2019\/07\/David-Morales-Amor-en-Libertad-Reach-Alcance-Cover-1024x537.jpg\" alt=\"David Morales Amor en Libertad La Linea 2019\" class=\"wp-image-10801\" srcset=\"https:\/\/reachextra.com\/wp-content\/uploads\/2019\/07\/David-Morales-Amor-en-Libertad-Reach-Alcance-Cover-1024x537.jpg 1024w, https:\/\/reachextra.com\/wp-content\/uploads\/2019\/07\/David-Morales-Amor-en-Libertad-Reach-Alcance-Cover-300x157.jpg 300w, https:\/\/reachextra.com\/wp-content\/uploads\/2019\/07\/David-Morales-Amor-en-Libertad-Reach-Alcance-Cover-768x403.jpg 768w, https:\/\/reachextra.com\/wp-content\/uploads\/2019\/07\/David-Morales-Amor-en-Libertad-Reach-Alcance-Cover-561x294.jpg 561w, https:\/\/reachextra.com\/wp-content\/uploads\/2019\/07\/David-Morales-Amor-en-Libertad-Reach-Alcance-Cover-1122x589.jpg 1122w, https:\/\/reachextra.com\/wp-content\/uploads\/2019\/07\/David-Morales-Amor-en-Libertad-Reach-Alcance-Cover-364x191.jpg 364w, https:\/\/reachextra.com\/wp-content\/uploads\/2019\/07\/David-Morales-Amor-en-Libertad-Reach-Alcance-Cover-728x382.jpg 728w, https:\/\/reachextra.com\/wp-content\/uploads\/2019\/07\/David-Morales-Amor-en-Libertad-Reach-Alcance-Cover-608x319.jpg 608w, https:\/\/reachextra.com\/wp-content\/uploads\/2019\/07\/David-Morales-Amor-en-Libertad-Reach-Alcance-Cover-758x398.jpg 758w, https:\/\/reachextra.com\/wp-content\/uploads\/2019\/07\/David-Morales-Amor-en-Libertad-Reach-Alcance-Cover-1152x604.jpg 1152w, https:\/\/reachextra.com\/wp-content\/uploads\/2019\/07\/David-Morales-Amor-en-Libertad-Reach-Alcance-Cover-92x48.jpg 92w, https:\/\/reachextra.com\/wp-content\/uploads\/2019\/07\/David-Morales-Amor-en-Libertad-Reach-Alcance-Cover-183x96.jpg 183w, https:\/\/reachextra.com\/wp-content\/uploads\/2019\/07\/David-Morales-Amor-en-Libertad-Reach-Alcance-Cover-313x164.jpg 313w, https:\/\/reachextra.com\/wp-content\/uploads\/2019\/07\/David-Morales-Amor-en-Libertad-Reach-Alcance-Cover.jpg 1220w\" sizes=\"auto, (max-width: 1024px) 100vw, 1024px\" \/><\/figure>\n\n\n\n<p>Creada por el propio David Morales y bajo la direcci\u00f3n musical del compositor algecire\u00f1o Salvador Andrades, la obra recorre, desde la perspectiva hist\u00f3rica, la figura del Bol\u00edvar humano, el hombre enamorado de Manuelita, que encarn\u00f3 el esp\u00edritu de la \u00e9poca libertaria.<\/p>\n\n\n\n<p>Es una maravillosa historia de amor en la que alegr\u00edas, tanguillos, farrucas y buler\u00edas se mezclar\u00e1n con el tambor, el valls criollo y el joropo venezolano. Y es que como el propio Morales reconoce, el flamenco es fusi\u00f3n y su espect\u00e1culo, tambi\u00e9n.<\/p>\n\n\n\n<p>Y si contemplar un espect\u00e1culo de David Morales es \u00fanico, tambi\u00e9n lo es c\u00f3mo el artista concibi\u00f3 la obra. Como \u00e9l mismo cuenta:<\/p>\n\n\n\n<p>\u201cAmor en libertad\u201d surgi\u00f3 en Venezuela durante su gira \u201cLorca, muerto de amor\u201d, con la que cosech\u00f3 un gran \u00e9xito: \u201cEl ministro de Cultura de Venezuela me regal\u00f3 el libro \u2018Las m\u00e1s hermosas cartas de amor de Manuela y Sim\u00f3n\u2019 que se cruzaron el libertador Sim\u00f3n Bol\u00edvar y su amante Manuela Saenz, una feminista pionera. Le\u00ed las cartas tan maravillosas que Manuela le escrib\u00eda a Bol\u00edvar. Me emocionaron y concib\u00ed el espect\u00e1culo\u201d.<\/p>\n\n\n\n<figure class=\"wp-block-image\"><img loading=\"lazy\" decoding=\"async\" width=\"664\" height=\"405\" src=\"https:\/\/www.reachextra.com\/wp-content\/uploads\/2019\/07\/David-Morales-Amor-en-Libertad-Reach-Alcance-3.jpg\" alt=\"David Morales Amor en Libertad\" class=\"wp-image-10799\" srcset=\"https:\/\/reachextra.com\/wp-content\/uploads\/2019\/07\/David-Morales-Amor-en-Libertad-Reach-Alcance-3.jpg 664w, https:\/\/reachextra.com\/wp-content\/uploads\/2019\/07\/David-Morales-Amor-en-Libertad-Reach-Alcance-3-300x183.jpg 300w, https:\/\/reachextra.com\/wp-content\/uploads\/2019\/07\/David-Morales-Amor-en-Libertad-Reach-Alcance-3-561x342.jpg 561w, https:\/\/reachextra.com\/wp-content\/uploads\/2019\/07\/David-Morales-Amor-en-Libertad-Reach-Alcance-3-364x222.jpg 364w, https:\/\/reachextra.com\/wp-content\/uploads\/2019\/07\/David-Morales-Amor-en-Libertad-Reach-Alcance-3-608x371.jpg 608w, https:\/\/reachextra.com\/wp-content\/uploads\/2019\/07\/David-Morales-Amor-en-Libertad-Reach-Alcance-3-79x48.jpg 79w, https:\/\/reachextra.com\/wp-content\/uploads\/2019\/07\/David-Morales-Amor-en-Libertad-Reach-Alcance-3-157x96.jpg 157w, https:\/\/reachextra.com\/wp-content\/uploads\/2019\/07\/David-Morales-Amor-en-Libertad-Reach-Alcance-3-313x191.jpg 313w\" sizes=\"auto, (max-width: 664px) 100vw, 664px\" \/><\/figure>\n\n\n\n<p>El detonante fue la siguiente carta que Manuela remiti\u00f3 a Bol\u00edvar: <\/p>\n\n\n\n<p><em>Muy se\u00f1or m\u00edo.<\/em><\/p>\n\n\n\n<p><em>Mi genio, mi Sim\u00f3n, amor m\u00edo. Amor intenso y despiadado. S\u00f3lo por la gracia de encontrarnos dar\u00eda hasta mi \u00faltimo aliento, para entregarme toda a usted con mi amor entero; para saciarnos y amarnos en un beso suyo y m\u00edo, sin horarios, sin que importen el d\u00eda y la noche y sin pasado, porque usted mi se\u00f1or es el presente m\u00edo, cada d\u00eda, y porque estoy enamorada, sintiendo en mis carnes el alivio de sus caricias.<\/em><\/p>\n\n\n\n<p><em>Le guardo la primavera de mis senos y el envolvente terciopelo de mi cuerpo, que son suyos.<\/em><\/p>\n\n\n\n<p><em>Su Manuela<\/em><\/p>\n\n\n\n<p>El bailaor, que es muy concienzudo, se document\u00f3 sobre Sim\u00f3n Bol\u00edvar y supo que se form\u00f3 en C\u00e1diz como militar y que era aficionado al baile. Y de ah\u00ed surgi\u00f3 la idea de fusionar el joropo, m\u00fasica tradicional venezolana, con el flamenco. <\/p>\n\n\n\n<p>\u201cAmor en Libertad es el reencuentro hacia la interculturalidad de las dos orillas, de los dos continentes. Donde tiene una voz propia el joropo venezolano que, aunque nacido del fandango flamenco, fue adquiriendo su propia identidad hasta nuestros d\u00edas y hoy, en este espect\u00e1culo, camina de la mano como m\u00fasica hermana de ese palo del flamenco\u201d, cuenta el artista.<\/p>\n\n\n\n<figure class=\"wp-block-embed-youtube wp-block-embed is-type-video is-provider-youtube wp-embed-aspect-16-9 wp-has-aspect-ratio\"><div class=\"wp-block-embed__wrapper\">\n<div id=\"g1-fluid-wrapper-counter-1\" class=\"g1-fluid-wrapper \" style=\"width:662px;\" data-g1-fluid-width=\"662\" data-g1-fluid-height=\"372\">\n\t       <div class=\"g1-fluid-wrapper-inner\" style=\"padding-bottom:56.19335347432%;\">\n\t       <iframe loading=\"lazy\" title=\"DAVID MORALES, AMOR EN LIBERTAD, FLAMENCO, MUSICAL, SIM\u00d3N BOL\u00cdVAR, MANUELA SAENZ\" width=\"662\" height=\"372\" src=\"https:\/\/www.youtube.com\/embed\/yhWSTgu7MBc?feature=oembed\" frameborder=\"0\" allow=\"accelerometer; autoplay; encrypted-media; gyroscope; picture-in-picture\" allowfullscreen><\/iframe>\n\t       <\/div>\n\t       <\/div>\n<\/div><\/figure>\n\n\n\n<p>Tras el estreno en Caracas, David Morales reconoce que su ilusi\u00f3n era estrenarlo en Espa\u00f1a, iniciar una gira europea y presentarlo en su ciudad, algo que afronta con ilusi\u00f3n pero tambi\u00e9n con mucho respeto: \u201cBailar en La L\u00ednea supone  ponerte m\u00e1s nervioso que actuar en el Carnegie Hall\u201d. Y es que no quiere decepcionar a los suyos, algo que seguro no har\u00e1. <\/p>\n\n\n\n<p>Las funciones de \u201cAmor en libertad\u201d, con el patrocinio de la Fundaci\u00f3n Dr. Espinel, ser\u00e1n los d\u00edas 2 y 3 de agosto a las 22:00 horas. Las entradas est\u00e1n a la venta en las taquillas del Palacio de Congresos, jueves y martes, de 11:00 a 13:00 horas y en <a href=\"https:\/\/www.tickentradas.com\/eventos\/amor-en-libertad-david-morales-palacio-de-congresos-la-linea-de-la-concepcion-2019\">Tickentradas<\/a>.<\/p>\n","protected":false},"excerpt":{"rendered":"<p>El bailor linense David Morales representar\u00e1 en agosto en La L\u00ednea \u201cAmor en libertad\u201d, una obra basada en la historia de amor entre Sim\u00f3n Bol\u00edvar&#8230; <a class=\"g1-link g1-link-more\" href=\"https:\/\/reachextra.com\/es\/espectaculo-de-david-morales-amor-en-libertad-agosto-en-la-linea\/\">More<\/a><\/p>\n","protected":false},"author":1,"featured_media":10802,"comment_status":"closed","ping_status":"closed","sticky":false,"template":"","format":"standard","meta":{"_jetpack_memberships_contains_paid_content":false,"footnotes":""},"categories":[232,225],"tags":[6025,6026,6024,551,1413,1331,1073],"adace-sponsor":[],"class_list":{"0":"post-10805","1":"post","2":"type-post","3":"status-publish","4":"format-standard","5":"has-post-thumbnail","7":"category-eventos-es","8":"category-tendencias","9":"tag-amor-en-libertad","10":"tag-bolivar","11":"tag-david-morales","12":"tag-eventos","13":"tag-la-linea-de-la-concepcion","14":"tag-musica","15":"tag-salvador-andrades"},"yoast_head":"<!-- This site is optimized with the Yoast SEO Premium plugin v19.5 (Yoast SEO v26.7) - https:\/\/yoast.com\/wordpress\/plugins\/seo\/ -->\n<title>Espect\u00e1culo de David Morales &#039;Amor en Libertad&#039; ser\u00e1 este mes de agosto en La L\u00ednea<\/title>\n<meta name=\"description\" content=\"El bailor linense David Morales representar\u00e1 en agosto en La L\u00ednea \u201cAmor en libertad\u201d, una obra basada en la historia de amor entre Sim\u00f3n Bol\u00edvar...\" \/>\n<meta name=\"robots\" content=\"index, follow, max-snippet:-1, max-image-preview:large, max-video-preview:-1\" \/>\n<link rel=\"canonical\" href=\"https:\/\/reachextra.com\/es\/espectaculo-de-david-morales-amor-en-libertad-agosto-en-la-linea\/\" \/>\n<meta property=\"og:locale\" content=\"es_ES\" \/>\n<meta property=\"og:type\" content=\"article\" \/>\n<meta property=\"og:title\" content=\"Espect\u00e1culo de David Morales &#039;Amor en Libertad&#039; ser\u00e1 este mes de agosto en La L\u00ednea\" \/>\n<meta property=\"og:description\" content=\"El bailor linense David Morales representar\u00e1 en agosto en La L\u00ednea \u201cAmor en libertad\u201d, una obra basada en la historia de amor entre Sim\u00f3n Bol\u00edvar...\" \/>\n<meta property=\"og:url\" content=\"https:\/\/reachextra.com\/es\/espectaculo-de-david-morales-amor-en-libertad-agosto-en-la-linea\/\" \/>\n<meta property=\"og:site_name\" content=\"ReachExtra\" \/>\n<meta property=\"article:publisher\" content=\"http:\/\/www.facebook.com\/reachextra\" \/>\n<meta property=\"article:published_time\" content=\"2019-07-22T12:59:26+00:00\" \/>\n<meta property=\"article:modified_time\" content=\"2019-07-22T13:11:59+00:00\" \/>\n<meta property=\"og:image\" content=\"https:\/\/reachextra.com\/wp-content\/uploads\/2019\/07\/David-Morales-Amor-en-Libertad-Reach-Alcance-Cover.jpg\" \/>\n\t<meta property=\"og:image:width\" content=\"1220\" \/>\n\t<meta property=\"og:image:height\" content=\"640\" \/>\n\t<meta property=\"og:image:type\" content=\"image\/jpeg\" \/>\n<meta name=\"author\" content=\"ReachExtra\" \/>\n<meta name=\"twitter:card\" content=\"summary_large_image\" \/>\n<meta name=\"twitter:title\" content=\"Espect\u00e1culo de David Morales &#039;Amor en Libertad&#039; ser\u00e1 este mes de agosto en La L\u00ednea\" \/>\n<meta name=\"twitter:description\" content=\"El bailor linense David Morales representar\u00e1 en agosto en La L\u00ednea \u201cAmor en libertad\u201d, una obra basada en la historia de amor entre Sim\u00f3n Bol\u00edvar...\" \/>\n<meta name=\"twitter:creator\" content=\"@reachextra\" \/>\n<meta name=\"twitter:site\" content=\"@reachextra\" \/>\n<meta name=\"twitter:label1\" content=\"Escrito por\" \/>\n\t<meta name=\"twitter:data1\" content=\"ReachExtra\" \/>\n\t<meta name=\"twitter:label2\" content=\"Tiempo de lectura\" \/>\n\t<meta name=\"twitter:data2\" content=\"4 minutos\" \/>\n<script type=\"application\/ld+json\" class=\"yoast-schema-graph\">{\"@context\":\"https:\/\/schema.org\",\"@graph\":[{\"@type\":\"Article\",\"@id\":\"https:\/\/reachextra.com\/es\/espectaculo-de-david-morales-amor-en-libertad-agosto-en-la-linea\/#article\",\"isPartOf\":{\"@id\":\"https:\/\/reachextra.com\/es\/espectaculo-de-david-morales-amor-en-libertad-agosto-en-la-linea\/\"},\"author\":{\"name\":\"ReachExtra\",\"@id\":\"https:\/\/reachextra.com\/es\/#\/schema\/person\/5bf8196030cf130091162668b52085df\"},\"headline\":\"Espect\u00e1culo de David Morales &#8216;Amor en Libertad&#8217; ser\u00e1 este mes de agosto en La L\u00ednea\",\"datePublished\":\"2019-07-22T12:59:26+00:00\",\"dateModified\":\"2019-07-22T13:11:59+00:00\",\"mainEntityOfPage\":{\"@id\":\"https:\/\/reachextra.com\/es\/espectaculo-de-david-morales-amor-en-libertad-agosto-en-la-linea\/\"},\"wordCount\":774,\"publisher\":{\"@id\":\"https:\/\/reachextra.com\/es\/#organization\"},\"image\":{\"@id\":\"https:\/\/reachextra.com\/es\/espectaculo-de-david-morales-amor-en-libertad-agosto-en-la-linea\/#primaryimage\"},\"thumbnailUrl\":\"https:\/\/reachextra.com\/wp-content\/uploads\/2019\/07\/David-Morales-Amor-en-Libertad-Reach-Alcance-Cover.jpg\",\"keywords\":[\"Amor en Libertad\",\"Bolivar\",\"David Morales\",\"Eventos\",\"La Linea de la concepcion\",\"Musica\",\"Salvador Andrades\"],\"articleSection\":[\"Eventos\",\"Tendencias\"],\"inLanguage\":\"es\"},{\"@type\":\"WebPage\",\"@id\":\"https:\/\/reachextra.com\/es\/espectaculo-de-david-morales-amor-en-libertad-agosto-en-la-linea\/\",\"url\":\"https:\/\/reachextra.com\/es\/espectaculo-de-david-morales-amor-en-libertad-agosto-en-la-linea\/\",\"name\":\"Espect\u00e1culo de David Morales 'Amor en Libertad' ser\u00e1 este mes de agosto en La L\u00ednea\",\"isPartOf\":{\"@id\":\"https:\/\/reachextra.com\/es\/#website\"},\"primaryImageOfPage\":{\"@id\":\"https:\/\/reachextra.com\/es\/espectaculo-de-david-morales-amor-en-libertad-agosto-en-la-linea\/#primaryimage\"},\"image\":{\"@id\":\"https:\/\/reachextra.com\/es\/espectaculo-de-david-morales-amor-en-libertad-agosto-en-la-linea\/#primaryimage\"},\"thumbnailUrl\":\"https:\/\/reachextra.com\/wp-content\/uploads\/2019\/07\/David-Morales-Amor-en-Libertad-Reach-Alcance-Cover.jpg\",\"datePublished\":\"2019-07-22T12:59:26+00:00\",\"dateModified\":\"2019-07-22T13:11:59+00:00\",\"description\":\"El bailor linense David Morales representar\u00e1 en agosto en La L\u00ednea \u201cAmor en libertad\u201d, una obra basada en la historia de amor entre Sim\u00f3n Bol\u00edvar...\",\"breadcrumb\":{\"@id\":\"https:\/\/reachextra.com\/es\/espectaculo-de-david-morales-amor-en-libertad-agosto-en-la-linea\/#breadcrumb\"},\"inLanguage\":\"es\",\"potentialAction\":[{\"@type\":\"ReadAction\",\"target\":[\"https:\/\/reachextra.com\/es\/espectaculo-de-david-morales-amor-en-libertad-agosto-en-la-linea\/\"]}]},{\"@type\":\"ImageObject\",\"inLanguage\":\"es\",\"@id\":\"https:\/\/reachextra.com\/es\/espectaculo-de-david-morales-amor-en-libertad-agosto-en-la-linea\/#primaryimage\",\"url\":\"https:\/\/reachextra.com\/wp-content\/uploads\/2019\/07\/David-Morales-Amor-en-Libertad-Reach-Alcance-Cover.jpg\",\"contentUrl\":\"https:\/\/reachextra.com\/wp-content\/uploads\/2019\/07\/David-Morales-Amor-en-Libertad-Reach-Alcance-Cover.jpg\",\"width\":1220,\"height\":640,\"caption\":\"David Morales Amor en Libertad La Linea 2019\"},{\"@type\":\"BreadcrumbList\",\"@id\":\"https:\/\/reachextra.com\/es\/espectaculo-de-david-morales-amor-en-libertad-agosto-en-la-linea\/#breadcrumb\",\"itemListElement\":[{\"@type\":\"ListItem\",\"position\":1,\"name\":\"Home\",\"item\":\"https:\/\/reachextra.com\/es\/\"},{\"@type\":\"ListItem\",\"position\":2,\"name\":\"Tendencias\",\"item\":\"https:\/\/reachextra.com\/es\/category\/tendencias\/\"},{\"@type\":\"ListItem\",\"position\":3,\"name\":\"Espect\u00e1culo de David Morales &#8216;Amor en Libertad&#8217; ser\u00e1 este mes de agosto en La L\u00ednea\"}]},{\"@type\":\"WebSite\",\"@id\":\"https:\/\/reachextra.com\/es\/#website\",\"url\":\"https:\/\/reachextra.com\/es\/\",\"name\":\"ReachExtra\",\"description\":\" Reach-Alcance en Espa\u00f1ol | Gibraltar | Campo de Gibraltar\",\"publisher\":{\"@id\":\"https:\/\/reachextra.com\/es\/#organization\"},\"potentialAction\":[{\"@type\":\"SearchAction\",\"target\":{\"@type\":\"EntryPoint\",\"urlTemplate\":\"https:\/\/reachextra.com\/es\/?s={search_term_string}\"},\"query-input\":{\"@type\":\"PropertyValueSpecification\",\"valueRequired\":true,\"valueName\":\"search_term_string\"}}],\"inLanguage\":\"es\"},{\"@type\":\"Organization\",\"@id\":\"https:\/\/reachextra.com\/es\/#organization\",\"name\":\"Reach-Alcance\",\"url\":\"https:\/\/reachextra.com\/es\/\",\"logo\":{\"@type\":\"ImageObject\",\"inLanguage\":\"es\",\"@id\":\"https:\/\/reachextra.com\/es\/#\/schema\/logo\/image\/\",\"url\":\"https:\/\/www.reachextra.com\/wp-content\/uploads\/2018\/12\/Reach-Alcance-LOGO-HDPI.jpg\",\"contentUrl\":\"https:\/\/www.reachextra.com\/wp-content\/uploads\/2018\/12\/Reach-Alcance-LOGO-HDPI.jpg\",\"width\":750,\"height\":474,\"caption\":\"Reach-Alcance\"},\"image\":{\"@id\":\"https:\/\/reachextra.com\/es\/#\/schema\/logo\/image\/\"},\"sameAs\":[\"http:\/\/www.facebook.com\/reachextra\",\"https:\/\/x.com\/reachextra\",\"http:\/\/reach.extra\",\"https:\/\/www.linkedin.com\/company\/reach-alcance\/\"]},{\"@type\":\"Person\",\"@id\":\"https:\/\/reachextra.com\/es\/#\/schema\/person\/5bf8196030cf130091162668b52085df\",\"name\":\"ReachExtra\",\"image\":{\"@type\":\"ImageObject\",\"inLanguage\":\"es\",\"@id\":\"https:\/\/reachextra.com\/es\/#\/schema\/person\/image\/\",\"url\":\"https:\/\/secure.gravatar.com\/avatar\/11e9f37f3773887633d17fdf580220857b1599038456e2f031ce0efd2f41a394?s=96&d=mm&r=g\",\"contentUrl\":\"https:\/\/secure.gravatar.com\/avatar\/11e9f37f3773887633d17fdf580220857b1599038456e2f031ce0efd2f41a394?s=96&d=mm&r=g\",\"caption\":\"ReachExtra\"},\"sameAs\":[\"http:\/\/www.reachextra.com\"]}]}<\/script>\n<!-- \/ Yoast SEO Premium plugin. -->","yoast_head_json":{"title":"Espect\u00e1culo de David Morales 'Amor en Libertad' ser\u00e1 este mes de agosto en La L\u00ednea","description":"El bailor linense David Morales representar\u00e1 en agosto en La L\u00ednea \u201cAmor en libertad\u201d, una obra basada en la historia de amor entre Sim\u00f3n Bol\u00edvar...","robots":{"index":"index","follow":"follow","max-snippet":"max-snippet:-1","max-image-preview":"max-image-preview:large","max-video-preview":"max-video-preview:-1"},"canonical":"https:\/\/reachextra.com\/es\/espectaculo-de-david-morales-amor-en-libertad-agosto-en-la-linea\/","og_locale":"es_ES","og_type":"article","og_title":"Espect\u00e1culo de David Morales 'Amor en Libertad' ser\u00e1 este mes de agosto en La L\u00ednea","og_description":"El bailor linense David Morales representar\u00e1 en agosto en La L\u00ednea \u201cAmor en libertad\u201d, una obra basada en la historia de amor entre Sim\u00f3n Bol\u00edvar...","og_url":"https:\/\/reachextra.com\/es\/espectaculo-de-david-morales-amor-en-libertad-agosto-en-la-linea\/","og_site_name":"ReachExtra","article_publisher":"http:\/\/www.facebook.com\/reachextra","article_published_time":"2019-07-22T12:59:26+00:00","article_modified_time":"2019-07-22T13:11:59+00:00","og_image":[{"width":1220,"height":640,"url":"https:\/\/reachextra.com\/wp-content\/uploads\/2019\/07\/David-Morales-Amor-en-Libertad-Reach-Alcance-Cover.jpg","type":"image\/jpeg"}],"author":"ReachExtra","twitter_card":"summary_large_image","twitter_title":"Espect\u00e1culo de David Morales 'Amor en Libertad' ser\u00e1 este mes de agosto en La L\u00ednea","twitter_description":"El bailor linense David Morales representar\u00e1 en agosto en La L\u00ednea \u201cAmor en libertad\u201d, una obra basada en la historia de amor entre Sim\u00f3n Bol\u00edvar...","twitter_creator":"@reachextra","twitter_site":"@reachextra","twitter_misc":{"Escrito por":"ReachExtra","Tiempo de lectura":"4 minutos"},"schema":{"@context":"https:\/\/schema.org","@graph":[{"@type":"Article","@id":"https:\/\/reachextra.com\/es\/espectaculo-de-david-morales-amor-en-libertad-agosto-en-la-linea\/#article","isPartOf":{"@id":"https:\/\/reachextra.com\/es\/espectaculo-de-david-morales-amor-en-libertad-agosto-en-la-linea\/"},"author":{"name":"ReachExtra","@id":"https:\/\/reachextra.com\/es\/#\/schema\/person\/5bf8196030cf130091162668b52085df"},"headline":"Espect\u00e1culo de David Morales &#8216;Amor en Libertad&#8217; ser\u00e1 este mes de agosto en La L\u00ednea","datePublished":"2019-07-22T12:59:26+00:00","dateModified":"2019-07-22T13:11:59+00:00","mainEntityOfPage":{"@id":"https:\/\/reachextra.com\/es\/espectaculo-de-david-morales-amor-en-libertad-agosto-en-la-linea\/"},"wordCount":774,"publisher":{"@id":"https:\/\/reachextra.com\/es\/#organization"},"image":{"@id":"https:\/\/reachextra.com\/es\/espectaculo-de-david-morales-amor-en-libertad-agosto-en-la-linea\/#primaryimage"},"thumbnailUrl":"https:\/\/reachextra.com\/wp-content\/uploads\/2019\/07\/David-Morales-Amor-en-Libertad-Reach-Alcance-Cover.jpg","keywords":["Amor en Libertad","Bolivar","David Morales","Eventos","La Linea de la concepcion","Musica","Salvador Andrades"],"articleSection":["Eventos","Tendencias"],"inLanguage":"es"},{"@type":"WebPage","@id":"https:\/\/reachextra.com\/es\/espectaculo-de-david-morales-amor-en-libertad-agosto-en-la-linea\/","url":"https:\/\/reachextra.com\/es\/espectaculo-de-david-morales-amor-en-libertad-agosto-en-la-linea\/","name":"Espect\u00e1culo de David Morales 'Amor en Libertad' ser\u00e1 este mes de agosto en La L\u00ednea","isPartOf":{"@id":"https:\/\/reachextra.com\/es\/#website"},"primaryImageOfPage":{"@id":"https:\/\/reachextra.com\/es\/espectaculo-de-david-morales-amor-en-libertad-agosto-en-la-linea\/#primaryimage"},"image":{"@id":"https:\/\/reachextra.com\/es\/espectaculo-de-david-morales-amor-en-libertad-agosto-en-la-linea\/#primaryimage"},"thumbnailUrl":"https:\/\/reachextra.com\/wp-content\/uploads\/2019\/07\/David-Morales-Amor-en-Libertad-Reach-Alcance-Cover.jpg","datePublished":"2019-07-22T12:59:26+00:00","dateModified":"2019-07-22T13:11:59+00:00","description":"El bailor linense David Morales representar\u00e1 en agosto en La L\u00ednea \u201cAmor en libertad\u201d, una obra basada en la historia de amor entre Sim\u00f3n Bol\u00edvar...","breadcrumb":{"@id":"https:\/\/reachextra.com\/es\/espectaculo-de-david-morales-amor-en-libertad-agosto-en-la-linea\/#breadcrumb"},"inLanguage":"es","potentialAction":[{"@type":"ReadAction","target":["https:\/\/reachextra.com\/es\/espectaculo-de-david-morales-amor-en-libertad-agosto-en-la-linea\/"]}]},{"@type":"ImageObject","inLanguage":"es","@id":"https:\/\/reachextra.com\/es\/espectaculo-de-david-morales-amor-en-libertad-agosto-en-la-linea\/#primaryimage","url":"https:\/\/reachextra.com\/wp-content\/uploads\/2019\/07\/David-Morales-Amor-en-Libertad-Reach-Alcance-Cover.jpg","contentUrl":"https:\/\/reachextra.com\/wp-content\/uploads\/2019\/07\/David-Morales-Amor-en-Libertad-Reach-Alcance-Cover.jpg","width":1220,"height":640,"caption":"David Morales Amor en Libertad La Linea 2019"},{"@type":"BreadcrumbList","@id":"https:\/\/reachextra.com\/es\/espectaculo-de-david-morales-amor-en-libertad-agosto-en-la-linea\/#breadcrumb","itemListElement":[{"@type":"ListItem","position":1,"name":"Home","item":"https:\/\/reachextra.com\/es\/"},{"@type":"ListItem","position":2,"name":"Tendencias","item":"https:\/\/reachextra.com\/es\/category\/tendencias\/"},{"@type":"ListItem","position":3,"name":"Espect\u00e1culo de David Morales &#8216;Amor en Libertad&#8217; ser\u00e1 este mes de agosto en La L\u00ednea"}]},{"@type":"WebSite","@id":"https:\/\/reachextra.com\/es\/#website","url":"https:\/\/reachextra.com\/es\/","name":"ReachExtra","description":" Reach-Alcance en Espa\u00f1ol | Gibraltar | Campo de Gibraltar","publisher":{"@id":"https:\/\/reachextra.com\/es\/#organization"},"potentialAction":[{"@type":"SearchAction","target":{"@type":"EntryPoint","urlTemplate":"https:\/\/reachextra.com\/es\/?s={search_term_string}"},"query-input":{"@type":"PropertyValueSpecification","valueRequired":true,"valueName":"search_term_string"}}],"inLanguage":"es"},{"@type":"Organization","@id":"https:\/\/reachextra.com\/es\/#organization","name":"Reach-Alcance","url":"https:\/\/reachextra.com\/es\/","logo":{"@type":"ImageObject","inLanguage":"es","@id":"https:\/\/reachextra.com\/es\/#\/schema\/logo\/image\/","url":"https:\/\/www.reachextra.com\/wp-content\/uploads\/2018\/12\/Reach-Alcance-LOGO-HDPI.jpg","contentUrl":"https:\/\/www.reachextra.com\/wp-content\/uploads\/2018\/12\/Reach-Alcance-LOGO-HDPI.jpg","width":750,"height":474,"caption":"Reach-Alcance"},"image":{"@id":"https:\/\/reachextra.com\/es\/#\/schema\/logo\/image\/"},"sameAs":["http:\/\/www.facebook.com\/reachextra","https:\/\/x.com\/reachextra","http:\/\/reach.extra","https:\/\/www.linkedin.com\/company\/reach-alcance\/"]},{"@type":"Person","@id":"https:\/\/reachextra.com\/es\/#\/schema\/person\/5bf8196030cf130091162668b52085df","name":"ReachExtra","image":{"@type":"ImageObject","inLanguage":"es","@id":"https:\/\/reachextra.com\/es\/#\/schema\/person\/image\/","url":"https:\/\/secure.gravatar.com\/avatar\/11e9f37f3773887633d17fdf580220857b1599038456e2f031ce0efd2f41a394?s=96&d=mm&r=g","contentUrl":"https:\/\/secure.gravatar.com\/avatar\/11e9f37f3773887633d17fdf580220857b1599038456e2f031ce0efd2f41a394?s=96&d=mm&r=g","caption":"ReachExtra"},"sameAs":["http:\/\/www.reachextra.com"]}]}},"jetpack_featured_media_url":"https:\/\/reachextra.com\/wp-content\/uploads\/2019\/07\/David-Morales-Amor-en-Libertad-Reach-Alcance-Cover.jpg","wps_subtitle":" Soraya Fern\u00e1ndez \u00b7 Fotos: Fran Montes\/Cedidas","jetpack_sharing_enabled":true,"_links":{"self":[{"href":"https:\/\/reachextra.com\/es\/wp-json\/wp\/v2\/posts\/10805","targetHints":{"allow":["GET"]}}],"collection":[{"href":"https:\/\/reachextra.com\/es\/wp-json\/wp\/v2\/posts"}],"about":[{"href":"https:\/\/reachextra.com\/es\/wp-json\/wp\/v2\/types\/post"}],"author":[{"embeddable":true,"href":"https:\/\/reachextra.com\/es\/wp-json\/wp\/v2\/users\/1"}],"replies":[{"embeddable":true,"href":"https:\/\/reachextra.com\/es\/wp-json\/wp\/v2\/comments?post=10805"}],"version-history":[{"count":3,"href":"https:\/\/reachextra.com\/es\/wp-json\/wp\/v2\/posts\/10805\/revisions"}],"predecessor-version":[{"id":10809,"href":"https:\/\/reachextra.com\/es\/wp-json\/wp\/v2\/posts\/10805\/revisions\/10809"}],"wp:featuredmedia":[{"embeddable":true,"href":"https:\/\/reachextra.com\/es\/wp-json\/wp\/v2\/media\/10802"}],"wp:attachment":[{"href":"https:\/\/reachextra.com\/es\/wp-json\/wp\/v2\/media?parent=10805"}],"wp:term":[{"taxonomy":"category","embeddable":true,"href":"https:\/\/reachextra.com\/es\/wp-json\/wp\/v2\/categories?post=10805"},{"taxonomy":"post_tag","embeddable":true,"href":"https:\/\/reachextra.com\/es\/wp-json\/wp\/v2\/tags?post=10805"},{"taxonomy":"adace-sponsor","embeddable":true,"href":"https:\/\/reachextra.com\/es\/wp-json\/wp\/v2\/adace-sponsor?post=10805"}],"curies":[{"name":"wp","href":"https:\/\/api.w.org\/{rel}","templated":true}]}}